{"id":102324,"date":"2021-06-01T08:27:02","date_gmt":"2021-06-01T14:27:02","guid":{"rendered":"http:\/\/www.sporthiva.com\/?p=102324"},"modified":"2021-06-01T08:27:02","modified_gmt":"2021-06-01T14:27:02","slug":"jasper-cillessen-se-pierde-la-eurocopa-por-covid-19","status":"publish","type":"post","link":"http:\/\/www.sporthiva.com\/index.php\/2021\/06\/01\/jasper-cillessen-se-pierde-la-eurocopa-por-covid-19\/","title":{"rendered":"Jasper Cillessen se pierde la Eurocopa por covid-19"},"content":{"rendered":"<h4 class=\"item\"><strong>Lo sustituir\u00e1 el portero del AZ Alkmaar Marco Bizot, que debut\u00f3 con la camiseta naranja en noviembre de 2020<\/strong><\/h4>\n<p><strong>Holanda<\/strong><\/p>\n<div class=\"article-body \">\n<p class=\"article-body__text article-body__text--entry article-body__text-middle\">El portero del Valencia Jasper Cillessen ha sido excluido a \u00faltima hora de la convocatoria de Pa\u00edses Bajos para la Eurocopa debido a su positivo por covid-19, dijo hoy el seleccionador Frank de Boer.<\/p>\n<p class=\"article-body__text \">El t\u00e9cnico explic\u00f3 que el guardameta, cuyo contagio se detect\u00f3 la semana pasada, \u00abse ha perdido una parte importante de la preparaci\u00f3n\u00bb en Portugal, pa\u00eds donde el combinado nacional se ha concentrado para el torneo continental.<\/p>\n<p><strong>Vea adem\u00e1s: <\/strong><a href=\"http:\/\/www.sporthiva.com\/index.php\/2021\/06\/01\/arturo-vidal-hospitalizado-por-covid-19\/\"><strong>Arturo Vidal hospitalizado por covid-19<\/strong><\/a><\/p>\n<p class=\"article-body__text \">\u00abNo sabemos cu\u00e1nto tiempo pasar\u00e1 hasta que vuelva a estar en forma y no quiero correr ning\u00fan riesgo en ese sentido. Estamos en v\u00edsperas de una Eurocopa y quiero tener certezas\u00bb, a\u00f1adi\u00f3 De Boer en unas declaraciones recogidas por el diario \u00abDe Telegraaf\u00bb.<\/p>\n<p class=\"article-body__text \">El seleccionador ha descrito el descarte como una decisi\u00f3n \u00abterriblemente amarga\u00bb y se ha puesto en contacto con Cillessen este martes por la ma\u00f1ana para comunic\u00e1rsela.<\/p>\n<p><strong>Le interesa tambi\u00e9n: <\/strong><a href=\"http:\/\/www.sporthiva.com\/index.php\/2021\/06\/01\/japon-vacuna-a-sus-deportistas-para-los-juegos-olimpicos-de-tokio\/\"><strong>Jap\u00f3n vacuna a sus deportistas para los Juegos Ol\u00edmpicos de Tokio<\/strong><\/a><\/p>\n<p class=\"article-body__text \">De Boer lo sustituir\u00e1 por el portero del AZ Alkmaar Marco Bizot, que debut\u00f3 con la camiseta naranja en noviembre de 2020, en un amistoso contra Espa\u00f1a, y cuyo nombre se ha inscrito a \u00faltima hora en la lista para la Eurocopa.<\/p>\n<p class=\"article-body__text \">Las selecciones tienen hasta este martes para presentar sus listas definitivas ante la UEFA y pueden incluir a un m\u00e1ximo de 26 jugadores.<\/p>\n<\/div>\n","protected":false},"excerpt":{"rendered":"<p>Lo sustituir\u00e1 el portero del AZ Alkmaar Marco Bizot, que debut\u00f3 con la camiseta naranja en noviembre de 2020 Holanda El portero del Valencia Jasper Cillessen ha sido excluido a \u00faltima hora de la convocatoria de Pa\u00edses Bajos para la Eurocopa debido a su positivo por covid-19, dijo hoy el seleccionador Frank de Boer. El&nbsp;<\/p>\n<p><a class=\"btn btn-style\" href=\"http:\/\/www.sporthiva.com\/index.php\/2021\/06\/01\/jasper-cillessen-se-pierde-la-eurocopa-por-covid-19\/\">Continuar leyendo<\/a><\/p>\n","protected":false},"author":7,"featured_media":0,"comment_status":"open","ping_status":"open","sticky":false,"template":"","format":"standard","meta":{"qubely_global_settings":"","qubely_interactions":""},"categories":[563],"tags":[2020,718,411],"qubely_featured_image_url":null,"qubely_author":{"display_name":"Evelyn Pineda","author_link":"http:\/\/www.sporthiva.com\/index.php\/author\/epineda\/"},"qubely_comment":0,"qubely_category":"<a href=\"http:\/\/www.sporthiva.com\/index.php\/category\/internacionales\/\" rel=\"category tag\">Internacionales<\/a>","qubely_excerpt":"Lo sustituir\u00e1 el portero del AZ Alkmaar Marco Bizot, que debut\u00f3 con la camiseta naranja en noviembre de 2020 Holanda El portero del Valencia Jasper Cillessen ha sido excluido a \u00faltima hora de la convocatoria de Pa\u00edses Bajos para la Eurocopa debido a su positivo por covid-19, dijo hoy el seleccionador Frank de Boer. El&nbsp;Continuar&hellip;","yoast_head":"<!-- This site is optimized with the Yoast SEO plugin v17.8 - https:\/\/yoast.com\/wordpress\/plugins\/seo\/ -->\n<title>Jasper Cillessen se pierde la Eurocopa por covid-19 - Sporthiva Online<\/title>\n<meta name=\"robots\" content=\"index, follow, max-snippet:-1, max-image-preview:large, max-video-preview:-1\" \/>\n<link rel=\"canonical\" href=\"http:\/\/www.sporthiva.com\/index.php\/2021\/06\/01\/jasper-cillessen-se-pierde-la-eurocopa-por-covid-19\/\" \/>\n<meta property=\"og:locale\" content=\"es_ES\" \/>\n<meta property=\"og:type\" content=\"article\" \/>\n<meta property=\"og:title\" content=\"Jasper Cillessen se pierde la Eurocopa por covid-19 - Sporthiva Online\" \/>\n<meta property=\"og:description\" content=\"Lo sustituir\u00e1 el portero del AZ Alkmaar Marco Bizot, que debut\u00f3 con la camiseta naranja en noviembre de 2020 Holanda El portero del Valencia Jasper Cillessen ha sido excluido a \u00faltima hora de la convocatoria de Pa\u00edses Bajos para la Eurocopa debido a su positivo por covid-19, dijo hoy el seleccionador Frank de Boer. El&nbsp;Continuar leyendo\" \/>\n<meta property=\"og:url\" content=\"http:\/\/www.sporthiva.com\/index.php\/2021\/06\/01\/jasper-cillessen-se-pierde-la-eurocopa-por-covid-19\/\" \/>\n<meta property=\"og:site_name\" content=\"Sporthiva Online\" \/>\n<meta property=\"article:published_time\" content=\"2021-06-01T14:27:02+00:00\" \/>\n<meta name=\"twitter:card\" content=\"summary\" \/>\n<meta name=\"twitter:label1\" content=\"Escrito por\" \/>\n\t<meta name=\"twitter:data1\" content=\"Evelyn Pineda\" \/>\n\t<meta name=\"twitter:label2\" content=\"Tiempo de lectura\" \/>\n\t<meta name=\"twitter:data2\" content=\"2 minutos\" \/>\n<script type=\"application\/ld+json\" class=\"yoast-schema-graph\">{\"@context\":\"https:\/\/schema.org\",\"@graph\":[{\"@type\":\"WebSite\",\"@id\":\"http:\/\/www.sporthiva.com\/#website\",\"url\":\"http:\/\/www.sporthiva.com\/\",\"name\":\"Sporthiva Online\",\"description\":\"Sporthiva Online\",\"potentialAction\":[{\"@type\":\"SearchAction\",\"target\":{\"@type\":\"EntryPoint\",\"urlTemplate\":\"http:\/\/www.sporthiva.com\/?s={search_term_string}\"},\"query-input\":\"required name=search_term_string\"}],\"inLanguage\":\"es\"},{\"@type\":\"WebPage\",\"@id\":\"http:\/\/www.sporthiva.com\/index.php\/2021\/06\/01\/jasper-cillessen-se-pierde-la-eurocopa-por-covid-19\/#webpage\",\"url\":\"http:\/\/www.sporthiva.com\/index.php\/2021\/06\/01\/jasper-cillessen-se-pierde-la-eurocopa-por-covid-19\/\",\"name\":\"Jasper Cillessen se pierde la Eurocopa por covid-19 - Sporthiva Online\",\"isPartOf\":{\"@id\":\"http:\/\/www.sporthiva.com\/#website\"},\"datePublished\":\"2021-06-01T14:27:02+00:00\",\"dateModified\":\"2021-06-01T14:27:02+00:00\",\"author\":{\"@id\":\"http:\/\/www.sporthiva.com\/#\/schema\/person\/551718db343e60bf7d707f9085b1e611\"},\"breadcrumb\":{\"@id\":\"http:\/\/www.sporthiva.com\/index.php\/2021\/06\/01\/jasper-cillessen-se-pierde-la-eurocopa-por-covid-19\/#breadcrumb\"},\"inLanguage\":\"es\",\"potentialAction\":[{\"@type\":\"ReadAction\",\"target\":[\"http:\/\/www.sporthiva.com\/index.php\/2021\/06\/01\/jasper-cillessen-se-pierde-la-eurocopa-por-covid-19\/\"]}]},{\"@type\":\"BreadcrumbList\",\"@id\":\"http:\/\/www.sporthiva.com\/index.php\/2021\/06\/01\/jasper-cillessen-se-pierde-la-eurocopa-por-covid-19\/#breadcrumb\",\"itemListElement\":[{\"@type\":\"ListItem\",\"position\":1,\"name\":\"Portada\",\"item\":\"http:\/\/www.sporthiva.com\/\"},{\"@type\":\"ListItem\",\"position\":2,\"name\":\"Jasper Cillessen se pierde la Eurocopa por covid-19\"}]},{\"@type\":\"Person\",\"@id\":\"http:\/\/www.sporthiva.com\/#\/schema\/person\/551718db343e60bf7d707f9085b1e611\",\"name\":\"Evelyn Pineda\",\"image\":{\"@type\":\"ImageObject\",\"@id\":\"http:\/\/www.sporthiva.com\/#personlogo\",\"inLanguage\":\"es\",\"url\":\"http:\/\/1.gravatar.com\/avatar\/73932ff8109aee94864b4504adf4d91e?s=96&d=mm&r=g\",\"contentUrl\":\"http:\/\/1.gravatar.com\/avatar\/73932ff8109aee94864b4504adf4d91e?s=96&d=mm&r=g\",\"caption\":\"Evelyn Pineda\"},\"sameAs\":[\"http:\/\/www.sporthiva.com\/\"],\"url\":\"http:\/\/www.sporthiva.com\/index.php\/author\/epineda\/\"}]}<\/script>\n<!-- \/ Yoast SEO plugin. -->","yoast_head_json":{"title":"Jasper Cillessen se pierde la Eurocopa por covid-19 - Sporthiva Online","robots":{"index":"index","follow":"follow","max-snippet":"max-snippet:-1","max-image-preview":"max-image-preview:large","max-video-preview":"max-video-preview:-1"},"canonical":"http:\/\/www.sporthiva.com\/index.php\/2021\/06\/01\/jasper-cillessen-se-pierde-la-eurocopa-por-covid-19\/","og_locale":"es_ES","og_type":"article","og_title":"Jasper Cillessen se pierde la Eurocopa por covid-19 - Sporthiva Online","og_description":"Lo sustituir\u00e1 el portero del AZ Alkmaar Marco Bizot, que debut\u00f3 con la camiseta naranja en noviembre de 2020 Holanda El portero del Valencia Jasper Cillessen ha sido excluido a \u00faltima hora de la convocatoria de Pa\u00edses Bajos para la Eurocopa debido a su positivo por covid-19, dijo hoy el seleccionador Frank de Boer. El&nbsp;Continuar leyendo","og_url":"http:\/\/www.sporthiva.com\/index.php\/2021\/06\/01\/jasper-cillessen-se-pierde-la-eurocopa-por-covid-19\/","og_site_name":"Sporthiva Online","article_published_time":"2021-06-01T14:27:02+00:00","twitter_card":"summary","twitter_misc":{"Escrito por":"Evelyn Pineda","Tiempo de lectura":"2 minutos"},"schema":{"@context":"https:\/\/schema.org","@graph":[{"@type":"WebSite","@id":"http:\/\/www.sporthiva.com\/#website","url":"http:\/\/www.sporthiva.com\/","name":"Sporthiva Online","description":"Sporthiva Online","potentialAction":[{"@type":"SearchAction","target":{"@type":"EntryPoint","urlTemplate":"http:\/\/www.sporthiva.com\/?s={search_term_string}"},"query-input":"required name=search_term_string"}],"inLanguage":"es"},{"@type":"WebPage","@id":"http:\/\/www.sporthiva.com\/index.php\/2021\/06\/01\/jasper-cillessen-se-pierde-la-eurocopa-por-covid-19\/#webpage","url":"http:\/\/www.sporthiva.com\/index.php\/2021\/06\/01\/jasper-cillessen-se-pierde-la-eurocopa-por-covid-19\/","name":"Jasper Cillessen se pierde la Eurocopa por covid-19 - Sporthiva Online","isPartOf":{"@id":"http:\/\/www.sporthiva.com\/#website"},"datePublished":"2021-06-01T14:27:02+00:00","dateModified":"2021-06-01T14:27:02+00:00","author":{"@id":"http:\/\/www.sporthiva.com\/#\/schema\/person\/551718db343e60bf7d707f9085b1e611"},"breadcrumb":{"@id":"http:\/\/www.sporthiva.com\/index.php\/2021\/06\/01\/jasper-cillessen-se-pierde-la-eurocopa-por-covid-19\/#breadcrumb"},"inLanguage":"es","potentialAction":[{"@type":"ReadAction","target":["http:\/\/www.sporthiva.com\/index.php\/2021\/06\/01\/jasper-cillessen-se-pierde-la-eurocopa-por-covid-19\/"]}]},{"@type":"BreadcrumbList","@id":"http:\/\/www.sporthiva.com\/index.php\/2021\/06\/01\/jasper-cillessen-se-pierde-la-eurocopa-por-covid-19\/#breadcrumb","itemListElement":[{"@type":"ListItem","position":1,"name":"Portada","item":"http:\/\/www.sporthiva.com\/"},{"@type":"ListItem","position":2,"name":"Jasper Cillessen se pierde la Eurocopa por covid-19"}]},{"@type":"Person","@id":"http:\/\/www.sporthiva.com\/#\/schema\/person\/551718db343e60bf7d707f9085b1e611","name":"Evelyn Pineda","image":{"@type":"ImageObject","@id":"http:\/\/www.sporthiva.com\/#personlogo","inLanguage":"es","url":"http:\/\/1.gravatar.com\/avatar\/73932ff8109aee94864b4504adf4d91e?s=96&d=mm&r=g","contentUrl":"http:\/\/1.gravatar.com\/avatar\/73932ff8109aee94864b4504adf4d91e?s=96&d=mm&r=g","caption":"Evelyn Pineda"},"sameAs":["http:\/\/www.sporthiva.com\/"],"url":"http:\/\/www.sporthiva.com\/index.php\/author\/epineda\/"}]}},"_links":{"self":[{"href":"http:\/\/www.sporthiva.com\/index.php\/wp-json\/wp\/v2\/posts\/102324"}],"collection":[{"href":"http:\/\/www.sporthiva.com\/index.php\/wp-json\/wp\/v2\/posts"}],"about":[{"href":"http:\/\/www.sporthiva.com\/index.php\/wp-json\/wp\/v2\/types\/post"}],"author":[{"embeddable":true,"href":"http:\/\/www.sporthiva.com\/index.php\/wp-json\/wp\/v2\/users\/7"}],"replies":[{"embeddable":true,"href":"http:\/\/www.sporthiva.com\/index.php\/wp-json\/wp\/v2\/comments?post=102324"}],"version-history":[{"count":1,"href":"http:\/\/www.sporthiva.com\/index.php\/wp-json\/wp\/v2\/posts\/102324\/revisions"}],"predecessor-version":[{"id":102326,"href":"http:\/\/www.sporthiva.com\/index.php\/wp-json\/wp\/v2\/posts\/102324\/revisions\/102326"}],"wp:attachment":[{"href":"http:\/\/www.sporthiva.com\/index.php\/wp-json\/wp\/v2\/media?parent=102324"}],"wp:term":[{"taxonomy":"category","embeddable":true,"href":"http:\/\/www.sporthiva.com\/index.php\/wp-json\/wp\/v2\/categories?post=102324"},{"taxonomy":"post_tag","embeddable":true,"href":"http:\/\/www.sporthiva.com\/index.php\/wp-json\/wp\/v2\/tags?post=102324"}],"curies":[{"name":"wp","href":"https:\/\/api.w.org\/{rel}","templated":true}]}}