{"id":111088,"date":"2021-11-23T09:01:01","date_gmt":"2021-11-23T15:01:01","guid":{"rendered":"http:\/\/www.sporthiva.com\/?p=111088"},"modified":"2021-11-23T09:01:01","modified_gmt":"2021-11-23T15:01:01","slug":"sergio-ramos-es-convocado-por-primera-vez-con-el-psg","status":"publish","type":"post","link":"http:\/\/www.sporthiva.com\/index.php\/2021\/11\/23\/sergio-ramos-es-convocado-por-primera-vez-con-el-psg\/","title":{"rendered":"Sergio Ramos es convocado por primera vez con el PSG"},"content":{"rendered":"<h4><strong>Ramos fue citado por Mauricio Pochettino para el duelo de este mi\u00e9rcoles ante Manchester City, por la quinta jornada de la fase de grupos de la Champions League<\/strong><\/h4>\n<p><strong>Par\u00eds, Francia<\/strong><\/p>\n<p>El defensor espa\u00f1ol Sergio Ramos, que a\u00fan no ha podido debutar con el Par\u00eds Saint-Germain, entr\u00f3 por primera vez en la convocatoria del equipo parisino para el partido del mi\u00e9rcoles ante Manchester City, por la quinta jornada de la fase de grupos de la Champions League.<\/p>\n<p>Ramos, de 35 a\u00f1os,\u00a0 quien arrib\u00f3 al conjunto parisino en julio de este a\u00f1o, hab\u00eda disputado su \u00faltimo partido el 5 de mayo, cuando perdi\u00f3 contra el Chelsea en semifinales de la Champions, a\u00fan como jugador del Real Madrid, no ha jugado un solo minuto con el PSG, a causa sobre todo de unos problemas persistentes en el gemelo.<\/p>\n<p><strong>Vea adem\u00e1s: <\/strong><a href=\"http:\/\/www.sporthiva.com\/index.php\/2021\/11\/22\/fifa-revela-los-11-nominados-a-the-best-2021\/\"><strong>FIFA revela los 11 nominados para el premio The Best 2021<\/strong><\/a><\/p>\n<p>El jugador, que solo ha jugado siete partidos en 2021, empez\u00f3 a entrenar con el grupo durante el \u00faltimo par\u00f3n internacional, a comienzos de noviembre, primera etapa hacia su regreso a la competici\u00f3n.<\/p>\n<p>Su largo periodo de baja hizo planear la duda sobre la capacidad del campe\u00f3n del mundo en 2010 con la Selecci\u00f3n de Espa\u00f1a de recuperar su mejor nivel.<\/p>\n<p>\u00abPara un campe\u00f3n del mundo como Sergio Ramos, un jugador de su nivel, con su mentalidad, es muy dif\u00edcil no poder jugar tanto como desear\u00eda. Pero \u00e9l es muy fuerte mentalmente. Trabaja muy duro y creemos que progresa bien\u00bb, explic\u00f3 el viernes pasado su entrenador Mauricio Pochettino.<\/p>\n<p><strong>Le interesa tambi\u00e9n: <\/strong><a href=\"http:\/\/www.sporthiva.com\/index.php\/2021\/11\/22\/roban-en-casa-de-ansu-fati-durante-el-derbi\/\"><strong>Roban en casa de Ansu Fati durante el derbi<\/strong><\/a><\/p>\n<p>El cuatro veces campe\u00f3n de la Champions estar\u00e1 en principio en el banquillo en la quinta fecha de la Champions, ya que los titulares Marquinhos y Presnel Kimpembe figuran asimismo en el grupo.<\/p>\n<p>Las estrellas Lionel Messi, Kylian Mbapp\u00e9 y Neymar tambi\u00e9n viajan a Inglaterra, al igual que el arquero Gianluigi Donnarumma, ausente en el \u00faltimo partido de Ligue 1 debido a una gastroenteritis.<\/p>\n<p><img loading=\"lazy\" class=\"size-medium wp-image-111090 aligncenter\" src=\"http:\/\/www.sporthiva.com\/wp-content\/uploads\/2021\/11\/convocados-psg_w862-281x379.jpg\" alt=\"\" width=\"281\" height=\"379\" \/><\/p>\n","protected":false},"excerpt":{"rendered":"<p>Ramos fue citado por Mauricio Pochettino para el duelo de este mi\u00e9rcoles ante Manchester City, por la quinta jornada de la fase de grupos de la Champions League Par\u00eds, Francia El defensor espa\u00f1ol Sergio Ramos, que a\u00fan no ha podido debutar con el Par\u00eds Saint-Germain, entr\u00f3 por primera vez en la convocatoria del equipo parisino&nbsp;<\/p>\n<p><a class=\"btn btn-style\" href=\"http:\/\/www.sporthiva.com\/index.php\/2021\/11\/23\/sergio-ramos-es-convocado-por-primera-vez-con-el-psg\/\">Continuar leyendo<\/a><\/p>\n","protected":false},"author":7,"featured_media":0,"comment_status":"open","ping_status":"open","sticky":false,"template":"","format":"standard","meta":{"qubely_global_settings":"","qubely_interactions":""},"categories":[563],"tags":[310,182,213,149],"qubely_featured_image_url":null,"qubely_author":{"display_name":"Evelyn Pineda","author_link":"http:\/\/www.sporthiva.com\/index.php\/author\/epineda\/"},"qubely_comment":0,"qubely_category":"<a href=\"http:\/\/www.sporthiva.com\/index.php\/category\/internacionales\/\" rel=\"category tag\">Internacionales<\/a>","qubely_excerpt":"Ramos fue citado por Mauricio Pochettino para el duelo de este mi\u00e9rcoles ante Manchester City, por la quinta jornada de la fase de grupos de la Champions League Par\u00eds, Francia El defensor espa\u00f1ol Sergio Ramos, que a\u00fan no ha podido debutar con el Par\u00eds Saint-Germain, entr\u00f3 por primera vez en la convocatoria del equipo parisino&nbsp;Continuar&hellip;","yoast_head":"<!-- This site is optimized with the Yoast SEO plugin v17.8 - https:\/\/yoast.com\/wordpress\/plugins\/seo\/ -->\n<title>Sergio Ramos es convocado por primera vez con el PSG - Sporthiva Online<\/title>\n<meta name=\"robots\" content=\"index, follow, max-snippet:-1, max-image-preview:large, max-video-preview:-1\" \/>\n<link rel=\"canonical\" href=\"http:\/\/www.sporthiva.com\/index.php\/2021\/11\/23\/sergio-ramos-es-convocado-por-primera-vez-con-el-psg\/\" \/>\n<meta property=\"og:locale\" content=\"es_ES\" \/>\n<meta property=\"og:type\" content=\"article\" \/>\n<meta property=\"og:title\" content=\"Sergio Ramos es convocado por primera vez con el PSG - Sporthiva Online\" \/>\n<meta property=\"og:description\" content=\"Ramos fue citado por Mauricio Pochettino para el duelo de este mi\u00e9rcoles ante Manchester City, por la quinta jornada de la fase de grupos de la Champions League Par\u00eds, Francia El defensor espa\u00f1ol Sergio Ramos, que a\u00fan no ha podido debutar con el Par\u00eds Saint-Germain, entr\u00f3 por primera vez en la convocatoria del equipo parisino&nbsp;Continuar leyendo\" \/>\n<meta property=\"og:url\" content=\"http:\/\/www.sporthiva.com\/index.php\/2021\/11\/23\/sergio-ramos-es-convocado-por-primera-vez-con-el-psg\/\" \/>\n<meta property=\"og:site_name\" content=\"Sporthiva Online\" \/>\n<meta property=\"article:published_time\" content=\"2021-11-23T15:01:01+00:00\" \/>\n<meta property=\"og:image\" content=\"http:\/\/www.sporthiva.com\/wp-content\/uploads\/2021\/11\/convocados-psg_w862-281x379.jpg\" \/>\n<meta name=\"twitter:card\" content=\"summary\" \/>\n<meta name=\"twitter:label1\" content=\"Escrito por\" \/>\n\t<meta name=\"twitter:data1\" content=\"Evelyn Pineda\" \/>\n\t<meta name=\"twitter:label2\" content=\"Tiempo de lectura\" \/>\n\t<meta name=\"twitter:data2\" content=\"2 minutos\" \/>\n<script type=\"application\/ld+json\" class=\"yoast-schema-graph\">{\"@context\":\"https:\/\/schema.org\",\"@graph\":[{\"@type\":\"WebSite\",\"@id\":\"http:\/\/www.sporthiva.com\/#website\",\"url\":\"http:\/\/www.sporthiva.com\/\",\"name\":\"Sporthiva Online\",\"description\":\"Sporthiva Online\",\"potentialAction\":[{\"@type\":\"SearchAction\",\"target\":{\"@type\":\"EntryPoint\",\"urlTemplate\":\"http:\/\/www.sporthiva.com\/?s={search_term_string}\"},\"query-input\":\"required name=search_term_string\"}],\"inLanguage\":\"es\"},{\"@type\":\"ImageObject\",\"@id\":\"http:\/\/www.sporthiva.com\/index.php\/2021\/11\/23\/sergio-ramos-es-convocado-por-primera-vez-con-el-psg\/#primaryimage\",\"inLanguage\":\"es\",\"url\":\"http:\/\/www.sporthiva.com\/wp-content\/uploads\/2021\/11\/convocados-psg_w862-281x379.jpg\",\"contentUrl\":\"http:\/\/www.sporthiva.com\/wp-content\/uploads\/2021\/11\/convocados-psg_w862-281x379.jpg\"},{\"@type\":\"WebPage\",\"@id\":\"http:\/\/www.sporthiva.com\/index.php\/2021\/11\/23\/sergio-ramos-es-convocado-por-primera-vez-con-el-psg\/#webpage\",\"url\":\"http:\/\/www.sporthiva.com\/index.php\/2021\/11\/23\/sergio-ramos-es-convocado-por-primera-vez-con-el-psg\/\",\"name\":\"Sergio Ramos es convocado por primera vez con el PSG - Sporthiva Online\",\"isPartOf\":{\"@id\":\"http:\/\/www.sporthiva.com\/#website\"},\"primaryImageOfPage\":{\"@id\":\"http:\/\/www.sporthiva.com\/index.php\/2021\/11\/23\/sergio-ramos-es-convocado-por-primera-vez-con-el-psg\/#primaryimage\"},\"datePublished\":\"2021-11-23T15:01:01+00:00\",\"dateModified\":\"2021-11-23T15:01:01+00:00\",\"author\":{\"@id\":\"http:\/\/www.sporthiva.com\/#\/schema\/person\/551718db343e60bf7d707f9085b1e611\"},\"breadcrumb\":{\"@id\":\"http:\/\/www.sporthiva.com\/index.php\/2021\/11\/23\/sergio-ramos-es-convocado-por-primera-vez-con-el-psg\/#breadcrumb\"},\"inLanguage\":\"es\",\"potentialAction\":[{\"@type\":\"ReadAction\",\"target\":[\"http:\/\/www.sporthiva.com\/index.php\/2021\/11\/23\/sergio-ramos-es-convocado-por-primera-vez-con-el-psg\/\"]}]},{\"@type\":\"BreadcrumbList\",\"@id\":\"http:\/\/www.sporthiva.com\/index.php\/2021\/11\/23\/sergio-ramos-es-convocado-por-primera-vez-con-el-psg\/#breadcrumb\",\"itemListElement\":[{\"@type\":\"ListItem\",\"position\":1,\"name\":\"Portada\",\"item\":\"http:\/\/www.sporthiva.com\/\"},{\"@type\":\"ListItem\",\"position\":2,\"name\":\"Sergio Ramos es convocado por primera vez con el PSG\"}]},{\"@type\":\"Person\",\"@id\":\"http:\/\/www.sporthiva.com\/#\/schema\/person\/551718db343e60bf7d707f9085b1e611\",\"name\":\"Evelyn Pineda\",\"image\":{\"@type\":\"ImageObject\",\"@id\":\"http:\/\/www.sporthiva.com\/#personlogo\",\"inLanguage\":\"es\",\"url\":\"http:\/\/1.gravatar.com\/avatar\/73932ff8109aee94864b4504adf4d91e?s=96&d=mm&r=g\",\"contentUrl\":\"http:\/\/1.gravatar.com\/avatar\/73932ff8109aee94864b4504adf4d91e?s=96&d=mm&r=g\",\"caption\":\"Evelyn Pineda\"},\"sameAs\":[\"http:\/\/www.sporthiva.com\/\"],\"url\":\"http:\/\/www.sporthiva.com\/index.php\/author\/epineda\/\"}]}<\/script>\n<!-- \/ Yoast SEO plugin. -->","yoast_head_json":{"title":"Sergio Ramos es convocado por primera vez con el PSG - Sporthiva Online","robots":{"index":"index","follow":"follow","max-snippet":"max-snippet:-1","max-image-preview":"max-image-preview:large","max-video-preview":"max-video-preview:-1"},"canonical":"http:\/\/www.sporthiva.com\/index.php\/2021\/11\/23\/sergio-ramos-es-convocado-por-primera-vez-con-el-psg\/","og_locale":"es_ES","og_type":"article","og_title":"Sergio Ramos es convocado por primera vez con el PSG - Sporthiva Online","og_description":"Ramos fue citado por Mauricio Pochettino para el duelo de este mi\u00e9rcoles ante Manchester City, por la quinta jornada de la fase de grupos de la Champions League Par\u00eds, Francia El defensor espa\u00f1ol Sergio Ramos, que a\u00fan no ha podido debutar con el Par\u00eds Saint-Germain, entr\u00f3 por primera vez en la convocatoria del equipo parisino&nbsp;Continuar leyendo","og_url":"http:\/\/www.sporthiva.com\/index.php\/2021\/11\/23\/sergio-ramos-es-convocado-por-primera-vez-con-el-psg\/","og_site_name":"Sporthiva Online","article_published_time":"2021-11-23T15:01:01+00:00","og_image":[{"url":"http:\/\/www.sporthiva.com\/wp-content\/uploads\/2021\/11\/convocados-psg_w862-281x379.jpg"}],"twitter_card":"summary","twitter_misc":{"Escrito por":"Evelyn Pineda","Tiempo de lectura":"2 minutos"},"schema":{"@context":"https:\/\/schema.org","@graph":[{"@type":"WebSite","@id":"http:\/\/www.sporthiva.com\/#website","url":"http:\/\/www.sporthiva.com\/","name":"Sporthiva Online","description":"Sporthiva Online","potentialAction":[{"@type":"SearchAction","target":{"@type":"EntryPoint","urlTemplate":"http:\/\/www.sporthiva.com\/?s={search_term_string}"},"query-input":"required name=search_term_string"}],"inLanguage":"es"},{"@type":"ImageObject","@id":"http:\/\/www.sporthiva.com\/index.php\/2021\/11\/23\/sergio-ramos-es-convocado-por-primera-vez-con-el-psg\/#primaryimage","inLanguage":"es","url":"http:\/\/www.sporthiva.com\/wp-content\/uploads\/2021\/11\/convocados-psg_w862-281x379.jpg","contentUrl":"http:\/\/www.sporthiva.com\/wp-content\/uploads\/2021\/11\/convocados-psg_w862-281x379.jpg"},{"@type":"WebPage","@id":"http:\/\/www.sporthiva.com\/index.php\/2021\/11\/23\/sergio-ramos-es-convocado-por-primera-vez-con-el-psg\/#webpage","url":"http:\/\/www.sporthiva.com\/index.php\/2021\/11\/23\/sergio-ramos-es-convocado-por-primera-vez-con-el-psg\/","name":"Sergio Ramos es convocado por primera vez con el PSG - Sporthiva Online","isPartOf":{"@id":"http:\/\/www.sporthiva.com\/#website"},"primaryImageOfPage":{"@id":"http:\/\/www.sporthiva.com\/index.php\/2021\/11\/23\/sergio-ramos-es-convocado-por-primera-vez-con-el-psg\/#primaryimage"},"datePublished":"2021-11-23T15:01:01+00:00","dateModified":"2021-11-23T15:01:01+00:00","author":{"@id":"http:\/\/www.sporthiva.com\/#\/schema\/person\/551718db343e60bf7d707f9085b1e611"},"breadcrumb":{"@id":"http:\/\/www.sporthiva.com\/index.php\/2021\/11\/23\/sergio-ramos-es-convocado-por-primera-vez-con-el-psg\/#breadcrumb"},"inLanguage":"es","potentialAction":[{"@type":"ReadAction","target":["http:\/\/www.sporthiva.com\/index.php\/2021\/11\/23\/sergio-ramos-es-convocado-por-primera-vez-con-el-psg\/"]}]},{"@type":"BreadcrumbList","@id":"http:\/\/www.sporthiva.com\/index.php\/2021\/11\/23\/sergio-ramos-es-convocado-por-primera-vez-con-el-psg\/#breadcrumb","itemListElement":[{"@type":"ListItem","position":1,"name":"Portada","item":"http:\/\/www.sporthiva.com\/"},{"@type":"ListItem","position":2,"name":"Sergio Ramos es convocado por primera vez con el PSG"}]},{"@type":"Person","@id":"http:\/\/www.sporthiva.com\/#\/schema\/person\/551718db343e60bf7d707f9085b1e611","name":"Evelyn Pineda","image":{"@type":"ImageObject","@id":"http:\/\/www.sporthiva.com\/#personlogo","inLanguage":"es","url":"http:\/\/1.gravatar.com\/avatar\/73932ff8109aee94864b4504adf4d91e?s=96&d=mm&r=g","contentUrl":"http:\/\/1.gravatar.com\/avatar\/73932ff8109aee94864b4504adf4d91e?s=96&d=mm&r=g","caption":"Evelyn Pineda"},"sameAs":["http:\/\/www.sporthiva.com\/"],"url":"http:\/\/www.sporthiva.com\/index.php\/author\/epineda\/"}]}},"_links":{"self":[{"href":"http:\/\/www.sporthiva.com\/index.php\/wp-json\/wp\/v2\/posts\/111088"}],"collection":[{"href":"http:\/\/www.sporthiva.com\/index.php\/wp-json\/wp\/v2\/posts"}],"about":[{"href":"http:\/\/www.sporthiva.com\/index.php\/wp-json\/wp\/v2\/types\/post"}],"author":[{"embeddable":true,"href":"http:\/\/www.sporthiva.com\/index.php\/wp-json\/wp\/v2\/users\/7"}],"replies":[{"embeddable":true,"href":"http:\/\/www.sporthiva.com\/index.php\/wp-json\/wp\/v2\/comments?post=111088"}],"version-history":[{"count":1,"href":"http:\/\/www.sporthiva.com\/index.php\/wp-json\/wp\/v2\/posts\/111088\/revisions"}],"predecessor-version":[{"id":111092,"href":"http:\/\/www.sporthiva.com\/index.php\/wp-json\/wp\/v2\/posts\/111088\/revisions\/111092"}],"wp:attachment":[{"href":"http:\/\/www.sporthiva.com\/index.php\/wp-json\/wp\/v2\/media?parent=111088"}],"wp:term":[{"taxonomy":"category","embeddable":true,"href":"http:\/\/www.sporthiva.com\/index.php\/wp-json\/wp\/v2\/categories?post=111088"},{"taxonomy":"post_tag","embeddable":true,"href":"http:\/\/www.sporthiva.com\/index.php\/wp-json\/wp\/v2\/tags?post=111088"}],"curies":[{"name":"wp","href":"https:\/\/api.w.org\/{rel}","templated":true}]}}