{"id":114844,"date":"2022-03-03T13:35:59","date_gmt":"2022-03-03T19:35:59","guid":{"rendered":"http:\/\/www.sporthiva.com\/?p=114844"},"modified":"2022-03-03T13:35:59","modified_gmt":"2022-03-03T19:35:59","slug":"la-federacion-rusa-de-futbol-recurrira-ante-el-tas-por-su-exclusion-del-mundial-2022","status":"publish","type":"post","link":"http:\/\/www.sporthiva.com\/index.php\/2022\/03\/03\/la-federacion-rusa-de-futbol-recurrira-ante-el-tas-por-su-exclusion-del-mundial-2022\/","title":{"rendered":"La Federaci\u00f3n Rusa de F\u00fatbol recurrir\u00e1 ante el TAS por su exclusi\u00f3n del Mundial 2022"},"content":{"rendered":"<p><strong>Rusia<\/strong><\/p>\n<p>La Federaci\u00f3n Rusa de F\u00fatbol va a recurrir ante el Tribunal Arbitral del Deporte (TAS) de Lausana su exclusi\u00f3n del Mundial de Catar 2022 y de todas las competiciones internacionales, anunci\u00f3 esa organizaci\u00f3n este jueves en un comunicado.<\/p>\n<p>Rusia deb\u00eda inicialmente medirse a Polonia el 24 de marzo en Mosc\u00fa, en las semifinales de su repesca para el Mundial. El lunes, la FIFA y la UEFA excluyeron a los rusos de todas sus competiciones, como reacci\u00f3n a la invasi\u00f3n de Ucrania.<\/p>\n<p><strong>Vea adem\u00e1s: <\/strong><a href=\"http:\/\/www.sporthiva.com\/index.php\/2022\/03\/03\/oferta-millonaria-del-barcelona-para-fichar-a-haaland\/\"><strong>Oferta millonaria del Barcelona para fichar a Haaland<\/strong><\/a><\/p>\n<p>La Federaci\u00f3n Rusa solicitar\u00e1 que todos los equipos nacionales masculinos y femeninos regresen a todas las competiciones y pedir\u00e1 al TAS \u00abun procedimiento acelerado\u00bb sobre su caso, ante la cercan\u00eda de la fecha inicialmente prevista para el duelo ante Polonia, que ha insistido en que no jugar\u00e1 contra los rusos bajo ning\u00fan pretexto.<\/p>\n<p>Los responsables del f\u00fatbol ruso estiman que la FIFA y la UEFA actuaron \u00absin base legal\u00bb para decretar su veto y que tomaron la decisi\u00f3n \u00abbajo la presi\u00f3n\u00bb de las federaciones de f\u00fatbol rivales, como la polaca. Lamentaron tambi\u00e9n no haber podido explicar su punto de vista ante ambas organizaciones.<\/p>\n<p><strong>Le interesa tambi\u00e9n: <\/strong><a href=\"http:\/\/www.sporthiva.com\/index.php\/2022\/03\/03\/koeman-laporta-no-queria-a-xavi-pero-necesitaba-alguien-detras-de-quien-esconderse\/\"><strong>Koeman: \u00abLaporta no quer\u00eda a Xavi, pero necesitaba alguien detr\u00e1s de qui\u00e9n esconderse\u00bb<\/strong><\/a><\/p>\n<p data-inc=\"1\">El lunes, la Federaci\u00f3n Rusa de F\u00fatbol hab\u00eda denunciado ya los efectos \u00abdiscriminatorios\u00bb de la decisi\u00f3n \u00abpara un gran n\u00famero de deportistas, entrenadores, empleados de clubes o de la selecci\u00f3n nacional\u00bb.<\/p>\n<p>El Mundial de f\u00fatbol de 2022, el gran evento deportivo del a\u00f1o, se disputar\u00e1 del 21 de noviembre al 18 de diciembre en Catar. Rusia fue el pa\u00eds anfitri\u00f3n de la anterior edici\u00f3n de ese evento, disputado en 2018.<\/p>\n","protected":false},"excerpt":{"rendered":"<p>Rusia La Federaci\u00f3n Rusa de F\u00fatbol va a recurrir ante el Tribunal Arbitral del Deporte (TAS) de Lausana su exclusi\u00f3n del Mundial de Catar 2022 y de todas las competiciones internacionales, anunci\u00f3 esa organizaci\u00f3n este jueves en un comunicado. Rusia deb\u00eda inicialmente medirse a Polonia el 24 de marzo en Mosc\u00fa, en las semifinales de&nbsp;<\/p>\n<p><a class=\"btn btn-style\" href=\"http:\/\/www.sporthiva.com\/index.php\/2022\/03\/03\/la-federacion-rusa-de-futbol-recurrira-ante-el-tas-por-su-exclusion-del-mundial-2022\/\">Continuar leyendo<\/a><\/p>\n","protected":false},"author":7,"featured_media":0,"comment_status":"open","ping_status":"open","sticky":false,"template":"","format":"standard","meta":{"qubely_global_settings":"","qubely_interactions":""},"categories":[563],"tags":[3737,1103],"qubely_featured_image_url":null,"qubely_author":{"display_name":"Evelyn Pineda","author_link":"http:\/\/www.sporthiva.com\/index.php\/author\/epineda\/"},"qubely_comment":0,"qubely_category":"<a href=\"http:\/\/www.sporthiva.com\/index.php\/category\/internacionales\/\" rel=\"category tag\">Internacionales<\/a>","qubely_excerpt":"Rusia La Federaci\u00f3n Rusa de F\u00fatbol va a recurrir ante el Tribunal Arbitral del Deporte (TAS) de Lausana su exclusi\u00f3n del Mundial de Catar 2022 y de todas las competiciones internacionales, anunci\u00f3 esa organizaci\u00f3n este jueves en un comunicado. Rusia deb\u00eda inicialmente medirse a Polonia el 24 de marzo en Mosc\u00fa, en las semifinales de&nbsp;Continuar&hellip;","yoast_head":"<!-- This site is optimized with the Yoast SEO plugin v17.8 - https:\/\/yoast.com\/wordpress\/plugins\/seo\/ -->\n<title>La Federaci\u00f3n Rusa de F\u00fatbol recurrir\u00e1 ante el TAS por su exclusi\u00f3n del Mundial 2022 - Sporthiva Online<\/title>\n<meta name=\"robots\" content=\"index, follow, max-snippet:-1, max-image-preview:large, max-video-preview:-1\" \/>\n<link rel=\"canonical\" href=\"http:\/\/www.sporthiva.com\/index.php\/2022\/03\/03\/la-federacion-rusa-de-futbol-recurrira-ante-el-tas-por-su-exclusion-del-mundial-2022\/\" \/>\n<meta property=\"og:locale\" content=\"es_ES\" \/>\n<meta property=\"og:type\" content=\"article\" \/>\n<meta property=\"og:title\" content=\"La Federaci\u00f3n Rusa de F\u00fatbol recurrir\u00e1 ante el TAS por su exclusi\u00f3n del Mundial 2022 - Sporthiva Online\" \/>\n<meta property=\"og:description\" content=\"Rusia La Federaci\u00f3n Rusa de F\u00fatbol va a recurrir ante el Tribunal Arbitral del Deporte (TAS) de Lausana su exclusi\u00f3n del Mundial de Catar 2022 y de todas las competiciones internacionales, anunci\u00f3 esa organizaci\u00f3n este jueves en un comunicado. Rusia deb\u00eda inicialmente medirse a Polonia el 24 de marzo en Mosc\u00fa, en las semifinales de&nbsp;Continuar leyendo\" \/>\n<meta property=\"og:url\" content=\"http:\/\/www.sporthiva.com\/index.php\/2022\/03\/03\/la-federacion-rusa-de-futbol-recurrira-ante-el-tas-por-su-exclusion-del-mundial-2022\/\" \/>\n<meta property=\"og:site_name\" content=\"Sporthiva Online\" \/>\n<meta property=\"article:published_time\" content=\"2022-03-03T19:35:59+00:00\" \/>\n<meta name=\"twitter:card\" content=\"summary\" \/>\n<meta name=\"twitter:label1\" content=\"Escrito por\" \/>\n\t<meta name=\"twitter:data1\" content=\"Evelyn Pineda\" \/>\n\t<meta name=\"twitter:label2\" content=\"Tiempo de lectura\" \/>\n\t<meta name=\"twitter:data2\" content=\"2 minutos\" \/>\n<script type=\"application\/ld+json\" class=\"yoast-schema-graph\">{\"@context\":\"https:\/\/schema.org\",\"@graph\":[{\"@type\":\"WebSite\",\"@id\":\"http:\/\/www.sporthiva.com\/#website\",\"url\":\"http:\/\/www.sporthiva.com\/\",\"name\":\"Sporthiva Online\",\"description\":\"Sporthiva Online\",\"potentialAction\":[{\"@type\":\"SearchAction\",\"target\":{\"@type\":\"EntryPoint\",\"urlTemplate\":\"http:\/\/www.sporthiva.com\/?s={search_term_string}\"},\"query-input\":\"required name=search_term_string\"}],\"inLanguage\":\"es\"},{\"@type\":\"WebPage\",\"@id\":\"http:\/\/www.sporthiva.com\/index.php\/2022\/03\/03\/la-federacion-rusa-de-futbol-recurrira-ante-el-tas-por-su-exclusion-del-mundial-2022\/#webpage\",\"url\":\"http:\/\/www.sporthiva.com\/index.php\/2022\/03\/03\/la-federacion-rusa-de-futbol-recurrira-ante-el-tas-por-su-exclusion-del-mundial-2022\/\",\"name\":\"La Federaci\\u00f3n Rusa de F\\u00fatbol recurrir\\u00e1 ante el TAS por su exclusi\\u00f3n del Mundial 2022 - Sporthiva Online\",\"isPartOf\":{\"@id\":\"http:\/\/www.sporthiva.com\/#website\"},\"datePublished\":\"2022-03-03T19:35:59+00:00\",\"dateModified\":\"2022-03-03T19:35:59+00:00\",\"author\":{\"@id\":\"http:\/\/www.sporthiva.com\/#\/schema\/person\/551718db343e60bf7d707f9085b1e611\"},\"breadcrumb\":{\"@id\":\"http:\/\/www.sporthiva.com\/index.php\/2022\/03\/03\/la-federacion-rusa-de-futbol-recurrira-ante-el-tas-por-su-exclusion-del-mundial-2022\/#breadcrumb\"},\"inLanguage\":\"es\",\"potentialAction\":[{\"@type\":\"ReadAction\",\"target\":[\"http:\/\/www.sporthiva.com\/index.php\/2022\/03\/03\/la-federacion-rusa-de-futbol-recurrira-ante-el-tas-por-su-exclusion-del-mundial-2022\/\"]}]},{\"@type\":\"BreadcrumbList\",\"@id\":\"http:\/\/www.sporthiva.com\/index.php\/2022\/03\/03\/la-federacion-rusa-de-futbol-recurrira-ante-el-tas-por-su-exclusion-del-mundial-2022\/#breadcrumb\",\"itemListElement\":[{\"@type\":\"ListItem\",\"position\":1,\"name\":\"Portada\",\"item\":\"http:\/\/www.sporthiva.com\/\"},{\"@type\":\"ListItem\",\"position\":2,\"name\":\"La Federaci\\u00f3n Rusa de F\\u00fatbol recurrir\\u00e1 ante el TAS por su exclusi\\u00f3n del Mundial 2022\"}]},{\"@type\":\"Person\",\"@id\":\"http:\/\/www.sporthiva.com\/#\/schema\/person\/551718db343e60bf7d707f9085b1e611\",\"name\":\"Evelyn Pineda\",\"image\":{\"@type\":\"ImageObject\",\"@id\":\"http:\/\/www.sporthiva.com\/#personlogo\",\"inLanguage\":\"es\",\"url\":\"http:\/\/1.gravatar.com\/avatar\/73932ff8109aee94864b4504adf4d91e?s=96&d=mm&r=g\",\"contentUrl\":\"http:\/\/1.gravatar.com\/avatar\/73932ff8109aee94864b4504adf4d91e?s=96&d=mm&r=g\",\"caption\":\"Evelyn Pineda\"},\"sameAs\":[\"http:\/\/www.sporthiva.com\/\"],\"url\":\"http:\/\/www.sporthiva.com\/index.php\/author\/epineda\/\"}]}<\/script>\n<!-- \/ Yoast SEO plugin. -->","yoast_head_json":{"title":"La Federaci\u00f3n Rusa de F\u00fatbol recurrir\u00e1 ante el TAS por su exclusi\u00f3n del Mundial 2022 - Sporthiva Online","robots":{"index":"index","follow":"follow","max-snippet":"max-snippet:-1","max-image-preview":"max-image-preview:large","max-video-preview":"max-video-preview:-1"},"canonical":"http:\/\/www.sporthiva.com\/index.php\/2022\/03\/03\/la-federacion-rusa-de-futbol-recurrira-ante-el-tas-por-su-exclusion-del-mundial-2022\/","og_locale":"es_ES","og_type":"article","og_title":"La Federaci\u00f3n Rusa de F\u00fatbol recurrir\u00e1 ante el TAS por su exclusi\u00f3n del Mundial 2022 - Sporthiva Online","og_description":"Rusia La Federaci\u00f3n Rusa de F\u00fatbol va a recurrir ante el Tribunal Arbitral del Deporte (TAS) de Lausana su exclusi\u00f3n del Mundial de Catar 2022 y de todas las competiciones internacionales, anunci\u00f3 esa organizaci\u00f3n este jueves en un comunicado. Rusia deb\u00eda inicialmente medirse a Polonia el 24 de marzo en Mosc\u00fa, en las semifinales de&nbsp;Continuar leyendo","og_url":"http:\/\/www.sporthiva.com\/index.php\/2022\/03\/03\/la-federacion-rusa-de-futbol-recurrira-ante-el-tas-por-su-exclusion-del-mundial-2022\/","og_site_name":"Sporthiva Online","article_published_time":"2022-03-03T19:35:59+00:00","twitter_card":"summary","twitter_misc":{"Escrito por":"Evelyn Pineda","Tiempo de lectura":"2 minutos"},"schema":{"@context":"https:\/\/schema.org","@graph":[{"@type":"WebSite","@id":"http:\/\/www.sporthiva.com\/#website","url":"http:\/\/www.sporthiva.com\/","name":"Sporthiva Online","description":"Sporthiva Online","potentialAction":[{"@type":"SearchAction","target":{"@type":"EntryPoint","urlTemplate":"http:\/\/www.sporthiva.com\/?s={search_term_string}"},"query-input":"required name=search_term_string"}],"inLanguage":"es"},{"@type":"WebPage","@id":"http:\/\/www.sporthiva.com\/index.php\/2022\/03\/03\/la-federacion-rusa-de-futbol-recurrira-ante-el-tas-por-su-exclusion-del-mundial-2022\/#webpage","url":"http:\/\/www.sporthiva.com\/index.php\/2022\/03\/03\/la-federacion-rusa-de-futbol-recurrira-ante-el-tas-por-su-exclusion-del-mundial-2022\/","name":"La Federaci\u00f3n Rusa de F\u00fatbol recurrir\u00e1 ante el TAS por su exclusi\u00f3n del Mundial 2022 - Sporthiva Online","isPartOf":{"@id":"http:\/\/www.sporthiva.com\/#website"},"datePublished":"2022-03-03T19:35:59+00:00","dateModified":"2022-03-03T19:35:59+00:00","author":{"@id":"http:\/\/www.sporthiva.com\/#\/schema\/person\/551718db343e60bf7d707f9085b1e611"},"breadcrumb":{"@id":"http:\/\/www.sporthiva.com\/index.php\/2022\/03\/03\/la-federacion-rusa-de-futbol-recurrira-ante-el-tas-por-su-exclusion-del-mundial-2022\/#breadcrumb"},"inLanguage":"es","potentialAction":[{"@type":"ReadAction","target":["http:\/\/www.sporthiva.com\/index.php\/2022\/03\/03\/la-federacion-rusa-de-futbol-recurrira-ante-el-tas-por-su-exclusion-del-mundial-2022\/"]}]},{"@type":"BreadcrumbList","@id":"http:\/\/www.sporthiva.com\/index.php\/2022\/03\/03\/la-federacion-rusa-de-futbol-recurrira-ante-el-tas-por-su-exclusion-del-mundial-2022\/#breadcrumb","itemListElement":[{"@type":"ListItem","position":1,"name":"Portada","item":"http:\/\/www.sporthiva.com\/"},{"@type":"ListItem","position":2,"name":"La Federaci\u00f3n Rusa de F\u00fatbol recurrir\u00e1 ante el TAS por su exclusi\u00f3n del Mundial 2022"}]},{"@type":"Person","@id":"http:\/\/www.sporthiva.com\/#\/schema\/person\/551718db343e60bf7d707f9085b1e611","name":"Evelyn Pineda","image":{"@type":"ImageObject","@id":"http:\/\/www.sporthiva.com\/#personlogo","inLanguage":"es","url":"http:\/\/1.gravatar.com\/avatar\/73932ff8109aee94864b4504adf4d91e?s=96&d=mm&r=g","contentUrl":"http:\/\/1.gravatar.com\/avatar\/73932ff8109aee94864b4504adf4d91e?s=96&d=mm&r=g","caption":"Evelyn Pineda"},"sameAs":["http:\/\/www.sporthiva.com\/"],"url":"http:\/\/www.sporthiva.com\/index.php\/author\/epineda\/"}]}},"_links":{"self":[{"href":"http:\/\/www.sporthiva.com\/index.php\/wp-json\/wp\/v2\/posts\/114844"}],"collection":[{"href":"http:\/\/www.sporthiva.com\/index.php\/wp-json\/wp\/v2\/posts"}],"about":[{"href":"http:\/\/www.sporthiva.com\/index.php\/wp-json\/wp\/v2\/types\/post"}],"author":[{"embeddable":true,"href":"http:\/\/www.sporthiva.com\/index.php\/wp-json\/wp\/v2\/users\/7"}],"replies":[{"embeddable":true,"href":"http:\/\/www.sporthiva.com\/index.php\/wp-json\/wp\/v2\/comments?post=114844"}],"version-history":[{"count":1,"href":"http:\/\/www.sporthiva.com\/index.php\/wp-json\/wp\/v2\/posts\/114844\/revisions"}],"predecessor-version":[{"id":114846,"href":"http:\/\/www.sporthiva.com\/index.php\/wp-json\/wp\/v2\/posts\/114844\/revisions\/114846"}],"wp:attachment":[{"href":"http:\/\/www.sporthiva.com\/index.php\/wp-json\/wp\/v2\/media?parent=114844"}],"wp:term":[{"taxonomy":"category","embeddable":true,"href":"http:\/\/www.sporthiva.com\/index.php\/wp-json\/wp\/v2\/categories?post=114844"},{"taxonomy":"post_tag","embeddable":true,"href":"http:\/\/www.sporthiva.com\/index.php\/wp-json\/wp\/v2\/tags?post=114844"}],"curies":[{"name":"wp","href":"https:\/\/api.w.org\/{rel}","templated":true}]}}