{"id":115744,"date":"2022-03-20T09:00:28","date_gmt":"2022-03-20T15:00:28","guid":{"rendered":"http:\/\/www.sporthiva.com\/?p=115744"},"modified":"2022-03-20T09:00:28","modified_gmt":"2022-03-20T15:00:28","slug":"ronald-koeman-negocia-volver-a-ser-seleccionador-de-paises-bajos","status":"publish","type":"post","link":"http:\/\/www.sporthiva.com\/index.php\/2022\/03\/20\/ronald-koeman-negocia-volver-a-ser-seleccionador-de-paises-bajos\/","title":{"rendered":"Ronald Koeman negocia volver a ser seleccionador de Pa\u00edses Bajos"},"content":{"rendered":"<p data-gtm-element-container=\"modulo-texto-link\"><strong>Pa\u00edses Bajos<\/strong><\/p>\n<p class=\"paragraph\" data-gtm-element-container=\"modulo-texto-link\">El exentrenador del FC Barcelona Ronald Koeman negocia con la Real Federaci\u00f3n de F\u00fatbol de Pa\u00edses Bajos volver a ser el seleccionador de la \u00abOranje\u00bb, public\u00f3 hoy la televisi\u00f3n p\u00fablica holandesa NOS.<\/p>\n<p class=\"paragraph\" data-gtm-element-container=\"modulo-texto-link\">El t\u00e9cnico se encuentra en conversaciones con la federaci\u00f3n para elegir a su equipo t\u00e9cnico, asegur\u00f3 la cadena, y en un principio relevar\u00eda al actual seleccionador, Louis van Gaal, despu\u00e9s del Mundial de Catar 2022.<\/p>\n<p data-gtm-element-container=\"modulo-texto-link\"><strong>Vea adem\u00e1s: <\/strong><a href=\"http:\/\/www.sporthiva.com\/index.php\/2022\/03\/20\/tuve-muchas-batallas-pero-sigo-vivo-dice-nadal-tras-pasar-a-la-final-en-indian-wells\/\"><strong>\u00abTuve muchas batallas pero sigo vivo\u00bb, dice Nadal tras pasar a la final en Indian Wells<\/strong><\/a><\/p>\n<p class=\"paragraph\" data-gtm-element-container=\"modulo-texto-link\">Koeman dirigi\u00f3 a la \u201cNaranja Mec\u00e1nica\u201d entre febrero de 2018 y agosto de 2020, periodo en el que comenz\u00f3 a mejorar unos resultados que le permitieron clasificarse para la Eurocopa de 2020.<\/p>\n<p class=\"paragraph\" data-gtm-element-container=\"modulo-texto-link\">Frank de Boer tom\u00f3 el relevo despu\u00e9s de la marcha de Koeman al Barcelona, pero la eliminaci\u00f3n de la selecci\u00f3n en octavos de final de la Eurocopa 2020 ante Rep\u00fablica Checa precipit\u00f3 su destituci\u00f3n y la llegada de Louis van Gaal.<\/p>\n<p data-gtm-element-container=\"modulo-texto-link\"><strong>Le interesa tambi\u00e9n: <\/strong><a href=\"http:\/\/www.sporthiva.com\/index.php\/2022\/03\/20\/bryan-rochez-marca-su-gol-14-con-el-nacional-de-portugal\/\"><strong>Bryan R\u00f3chez marca su gol 14 con el Nacional de Portugal<\/strong><\/a><\/p>\n<p>&nbsp;<\/p>\n<p class=\"paragraph\" data-gtm-element-container=\"modulo-texto-link\">Van Gaal asegur\u00f3 hace tres meses que no seguir\u00e1 en el banquillo de Pa\u00edses Bajos despu\u00e9s del Mundial de Catar de 2022, independientemente del resultado en la cita mundialista.<\/p>\n<p class=\"paragraph\" data-gtm-element-container=\"modulo-texto-link\">En una entrevista reciente, Koeman explic\u00f3 que actualmente vive un periodo de descanso, pero que est\u00e1 abierto a volver a ser entrenador si se presenta una oferta \u201cinteresante\u201d.<\/p>\n","protected":false},"excerpt":{"rendered":"<p>Pa\u00edses Bajos El exentrenador del FC Barcelona Ronald Koeman negocia con la Real Federaci\u00f3n de F\u00fatbol de Pa\u00edses Bajos volver a ser el seleccionador de la \u00abOranje\u00bb, public\u00f3 hoy la televisi\u00f3n p\u00fablica holandesa NOS. El t\u00e9cnico se encuentra en conversaciones con la federaci\u00f3n para elegir a su equipo t\u00e9cnico, asegur\u00f3 la cadena, y en un&nbsp;<\/p>\n<p><a class=\"btn btn-style\" href=\"http:\/\/www.sporthiva.com\/index.php\/2022\/03\/20\/ronald-koeman-negocia-volver-a-ser-seleccionador-de-paises-bajos\/\">Continuar leyendo<\/a><\/p>\n","protected":false},"author":7,"featured_media":0,"comment_status":"open","ping_status":"open","sticky":false,"template":"","format":"standard","meta":{"qubely_global_settings":"","qubely_interactions":""},"categories":[563],"tags":[3825,1353],"qubely_featured_image_url":null,"qubely_author":{"display_name":"Evelyn Pineda","author_link":"http:\/\/www.sporthiva.com\/index.php\/author\/epineda\/"},"qubely_comment":0,"qubely_category":"<a href=\"http:\/\/www.sporthiva.com\/index.php\/category\/internacionales\/\" rel=\"category tag\">Internacionales<\/a>","qubely_excerpt":"Pa\u00edses Bajos El exentrenador del FC Barcelona Ronald Koeman negocia con la Real Federaci\u00f3n de F\u00fatbol de Pa\u00edses Bajos volver a ser el seleccionador de la \u00abOranje\u00bb, public\u00f3 hoy la televisi\u00f3n p\u00fablica holandesa NOS. El t\u00e9cnico se encuentra en conversaciones con la federaci\u00f3n para elegir a su equipo t\u00e9cnico, asegur\u00f3 la cadena, y en un&nbsp;Continuar&hellip;","yoast_head":"<!-- This site is optimized with the Yoast SEO plugin v17.8 - https:\/\/yoast.com\/wordpress\/plugins\/seo\/ -->\n<title>Ronald Koeman negocia volver a ser seleccionador de Pa\u00edses Bajos - Sporthiva Online<\/title>\n<meta name=\"robots\" content=\"index, follow, max-snippet:-1, max-image-preview:large, max-video-preview:-1\" \/>\n<link rel=\"canonical\" href=\"http:\/\/www.sporthiva.com\/index.php\/2022\/03\/20\/ronald-koeman-negocia-volver-a-ser-seleccionador-de-paises-bajos\/\" \/>\n<meta property=\"og:locale\" content=\"es_ES\" \/>\n<meta property=\"og:type\" content=\"article\" \/>\n<meta property=\"og:title\" content=\"Ronald Koeman negocia volver a ser seleccionador de Pa\u00edses Bajos - Sporthiva Online\" \/>\n<meta property=\"og:description\" content=\"Pa\u00edses Bajos El exentrenador del FC Barcelona Ronald Koeman negocia con la Real Federaci\u00f3n de F\u00fatbol de Pa\u00edses Bajos volver a ser el seleccionador de la \u00abOranje\u00bb, public\u00f3 hoy la televisi\u00f3n p\u00fablica holandesa NOS. El t\u00e9cnico se encuentra en conversaciones con la federaci\u00f3n para elegir a su equipo t\u00e9cnico, asegur\u00f3 la cadena, y en un&nbsp;Continuar leyendo\" \/>\n<meta property=\"og:url\" content=\"http:\/\/www.sporthiva.com\/index.php\/2022\/03\/20\/ronald-koeman-negocia-volver-a-ser-seleccionador-de-paises-bajos\/\" \/>\n<meta property=\"og:site_name\" content=\"Sporthiva Online\" \/>\n<meta property=\"article:published_time\" content=\"2022-03-20T15:00:28+00:00\" \/>\n<meta name=\"twitter:card\" content=\"summary\" \/>\n<meta name=\"twitter:label1\" content=\"Escrito por\" \/>\n\t<meta name=\"twitter:data1\" content=\"Evelyn Pineda\" \/>\n\t<meta name=\"twitter:label2\" content=\"Tiempo de lectura\" \/>\n\t<meta name=\"twitter:data2\" content=\"1 minuto\" \/>\n<script type=\"application\/ld+json\" class=\"yoast-schema-graph\">{\"@context\":\"https:\/\/schema.org\",\"@graph\":[{\"@type\":\"WebSite\",\"@id\":\"https:\/\/www.sporthiva.com\/#website\",\"url\":\"https:\/\/www.sporthiva.com\/\",\"name\":\"Sporthiva Online\",\"description\":\"Sporthiva Online\",\"potentialAction\":[{\"@type\":\"SearchAction\",\"target\":{\"@type\":\"EntryPoint\",\"urlTemplate\":\"https:\/\/www.sporthiva.com\/?s={search_term_string}\"},\"query-input\":\"required name=search_term_string\"}],\"inLanguage\":\"es\"},{\"@type\":\"WebPage\",\"@id\":\"http:\/\/www.sporthiva.com\/index.php\/2022\/03\/20\/ronald-koeman-negocia-volver-a-ser-seleccionador-de-paises-bajos\/#webpage\",\"url\":\"http:\/\/www.sporthiva.com\/index.php\/2022\/03\/20\/ronald-koeman-negocia-volver-a-ser-seleccionador-de-paises-bajos\/\",\"name\":\"Ronald Koeman negocia volver a ser seleccionador de Pa\\u00edses Bajos - Sporthiva Online\",\"isPartOf\":{\"@id\":\"https:\/\/www.sporthiva.com\/#website\"},\"datePublished\":\"2022-03-20T15:00:28+00:00\",\"dateModified\":\"2022-03-20T15:00:28+00:00\",\"author\":{\"@id\":\"https:\/\/www.sporthiva.com\/#\/schema\/person\/551718db343e60bf7d707f9085b1e611\"},\"breadcrumb\":{\"@id\":\"http:\/\/www.sporthiva.com\/index.php\/2022\/03\/20\/ronald-koeman-negocia-volver-a-ser-seleccionador-de-paises-bajos\/#breadcrumb\"},\"inLanguage\":\"es\",\"potentialAction\":[{\"@type\":\"ReadAction\",\"target\":[\"http:\/\/www.sporthiva.com\/index.php\/2022\/03\/20\/ronald-koeman-negocia-volver-a-ser-seleccionador-de-paises-bajos\/\"]}]},{\"@type\":\"BreadcrumbList\",\"@id\":\"http:\/\/www.sporthiva.com\/index.php\/2022\/03\/20\/ronald-koeman-negocia-volver-a-ser-seleccionador-de-paises-bajos\/#breadcrumb\",\"itemListElement\":[{\"@type\":\"ListItem\",\"position\":1,\"name\":\"Portada\",\"item\":\"https:\/\/www.sporthiva.com\/\"},{\"@type\":\"ListItem\",\"position\":2,\"name\":\"Ronald Koeman negocia volver a ser seleccionador de Pa\\u00edses Bajos\"}]},{\"@type\":\"Person\",\"@id\":\"https:\/\/www.sporthiva.com\/#\/schema\/person\/551718db343e60bf7d707f9085b1e611\",\"name\":\"Evelyn Pineda\",\"image\":{\"@type\":\"ImageObject\",\"@id\":\"https:\/\/www.sporthiva.com\/#personlogo\",\"inLanguage\":\"es\",\"url\":\"http:\/\/1.gravatar.com\/avatar\/73932ff8109aee94864b4504adf4d91e?s=96&d=mm&r=g\",\"contentUrl\":\"http:\/\/1.gravatar.com\/avatar\/73932ff8109aee94864b4504adf4d91e?s=96&d=mm&r=g\",\"caption\":\"Evelyn Pineda\"},\"sameAs\":[\"http:\/\/www.sporthiva.com\/\"],\"url\":\"http:\/\/www.sporthiva.com\/index.php\/author\/epineda\/\"}]}<\/script>\n<!-- \/ Yoast SEO plugin. -->","yoast_head_json":{"title":"Ronald Koeman negocia volver a ser seleccionador de Pa\u00edses Bajos - Sporthiva Online","robots":{"index":"index","follow":"follow","max-snippet":"max-snippet:-1","max-image-preview":"max-image-preview:large","max-video-preview":"max-video-preview:-1"},"canonical":"http:\/\/www.sporthiva.com\/index.php\/2022\/03\/20\/ronald-koeman-negocia-volver-a-ser-seleccionador-de-paises-bajos\/","og_locale":"es_ES","og_type":"article","og_title":"Ronald Koeman negocia volver a ser seleccionador de Pa\u00edses Bajos - Sporthiva Online","og_description":"Pa\u00edses Bajos El exentrenador del FC Barcelona Ronald Koeman negocia con la Real Federaci\u00f3n de F\u00fatbol de Pa\u00edses Bajos volver a ser el seleccionador de la \u00abOranje\u00bb, public\u00f3 hoy la televisi\u00f3n p\u00fablica holandesa NOS. El t\u00e9cnico se encuentra en conversaciones con la federaci\u00f3n para elegir a su equipo t\u00e9cnico, asegur\u00f3 la cadena, y en un&nbsp;Continuar leyendo","og_url":"http:\/\/www.sporthiva.com\/index.php\/2022\/03\/20\/ronald-koeman-negocia-volver-a-ser-seleccionador-de-paises-bajos\/","og_site_name":"Sporthiva Online","article_published_time":"2022-03-20T15:00:28+00:00","twitter_card":"summary","twitter_misc":{"Escrito por":"Evelyn Pineda","Tiempo de lectura":"1 minuto"},"schema":{"@context":"https:\/\/schema.org","@graph":[{"@type":"WebSite","@id":"https:\/\/www.sporthiva.com\/#website","url":"https:\/\/www.sporthiva.com\/","name":"Sporthiva Online","description":"Sporthiva Online","potentialAction":[{"@type":"SearchAction","target":{"@type":"EntryPoint","urlTemplate":"https:\/\/www.sporthiva.com\/?s={search_term_string}"},"query-input":"required name=search_term_string"}],"inLanguage":"es"},{"@type":"WebPage","@id":"http:\/\/www.sporthiva.com\/index.php\/2022\/03\/20\/ronald-koeman-negocia-volver-a-ser-seleccionador-de-paises-bajos\/#webpage","url":"http:\/\/www.sporthiva.com\/index.php\/2022\/03\/20\/ronald-koeman-negocia-volver-a-ser-seleccionador-de-paises-bajos\/","name":"Ronald Koeman negocia volver a ser seleccionador de Pa\u00edses Bajos - Sporthiva Online","isPartOf":{"@id":"https:\/\/www.sporthiva.com\/#website"},"datePublished":"2022-03-20T15:00:28+00:00","dateModified":"2022-03-20T15:00:28+00:00","author":{"@id":"https:\/\/www.sporthiva.com\/#\/schema\/person\/551718db343e60bf7d707f9085b1e611"},"breadcrumb":{"@id":"http:\/\/www.sporthiva.com\/index.php\/2022\/03\/20\/ronald-koeman-negocia-volver-a-ser-seleccionador-de-paises-bajos\/#breadcrumb"},"inLanguage":"es","potentialAction":[{"@type":"ReadAction","target":["http:\/\/www.sporthiva.com\/index.php\/2022\/03\/20\/ronald-koeman-negocia-volver-a-ser-seleccionador-de-paises-bajos\/"]}]},{"@type":"BreadcrumbList","@id":"http:\/\/www.sporthiva.com\/index.php\/2022\/03\/20\/ronald-koeman-negocia-volver-a-ser-seleccionador-de-paises-bajos\/#breadcrumb","itemListElement":[{"@type":"ListItem","position":1,"name":"Portada","item":"https:\/\/www.sporthiva.com\/"},{"@type":"ListItem","position":2,"name":"Ronald Koeman negocia volver a ser seleccionador de Pa\u00edses Bajos"}]},{"@type":"Person","@id":"https:\/\/www.sporthiva.com\/#\/schema\/person\/551718db343e60bf7d707f9085b1e611","name":"Evelyn Pineda","image":{"@type":"ImageObject","@id":"https:\/\/www.sporthiva.com\/#personlogo","inLanguage":"es","url":"http:\/\/1.gravatar.com\/avatar\/73932ff8109aee94864b4504adf4d91e?s=96&d=mm&r=g","contentUrl":"http:\/\/1.gravatar.com\/avatar\/73932ff8109aee94864b4504adf4d91e?s=96&d=mm&r=g","caption":"Evelyn Pineda"},"sameAs":["http:\/\/www.sporthiva.com\/"],"url":"http:\/\/www.sporthiva.com\/index.php\/author\/epineda\/"}]}},"_links":{"self":[{"href":"http:\/\/www.sporthiva.com\/index.php\/wp-json\/wp\/v2\/posts\/115744"}],"collection":[{"href":"http:\/\/www.sporthiva.com\/index.php\/wp-json\/wp\/v2\/posts"}],"about":[{"href":"http:\/\/www.sporthiva.com\/index.php\/wp-json\/wp\/v2\/types\/post"}],"author":[{"embeddable":true,"href":"http:\/\/www.sporthiva.com\/index.php\/wp-json\/wp\/v2\/users\/7"}],"replies":[{"embeddable":true,"href":"http:\/\/www.sporthiva.com\/index.php\/wp-json\/wp\/v2\/comments?post=115744"}],"version-history":[{"count":1,"href":"http:\/\/www.sporthiva.com\/index.php\/wp-json\/wp\/v2\/posts\/115744\/revisions"}],"predecessor-version":[{"id":115746,"href":"http:\/\/www.sporthiva.com\/index.php\/wp-json\/wp\/v2\/posts\/115744\/revisions\/115746"}],"wp:attachment":[{"href":"http:\/\/www.sporthiva.com\/index.php\/wp-json\/wp\/v2\/media?parent=115744"}],"wp:term":[{"taxonomy":"category","embeddable":true,"href":"http:\/\/www.sporthiva.com\/index.php\/wp-json\/wp\/v2\/categories?post=115744"},{"taxonomy":"post_tag","embeddable":true,"href":"http:\/\/www.sporthiva.com\/index.php\/wp-json\/wp\/v2\/tags?post=115744"}],"curies":[{"name":"wp","href":"https:\/\/api.w.org\/{rel}","templated":true}]}}