{"id":116180,"date":"2022-03-28T08:44:34","date_gmt":"2022-03-28T14:44:34","guid":{"rendered":"http:\/\/www.sporthiva.com\/?p=116180"},"modified":"2022-03-28T08:44:34","modified_gmt":"2022-03-28T14:44:34","slug":"descartan-que-lesion-de-rafael-nadal-sea-por-vacuna-anticovid","status":"publish","type":"post","link":"http:\/\/www.sporthiva.com\/index.php\/2022\/03\/28\/descartan-que-lesion-de-rafael-nadal-sea-por-vacuna-anticovid\/","title":{"rendered":"Descartan que lesi\u00f3n de Rafael Nadal sea por vacuna anticovid"},"content":{"rendered":"<p><strong>Madrid, Espa\u00f1a<\/strong><\/p>\n<p>Especialistas m\u00e9dicos en Espa\u00f1a descartaron que la lesi\u00f3n sufrida por el tenista Rafael Nadal se deba a un efecto secundario de la vacuna contra la Covid-19, tal como afirman hoy numerosos mensajes en redes sociales.<\/p>\n<p>El jugador, de 35 a\u00f1os, experiment\u00f3 un fuerte dolor en el pecho en el pasado torneo de Indians Wells que lo mantendr\u00e1 alejado de las competiciones durante varias semanas, un padecimiento al que algunas publicaciones definen como \u00abrepentinitis\u00bb.<\/p>\n<p>Ese es el t\u00e9rmino que se utiliza desde hace meses para atribuir muertes o enfermedades presuntamente repentinas de figuras conocidas a los efectos de las vacunas anticovid 19.<\/p>\n<p><strong>Vea adem\u00e1s: <\/strong><a href=\"http:\/\/www.sporthiva.com\/index.php\/2022\/03\/28\/bonucci-pide-perdon-al-palermo-por-como-dejaron-el-vestuario-tras-la-eliminacion-mundialista\/\"><strong>Bonucci pide perd\u00f3n al Palermo por c\u00f3mo dejaron el vestuario tras la eliminaci\u00f3n mundialista<\/strong><\/a><\/p>\n<p>Sin embargo, las molestias del espa\u00f1ol fueron diagnosticadas como una sobrecarga que sobrepas\u00f3 los l\u00edmites del hueso y provoc\u00f3 \u00abuna fisura de estr\u00e9s del tercer arco costal izquierdo\u00bb, seg\u00fan el doctor \u00c1ngel Ruiz-Cotorro.<\/p>\n<p>El m\u00e9dico de la Federaci\u00f3n Espa\u00f1ola de Tenis descart\u00f3 que el dolor en el pecho tuviera algo que ver con una vacunaci\u00f3n contra la Covid-19 y as\u00ed lo demostr\u00f3 con el resultado de las pruebas de resonancia magn\u00e9tica nuclear y tomograf\u00eda computarizada (TAC) a las que se someti\u00f3 el deportista mallorqu\u00edn.<\/p>\n<p>Por su parte, el presidente de la Sociedad Espa\u00f1ola de Cirug\u00eda Ortop\u00e9dica y Traumatolog\u00eda (SECOT), Luis Rafael Ramos Pascua, explic\u00f3 que lo experimentado por Nadal se debe a \u00abla repetici\u00f3n de traumatismos o esfuerzos\u00bb sobre un hueso \u00abque termina rompi\u00e9ndose por fatiga\u00bb.<\/p>\n<p>La fisura en las costillas \u00abpuede ser consecuencia de una contracci\u00f3n muscular violenta\u00bb, algo frecuente en remeros, levantadores de peso o tenistas, que practican deportes donde un movimiento se repite continuamente.<\/p>\n<p><strong>Le interesa tambi\u00e9n: <\/strong><a href=\"http:\/\/www.sporthiva.com\/index.php\/2022\/03\/28\/mancini-tengo-ganas-de-quedarme-queria-una-euro-y-un-mundial\/\"><strong>Mancini: \u00abTengo ganas de quedarme, quer\u00eda una Euro y un Mundial\u00bb<\/strong><\/a><\/p>\n<p>Tal como lo relat\u00f3 Nadal en declaraciones a los periodistas hace una semana, respirar le resultaba muy \u00abdoloroso y muy inc\u00f3modo\u00bb, de modo que cuando lo hac\u00eda, sent\u00eda \u00abuna aguja dentro todo el tiempo\u00bb, que le provocaba mareos y dificultades para respirar.<\/p>\n<p>Ambos s\u00edntomas tambi\u00e9n los destac\u00f3 la fisioterapeuta Blanca Bernal, especializada en deporte de \u00e9lite, quien precis\u00f3 que entre las dificultades f\u00edsicas de esta dolencia figuran el dolor al respirar, la sensaci\u00f3n de quemaz\u00f3n o el dolor irradiado a lo largo de la costilla.<\/p>\n<p>A consecuencia de estos padecimientos, Nadal perdi\u00f3 su invicto en la actual temporada en la final del pasado Indians Wells, primer Masters 1000 del a\u00f1o, y probablemente no vuelva a las canchas hasta el Roland Garros, su torneo fetiche y segundo Grand Slam de la temporada.<\/p>\n","protected":false},"excerpt":{"rendered":"<p>Madrid, Espa\u00f1a Especialistas m\u00e9dicos en Espa\u00f1a descartaron que la lesi\u00f3n sufrida por el tenista Rafael Nadal se deba a un efecto secundario de la vacuna contra la Covid-19, tal como afirman hoy numerosos mensajes en redes sociales. El jugador, de 35 a\u00f1os, experiment\u00f3 un fuerte dolor en el pecho en el pasado torneo de Indians&nbsp;<\/p>\n<p><a class=\"btn btn-style\" href=\"http:\/\/www.sporthiva.com\/index.php\/2022\/03\/28\/descartan-que-lesion-de-rafael-nadal-sea-por-vacuna-anticovid\/\">Continuar leyendo<\/a><\/p>\n","protected":false},"author":7,"featured_media":0,"comment_status":"open","ping_status":"open","sticky":false,"template":"","format":"standard","meta":{"qubely_global_settings":"","qubely_interactions":""},"categories":[563],"tags":[718,273],"qubely_featured_image_url":null,"qubely_author":{"display_name":"Evelyn Pineda","author_link":"http:\/\/www.sporthiva.com\/index.php\/author\/epineda\/"},"qubely_comment":0,"qubely_category":"<a href=\"http:\/\/www.sporthiva.com\/index.php\/category\/internacionales\/\" rel=\"category tag\">Internacionales<\/a>","qubely_excerpt":"Madrid, Espa\u00f1a Especialistas m\u00e9dicos en Espa\u00f1a descartaron que la lesi\u00f3n sufrida por el tenista Rafael Nadal se deba a un efecto secundario de la vacuna contra la Covid-19, tal como afirman hoy numerosos mensajes en redes sociales. El jugador, de 35 a\u00f1os, experiment\u00f3 un fuerte dolor en el pecho en el pasado torneo de Indians&nbsp;Continuar&hellip;","yoast_head":"<!-- This site is optimized with the Yoast SEO plugin v17.8 - https:\/\/yoast.com\/wordpress\/plugins\/seo\/ -->\n<title>Descartan que lesi\u00f3n de Rafael Nadal sea por vacuna anticovid - Sporthiva Online<\/title>\n<meta name=\"robots\" content=\"index, follow, max-snippet:-1, max-image-preview:large, max-video-preview:-1\" \/>\n<link rel=\"canonical\" href=\"http:\/\/www.sporthiva.com\/index.php\/2022\/03\/28\/descartan-que-lesion-de-rafael-nadal-sea-por-vacuna-anticovid\/\" \/>\n<meta property=\"og:locale\" content=\"es_ES\" \/>\n<meta property=\"og:type\" content=\"article\" \/>\n<meta property=\"og:title\" content=\"Descartan que lesi\u00f3n de Rafael Nadal sea por vacuna anticovid - Sporthiva Online\" \/>\n<meta property=\"og:description\" content=\"Madrid, Espa\u00f1a Especialistas m\u00e9dicos en Espa\u00f1a descartaron que la lesi\u00f3n sufrida por el tenista Rafael Nadal se deba a un efecto secundario de la vacuna contra la Covid-19, tal como afirman hoy numerosos mensajes en redes sociales. El jugador, de 35 a\u00f1os, experiment\u00f3 un fuerte dolor en el pecho en el pasado torneo de Indians&nbsp;Continuar leyendo\" \/>\n<meta property=\"og:url\" content=\"http:\/\/www.sporthiva.com\/index.php\/2022\/03\/28\/descartan-que-lesion-de-rafael-nadal-sea-por-vacuna-anticovid\/\" \/>\n<meta property=\"og:site_name\" content=\"Sporthiva Online\" \/>\n<meta property=\"article:published_time\" content=\"2022-03-28T14:44:34+00:00\" \/>\n<meta name=\"twitter:card\" content=\"summary\" \/>\n<meta name=\"twitter:label1\" content=\"Escrito por\" \/>\n\t<meta name=\"twitter:data1\" content=\"Evelyn Pineda\" \/>\n\t<meta name=\"twitter:label2\" content=\"Tiempo de lectura\" \/>\n\t<meta name=\"twitter:data2\" content=\"2 minutos\" \/>\n<script type=\"application\/ld+json\" class=\"yoast-schema-graph\">{\"@context\":\"https:\/\/schema.org\",\"@graph\":[{\"@type\":\"WebSite\",\"@id\":\"https:\/\/www.sporthiva.com\/#website\",\"url\":\"https:\/\/www.sporthiva.com\/\",\"name\":\"Sporthiva Online\",\"description\":\"Sporthiva Online\",\"potentialAction\":[{\"@type\":\"SearchAction\",\"target\":{\"@type\":\"EntryPoint\",\"urlTemplate\":\"https:\/\/www.sporthiva.com\/?s={search_term_string}\"},\"query-input\":\"required name=search_term_string\"}],\"inLanguage\":\"es\"},{\"@type\":\"WebPage\",\"@id\":\"http:\/\/www.sporthiva.com\/index.php\/2022\/03\/28\/descartan-que-lesion-de-rafael-nadal-sea-por-vacuna-anticovid\/#webpage\",\"url\":\"http:\/\/www.sporthiva.com\/index.php\/2022\/03\/28\/descartan-que-lesion-de-rafael-nadal-sea-por-vacuna-anticovid\/\",\"name\":\"Descartan que lesi\\u00f3n de Rafael Nadal sea por vacuna anticovid - Sporthiva Online\",\"isPartOf\":{\"@id\":\"https:\/\/www.sporthiva.com\/#website\"},\"datePublished\":\"2022-03-28T14:44:34+00:00\",\"dateModified\":\"2022-03-28T14:44:34+00:00\",\"author\":{\"@id\":\"https:\/\/www.sporthiva.com\/#\/schema\/person\/551718db343e60bf7d707f9085b1e611\"},\"breadcrumb\":{\"@id\":\"http:\/\/www.sporthiva.com\/index.php\/2022\/03\/28\/descartan-que-lesion-de-rafael-nadal-sea-por-vacuna-anticovid\/#breadcrumb\"},\"inLanguage\":\"es\",\"potentialAction\":[{\"@type\":\"ReadAction\",\"target\":[\"http:\/\/www.sporthiva.com\/index.php\/2022\/03\/28\/descartan-que-lesion-de-rafael-nadal-sea-por-vacuna-anticovid\/\"]}]},{\"@type\":\"BreadcrumbList\",\"@id\":\"http:\/\/www.sporthiva.com\/index.php\/2022\/03\/28\/descartan-que-lesion-de-rafael-nadal-sea-por-vacuna-anticovid\/#breadcrumb\",\"itemListElement\":[{\"@type\":\"ListItem\",\"position\":1,\"name\":\"Portada\",\"item\":\"https:\/\/www.sporthiva.com\/\"},{\"@type\":\"ListItem\",\"position\":2,\"name\":\"Descartan que lesi\\u00f3n de Rafael Nadal sea por vacuna anticovid\"}]},{\"@type\":\"Person\",\"@id\":\"https:\/\/www.sporthiva.com\/#\/schema\/person\/551718db343e60bf7d707f9085b1e611\",\"name\":\"Evelyn Pineda\",\"image\":{\"@type\":\"ImageObject\",\"@id\":\"https:\/\/www.sporthiva.com\/#personlogo\",\"inLanguage\":\"es\",\"url\":\"http:\/\/1.gravatar.com\/avatar\/73932ff8109aee94864b4504adf4d91e?s=96&d=mm&r=g\",\"contentUrl\":\"http:\/\/1.gravatar.com\/avatar\/73932ff8109aee94864b4504adf4d91e?s=96&d=mm&r=g\",\"caption\":\"Evelyn Pineda\"},\"sameAs\":[\"http:\/\/www.sporthiva.com\/\"],\"url\":\"http:\/\/www.sporthiva.com\/index.php\/author\/epineda\/\"}]}<\/script>\n<!-- \/ Yoast SEO plugin. -->","yoast_head_json":{"title":"Descartan que lesi\u00f3n de Rafael Nadal sea por vacuna anticovid - Sporthiva Online","robots":{"index":"index","follow":"follow","max-snippet":"max-snippet:-1","max-image-preview":"max-image-preview:large","max-video-preview":"max-video-preview:-1"},"canonical":"http:\/\/www.sporthiva.com\/index.php\/2022\/03\/28\/descartan-que-lesion-de-rafael-nadal-sea-por-vacuna-anticovid\/","og_locale":"es_ES","og_type":"article","og_title":"Descartan que lesi\u00f3n de Rafael Nadal sea por vacuna anticovid - Sporthiva Online","og_description":"Madrid, Espa\u00f1a Especialistas m\u00e9dicos en Espa\u00f1a descartaron que la lesi\u00f3n sufrida por el tenista Rafael Nadal se deba a un efecto secundario de la vacuna contra la Covid-19, tal como afirman hoy numerosos mensajes en redes sociales. El jugador, de 35 a\u00f1os, experiment\u00f3 un fuerte dolor en el pecho en el pasado torneo de Indians&nbsp;Continuar leyendo","og_url":"http:\/\/www.sporthiva.com\/index.php\/2022\/03\/28\/descartan-que-lesion-de-rafael-nadal-sea-por-vacuna-anticovid\/","og_site_name":"Sporthiva Online","article_published_time":"2022-03-28T14:44:34+00:00","twitter_card":"summary","twitter_misc":{"Escrito por":"Evelyn Pineda","Tiempo de lectura":"2 minutos"},"schema":{"@context":"https:\/\/schema.org","@graph":[{"@type":"WebSite","@id":"https:\/\/www.sporthiva.com\/#website","url":"https:\/\/www.sporthiva.com\/","name":"Sporthiva Online","description":"Sporthiva Online","potentialAction":[{"@type":"SearchAction","target":{"@type":"EntryPoint","urlTemplate":"https:\/\/www.sporthiva.com\/?s={search_term_string}"},"query-input":"required name=search_term_string"}],"inLanguage":"es"},{"@type":"WebPage","@id":"http:\/\/www.sporthiva.com\/index.php\/2022\/03\/28\/descartan-que-lesion-de-rafael-nadal-sea-por-vacuna-anticovid\/#webpage","url":"http:\/\/www.sporthiva.com\/index.php\/2022\/03\/28\/descartan-que-lesion-de-rafael-nadal-sea-por-vacuna-anticovid\/","name":"Descartan que lesi\u00f3n de Rafael Nadal sea por vacuna anticovid - Sporthiva Online","isPartOf":{"@id":"https:\/\/www.sporthiva.com\/#website"},"datePublished":"2022-03-28T14:44:34+00:00","dateModified":"2022-03-28T14:44:34+00:00","author":{"@id":"https:\/\/www.sporthiva.com\/#\/schema\/person\/551718db343e60bf7d707f9085b1e611"},"breadcrumb":{"@id":"http:\/\/www.sporthiva.com\/index.php\/2022\/03\/28\/descartan-que-lesion-de-rafael-nadal-sea-por-vacuna-anticovid\/#breadcrumb"},"inLanguage":"es","potentialAction":[{"@type":"ReadAction","target":["http:\/\/www.sporthiva.com\/index.php\/2022\/03\/28\/descartan-que-lesion-de-rafael-nadal-sea-por-vacuna-anticovid\/"]}]},{"@type":"BreadcrumbList","@id":"http:\/\/www.sporthiva.com\/index.php\/2022\/03\/28\/descartan-que-lesion-de-rafael-nadal-sea-por-vacuna-anticovid\/#breadcrumb","itemListElement":[{"@type":"ListItem","position":1,"name":"Portada","item":"https:\/\/www.sporthiva.com\/"},{"@type":"ListItem","position":2,"name":"Descartan que lesi\u00f3n de Rafael Nadal sea por vacuna anticovid"}]},{"@type":"Person","@id":"https:\/\/www.sporthiva.com\/#\/schema\/person\/551718db343e60bf7d707f9085b1e611","name":"Evelyn Pineda","image":{"@type":"ImageObject","@id":"https:\/\/www.sporthiva.com\/#personlogo","inLanguage":"es","url":"http:\/\/1.gravatar.com\/avatar\/73932ff8109aee94864b4504adf4d91e?s=96&d=mm&r=g","contentUrl":"http:\/\/1.gravatar.com\/avatar\/73932ff8109aee94864b4504adf4d91e?s=96&d=mm&r=g","caption":"Evelyn Pineda"},"sameAs":["http:\/\/www.sporthiva.com\/"],"url":"http:\/\/www.sporthiva.com\/index.php\/author\/epineda\/"}]}},"_links":{"self":[{"href":"http:\/\/www.sporthiva.com\/index.php\/wp-json\/wp\/v2\/posts\/116180"}],"collection":[{"href":"http:\/\/www.sporthiva.com\/index.php\/wp-json\/wp\/v2\/posts"}],"about":[{"href":"http:\/\/www.sporthiva.com\/index.php\/wp-json\/wp\/v2\/types\/post"}],"author":[{"embeddable":true,"href":"http:\/\/www.sporthiva.com\/index.php\/wp-json\/wp\/v2\/users\/7"}],"replies":[{"embeddable":true,"href":"http:\/\/www.sporthiva.com\/index.php\/wp-json\/wp\/v2\/comments?post=116180"}],"version-history":[{"count":1,"href":"http:\/\/www.sporthiva.com\/index.php\/wp-json\/wp\/v2\/posts\/116180\/revisions"}],"predecessor-version":[{"id":116182,"href":"http:\/\/www.sporthiva.com\/index.php\/wp-json\/wp\/v2\/posts\/116180\/revisions\/116182"}],"wp:attachment":[{"href":"http:\/\/www.sporthiva.com\/index.php\/wp-json\/wp\/v2\/media?parent=116180"}],"wp:term":[{"taxonomy":"category","embeddable":true,"href":"http:\/\/www.sporthiva.com\/index.php\/wp-json\/wp\/v2\/categories?post=116180"},{"taxonomy":"post_tag","embeddable":true,"href":"http:\/\/www.sporthiva.com\/index.php\/wp-json\/wp\/v2\/tags?post=116180"}],"curies":[{"name":"wp","href":"https:\/\/api.w.org\/{rel}","templated":true}]}}