{"id":119009,"date":"2022-05-21T19:04:37","date_gmt":"2022-05-22T01:04:37","guid":{"rendered":"http:\/\/www.sporthiva.com\/?p=119009"},"modified":"2022-05-21T19:17:32","modified_gmt":"2022-05-22T01:17:32","slug":"el-girondins-de-alberth-elis-confirma-la-pesadilla-descienden-a-la-ligue-2-de-francia","status":"publish","type":"post","link":"http:\/\/www.sporthiva.com\/index.php\/2022\/05\/21\/el-girondins-de-alberth-elis-confirma-la-pesadilla-descienden-a-la-ligue-2-de-francia\/","title":{"rendered":"El Girondins de Alberth Elis confirma la pesadilla: descienden a la Ligue 2 de Francia"},"content":{"rendered":"<p><strong>Par\u00eds, Francia<\/strong><\/p>\n<p>El Girondins de Burdeos, club donde milita el delantero hondure\u00f1o Alberth Elis, certific\u00f3 su descenso a la Ligue 2 de Francia en una temporada convulsa, aunque derrot\u00f3 4-2 al Brest, en la \u00faltima jornada de la primera divisi\u00f3n del f\u00fatbol franc\u00e9s.<\/p>\n<p>Burdeos para evitar el descenso necesitaba de un milagro: ganar por 12-0 al Brest y que perdieron los colistas Saint Etienne y el Metz para jugar una repesca. Sin embargo el Metz cay\u00f3 5-0 con el PSG, pero el Saint Etienne igual\u00f3 1-1 con el Nates y jugar\u00e1 la promoci\u00f3n del descenso.<\/p>\n<p><strong>Vea adem\u00e1s: <\/strong><a href=\"http:\/\/www.sporthiva.com\/index.php\/2022\/05\/21\/liga-espanola-interpondra-denuncia-contra-el-paris-saint-germain\/\"><strong>Liga espa\u00f1ola interpondr\u00e1 denuncia contra el Paris Saint-Germain<\/strong><\/a><\/p>\n<p>Los goles del equipo de Elis fueron marcados por Ricardo Mangas, Kevin Maras (2) y Javair\u00f4 Dilrosun, finalizando as\u00ed en la \u00faltima posici\u00f3n con 31 puntos, igual marcador que el Metz que tambi\u00e9n descendi\u00f3.<\/p>\n<p data-inc=\"1\">Co esta noticia el hist\u00f3rico Girondins de Bordeaux ganador de seis ligas francesas (\u00faltima en 2009) y de 17 t\u00edtulos locales ha perdido la categor\u00eda y la pr\u00f3xima temporada jugar\u00e1n en la Ligue 2, nueve a\u00f1os despu\u00e9s de ganar su \u00faltima Copa.<\/p>\n<p>Alberth Elis, quien fue baja del club en la recta final del torneo por una operaci\u00f3n en su rodilla derecha, hizo nueve goles en 20 partidos y se desconoce si seguir\u00e1 con el Girondins en la segunda divisi\u00f3n de Francia, ya que cuenta con m\u00faltiples ofertas de clubes como el West Ham (Inglaterra), Wolfsburgo (Alemania), Fiorentina (Italia) y Rayo Vallecano (Espa\u00f1a).<\/p>\n<p><strong>Le interesa tambi\u00e9n: <\/strong><a href=\"http:\/\/www.sporthiva.com\/index.php\/2022\/05\/21\/apoteosica-celebracion-del-decimo-titulo-de-liga-del-psg\/\"><strong>Apote\u00f3sica celebraci\u00f3n del d\u00e9cimo t\u00edtulo de Liga del PSG<\/strong><\/a><\/p>\n<p data-inc=\"1\">El propietario del club, King Street, anunci\u00f3 hace unas semanas su voluntad de dejar de apoyar al conjunto de David Guion, debido a la deuda que tiene al Girondins al borde de la quiebra.<\/p>\n<p data-inc=\"1\">El legendario combinado franc\u00e9s, por donde pasaron\u00a0estrellas como\u00a0Zinedine Zidane, Alain Giresse, Bixente Lizarazu o Jean Tigana, est\u00e1 a la deriva y a la espera de lo que pueda suceder en los pr\u00f3ximos meses.<\/p>\n","protected":false},"excerpt":{"rendered":"<p>Par\u00eds, Francia El Girondins de Burdeos, club donde milita el delantero hondure\u00f1o Alberth Elis, certific\u00f3 su descenso a la Ligue 2 de Francia en una temporada convulsa, aunque derrot\u00f3 4-2 al Brest, en la \u00faltima jornada de la primera divisi\u00f3n del f\u00fatbol franc\u00e9s. Burdeos para evitar el descenso necesitaba de un milagro: ganar por 12-0&nbsp;<\/p>\n<p><a class=\"btn btn-style\" href=\"http:\/\/www.sporthiva.com\/index.php\/2022\/05\/21\/el-girondins-de-alberth-elis-confirma-la-pesadilla-descienden-a-la-ligue-2-de-francia\/\">Continuar leyendo<\/a><\/p>\n","protected":false},"author":7,"featured_media":0,"comment_status":"open","ping_status":"open","sticky":false,"template":"","format":"standard","meta":{"qubely_global_settings":"","qubely_interactions":""},"categories":[563],"tags":[752,3014,702,4218],"qubely_featured_image_url":null,"qubely_author":{"display_name":"Evelyn Pineda","author_link":"http:\/\/www.sporthiva.com\/index.php\/author\/epineda\/"},"qubely_comment":0,"qubely_category":"<a href=\"http:\/\/www.sporthiva.com\/index.php\/category\/internacionales\/\" rel=\"category tag\">Internacionales<\/a>","qubely_excerpt":"Par\u00eds, Francia El Girondins de Burdeos, club donde milita el delantero hondure\u00f1o Alberth Elis, certific\u00f3 su descenso a la Ligue 2 de Francia en una temporada convulsa, aunque derrot\u00f3 4-2 al Brest, en la \u00faltima jornada de la primera divisi\u00f3n del f\u00fatbol franc\u00e9s. Burdeos para evitar el descenso necesitaba de un milagro: ganar por 12-0&nbsp;Continuar&hellip;","yoast_head":"<!-- This site is optimized with the Yoast SEO plugin v17.8 - https:\/\/yoast.com\/wordpress\/plugins\/seo\/ -->\n<title>El Girondins de Alberth Elis confirma la pesadilla: descienden a la Ligue 2 de Francia - Sporthiva Online<\/title>\n<meta name=\"robots\" content=\"index, follow, max-snippet:-1, max-image-preview:large, max-video-preview:-1\" \/>\n<link rel=\"canonical\" href=\"http:\/\/www.sporthiva.com\/index.php\/2022\/05\/21\/el-girondins-de-alberth-elis-confirma-la-pesadilla-descienden-a-la-ligue-2-de-francia\/\" \/>\n<meta property=\"og:locale\" content=\"es_ES\" \/>\n<meta property=\"og:type\" content=\"article\" \/>\n<meta property=\"og:title\" content=\"El Girondins de Alberth Elis confirma la pesadilla: descienden a la Ligue 2 de Francia - Sporthiva Online\" \/>\n<meta property=\"og:description\" content=\"Par\u00eds, Francia El Girondins de Burdeos, club donde milita el delantero hondure\u00f1o Alberth Elis, certific\u00f3 su descenso a la Ligue 2 de Francia en una temporada convulsa, aunque derrot\u00f3 4-2 al Brest, en la \u00faltima jornada de la primera divisi\u00f3n del f\u00fatbol franc\u00e9s. Burdeos para evitar el descenso necesitaba de un milagro: ganar por 12-0&nbsp;Continuar leyendo\" \/>\n<meta property=\"og:url\" content=\"http:\/\/www.sporthiva.com\/index.php\/2022\/05\/21\/el-girondins-de-alberth-elis-confirma-la-pesadilla-descienden-a-la-ligue-2-de-francia\/\" \/>\n<meta property=\"og:site_name\" content=\"Sporthiva Online\" \/>\n<meta property=\"article:published_time\" content=\"2022-05-22T01:04:37+00:00\" \/>\n<meta property=\"article:modified_time\" content=\"2022-05-22T01:17:32+00:00\" \/>\n<meta name=\"twitter:card\" content=\"summary\" \/>\n<meta name=\"twitter:label1\" content=\"Escrito por\" \/>\n\t<meta name=\"twitter:data1\" content=\"Evelyn Pineda\" \/>\n\t<meta name=\"twitter:label2\" content=\"Tiempo de lectura\" \/>\n\t<meta name=\"twitter:data2\" content=\"2 minutos\" \/>\n<script type=\"application\/ld+json\" class=\"yoast-schema-graph\">{\"@context\":\"https:\/\/schema.org\",\"@graph\":[{\"@type\":\"WebSite\",\"@id\":\"http:\/\/www.sporthiva.com\/#website\",\"url\":\"http:\/\/www.sporthiva.com\/\",\"name\":\"Sporthiva Online\",\"description\":\"Sporthiva Online\",\"potentialAction\":[{\"@type\":\"SearchAction\",\"target\":{\"@type\":\"EntryPoint\",\"urlTemplate\":\"http:\/\/www.sporthiva.com\/?s={search_term_string}\"},\"query-input\":\"required name=search_term_string\"}],\"inLanguage\":\"es\"},{\"@type\":\"WebPage\",\"@id\":\"http:\/\/www.sporthiva.com\/index.php\/2022\/05\/21\/el-girondins-de-alberth-elis-confirma-la-pesadilla-descienden-a-la-ligue-2-de-francia\/#webpage\",\"url\":\"http:\/\/www.sporthiva.com\/index.php\/2022\/05\/21\/el-girondins-de-alberth-elis-confirma-la-pesadilla-descienden-a-la-ligue-2-de-francia\/\",\"name\":\"El Girondins de Alberth Elis confirma la pesadilla: descienden a la Ligue 2 de Francia - Sporthiva Online\",\"isPartOf\":{\"@id\":\"http:\/\/www.sporthiva.com\/#website\"},\"datePublished\":\"2022-05-22T01:04:37+00:00\",\"dateModified\":\"2022-05-22T01:17:32+00:00\",\"author\":{\"@id\":\"http:\/\/www.sporthiva.com\/#\/schema\/person\/551718db343e60bf7d707f9085b1e611\"},\"breadcrumb\":{\"@id\":\"http:\/\/www.sporthiva.com\/index.php\/2022\/05\/21\/el-girondins-de-alberth-elis-confirma-la-pesadilla-descienden-a-la-ligue-2-de-francia\/#breadcrumb\"},\"inLanguage\":\"es\",\"potentialAction\":[{\"@type\":\"ReadAction\",\"target\":[\"http:\/\/www.sporthiva.com\/index.php\/2022\/05\/21\/el-girondins-de-alberth-elis-confirma-la-pesadilla-descienden-a-la-ligue-2-de-francia\/\"]}]},{\"@type\":\"BreadcrumbList\",\"@id\":\"http:\/\/www.sporthiva.com\/index.php\/2022\/05\/21\/el-girondins-de-alberth-elis-confirma-la-pesadilla-descienden-a-la-ligue-2-de-francia\/#breadcrumb\",\"itemListElement\":[{\"@type\":\"ListItem\",\"position\":1,\"name\":\"Portada\",\"item\":\"http:\/\/www.sporthiva.com\/\"},{\"@type\":\"ListItem\",\"position\":2,\"name\":\"El Girondins de Alberth Elis confirma la pesadilla: descienden a la Ligue 2 de Francia\"}]},{\"@type\":\"Person\",\"@id\":\"http:\/\/www.sporthiva.com\/#\/schema\/person\/551718db343e60bf7d707f9085b1e611\",\"name\":\"Evelyn Pineda\",\"image\":{\"@type\":\"ImageObject\",\"@id\":\"http:\/\/www.sporthiva.com\/#personlogo\",\"inLanguage\":\"es\",\"url\":\"http:\/\/1.gravatar.com\/avatar\/73932ff8109aee94864b4504adf4d91e?s=96&d=mm&r=g\",\"contentUrl\":\"http:\/\/1.gravatar.com\/avatar\/73932ff8109aee94864b4504adf4d91e?s=96&d=mm&r=g\",\"caption\":\"Evelyn Pineda\"},\"sameAs\":[\"http:\/\/www.sporthiva.com\/\"],\"url\":\"http:\/\/www.sporthiva.com\/index.php\/author\/epineda\/\"}]}<\/script>\n<!-- \/ Yoast SEO plugin. -->","yoast_head_json":{"title":"El Girondins de Alberth Elis confirma la pesadilla: descienden a la Ligue 2 de Francia - Sporthiva Online","robots":{"index":"index","follow":"follow","max-snippet":"max-snippet:-1","max-image-preview":"max-image-preview:large","max-video-preview":"max-video-preview:-1"},"canonical":"http:\/\/www.sporthiva.com\/index.php\/2022\/05\/21\/el-girondins-de-alberth-elis-confirma-la-pesadilla-descienden-a-la-ligue-2-de-francia\/","og_locale":"es_ES","og_type":"article","og_title":"El Girondins de Alberth Elis confirma la pesadilla: descienden a la Ligue 2 de Francia - Sporthiva Online","og_description":"Par\u00eds, Francia El Girondins de Burdeos, club donde milita el delantero hondure\u00f1o Alberth Elis, certific\u00f3 su descenso a la Ligue 2 de Francia en una temporada convulsa, aunque derrot\u00f3 4-2 al Brest, en la \u00faltima jornada de la primera divisi\u00f3n del f\u00fatbol franc\u00e9s. Burdeos para evitar el descenso necesitaba de un milagro: ganar por 12-0&nbsp;Continuar leyendo","og_url":"http:\/\/www.sporthiva.com\/index.php\/2022\/05\/21\/el-girondins-de-alberth-elis-confirma-la-pesadilla-descienden-a-la-ligue-2-de-francia\/","og_site_name":"Sporthiva Online","article_published_time":"2022-05-22T01:04:37+00:00","article_modified_time":"2022-05-22T01:17:32+00:00","twitter_card":"summary","twitter_misc":{"Escrito por":"Evelyn Pineda","Tiempo de lectura":"2 minutos"},"schema":{"@context":"https:\/\/schema.org","@graph":[{"@type":"WebSite","@id":"http:\/\/www.sporthiva.com\/#website","url":"http:\/\/www.sporthiva.com\/","name":"Sporthiva Online","description":"Sporthiva Online","potentialAction":[{"@type":"SearchAction","target":{"@type":"EntryPoint","urlTemplate":"http:\/\/www.sporthiva.com\/?s={search_term_string}"},"query-input":"required name=search_term_string"}],"inLanguage":"es"},{"@type":"WebPage","@id":"http:\/\/www.sporthiva.com\/index.php\/2022\/05\/21\/el-girondins-de-alberth-elis-confirma-la-pesadilla-descienden-a-la-ligue-2-de-francia\/#webpage","url":"http:\/\/www.sporthiva.com\/index.php\/2022\/05\/21\/el-girondins-de-alberth-elis-confirma-la-pesadilla-descienden-a-la-ligue-2-de-francia\/","name":"El Girondins de Alberth Elis confirma la pesadilla: descienden a la Ligue 2 de Francia - Sporthiva Online","isPartOf":{"@id":"http:\/\/www.sporthiva.com\/#website"},"datePublished":"2022-05-22T01:04:37+00:00","dateModified":"2022-05-22T01:17:32+00:00","author":{"@id":"http:\/\/www.sporthiva.com\/#\/schema\/person\/551718db343e60bf7d707f9085b1e611"},"breadcrumb":{"@id":"http:\/\/www.sporthiva.com\/index.php\/2022\/05\/21\/el-girondins-de-alberth-elis-confirma-la-pesadilla-descienden-a-la-ligue-2-de-francia\/#breadcrumb"},"inLanguage":"es","potentialAction":[{"@type":"ReadAction","target":["http:\/\/www.sporthiva.com\/index.php\/2022\/05\/21\/el-girondins-de-alberth-elis-confirma-la-pesadilla-descienden-a-la-ligue-2-de-francia\/"]}]},{"@type":"BreadcrumbList","@id":"http:\/\/www.sporthiva.com\/index.php\/2022\/05\/21\/el-girondins-de-alberth-elis-confirma-la-pesadilla-descienden-a-la-ligue-2-de-francia\/#breadcrumb","itemListElement":[{"@type":"ListItem","position":1,"name":"Portada","item":"http:\/\/www.sporthiva.com\/"},{"@type":"ListItem","position":2,"name":"El Girondins de Alberth Elis confirma la pesadilla: descienden a la Ligue 2 de Francia"}]},{"@type":"Person","@id":"http:\/\/www.sporthiva.com\/#\/schema\/person\/551718db343e60bf7d707f9085b1e611","name":"Evelyn Pineda","image":{"@type":"ImageObject","@id":"http:\/\/www.sporthiva.com\/#personlogo","inLanguage":"es","url":"http:\/\/1.gravatar.com\/avatar\/73932ff8109aee94864b4504adf4d91e?s=96&d=mm&r=g","contentUrl":"http:\/\/1.gravatar.com\/avatar\/73932ff8109aee94864b4504adf4d91e?s=96&d=mm&r=g","caption":"Evelyn Pineda"},"sameAs":["http:\/\/www.sporthiva.com\/"],"url":"http:\/\/www.sporthiva.com\/index.php\/author\/epineda\/"}]}},"_links":{"self":[{"href":"http:\/\/www.sporthiva.com\/index.php\/wp-json\/wp\/v2\/posts\/119009"}],"collection":[{"href":"http:\/\/www.sporthiva.com\/index.php\/wp-json\/wp\/v2\/posts"}],"about":[{"href":"http:\/\/www.sporthiva.com\/index.php\/wp-json\/wp\/v2\/types\/post"}],"author":[{"embeddable":true,"href":"http:\/\/www.sporthiva.com\/index.php\/wp-json\/wp\/v2\/users\/7"}],"replies":[{"embeddable":true,"href":"http:\/\/www.sporthiva.com\/index.php\/wp-json\/wp\/v2\/comments?post=119009"}],"version-history":[{"count":1,"href":"http:\/\/www.sporthiva.com\/index.php\/wp-json\/wp\/v2\/posts\/119009\/revisions"}],"predecessor-version":[{"id":119011,"href":"http:\/\/www.sporthiva.com\/index.php\/wp-json\/wp\/v2\/posts\/119009\/revisions\/119011"}],"wp:attachment":[{"href":"http:\/\/www.sporthiva.com\/index.php\/wp-json\/wp\/v2\/media?parent=119009"}],"wp:term":[{"taxonomy":"category","embeddable":true,"href":"http:\/\/www.sporthiva.com\/index.php\/wp-json\/wp\/v2\/categories?post=119009"},{"taxonomy":"post_tag","embeddable":true,"href":"http:\/\/www.sporthiva.com\/index.php\/wp-json\/wp\/v2\/tags?post=119009"}],"curies":[{"name":"wp","href":"https:\/\/api.w.org\/{rel}","templated":true}]}}