{"id":122501,"date":"2022-07-20T12:39:47","date_gmt":"2022-07-20T18:39:47","guid":{"rendered":"http:\/\/www.sporthiva.com\/?p=122501"},"modified":"2022-07-20T12:39:47","modified_gmt":"2022-07-20T18:39:47","slug":"oficial-gleison-bremer-firma-con-la-juventus-hasta-2027","status":"publish","type":"post","link":"http:\/\/www.sporthiva.com\/index.php\/2022\/07\/20\/oficial-gleison-bremer-firma-con-la-juventus-hasta-2027\/","title":{"rendered":"OFICIAL: Gleison Bremer firma con la Juventus hasta 2027"},"content":{"rendered":"<p><strong>Tur\u00edn, Italia<\/strong><\/p>\n<p>La Juventus de Tur\u00edn no ha perdido el tiempo tras la venta de Matthijs de Ligt al Bayern de M\u00fanich. El equipo italiano aceler\u00f3 para lograr la contrataci\u00f3n de un sustituto de garant\u00edas y ya lo tiene.<\/p>\n<p>Se trata del brasile\u00f1o Gleison Bremer. El central llega procedente del Torino, equipo que en el que ha militado durante las \u00faltimas cuatro temporadas. La primera de ellas fue de adaptaci\u00f3n, puesto que llegaba de Atl\u00e9tico Mineiro y todav\u00eda no ten\u00eda el ritmo competitivo de Europa.<\/p>\n<p><strong>Vea adem\u00e1s: <\/strong><a href=\"http:\/\/www.sporthiva.com\/index.php\/2022\/07\/20\/lewandowski-en-su-presentacion-vi-el-gran-potencial-de-este-equipo\/\"><strong>Lewandowski en su presentaci\u00f3n: \u00abVi, el gran potencial de este equipo\u00bb<\/strong><\/a><\/p>\n<p>Desde entonces, ha resultado una pieza fundamental. En total, abandona el club tras disputar 110 partidos, en los que ha logrado 13 goles y dos asistencias. A sus 25 a\u00f1os, todav\u00eda no ha sido convocado por la Selecci\u00f3n Brasile\u00f1a.<\/p>\n<p>La \u00abVecchia Signora\u00bb lo ha firmado hasta el a\u00f1o 2027, dejando claro as\u00ed el proyecto de futuro que existe con un futbolista llamado a asumir el mando de la zaga turinesa.<\/p>\n<p><strong>Le interesa tambi\u00e9n: <\/strong><a href=\"http:\/\/www.sporthiva.com\/index.php\/2022\/07\/20\/tiemoue-bakayoko-relato-el-calvario-que-vivio-por-un-error-policial-en-el-video-se-ve-la-parte-mas-tranquila\/\"><strong>Ti\u00e9mou\u00e9 Bakayoko relat\u00f3 el calvario que vivi\u00f3 por un error policial: \u201cEn el video se ve la parte m\u00e1s tranquila\u00bb<\/strong><\/a><\/p>\n<p>Pese a que ninguna de las dos partes ha soltado prenda sobre las cifras oficiales de la operaci\u00f3n, todo apunta a que se ha cerrado por un total de 41 millones de euros, m\u00e1s otros ocho que se abonar\u00e1n en caso de que se cumplan una serie de variables. Adem\u00e1s, cobrar\u00e1 unos seis millones de euros anuales. (Tomado de Besoccer).<\/p>\n<blockquote class=\"twitter-tweet\">\n<p dir=\"ltr\" lang=\"es\">\u00a1\ud835\uddd5\ud835\uddff\ud835\uddf2\ud835\uddfa\ud835\uddf2\ud835\uddff \ud835\uddd5\ud835\uddf6\ud835\uddee\ud835\uddfb\ud835\uddf0\ud835\uddfc\ud835\uddfb\ud835\uddf2\ud835\uddff\ud835\uddfc! \u26aa\ufe0f\u26ab\ufe0f\u2705 <a href=\"https:\/\/twitter.com\/hashtag\/WelcomeBremer?src=hash&amp;ref_src=twsrc%5Etfw\">#WelcomeBremer<\/a><\/p>\n<p>\u2014 JuventusFC (@juventusfces) <a href=\"https:\/\/twitter.com\/juventusfces\/status\/1549818166649421824?ref_src=twsrc%5Etfw\">July 20, 2022<\/a><\/p><\/blockquote>\n<p><script async src=\"https:\/\/platform.twitter.com\/widgets.js\" charset=\"utf-8\"><\/script><\/p>\n","protected":false},"excerpt":{"rendered":"<p>Tur\u00edn, Italia La Juventus de Tur\u00edn no ha perdido el tiempo tras la venta de Matthijs de Ligt al Bayern de M\u00fanich. El equipo italiano aceler\u00f3 para lograr la contrataci\u00f3n de un sustituto de garant\u00edas y ya lo tiene. Se trata del brasile\u00f1o Gleison Bremer. El central llega procedente del Torino, equipo que en el&nbsp;<\/p>\n<p><a class=\"btn btn-style\" href=\"http:\/\/www.sporthiva.com\/index.php\/2022\/07\/20\/oficial-gleison-bremer-firma-con-la-juventus-hasta-2027\/\">Continuar leyendo<\/a><\/p>\n","protected":false},"author":7,"featured_media":0,"comment_status":"open","ping_status":"open","sticky":false,"template":"","format":"standard","meta":{"qubely_global_settings":"","qubely_interactions":""},"categories":[563],"tags":[4675,178],"qubely_featured_image_url":null,"qubely_author":{"display_name":"Evelyn Pineda","author_link":"http:\/\/www.sporthiva.com\/index.php\/author\/epineda\/"},"qubely_comment":0,"qubely_category":"<a href=\"http:\/\/www.sporthiva.com\/index.php\/category\/internacionales\/\" rel=\"category tag\">Internacionales<\/a>","qubely_excerpt":"Tur\u00edn, Italia La Juventus de Tur\u00edn no ha perdido el tiempo tras la venta de Matthijs de Ligt al Bayern de M\u00fanich. El equipo italiano aceler\u00f3 para lograr la contrataci\u00f3n de un sustituto de garant\u00edas y ya lo tiene. Se trata del brasile\u00f1o Gleison Bremer. El central llega procedente del Torino, equipo que en el&nbsp;Continuar&hellip;","yoast_head":"<!-- This site is optimized with the Yoast SEO plugin v17.8 - https:\/\/yoast.com\/wordpress\/plugins\/seo\/ -->\n<title>OFICIAL: Gleison Bremer firma con la Juventus hasta 2027 - Sporthiva Online<\/title>\n<meta name=\"robots\" content=\"index, follow, max-snippet:-1, max-image-preview:large, max-video-preview:-1\" \/>\n<link rel=\"canonical\" href=\"http:\/\/www.sporthiva.com\/index.php\/2022\/07\/20\/oficial-gleison-bremer-firma-con-la-juventus-hasta-2027\/\" \/>\n<meta property=\"og:locale\" content=\"es_ES\" \/>\n<meta property=\"og:type\" content=\"article\" \/>\n<meta property=\"og:title\" content=\"OFICIAL: Gleison Bremer firma con la Juventus hasta 2027 - Sporthiva Online\" \/>\n<meta property=\"og:description\" content=\"Tur\u00edn, Italia La Juventus de Tur\u00edn no ha perdido el tiempo tras la venta de Matthijs de Ligt al Bayern de M\u00fanich. El equipo italiano aceler\u00f3 para lograr la contrataci\u00f3n de un sustituto de garant\u00edas y ya lo tiene. Se trata del brasile\u00f1o Gleison Bremer. El central llega procedente del Torino, equipo que en el&nbsp;Continuar leyendo\" \/>\n<meta property=\"og:url\" content=\"http:\/\/www.sporthiva.com\/index.php\/2022\/07\/20\/oficial-gleison-bremer-firma-con-la-juventus-hasta-2027\/\" \/>\n<meta property=\"og:site_name\" content=\"Sporthiva Online\" \/>\n<meta property=\"article:published_time\" content=\"2022-07-20T18:39:47+00:00\" \/>\n<meta name=\"twitter:card\" content=\"summary\" \/>\n<meta name=\"twitter:label1\" content=\"Escrito por\" \/>\n\t<meta name=\"twitter:data1\" content=\"Evelyn Pineda\" \/>\n\t<meta name=\"twitter:label2\" content=\"Tiempo de lectura\" \/>\n\t<meta name=\"twitter:data2\" content=\"2 minutos\" \/>\n<script type=\"application\/ld+json\" class=\"yoast-schema-graph\">{\"@context\":\"https:\/\/schema.org\",\"@graph\":[{\"@type\":\"WebSite\",\"@id\":\"http:\/\/www.sporthiva.com\/#website\",\"url\":\"http:\/\/www.sporthiva.com\/\",\"name\":\"Sporthiva Online\",\"description\":\"Sporthiva Online\",\"potentialAction\":[{\"@type\":\"SearchAction\",\"target\":{\"@type\":\"EntryPoint\",\"urlTemplate\":\"http:\/\/www.sporthiva.com\/?s={search_term_string}\"},\"query-input\":\"required name=search_term_string\"}],\"inLanguage\":\"es\"},{\"@type\":\"WebPage\",\"@id\":\"http:\/\/www.sporthiva.com\/index.php\/2022\/07\/20\/oficial-gleison-bremer-firma-con-la-juventus-hasta-2027\/#webpage\",\"url\":\"http:\/\/www.sporthiva.com\/index.php\/2022\/07\/20\/oficial-gleison-bremer-firma-con-la-juventus-hasta-2027\/\",\"name\":\"OFICIAL: Gleison Bremer firma con la Juventus hasta 2027 - Sporthiva Online\",\"isPartOf\":{\"@id\":\"http:\/\/www.sporthiva.com\/#website\"},\"datePublished\":\"2022-07-20T18:39:47+00:00\",\"dateModified\":\"2022-07-20T18:39:47+00:00\",\"author\":{\"@id\":\"http:\/\/www.sporthiva.com\/#\/schema\/person\/551718db343e60bf7d707f9085b1e611\"},\"breadcrumb\":{\"@id\":\"http:\/\/www.sporthiva.com\/index.php\/2022\/07\/20\/oficial-gleison-bremer-firma-con-la-juventus-hasta-2027\/#breadcrumb\"},\"inLanguage\":\"es\",\"potentialAction\":[{\"@type\":\"ReadAction\",\"target\":[\"http:\/\/www.sporthiva.com\/index.php\/2022\/07\/20\/oficial-gleison-bremer-firma-con-la-juventus-hasta-2027\/\"]}]},{\"@type\":\"BreadcrumbList\",\"@id\":\"http:\/\/www.sporthiva.com\/index.php\/2022\/07\/20\/oficial-gleison-bremer-firma-con-la-juventus-hasta-2027\/#breadcrumb\",\"itemListElement\":[{\"@type\":\"ListItem\",\"position\":1,\"name\":\"Portada\",\"item\":\"http:\/\/www.sporthiva.com\/\"},{\"@type\":\"ListItem\",\"position\":2,\"name\":\"OFICIAL: Gleison Bremer firma con la Juventus hasta 2027\"}]},{\"@type\":\"Person\",\"@id\":\"http:\/\/www.sporthiva.com\/#\/schema\/person\/551718db343e60bf7d707f9085b1e611\",\"name\":\"Evelyn Pineda\",\"image\":{\"@type\":\"ImageObject\",\"@id\":\"http:\/\/www.sporthiva.com\/#personlogo\",\"inLanguage\":\"es\",\"url\":\"http:\/\/1.gravatar.com\/avatar\/73932ff8109aee94864b4504adf4d91e?s=96&d=mm&r=g\",\"contentUrl\":\"http:\/\/1.gravatar.com\/avatar\/73932ff8109aee94864b4504adf4d91e?s=96&d=mm&r=g\",\"caption\":\"Evelyn Pineda\"},\"sameAs\":[\"http:\/\/www.sporthiva.com\/\"],\"url\":\"http:\/\/www.sporthiva.com\/index.php\/author\/epineda\/\"}]}<\/script>\n<!-- \/ Yoast SEO plugin. -->","yoast_head_json":{"title":"OFICIAL: Gleison Bremer firma con la Juventus hasta 2027 - Sporthiva Online","robots":{"index":"index","follow":"follow","max-snippet":"max-snippet:-1","max-image-preview":"max-image-preview:large","max-video-preview":"max-video-preview:-1"},"canonical":"http:\/\/www.sporthiva.com\/index.php\/2022\/07\/20\/oficial-gleison-bremer-firma-con-la-juventus-hasta-2027\/","og_locale":"es_ES","og_type":"article","og_title":"OFICIAL: Gleison Bremer firma con la Juventus hasta 2027 - Sporthiva Online","og_description":"Tur\u00edn, Italia La Juventus de Tur\u00edn no ha perdido el tiempo tras la venta de Matthijs de Ligt al Bayern de M\u00fanich. El equipo italiano aceler\u00f3 para lograr la contrataci\u00f3n de un sustituto de garant\u00edas y ya lo tiene. Se trata del brasile\u00f1o Gleison Bremer. El central llega procedente del Torino, equipo que en el&nbsp;Continuar leyendo","og_url":"http:\/\/www.sporthiva.com\/index.php\/2022\/07\/20\/oficial-gleison-bremer-firma-con-la-juventus-hasta-2027\/","og_site_name":"Sporthiva Online","article_published_time":"2022-07-20T18:39:47+00:00","twitter_card":"summary","twitter_misc":{"Escrito por":"Evelyn Pineda","Tiempo de lectura":"2 minutos"},"schema":{"@context":"https:\/\/schema.org","@graph":[{"@type":"WebSite","@id":"http:\/\/www.sporthiva.com\/#website","url":"http:\/\/www.sporthiva.com\/","name":"Sporthiva Online","description":"Sporthiva Online","potentialAction":[{"@type":"SearchAction","target":{"@type":"EntryPoint","urlTemplate":"http:\/\/www.sporthiva.com\/?s={search_term_string}"},"query-input":"required name=search_term_string"}],"inLanguage":"es"},{"@type":"WebPage","@id":"http:\/\/www.sporthiva.com\/index.php\/2022\/07\/20\/oficial-gleison-bremer-firma-con-la-juventus-hasta-2027\/#webpage","url":"http:\/\/www.sporthiva.com\/index.php\/2022\/07\/20\/oficial-gleison-bremer-firma-con-la-juventus-hasta-2027\/","name":"OFICIAL: Gleison Bremer firma con la Juventus hasta 2027 - Sporthiva Online","isPartOf":{"@id":"http:\/\/www.sporthiva.com\/#website"},"datePublished":"2022-07-20T18:39:47+00:00","dateModified":"2022-07-20T18:39:47+00:00","author":{"@id":"http:\/\/www.sporthiva.com\/#\/schema\/person\/551718db343e60bf7d707f9085b1e611"},"breadcrumb":{"@id":"http:\/\/www.sporthiva.com\/index.php\/2022\/07\/20\/oficial-gleison-bremer-firma-con-la-juventus-hasta-2027\/#breadcrumb"},"inLanguage":"es","potentialAction":[{"@type":"ReadAction","target":["http:\/\/www.sporthiva.com\/index.php\/2022\/07\/20\/oficial-gleison-bremer-firma-con-la-juventus-hasta-2027\/"]}]},{"@type":"BreadcrumbList","@id":"http:\/\/www.sporthiva.com\/index.php\/2022\/07\/20\/oficial-gleison-bremer-firma-con-la-juventus-hasta-2027\/#breadcrumb","itemListElement":[{"@type":"ListItem","position":1,"name":"Portada","item":"http:\/\/www.sporthiva.com\/"},{"@type":"ListItem","position":2,"name":"OFICIAL: Gleison Bremer firma con la Juventus hasta 2027"}]},{"@type":"Person","@id":"http:\/\/www.sporthiva.com\/#\/schema\/person\/551718db343e60bf7d707f9085b1e611","name":"Evelyn Pineda","image":{"@type":"ImageObject","@id":"http:\/\/www.sporthiva.com\/#personlogo","inLanguage":"es","url":"http:\/\/1.gravatar.com\/avatar\/73932ff8109aee94864b4504adf4d91e?s=96&d=mm&r=g","contentUrl":"http:\/\/1.gravatar.com\/avatar\/73932ff8109aee94864b4504adf4d91e?s=96&d=mm&r=g","caption":"Evelyn Pineda"},"sameAs":["http:\/\/www.sporthiva.com\/"],"url":"http:\/\/www.sporthiva.com\/index.php\/author\/epineda\/"}]}},"_links":{"self":[{"href":"http:\/\/www.sporthiva.com\/index.php\/wp-json\/wp\/v2\/posts\/122501"}],"collection":[{"href":"http:\/\/www.sporthiva.com\/index.php\/wp-json\/wp\/v2\/posts"}],"about":[{"href":"http:\/\/www.sporthiva.com\/index.php\/wp-json\/wp\/v2\/types\/post"}],"author":[{"embeddable":true,"href":"http:\/\/www.sporthiva.com\/index.php\/wp-json\/wp\/v2\/users\/7"}],"replies":[{"embeddable":true,"href":"http:\/\/www.sporthiva.com\/index.php\/wp-json\/wp\/v2\/comments?post=122501"}],"version-history":[{"count":1,"href":"http:\/\/www.sporthiva.com\/index.php\/wp-json\/wp\/v2\/posts\/122501\/revisions"}],"predecessor-version":[{"id":122503,"href":"http:\/\/www.sporthiva.com\/index.php\/wp-json\/wp\/v2\/posts\/122501\/revisions\/122503"}],"wp:attachment":[{"href":"http:\/\/www.sporthiva.com\/index.php\/wp-json\/wp\/v2\/media?parent=122501"}],"wp:term":[{"taxonomy":"category","embeddable":true,"href":"http:\/\/www.sporthiva.com\/index.php\/wp-json\/wp\/v2\/categories?post=122501"},{"taxonomy":"post_tag","embeddable":true,"href":"http:\/\/www.sporthiva.com\/index.php\/wp-json\/wp\/v2\/tags?post=122501"}],"curies":[{"name":"wp","href":"https:\/\/api.w.org\/{rel}","templated":true}]}}