{"id":124899,"date":"2022-08-21T08:48:12","date_gmt":"2022-08-21T14:48:12","guid":{"rendered":"http:\/\/www.sporthiva.com\/?p=124899"},"modified":"2022-08-21T08:48:34","modified_gmt":"2022-08-21T14:48:34","slug":"psg-renueva-a-dina-ebimbe-y-le-cede-al-eintracht-frankfurt","status":"publish","type":"post","link":"http:\/\/www.sporthiva.com\/index.php\/2022\/08\/21\/psg-renueva-a-dina-ebimbe-y-le-cede-al-eintracht-frankfurt\/","title":{"rendered":"PSG renueva a Dina Ebimbe y le cede al Eintracht Frankfurt"},"content":{"rendered":"<p><strong>Par\u00eds, Francia<\/strong><\/p>\n<div>\n<p>El Par\u00eds Saint Germain (PSG) anunci\u00f3 que va a prestar a su joven central Eric-Junior Dina Ebimbe al Eintracht Frankfurt esta temporada, despu\u00e9s de haber prolongado su contrato hasta el 30 de junio de 2024.<\/p>\n<p>El pr\u00e9stamo al club alem\u00e1n de Dina Ebimbe, que despu\u00e9s de haber estado desde los 12 a\u00f1os en el centro de formaci\u00f3n del equipo de la capital francesa ya estuvo cedido durante dos temporadas, va acompa\u00f1ado de una opci\u00f3n de compra.<\/p>\n<p><strong>Vea adem\u00e1s: <\/strong><a href=\"http:\/\/www.sporthiva.com\/index.php\/2022\/08\/20\/romell-quioto-marca-doblete-y-asistencia-en-victoria-del-montreal\/\"><strong>Romell Quioto marca doblete y asistencia en victoria del Montreal<\/strong><\/a><\/p>\n<p>En concreto, se\u00f1al\u00f3 el PSG en un comunicado, jug\u00f3 prestado en Le Havre durante la temporada 2019-2020 y la siguiente en el Dijon, ambos equipos de la segunda divisi\u00f3n francesa.<\/p>\n<p>En la temporada 2021-2022, fue varias veces titular con los colores del Par\u00eds Saint Germain con el que pudo estrenar su palmar\u00e9s como Campe\u00f3n de Francia.<\/p>\n<p data-inc=\"1\">El joven franc\u00e9s nacido en noviembre de 2000 en la ciudad de Stains, en la regi\u00f3n de Par\u00eds, ha vestido la camiseta de los \u00abbleus\u00bb en las categor\u00edas inferiores.<\/p>\n<\/div>\n","protected":false},"excerpt":{"rendered":"<p>Par\u00eds, Francia El Par\u00eds Saint Germain (PSG) anunci\u00f3 que va a prestar a su joven central Eric-Junior Dina Ebimbe al Eintracht Frankfurt esta temporada, despu\u00e9s de haber prolongado su contrato hasta el 30 de junio de 2024. El pr\u00e9stamo al club alem\u00e1n de Dina Ebimbe, que despu\u00e9s de haber estado desde los 12 a\u00f1os en&nbsp;<\/p>\n<p><a class=\"btn btn-style\" href=\"http:\/\/www.sporthiva.com\/index.php\/2022\/08\/21\/psg-renueva-a-dina-ebimbe-y-le-cede-al-eintracht-frankfurt\/\">Continuar leyendo<\/a><\/p>\n","protected":false},"author":7,"featured_media":0,"comment_status":"open","ping_status":"open","sticky":false,"template":"","format":"standard","meta":{"qubely_global_settings":"","qubely_interactions":""},"categories":[563],"tags":[4956,896,213],"qubely_featured_image_url":null,"qubely_author":{"display_name":"Evelyn Pineda","author_link":"http:\/\/www.sporthiva.com\/index.php\/author\/epineda\/"},"qubely_comment":0,"qubely_category":"<a href=\"http:\/\/www.sporthiva.com\/index.php\/category\/internacionales\/\" rel=\"category tag\">Internacionales<\/a>","qubely_excerpt":"Par\u00eds, Francia El Par\u00eds Saint Germain (PSG) anunci\u00f3 que va a prestar a su joven central Eric-Junior Dina Ebimbe al Eintracht Frankfurt esta temporada, despu\u00e9s de haber prolongado su contrato hasta el 30 de junio de 2024. El pr\u00e9stamo al club alem\u00e1n de Dina Ebimbe, que despu\u00e9s de haber estado desde los 12 a\u00f1os en&nbsp;Continuar&hellip;","yoast_head":"<!-- This site is optimized with the Yoast SEO plugin v17.8 - https:\/\/yoast.com\/wordpress\/plugins\/seo\/ -->\n<title>PSG renueva a Dina Ebimbe y le cede al Eintracht Frankfurt - Sporthiva Online<\/title>\n<meta name=\"robots\" content=\"index, follow, max-snippet:-1, max-image-preview:large, max-video-preview:-1\" \/>\n<link rel=\"canonical\" href=\"http:\/\/www.sporthiva.com\/index.php\/2022\/08\/21\/psg-renueva-a-dina-ebimbe-y-le-cede-al-eintracht-frankfurt\/\" \/>\n<meta property=\"og:locale\" content=\"es_ES\" \/>\n<meta property=\"og:type\" content=\"article\" \/>\n<meta property=\"og:title\" content=\"PSG renueva a Dina Ebimbe y le cede al Eintracht Frankfurt - Sporthiva Online\" \/>\n<meta property=\"og:description\" content=\"Par\u00eds, Francia El Par\u00eds Saint Germain (PSG) anunci\u00f3 que va a prestar a su joven central Eric-Junior Dina Ebimbe al Eintracht Frankfurt esta temporada, despu\u00e9s de haber prolongado su contrato hasta el 30 de junio de 2024. El pr\u00e9stamo al club alem\u00e1n de Dina Ebimbe, que despu\u00e9s de haber estado desde los 12 a\u00f1os en&nbsp;Continuar leyendo\" \/>\n<meta property=\"og:url\" content=\"http:\/\/www.sporthiva.com\/index.php\/2022\/08\/21\/psg-renueva-a-dina-ebimbe-y-le-cede-al-eintracht-frankfurt\/\" \/>\n<meta property=\"og:site_name\" content=\"Sporthiva Online\" \/>\n<meta property=\"article:published_time\" content=\"2022-08-21T14:48:12+00:00\" \/>\n<meta property=\"article:modified_time\" content=\"2022-08-21T14:48:34+00:00\" \/>\n<meta name=\"twitter:card\" content=\"summary\" \/>\n<meta name=\"twitter:label1\" content=\"Escrito por\" \/>\n\t<meta name=\"twitter:data1\" content=\"Evelyn Pineda\" \/>\n\t<meta name=\"twitter:label2\" content=\"Tiempo de lectura\" \/>\n\t<meta name=\"twitter:data2\" content=\"1 minuto\" \/>\n<script type=\"application\/ld+json\" class=\"yoast-schema-graph\">{\"@context\":\"https:\/\/schema.org\",\"@graph\":[{\"@type\":\"WebSite\",\"@id\":\"http:\/\/www.sporthiva.com\/#website\",\"url\":\"http:\/\/www.sporthiva.com\/\",\"name\":\"Sporthiva Online\",\"description\":\"Sporthiva Online\",\"potentialAction\":[{\"@type\":\"SearchAction\",\"target\":{\"@type\":\"EntryPoint\",\"urlTemplate\":\"http:\/\/www.sporthiva.com\/?s={search_term_string}\"},\"query-input\":\"required name=search_term_string\"}],\"inLanguage\":\"es\"},{\"@type\":\"WebPage\",\"@id\":\"http:\/\/www.sporthiva.com\/index.php\/2022\/08\/21\/psg-renueva-a-dina-ebimbe-y-le-cede-al-eintracht-frankfurt\/#webpage\",\"url\":\"http:\/\/www.sporthiva.com\/index.php\/2022\/08\/21\/psg-renueva-a-dina-ebimbe-y-le-cede-al-eintracht-frankfurt\/\",\"name\":\"PSG renueva a Dina Ebimbe y le cede al Eintracht Frankfurt - Sporthiva Online\",\"isPartOf\":{\"@id\":\"http:\/\/www.sporthiva.com\/#website\"},\"datePublished\":\"2022-08-21T14:48:12+00:00\",\"dateModified\":\"2022-08-21T14:48:34+00:00\",\"author\":{\"@id\":\"http:\/\/www.sporthiva.com\/#\/schema\/person\/551718db343e60bf7d707f9085b1e611\"},\"breadcrumb\":{\"@id\":\"http:\/\/www.sporthiva.com\/index.php\/2022\/08\/21\/psg-renueva-a-dina-ebimbe-y-le-cede-al-eintracht-frankfurt\/#breadcrumb\"},\"inLanguage\":\"es\",\"potentialAction\":[{\"@type\":\"ReadAction\",\"target\":[\"http:\/\/www.sporthiva.com\/index.php\/2022\/08\/21\/psg-renueva-a-dina-ebimbe-y-le-cede-al-eintracht-frankfurt\/\"]}]},{\"@type\":\"BreadcrumbList\",\"@id\":\"http:\/\/www.sporthiva.com\/index.php\/2022\/08\/21\/psg-renueva-a-dina-ebimbe-y-le-cede-al-eintracht-frankfurt\/#breadcrumb\",\"itemListElement\":[{\"@type\":\"ListItem\",\"position\":1,\"name\":\"Portada\",\"item\":\"http:\/\/www.sporthiva.com\/\"},{\"@type\":\"ListItem\",\"position\":2,\"name\":\"PSG renueva a Dina Ebimbe y le cede al Eintracht Frankfurt\"}]},{\"@type\":\"Person\",\"@id\":\"http:\/\/www.sporthiva.com\/#\/schema\/person\/551718db343e60bf7d707f9085b1e611\",\"name\":\"Evelyn Pineda\",\"image\":{\"@type\":\"ImageObject\",\"@id\":\"http:\/\/www.sporthiva.com\/#personlogo\",\"inLanguage\":\"es\",\"url\":\"http:\/\/1.gravatar.com\/avatar\/73932ff8109aee94864b4504adf4d91e?s=96&d=mm&r=g\",\"contentUrl\":\"http:\/\/1.gravatar.com\/avatar\/73932ff8109aee94864b4504adf4d91e?s=96&d=mm&r=g\",\"caption\":\"Evelyn Pineda\"},\"sameAs\":[\"http:\/\/www.sporthiva.com\/\"],\"url\":\"http:\/\/www.sporthiva.com\/index.php\/author\/epineda\/\"}]}<\/script>\n<!-- \/ Yoast SEO plugin. -->","yoast_head_json":{"title":"PSG renueva a Dina Ebimbe y le cede al Eintracht Frankfurt - Sporthiva Online","robots":{"index":"index","follow":"follow","max-snippet":"max-snippet:-1","max-image-preview":"max-image-preview:large","max-video-preview":"max-video-preview:-1"},"canonical":"http:\/\/www.sporthiva.com\/index.php\/2022\/08\/21\/psg-renueva-a-dina-ebimbe-y-le-cede-al-eintracht-frankfurt\/","og_locale":"es_ES","og_type":"article","og_title":"PSG renueva a Dina Ebimbe y le cede al Eintracht Frankfurt - Sporthiva Online","og_description":"Par\u00eds, Francia El Par\u00eds Saint Germain (PSG) anunci\u00f3 que va a prestar a su joven central Eric-Junior Dina Ebimbe al Eintracht Frankfurt esta temporada, despu\u00e9s de haber prolongado su contrato hasta el 30 de junio de 2024. El pr\u00e9stamo al club alem\u00e1n de Dina Ebimbe, que despu\u00e9s de haber estado desde los 12 a\u00f1os en&nbsp;Continuar leyendo","og_url":"http:\/\/www.sporthiva.com\/index.php\/2022\/08\/21\/psg-renueva-a-dina-ebimbe-y-le-cede-al-eintracht-frankfurt\/","og_site_name":"Sporthiva Online","article_published_time":"2022-08-21T14:48:12+00:00","article_modified_time":"2022-08-21T14:48:34+00:00","twitter_card":"summary","twitter_misc":{"Escrito por":"Evelyn Pineda","Tiempo de lectura":"1 minuto"},"schema":{"@context":"https:\/\/schema.org","@graph":[{"@type":"WebSite","@id":"http:\/\/www.sporthiva.com\/#website","url":"http:\/\/www.sporthiva.com\/","name":"Sporthiva Online","description":"Sporthiva Online","potentialAction":[{"@type":"SearchAction","target":{"@type":"EntryPoint","urlTemplate":"http:\/\/www.sporthiva.com\/?s={search_term_string}"},"query-input":"required name=search_term_string"}],"inLanguage":"es"},{"@type":"WebPage","@id":"http:\/\/www.sporthiva.com\/index.php\/2022\/08\/21\/psg-renueva-a-dina-ebimbe-y-le-cede-al-eintracht-frankfurt\/#webpage","url":"http:\/\/www.sporthiva.com\/index.php\/2022\/08\/21\/psg-renueva-a-dina-ebimbe-y-le-cede-al-eintracht-frankfurt\/","name":"PSG renueva a Dina Ebimbe y le cede al Eintracht Frankfurt - Sporthiva Online","isPartOf":{"@id":"http:\/\/www.sporthiva.com\/#website"},"datePublished":"2022-08-21T14:48:12+00:00","dateModified":"2022-08-21T14:48:34+00:00","author":{"@id":"http:\/\/www.sporthiva.com\/#\/schema\/person\/551718db343e60bf7d707f9085b1e611"},"breadcrumb":{"@id":"http:\/\/www.sporthiva.com\/index.php\/2022\/08\/21\/psg-renueva-a-dina-ebimbe-y-le-cede-al-eintracht-frankfurt\/#breadcrumb"},"inLanguage":"es","potentialAction":[{"@type":"ReadAction","target":["http:\/\/www.sporthiva.com\/index.php\/2022\/08\/21\/psg-renueva-a-dina-ebimbe-y-le-cede-al-eintracht-frankfurt\/"]}]},{"@type":"BreadcrumbList","@id":"http:\/\/www.sporthiva.com\/index.php\/2022\/08\/21\/psg-renueva-a-dina-ebimbe-y-le-cede-al-eintracht-frankfurt\/#breadcrumb","itemListElement":[{"@type":"ListItem","position":1,"name":"Portada","item":"http:\/\/www.sporthiva.com\/"},{"@type":"ListItem","position":2,"name":"PSG renueva a Dina Ebimbe y le cede al Eintracht Frankfurt"}]},{"@type":"Person","@id":"http:\/\/www.sporthiva.com\/#\/schema\/person\/551718db343e60bf7d707f9085b1e611","name":"Evelyn Pineda","image":{"@type":"ImageObject","@id":"http:\/\/www.sporthiva.com\/#personlogo","inLanguage":"es","url":"http:\/\/1.gravatar.com\/avatar\/73932ff8109aee94864b4504adf4d91e?s=96&d=mm&r=g","contentUrl":"http:\/\/1.gravatar.com\/avatar\/73932ff8109aee94864b4504adf4d91e?s=96&d=mm&r=g","caption":"Evelyn Pineda"},"sameAs":["http:\/\/www.sporthiva.com\/"],"url":"http:\/\/www.sporthiva.com\/index.php\/author\/epineda\/"}]}},"_links":{"self":[{"href":"http:\/\/www.sporthiva.com\/index.php\/wp-json\/wp\/v2\/posts\/124899"}],"collection":[{"href":"http:\/\/www.sporthiva.com\/index.php\/wp-json\/wp\/v2\/posts"}],"about":[{"href":"http:\/\/www.sporthiva.com\/index.php\/wp-json\/wp\/v2\/types\/post"}],"author":[{"embeddable":true,"href":"http:\/\/www.sporthiva.com\/index.php\/wp-json\/wp\/v2\/users\/7"}],"replies":[{"embeddable":true,"href":"http:\/\/www.sporthiva.com\/index.php\/wp-json\/wp\/v2\/comments?post=124899"}],"version-history":[{"count":1,"href":"http:\/\/www.sporthiva.com\/index.php\/wp-json\/wp\/v2\/posts\/124899\/revisions"}],"predecessor-version":[{"id":124901,"href":"http:\/\/www.sporthiva.com\/index.php\/wp-json\/wp\/v2\/posts\/124899\/revisions\/124901"}],"wp:attachment":[{"href":"http:\/\/www.sporthiva.com\/index.php\/wp-json\/wp\/v2\/media?parent=124899"}],"wp:term":[{"taxonomy":"category","embeddable":true,"href":"http:\/\/www.sporthiva.com\/index.php\/wp-json\/wp\/v2\/categories?post=124899"},{"taxonomy":"post_tag","embeddable":true,"href":"http:\/\/www.sporthiva.com\/index.php\/wp-json\/wp\/v2\/tags?post=124899"}],"curies":[{"name":"wp","href":"https:\/\/api.w.org\/{rel}","templated":true}]}}