{"id":126194,"date":"2022-09-09T08:18:28","date_gmt":"2022-09-09T14:18:28","guid":{"rendered":"http:\/\/www.sporthiva.com\/?p=126194"},"modified":"2022-09-09T08:19:33","modified_gmt":"2022-09-09T14:19:33","slug":"cavani-se-unira-al-grupo-la-semana-que-viene-pero-sin-fecha-para-debutar","status":"publish","type":"post","link":"http:\/\/www.sporthiva.com\/index.php\/2022\/09\/09\/cavani-se-unira-al-grupo-la-semana-que-viene-pero-sin-fecha-para-debutar\/","title":{"rendered":"Cavani sin fecha para debutar"},"content":{"rendered":"<p><strong>Valencia, Espa\u00f1a<\/strong><\/p>\n<p>El delantero uruguayo del Valencia Edinson Cavani, que sigue un plan especial de puesta a punto desde que fich\u00f3 por el club de Mestalla, se unir\u00e1 a los entrenamientos colectivos del equipo la semana que viene, pero el t\u00e9cnico italiano Gennaro Gattuso dijo que no sabe si llegar\u00e1 a estar listo para debutar ante el Celta de Vigo o lo har\u00e1 a principios de octubre despu\u00e9s del par\u00f3n de las selecciones.<\/p>\n<p>\u00abHoy ha hecho un entrenamiento muy bueno con bal\u00f3n y creo que la semana que viene va a estar con nosotros. He hablado toda la semana con el cuerpo m\u00e9dico de que est\u00e1 mejorando y tras el domingo hablaremos\u00bb, a\u00f1adi\u00f3 el italiano.<\/p>\n<p><strong>Vea adem\u00e1s: <\/strong><a href=\"http:\/\/www.sporthiva.com\/index.php\/2022\/09\/09\/hermano-de-paul-pogba-se-declara-ajeno-a-extorsiones-denunciadas-por-el-jugador-de-la-juventus\/\"><strong>Hermano de Paul Pogba se declara \u00abajeno\u00bb a extorsiones denunciadas por el jugador de la Juventus<\/strong><\/a><\/p>\n<p>En cualquier caso, Gattuso record\u00f3 que esa es su previsi\u00f3n, pero que todo depende de c\u00f3mo asimile el jugador las cargas de trabajo. \u00abPienso que ser\u00e1 as\u00ed, pero no soy mago. El trabajo de esta semana ha ido muy bien, con una carga muy importante. La semana pasada ten\u00edamos muchas dudas porque un d\u00eda trabajaba y al siguiente ten\u00eda molestias. Ahora no\u00bb, destac\u00f3.<\/p>\n<p>Cavani, que tiene 35 a\u00f1os, no realiz\u00f3 la pretemporada con ning\u00fan equipo antes de fichar por el Valencia, lo que llev\u00f3 al cuerpo t\u00e9cnico a establecer un plan individualizado de puesta a punto que le tuvo en el gimnasio la primera semana y que en esta ya ha incluido trabajo sobre el c\u00e9sped y con bal\u00f3n.<\/p>\n","protected":false},"excerpt":{"rendered":"<p>Valencia, Espa\u00f1a El delantero uruguayo del Valencia Edinson Cavani, que sigue un plan especial de puesta a punto desde que fich\u00f3 por el club de Mestalla, se unir\u00e1 a los entrenamientos colectivos del equipo la semana que viene, pero el t\u00e9cnico italiano Gennaro Gattuso dijo que no sabe si llegar\u00e1 a estar listo para debutar&nbsp;<\/p>\n<p><a class=\"btn btn-style\" href=\"http:\/\/www.sporthiva.com\/index.php\/2022\/09\/09\/cavani-se-unira-al-grupo-la-semana-que-viene-pero-sin-fecha-para-debutar\/\">Continuar leyendo<\/a><\/p>\n","protected":false},"author":7,"featured_media":0,"comment_status":"open","ping_status":"open","sticky":false,"template":"","format":"standard","meta":{"qubely_global_settings":"","qubely_interactions":""},"categories":[563],"tags":[1907,5100],"qubely_featured_image_url":null,"qubely_author":{"display_name":"Evelyn Pineda","author_link":"http:\/\/www.sporthiva.com\/index.php\/author\/epineda\/"},"qubely_comment":0,"qubely_category":"<a href=\"http:\/\/www.sporthiva.com\/index.php\/category\/internacionales\/\" rel=\"category tag\">Internacionales<\/a>","qubely_excerpt":"Valencia, Espa\u00f1a El delantero uruguayo del Valencia Edinson Cavani, que sigue un plan especial de puesta a punto desde que fich\u00f3 por el club de Mestalla, se unir\u00e1 a los entrenamientos colectivos del equipo la semana que viene, pero el t\u00e9cnico italiano Gennaro Gattuso dijo que no sabe si llegar\u00e1 a estar listo para debutar&nbsp;Continuar&hellip;","yoast_head":"<!-- This site is optimized with the Yoast SEO plugin v17.8 - https:\/\/yoast.com\/wordpress\/plugins\/seo\/ -->\n<title>Cavani sin fecha para debutar - Sporthiva Online<\/title>\n<meta name=\"robots\" content=\"index, follow, max-snippet:-1, max-image-preview:large, max-video-preview:-1\" \/>\n<link rel=\"canonical\" href=\"http:\/\/www.sporthiva.com\/index.php\/2022\/09\/09\/cavani-se-unira-al-grupo-la-semana-que-viene-pero-sin-fecha-para-debutar\/\" \/>\n<meta property=\"og:locale\" content=\"es_ES\" \/>\n<meta property=\"og:type\" content=\"article\" \/>\n<meta property=\"og:title\" content=\"Cavani sin fecha para debutar - Sporthiva Online\" \/>\n<meta property=\"og:description\" content=\"Valencia, Espa\u00f1a El delantero uruguayo del Valencia Edinson Cavani, que sigue un plan especial de puesta a punto desde que fich\u00f3 por el club de Mestalla, se unir\u00e1 a los entrenamientos colectivos del equipo la semana que viene, pero el t\u00e9cnico italiano Gennaro Gattuso dijo que no sabe si llegar\u00e1 a estar listo para debutar&nbsp;Continuar leyendo\" \/>\n<meta property=\"og:url\" content=\"http:\/\/www.sporthiva.com\/index.php\/2022\/09\/09\/cavani-se-unira-al-grupo-la-semana-que-viene-pero-sin-fecha-para-debutar\/\" \/>\n<meta property=\"og:site_name\" content=\"Sporthiva Online\" \/>\n<meta property=\"article:published_time\" content=\"2022-09-09T14:18:28+00:00\" \/>\n<meta property=\"article:modified_time\" content=\"2022-09-09T14:19:33+00:00\" \/>\n<meta name=\"twitter:card\" content=\"summary\" \/>\n<meta name=\"twitter:label1\" content=\"Escrito por\" \/>\n\t<meta name=\"twitter:data1\" content=\"Evelyn Pineda\" \/>\n\t<meta name=\"twitter:label2\" content=\"Tiempo de lectura\" \/>\n\t<meta name=\"twitter:data2\" content=\"2 minutos\" \/>\n<script type=\"application\/ld+json\" class=\"yoast-schema-graph\">{\"@context\":\"https:\/\/schema.org\",\"@graph\":[{\"@type\":\"WebSite\",\"@id\":\"https:\/\/www.sporthiva.com\/#website\",\"url\":\"https:\/\/www.sporthiva.com\/\",\"name\":\"Sporthiva Online\",\"description\":\"Sporthiva Online\",\"potentialAction\":[{\"@type\":\"SearchAction\",\"target\":{\"@type\":\"EntryPoint\",\"urlTemplate\":\"https:\/\/www.sporthiva.com\/?s={search_term_string}\"},\"query-input\":\"required name=search_term_string\"}],\"inLanguage\":\"es\"},{\"@type\":\"WebPage\",\"@id\":\"http:\/\/www.sporthiva.com\/index.php\/2022\/09\/09\/cavani-se-unira-al-grupo-la-semana-que-viene-pero-sin-fecha-para-debutar\/#webpage\",\"url\":\"http:\/\/www.sporthiva.com\/index.php\/2022\/09\/09\/cavani-se-unira-al-grupo-la-semana-que-viene-pero-sin-fecha-para-debutar\/\",\"name\":\"Cavani sin fecha para debutar - Sporthiva Online\",\"isPartOf\":{\"@id\":\"https:\/\/www.sporthiva.com\/#website\"},\"datePublished\":\"2022-09-09T14:18:28+00:00\",\"dateModified\":\"2022-09-09T14:19:33+00:00\",\"author\":{\"@id\":\"https:\/\/www.sporthiva.com\/#\/schema\/person\/551718db343e60bf7d707f9085b1e611\"},\"breadcrumb\":{\"@id\":\"http:\/\/www.sporthiva.com\/index.php\/2022\/09\/09\/cavani-se-unira-al-grupo-la-semana-que-viene-pero-sin-fecha-para-debutar\/#breadcrumb\"},\"inLanguage\":\"es\",\"potentialAction\":[{\"@type\":\"ReadAction\",\"target\":[\"http:\/\/www.sporthiva.com\/index.php\/2022\/09\/09\/cavani-se-unira-al-grupo-la-semana-que-viene-pero-sin-fecha-para-debutar\/\"]}]},{\"@type\":\"BreadcrumbList\",\"@id\":\"http:\/\/www.sporthiva.com\/index.php\/2022\/09\/09\/cavani-se-unira-al-grupo-la-semana-que-viene-pero-sin-fecha-para-debutar\/#breadcrumb\",\"itemListElement\":[{\"@type\":\"ListItem\",\"position\":1,\"name\":\"Portada\",\"item\":\"https:\/\/www.sporthiva.com\/\"},{\"@type\":\"ListItem\",\"position\":2,\"name\":\"Cavani sin fecha para debutar\"}]},{\"@type\":\"Person\",\"@id\":\"https:\/\/www.sporthiva.com\/#\/schema\/person\/551718db343e60bf7d707f9085b1e611\",\"name\":\"Evelyn Pineda\",\"image\":{\"@type\":\"ImageObject\",\"@id\":\"https:\/\/www.sporthiva.com\/#personlogo\",\"inLanguage\":\"es\",\"url\":\"http:\/\/1.gravatar.com\/avatar\/73932ff8109aee94864b4504adf4d91e?s=96&d=mm&r=g\",\"contentUrl\":\"http:\/\/1.gravatar.com\/avatar\/73932ff8109aee94864b4504adf4d91e?s=96&d=mm&r=g\",\"caption\":\"Evelyn Pineda\"},\"sameAs\":[\"http:\/\/www.sporthiva.com\/\"],\"url\":\"http:\/\/www.sporthiva.com\/index.php\/author\/epineda\/\"}]}<\/script>\n<!-- \/ Yoast SEO plugin. -->","yoast_head_json":{"title":"Cavani sin fecha para debutar - Sporthiva Online","robots":{"index":"index","follow":"follow","max-snippet":"max-snippet:-1","max-image-preview":"max-image-preview:large","max-video-preview":"max-video-preview:-1"},"canonical":"http:\/\/www.sporthiva.com\/index.php\/2022\/09\/09\/cavani-se-unira-al-grupo-la-semana-que-viene-pero-sin-fecha-para-debutar\/","og_locale":"es_ES","og_type":"article","og_title":"Cavani sin fecha para debutar - Sporthiva Online","og_description":"Valencia, Espa\u00f1a El delantero uruguayo del Valencia Edinson Cavani, que sigue un plan especial de puesta a punto desde que fich\u00f3 por el club de Mestalla, se unir\u00e1 a los entrenamientos colectivos del equipo la semana que viene, pero el t\u00e9cnico italiano Gennaro Gattuso dijo que no sabe si llegar\u00e1 a estar listo para debutar&nbsp;Continuar leyendo","og_url":"http:\/\/www.sporthiva.com\/index.php\/2022\/09\/09\/cavani-se-unira-al-grupo-la-semana-que-viene-pero-sin-fecha-para-debutar\/","og_site_name":"Sporthiva Online","article_published_time":"2022-09-09T14:18:28+00:00","article_modified_time":"2022-09-09T14:19:33+00:00","twitter_card":"summary","twitter_misc":{"Escrito por":"Evelyn Pineda","Tiempo de lectura":"2 minutos"},"schema":{"@context":"https:\/\/schema.org","@graph":[{"@type":"WebSite","@id":"https:\/\/www.sporthiva.com\/#website","url":"https:\/\/www.sporthiva.com\/","name":"Sporthiva Online","description":"Sporthiva Online","potentialAction":[{"@type":"SearchAction","target":{"@type":"EntryPoint","urlTemplate":"https:\/\/www.sporthiva.com\/?s={search_term_string}"},"query-input":"required name=search_term_string"}],"inLanguage":"es"},{"@type":"WebPage","@id":"http:\/\/www.sporthiva.com\/index.php\/2022\/09\/09\/cavani-se-unira-al-grupo-la-semana-que-viene-pero-sin-fecha-para-debutar\/#webpage","url":"http:\/\/www.sporthiva.com\/index.php\/2022\/09\/09\/cavani-se-unira-al-grupo-la-semana-que-viene-pero-sin-fecha-para-debutar\/","name":"Cavani sin fecha para debutar - Sporthiva Online","isPartOf":{"@id":"https:\/\/www.sporthiva.com\/#website"},"datePublished":"2022-09-09T14:18:28+00:00","dateModified":"2022-09-09T14:19:33+00:00","author":{"@id":"https:\/\/www.sporthiva.com\/#\/schema\/person\/551718db343e60bf7d707f9085b1e611"},"breadcrumb":{"@id":"http:\/\/www.sporthiva.com\/index.php\/2022\/09\/09\/cavani-se-unira-al-grupo-la-semana-que-viene-pero-sin-fecha-para-debutar\/#breadcrumb"},"inLanguage":"es","potentialAction":[{"@type":"ReadAction","target":["http:\/\/www.sporthiva.com\/index.php\/2022\/09\/09\/cavani-se-unira-al-grupo-la-semana-que-viene-pero-sin-fecha-para-debutar\/"]}]},{"@type":"BreadcrumbList","@id":"http:\/\/www.sporthiva.com\/index.php\/2022\/09\/09\/cavani-se-unira-al-grupo-la-semana-que-viene-pero-sin-fecha-para-debutar\/#breadcrumb","itemListElement":[{"@type":"ListItem","position":1,"name":"Portada","item":"https:\/\/www.sporthiva.com\/"},{"@type":"ListItem","position":2,"name":"Cavani sin fecha para debutar"}]},{"@type":"Person","@id":"https:\/\/www.sporthiva.com\/#\/schema\/person\/551718db343e60bf7d707f9085b1e611","name":"Evelyn Pineda","image":{"@type":"ImageObject","@id":"https:\/\/www.sporthiva.com\/#personlogo","inLanguage":"es","url":"http:\/\/1.gravatar.com\/avatar\/73932ff8109aee94864b4504adf4d91e?s=96&d=mm&r=g","contentUrl":"http:\/\/1.gravatar.com\/avatar\/73932ff8109aee94864b4504adf4d91e?s=96&d=mm&r=g","caption":"Evelyn Pineda"},"sameAs":["http:\/\/www.sporthiva.com\/"],"url":"http:\/\/www.sporthiva.com\/index.php\/author\/epineda\/"}]}},"_links":{"self":[{"href":"http:\/\/www.sporthiva.com\/index.php\/wp-json\/wp\/v2\/posts\/126194"}],"collection":[{"href":"http:\/\/www.sporthiva.com\/index.php\/wp-json\/wp\/v2\/posts"}],"about":[{"href":"http:\/\/www.sporthiva.com\/index.php\/wp-json\/wp\/v2\/types\/post"}],"author":[{"embeddable":true,"href":"http:\/\/www.sporthiva.com\/index.php\/wp-json\/wp\/v2\/users\/7"}],"replies":[{"embeddable":true,"href":"http:\/\/www.sporthiva.com\/index.php\/wp-json\/wp\/v2\/comments?post=126194"}],"version-history":[{"count":2,"href":"http:\/\/www.sporthiva.com\/index.php\/wp-json\/wp\/v2\/posts\/126194\/revisions"}],"predecessor-version":[{"id":126197,"href":"http:\/\/www.sporthiva.com\/index.php\/wp-json\/wp\/v2\/posts\/126194\/revisions\/126197"}],"wp:attachment":[{"href":"http:\/\/www.sporthiva.com\/index.php\/wp-json\/wp\/v2\/media?parent=126194"}],"wp:term":[{"taxonomy":"category","embeddable":true,"href":"http:\/\/www.sporthiva.com\/index.php\/wp-json\/wp\/v2\/categories?post=126194"},{"taxonomy":"post_tag","embeddable":true,"href":"http:\/\/www.sporthiva.com\/index.php\/wp-json\/wp\/v2\/tags?post=126194"}],"curies":[{"name":"wp","href":"https:\/\/api.w.org\/{rel}","templated":true}]}}