{"id":126865,"date":"2022-09-19T20:02:57","date_gmt":"2022-09-20T02:02:57","guid":{"rendered":"http:\/\/www.sporthiva.com\/?p=126865"},"modified":"2022-09-19T20:02:57","modified_gmt":"2022-09-20T02:02:57","slug":"la-gira-del-trofeo-de-la-copa-del-mundo-llega-a-mexico","status":"publish","type":"post","link":"http:\/\/www.sporthiva.com\/index.php\/2022\/09\/19\/la-gira-del-trofeo-de-la-copa-del-mundo-llega-a-mexico\/","title":{"rendered":"La gira del trofeo de la Copa del Mundo llega a M\u00e9xico"},"content":{"rendered":"<p><strong>M\u00e9xico<\/strong><\/p>\n<p>M\u00e9xico ser\u00e1 el pa\u00eds que mayor tiempo acoger\u00e1 el trofeo de la Copa del Mundo, que 32 selecciones se disputar\u00e1n en el Mundial Qatar 2022, cuando a partir del 15 de octubre se inicie la gira en Ciudad de M\u00e9xico con una estancia de seis d\u00edas.<\/p>\n<p>M\u00e9xico tambi\u00e9n ser\u00e1 el primer pa\u00eds en el continente americano que acoja el Tour del Trofeo de la Copa Mundial de la FIFA, que es presentado por Coca-Cola.<\/p>\n<p>El cetro estar\u00e1 en Ciudad de M\u00e9xico, capital del pa\u00eds norteamericano, del 15 al 18 de octubre, tras lo cual visitar\u00e1 el 19 Monterrey, ciudad ubicada en el noroeste mexicano, y finalizar\u00e1 con un viaje al oeste del territorio, en Guadalajara, el 20 de octubre.<\/p>\n<p><strong>Vea adem\u00e1s: <\/strong><a href=\"http:\/\/www.sporthiva.com\/index.php\/2022\/09\/19\/la-federacion-francesa-acepta-negociar-los-derechos-de-imagen-con-mbappe\/\"><strong>La Federaci\u00f3n Francesa acepta negociar los derechos de imagen con Mbapp\u00e9<\/strong><\/a><\/p>\n<p>El tour se inici\u00f3 en mayo en Dub\u00e1i y por primera vez viajar\u00e1 a los 32 naciones que disputar\u00e1n el Mundial del pr\u00f3ximo 20 de noviembre al 18 de diciembre en Qatar.<\/p>\n<div class=\"mvp-post-soc-in\">\n<div id=\"mvp-content-body\" class=\"left relative\">\n<div id=\"mvp-content-body-top\" class=\"left relative\">\n<div id=\"mvp-content-main\" class=\"left relative\">\n<p data-inc=\"1\">Tras su visita a M\u00e9xico, la Copa del Mundo se ir\u00e1 a Brasil, a R\u00edo de Janeiro. Otros pa\u00edses de Am\u00e9rica que recibir\u00e1n el trofeo son Argentina, Uruguay, Ecuador y Costa Rica.<\/p>\n<p>Antes del inicio de Qatar 2022, la gira del trofeo estar\u00e1 por 51 pa\u00edses y territorios, para que Coca-Cola y la FIFA logren la meta de que antes del final de esta d\u00e9cada 211 pa\u00edses y territorios que forman parte de la federaci\u00f3n lo hayan acogido.<\/p>\n<p>En M\u00e9xico dicha gira contar\u00e1 con otras actividades en las que estar\u00e1n personalidades del deporte nacional, miembros del gobierno y habr\u00e1 otros eventos para los aficionados.<\/p>\n<p><strong>Le interesa tambi\u00e9n: <\/strong><a href=\"http:\/\/www.sporthiva.com\/index.php\/2022\/09\/19\/vucetich-se-recupera-tras-sufrir-baja-de-presion-arterial-en-un-entrenamiento\/\"><strong>Vucetich se recupera tras sufrir baja de presi\u00f3n arterial en un entrenamiento<\/strong><\/a><\/p>\n<p>Tambi\u00e9n, Coca-Cola presentar\u00e1 la campa\u00f1a \u2018La Magia de Creer\u2019, que pretende incentivar a los aficionados a confiar en que su equipo podr\u00e1 levantar la Copa del Mundo en Qatar 2022.<\/p>\n<p data-inc=\"2\">La Copa del Mundo est\u00e1 hecha de oro macizo y pesa 6.142 kilogramos. El dise\u00f1o data de 1974 y es de dos figuras humanas que sostienen un globo.<\/p>\n<p>Los pa\u00edses que han ganado el trofeo conservan la versi\u00f3n original por un tiempo, tras lo cual reciben una r\u00e9plica y la FIFA, por regulaci\u00f3n, lo vuelve a resguardar.<\/p>\n<\/div>\n<\/div>\n<\/div>\n<\/div>\n","protected":false},"excerpt":{"rendered":"<p>M\u00e9xico M\u00e9xico ser\u00e1 el pa\u00eds que mayor tiempo acoger\u00e1 el trofeo de la Copa del Mundo, que 32 selecciones se disputar\u00e1n en el Mundial Qatar 2022, cuando a partir del 15 de octubre se inicie la gira en Ciudad de M\u00e9xico con una estancia de seis d\u00edas. M\u00e9xico tambi\u00e9n ser\u00e1 el primer pa\u00eds en el&nbsp;<\/p>\n<p><a class=\"btn btn-style\" href=\"http:\/\/www.sporthiva.com\/index.php\/2022\/09\/19\/la-gira-del-trofeo-de-la-copa-del-mundo-llega-a-mexico\/\">Continuar leyendo<\/a><\/p>\n","protected":false},"author":7,"featured_media":0,"comment_status":"open","ping_status":"open","sticky":false,"template":"","format":"standard","meta":{"qubely_global_settings":"","qubely_interactions":""},"categories":[563],"tags":[5145,180],"qubely_featured_image_url":null,"qubely_author":{"display_name":"Evelyn Pineda","author_link":"http:\/\/www.sporthiva.com\/index.php\/author\/epineda\/"},"qubely_comment":0,"qubely_category":"<a href=\"http:\/\/www.sporthiva.com\/index.php\/category\/internacionales\/\" rel=\"category tag\">Internacionales<\/a>","qubely_excerpt":"M\u00e9xico M\u00e9xico ser\u00e1 el pa\u00eds que mayor tiempo acoger\u00e1 el trofeo de la Copa del Mundo, que 32 selecciones se disputar\u00e1n en el Mundial Qatar 2022, cuando a partir del 15 de octubre se inicie la gira en Ciudad de M\u00e9xico con una estancia de seis d\u00edas. M\u00e9xico tambi\u00e9n ser\u00e1 el primer pa\u00eds en el&nbsp;Continuar&hellip;","yoast_head":"<!-- This site is optimized with the Yoast SEO plugin v17.8 - https:\/\/yoast.com\/wordpress\/plugins\/seo\/ -->\n<title>La gira del trofeo de la Copa del Mundo llega a M\u00e9xico - Sporthiva Online<\/title>\n<meta name=\"robots\" content=\"index, follow, max-snippet:-1, max-image-preview:large, max-video-preview:-1\" \/>\n<link rel=\"canonical\" href=\"http:\/\/www.sporthiva.com\/index.php\/2022\/09\/19\/la-gira-del-trofeo-de-la-copa-del-mundo-llega-a-mexico\/\" \/>\n<meta property=\"og:locale\" content=\"es_ES\" \/>\n<meta property=\"og:type\" content=\"article\" \/>\n<meta property=\"og:title\" content=\"La gira del trofeo de la Copa del Mundo llega a M\u00e9xico - Sporthiva Online\" \/>\n<meta property=\"og:description\" content=\"M\u00e9xico M\u00e9xico ser\u00e1 el pa\u00eds que mayor tiempo acoger\u00e1 el trofeo de la Copa del Mundo, que 32 selecciones se disputar\u00e1n en el Mundial Qatar 2022, cuando a partir del 15 de octubre se inicie la gira en Ciudad de M\u00e9xico con una estancia de seis d\u00edas. M\u00e9xico tambi\u00e9n ser\u00e1 el primer pa\u00eds en el&nbsp;Continuar leyendo\" \/>\n<meta property=\"og:url\" content=\"http:\/\/www.sporthiva.com\/index.php\/2022\/09\/19\/la-gira-del-trofeo-de-la-copa-del-mundo-llega-a-mexico\/\" \/>\n<meta property=\"og:site_name\" content=\"Sporthiva Online\" \/>\n<meta property=\"article:published_time\" content=\"2022-09-20T02:02:57+00:00\" \/>\n<meta name=\"twitter:card\" content=\"summary\" \/>\n<meta name=\"twitter:label1\" content=\"Escrito por\" \/>\n\t<meta name=\"twitter:data1\" content=\"Evelyn Pineda\" \/>\n\t<meta name=\"twitter:label2\" content=\"Tiempo de lectura\" \/>\n\t<meta name=\"twitter:data2\" content=\"2 minutos\" \/>\n<script type=\"application\/ld+json\" class=\"yoast-schema-graph\">{\"@context\":\"https:\/\/schema.org\",\"@graph\":[{\"@type\":\"WebSite\",\"@id\":\"http:\/\/www.sporthiva.com\/#website\",\"url\":\"http:\/\/www.sporthiva.com\/\",\"name\":\"Sporthiva Online\",\"description\":\"Sporthiva Online\",\"potentialAction\":[{\"@type\":\"SearchAction\",\"target\":{\"@type\":\"EntryPoint\",\"urlTemplate\":\"http:\/\/www.sporthiva.com\/?s={search_term_string}\"},\"query-input\":\"required name=search_term_string\"}],\"inLanguage\":\"es\"},{\"@type\":\"WebPage\",\"@id\":\"http:\/\/www.sporthiva.com\/index.php\/2022\/09\/19\/la-gira-del-trofeo-de-la-copa-del-mundo-llega-a-mexico\/#webpage\",\"url\":\"http:\/\/www.sporthiva.com\/index.php\/2022\/09\/19\/la-gira-del-trofeo-de-la-copa-del-mundo-llega-a-mexico\/\",\"name\":\"La gira del trofeo de la Copa del Mundo llega a M\\u00e9xico - Sporthiva Online\",\"isPartOf\":{\"@id\":\"http:\/\/www.sporthiva.com\/#website\"},\"datePublished\":\"2022-09-20T02:02:57+00:00\",\"dateModified\":\"2022-09-20T02:02:57+00:00\",\"author\":{\"@id\":\"http:\/\/www.sporthiva.com\/#\/schema\/person\/551718db343e60bf7d707f9085b1e611\"},\"breadcrumb\":{\"@id\":\"http:\/\/www.sporthiva.com\/index.php\/2022\/09\/19\/la-gira-del-trofeo-de-la-copa-del-mundo-llega-a-mexico\/#breadcrumb\"},\"inLanguage\":\"es\",\"potentialAction\":[{\"@type\":\"ReadAction\",\"target\":[\"http:\/\/www.sporthiva.com\/index.php\/2022\/09\/19\/la-gira-del-trofeo-de-la-copa-del-mundo-llega-a-mexico\/\"]}]},{\"@type\":\"BreadcrumbList\",\"@id\":\"http:\/\/www.sporthiva.com\/index.php\/2022\/09\/19\/la-gira-del-trofeo-de-la-copa-del-mundo-llega-a-mexico\/#breadcrumb\",\"itemListElement\":[{\"@type\":\"ListItem\",\"position\":1,\"name\":\"Portada\",\"item\":\"http:\/\/www.sporthiva.com\/\"},{\"@type\":\"ListItem\",\"position\":2,\"name\":\"La gira del trofeo de la Copa del Mundo llega a M\\u00e9xico\"}]},{\"@type\":\"Person\",\"@id\":\"http:\/\/www.sporthiva.com\/#\/schema\/person\/551718db343e60bf7d707f9085b1e611\",\"name\":\"Evelyn Pineda\",\"image\":{\"@type\":\"ImageObject\",\"@id\":\"http:\/\/www.sporthiva.com\/#personlogo\",\"inLanguage\":\"es\",\"url\":\"http:\/\/1.gravatar.com\/avatar\/73932ff8109aee94864b4504adf4d91e?s=96&d=mm&r=g\",\"contentUrl\":\"http:\/\/1.gravatar.com\/avatar\/73932ff8109aee94864b4504adf4d91e?s=96&d=mm&r=g\",\"caption\":\"Evelyn Pineda\"},\"sameAs\":[\"http:\/\/www.sporthiva.com\/\"],\"url\":\"http:\/\/www.sporthiva.com\/index.php\/author\/epineda\/\"}]}<\/script>\n<!-- \/ Yoast SEO plugin. -->","yoast_head_json":{"title":"La gira del trofeo de la Copa del Mundo llega a M\u00e9xico - Sporthiva Online","robots":{"index":"index","follow":"follow","max-snippet":"max-snippet:-1","max-image-preview":"max-image-preview:large","max-video-preview":"max-video-preview:-1"},"canonical":"http:\/\/www.sporthiva.com\/index.php\/2022\/09\/19\/la-gira-del-trofeo-de-la-copa-del-mundo-llega-a-mexico\/","og_locale":"es_ES","og_type":"article","og_title":"La gira del trofeo de la Copa del Mundo llega a M\u00e9xico - Sporthiva Online","og_description":"M\u00e9xico M\u00e9xico ser\u00e1 el pa\u00eds que mayor tiempo acoger\u00e1 el trofeo de la Copa del Mundo, que 32 selecciones se disputar\u00e1n en el Mundial Qatar 2022, cuando a partir del 15 de octubre se inicie la gira en Ciudad de M\u00e9xico con una estancia de seis d\u00edas. M\u00e9xico tambi\u00e9n ser\u00e1 el primer pa\u00eds en el&nbsp;Continuar leyendo","og_url":"http:\/\/www.sporthiva.com\/index.php\/2022\/09\/19\/la-gira-del-trofeo-de-la-copa-del-mundo-llega-a-mexico\/","og_site_name":"Sporthiva Online","article_published_time":"2022-09-20T02:02:57+00:00","twitter_card":"summary","twitter_misc":{"Escrito por":"Evelyn Pineda","Tiempo de lectura":"2 minutos"},"schema":{"@context":"https:\/\/schema.org","@graph":[{"@type":"WebSite","@id":"http:\/\/www.sporthiva.com\/#website","url":"http:\/\/www.sporthiva.com\/","name":"Sporthiva Online","description":"Sporthiva Online","potentialAction":[{"@type":"SearchAction","target":{"@type":"EntryPoint","urlTemplate":"http:\/\/www.sporthiva.com\/?s={search_term_string}"},"query-input":"required name=search_term_string"}],"inLanguage":"es"},{"@type":"WebPage","@id":"http:\/\/www.sporthiva.com\/index.php\/2022\/09\/19\/la-gira-del-trofeo-de-la-copa-del-mundo-llega-a-mexico\/#webpage","url":"http:\/\/www.sporthiva.com\/index.php\/2022\/09\/19\/la-gira-del-trofeo-de-la-copa-del-mundo-llega-a-mexico\/","name":"La gira del trofeo de la Copa del Mundo llega a M\u00e9xico - Sporthiva Online","isPartOf":{"@id":"http:\/\/www.sporthiva.com\/#website"},"datePublished":"2022-09-20T02:02:57+00:00","dateModified":"2022-09-20T02:02:57+00:00","author":{"@id":"http:\/\/www.sporthiva.com\/#\/schema\/person\/551718db343e60bf7d707f9085b1e611"},"breadcrumb":{"@id":"http:\/\/www.sporthiva.com\/index.php\/2022\/09\/19\/la-gira-del-trofeo-de-la-copa-del-mundo-llega-a-mexico\/#breadcrumb"},"inLanguage":"es","potentialAction":[{"@type":"ReadAction","target":["http:\/\/www.sporthiva.com\/index.php\/2022\/09\/19\/la-gira-del-trofeo-de-la-copa-del-mundo-llega-a-mexico\/"]}]},{"@type":"BreadcrumbList","@id":"http:\/\/www.sporthiva.com\/index.php\/2022\/09\/19\/la-gira-del-trofeo-de-la-copa-del-mundo-llega-a-mexico\/#breadcrumb","itemListElement":[{"@type":"ListItem","position":1,"name":"Portada","item":"http:\/\/www.sporthiva.com\/"},{"@type":"ListItem","position":2,"name":"La gira del trofeo de la Copa del Mundo llega a M\u00e9xico"}]},{"@type":"Person","@id":"http:\/\/www.sporthiva.com\/#\/schema\/person\/551718db343e60bf7d707f9085b1e611","name":"Evelyn Pineda","image":{"@type":"ImageObject","@id":"http:\/\/www.sporthiva.com\/#personlogo","inLanguage":"es","url":"http:\/\/1.gravatar.com\/avatar\/73932ff8109aee94864b4504adf4d91e?s=96&d=mm&r=g","contentUrl":"http:\/\/1.gravatar.com\/avatar\/73932ff8109aee94864b4504adf4d91e?s=96&d=mm&r=g","caption":"Evelyn Pineda"},"sameAs":["http:\/\/www.sporthiva.com\/"],"url":"http:\/\/www.sporthiva.com\/index.php\/author\/epineda\/"}]}},"_links":{"self":[{"href":"http:\/\/www.sporthiva.com\/index.php\/wp-json\/wp\/v2\/posts\/126865"}],"collection":[{"href":"http:\/\/www.sporthiva.com\/index.php\/wp-json\/wp\/v2\/posts"}],"about":[{"href":"http:\/\/www.sporthiva.com\/index.php\/wp-json\/wp\/v2\/types\/post"}],"author":[{"embeddable":true,"href":"http:\/\/www.sporthiva.com\/index.php\/wp-json\/wp\/v2\/users\/7"}],"replies":[{"embeddable":true,"href":"http:\/\/www.sporthiva.com\/index.php\/wp-json\/wp\/v2\/comments?post=126865"}],"version-history":[{"count":1,"href":"http:\/\/www.sporthiva.com\/index.php\/wp-json\/wp\/v2\/posts\/126865\/revisions"}],"predecessor-version":[{"id":126867,"href":"http:\/\/www.sporthiva.com\/index.php\/wp-json\/wp\/v2\/posts\/126865\/revisions\/126867"}],"wp:attachment":[{"href":"http:\/\/www.sporthiva.com\/index.php\/wp-json\/wp\/v2\/media?parent=126865"}],"wp:term":[{"taxonomy":"category","embeddable":true,"href":"http:\/\/www.sporthiva.com\/index.php\/wp-json\/wp\/v2\/categories?post=126865"},{"taxonomy":"post_tag","embeddable":true,"href":"http:\/\/www.sporthiva.com\/index.php\/wp-json\/wp\/v2\/tags?post=126865"}],"curies":[{"name":"wp","href":"https:\/\/api.w.org\/{rel}","templated":true}]}}