{"id":127153,"date":"2022-09-25T16:21:03","date_gmt":"2022-09-25T22:21:03","guid":{"rendered":"http:\/\/www.sporthiva.com\/?p=127153"},"modified":"2022-09-25T16:21:03","modified_gmt":"2022-09-25T22:21:03","slug":"belgrano-de-cordoba-nuevo-inquilino-en-la-primera-division-de-argentina","status":"publish","type":"post","link":"http:\/\/www.sporthiva.com\/index.php\/2022\/09\/25\/belgrano-de-cordoba-nuevo-inquilino-en-la-primera-division-de-argentina\/","title":{"rendered":"Belgrano de C\u00f3rdoba, nuevo inquilino en la Primera Divisi\u00f3n de Argentina"},"content":{"rendered":"<p><strong>Buenos Aires, Argentina<\/strong><\/p>\n<p>Belgrano de C\u00f3rdoba derrot\u00f3 por 2-3 a Brown de Adrogu\u00e9 en el Estadio \u00danico de San Nicol\u00e1s y sell\u00f3 su regreso a la Primera Divisi\u00f3n del f\u00fatbol argentino despu\u00e9s de tres a\u00f1os en la segunda, y con dos jornadas de anticipaci\u00f3n al desenlace de este torneo.<\/p>\n<p>El equipo de C\u00f3rdoba ha sacado once puntos de ventaja a su escolta y vecino, Instituto de C\u00f3rdoba.<\/p>\n<p>El Pirata cordob\u00e9s remont\u00f3 dos veces un resultado adverso con un doblete de Pablo Vegetti y un tanto de Joaqu\u00edn Susvielles. Brown de Adrogu\u00e9, equipo de la capital argentina, marc\u00f3 a trav\u00e9s de Franco Ben\u00edtez y Juan Mendoza.<\/p>\n<p><strong>Vea adem\u00e1s: <\/strong><a href=\"http:\/\/www.sporthiva.com\/index.php\/2022\/09\/25\/ronaldinho-deleita-con-su-futbol-en-ecuador\/\"><strong>Ronaldinho deleita con su f\u00fatbol en Ecuador<\/strong><\/a><\/p>\n<p data-inc=\"1\">Belgrano regresa a la elite del f\u00fatbol argentino por primera vez en condici\u00f3n de campe\u00f3n de un torneo.<\/p>\n<p>La clasificaci\u00f3n de Belgrano result\u00f3 hoy muy emotiva y seguida en el Estadio San Nicol\u00e1s por 25.000 cordobeses que en su mayor\u00eda recorrieron 463 kil\u00f3metros desde su ciudad en una suerte de peregrinaci\u00f3n.<\/p>\n<p>Con una campa\u00f1a de 22 triunfos, 7 empates y 5 derrotas, el equipo cordob\u00e9s dirigido por Guillermo Farr\u00e9 sell\u00f3 con el t\u00edtulo anticipado una campa\u00f1a que lo tuvo entre la cima de la clasificaci\u00f3n desde la primera jornada en un certamen con 37 equipos.<\/p>\n<p>Justamente Guillermo Farr\u00e9 se transform\u00f3 en la primera figura que logra un ascenso con Belgrano tanto como jugador en 2011 como t\u00e9cnico, 11 a\u00f1os despu\u00e9s. Pablo Vegetti, autor de dos goles en esta tarde de San Nicol\u00e1s, es el m\u00e1ximo artillero del torneo con 16.<\/p>\n<p><strong>Le interesa tambi\u00e9n: <\/strong><a href=\"http:\/\/www.sporthiva.com\/index.php\/2022\/09\/25\/keyrol-figueroa-anota-su-primer-gol-con-la-seleccion-sub-17-de-estados-unidos\/\"><strong>Keyrol Figueroa anota su primer gol con la Selecci\u00f3n Sub-17 de Estados Unidos<\/strong><\/a><\/p>\n<p>Esta consagraci\u00f3n de Belgrano se logra con un presidente tan emblem\u00e1tico para la historia de la instituci\u00f3n como Luis Fabi\u00e1n \u2018Luifa\u2019 Artime, m\u00e1ximo goleador hist\u00f3rico de el equipo \u2018Pirata\u2019.<\/p>\n<p>Luego de esta consagraci\u00f3n, se disputar\u00e1 un torneo reducido entre los situados del segundo a la decimotercera posici\u00f3n para definir el segundo equipo que ascender\u00e1 para la temporada 2023 en la \u00e9lite del f\u00fatbol argentino.<\/p>\n<p>El segundo se clasificar\u00e1 directamente a las semifinales del torneo reducido, el tercero se sumar\u00e1 en cuartos de final y del cuarto al decimotercer lugar disputar\u00e1n los octavos de final.<\/p>\n","protected":false},"excerpt":{"rendered":"<p>Buenos Aires, Argentina Belgrano de C\u00f3rdoba derrot\u00f3 por 2-3 a Brown de Adrogu\u00e9 en el Estadio \u00danico de San Nicol\u00e1s y sell\u00f3 su regreso a la Primera Divisi\u00f3n del f\u00fatbol argentino despu\u00e9s de tres a\u00f1os en la segunda, y con dos jornadas de anticipaci\u00f3n al desenlace de este torneo. El equipo de C\u00f3rdoba ha sacado&nbsp;<\/p>\n<p><a class=\"btn btn-style\" href=\"http:\/\/www.sporthiva.com\/index.php\/2022\/09\/25\/belgrano-de-cordoba-nuevo-inquilino-en-la-primera-division-de-argentina\/\">Continuar leyendo<\/a><\/p>\n","protected":false},"author":7,"featured_media":0,"comment_status":"open","ping_status":"open","sticky":false,"template":"","format":"standard","meta":{"qubely_global_settings":"","qubely_interactions":""},"categories":[563],"tags":[5208,5209,5210],"qubely_featured_image_url":null,"qubely_author":{"display_name":"Evelyn Pineda","author_link":"http:\/\/www.sporthiva.com\/index.php\/author\/epineda\/"},"qubely_comment":0,"qubely_category":"<a href=\"http:\/\/www.sporthiva.com\/index.php\/category\/internacionales\/\" rel=\"category tag\">Internacionales<\/a>","qubely_excerpt":"Buenos Aires, Argentina Belgrano de C\u00f3rdoba derrot\u00f3 por 2-3 a Brown de Adrogu\u00e9 en el Estadio \u00danico de San Nicol\u00e1s y sell\u00f3 su regreso a la Primera Divisi\u00f3n del f\u00fatbol argentino despu\u00e9s de tres a\u00f1os en la segunda, y con dos jornadas de anticipaci\u00f3n al desenlace de este torneo. El equipo de C\u00f3rdoba ha sacado&nbsp;Continuar&hellip;","yoast_head":"<!-- This site is optimized with the Yoast SEO plugin v17.8 - https:\/\/yoast.com\/wordpress\/plugins\/seo\/ -->\n<title>Belgrano de C\u00f3rdoba, nuevo inquilino en la Primera Divisi\u00f3n de Argentina - Sporthiva Online<\/title>\n<meta name=\"robots\" content=\"index, follow, max-snippet:-1, max-image-preview:large, max-video-preview:-1\" \/>\n<link rel=\"canonical\" href=\"http:\/\/www.sporthiva.com\/index.php\/2022\/09\/25\/belgrano-de-cordoba-nuevo-inquilino-en-la-primera-division-de-argentina\/\" \/>\n<meta property=\"og:locale\" content=\"es_ES\" \/>\n<meta property=\"og:type\" content=\"article\" \/>\n<meta property=\"og:title\" content=\"Belgrano de C\u00f3rdoba, nuevo inquilino en la Primera Divisi\u00f3n de Argentina - Sporthiva Online\" \/>\n<meta property=\"og:description\" content=\"Buenos Aires, Argentina Belgrano de C\u00f3rdoba derrot\u00f3 por 2-3 a Brown de Adrogu\u00e9 en el Estadio \u00danico de San Nicol\u00e1s y sell\u00f3 su regreso a la Primera Divisi\u00f3n del f\u00fatbol argentino despu\u00e9s de tres a\u00f1os en la segunda, y con dos jornadas de anticipaci\u00f3n al desenlace de este torneo. El equipo de C\u00f3rdoba ha sacado&nbsp;Continuar leyendo\" \/>\n<meta property=\"og:url\" content=\"http:\/\/www.sporthiva.com\/index.php\/2022\/09\/25\/belgrano-de-cordoba-nuevo-inquilino-en-la-primera-division-de-argentina\/\" \/>\n<meta property=\"og:site_name\" content=\"Sporthiva Online\" \/>\n<meta property=\"article:published_time\" content=\"2022-09-25T22:21:03+00:00\" \/>\n<meta name=\"twitter:card\" content=\"summary\" \/>\n<meta name=\"twitter:label1\" content=\"Escrito por\" \/>\n\t<meta name=\"twitter:data1\" content=\"Evelyn Pineda\" \/>\n\t<meta name=\"twitter:label2\" content=\"Tiempo de lectura\" \/>\n\t<meta name=\"twitter:data2\" content=\"2 minutos\" \/>\n<script type=\"application\/ld+json\" class=\"yoast-schema-graph\">{\"@context\":\"https:\/\/schema.org\",\"@graph\":[{\"@type\":\"WebSite\",\"@id\":\"http:\/\/www.sporthiva.com\/#website\",\"url\":\"http:\/\/www.sporthiva.com\/\",\"name\":\"Sporthiva Online\",\"description\":\"Sporthiva Online\",\"potentialAction\":[{\"@type\":\"SearchAction\",\"target\":{\"@type\":\"EntryPoint\",\"urlTemplate\":\"http:\/\/www.sporthiva.com\/?s={search_term_string}\"},\"query-input\":\"required name=search_term_string\"}],\"inLanguage\":\"es\"},{\"@type\":\"WebPage\",\"@id\":\"http:\/\/www.sporthiva.com\/index.php\/2022\/09\/25\/belgrano-de-cordoba-nuevo-inquilino-en-la-primera-division-de-argentina\/#webpage\",\"url\":\"http:\/\/www.sporthiva.com\/index.php\/2022\/09\/25\/belgrano-de-cordoba-nuevo-inquilino-en-la-primera-division-de-argentina\/\",\"name\":\"Belgrano de C\\u00f3rdoba, nuevo inquilino en la Primera Divisi\\u00f3n de Argentina - Sporthiva Online\",\"isPartOf\":{\"@id\":\"http:\/\/www.sporthiva.com\/#website\"},\"datePublished\":\"2022-09-25T22:21:03+00:00\",\"dateModified\":\"2022-09-25T22:21:03+00:00\",\"author\":{\"@id\":\"http:\/\/www.sporthiva.com\/#\/schema\/person\/551718db343e60bf7d707f9085b1e611\"},\"breadcrumb\":{\"@id\":\"http:\/\/www.sporthiva.com\/index.php\/2022\/09\/25\/belgrano-de-cordoba-nuevo-inquilino-en-la-primera-division-de-argentina\/#breadcrumb\"},\"inLanguage\":\"es\",\"potentialAction\":[{\"@type\":\"ReadAction\",\"target\":[\"http:\/\/www.sporthiva.com\/index.php\/2022\/09\/25\/belgrano-de-cordoba-nuevo-inquilino-en-la-primera-division-de-argentina\/\"]}]},{\"@type\":\"BreadcrumbList\",\"@id\":\"http:\/\/www.sporthiva.com\/index.php\/2022\/09\/25\/belgrano-de-cordoba-nuevo-inquilino-en-la-primera-division-de-argentina\/#breadcrumb\",\"itemListElement\":[{\"@type\":\"ListItem\",\"position\":1,\"name\":\"Portada\",\"item\":\"http:\/\/www.sporthiva.com\/\"},{\"@type\":\"ListItem\",\"position\":2,\"name\":\"Belgrano de C\\u00f3rdoba, nuevo inquilino en la Primera Divisi\\u00f3n de Argentina\"}]},{\"@type\":\"Person\",\"@id\":\"http:\/\/www.sporthiva.com\/#\/schema\/person\/551718db343e60bf7d707f9085b1e611\",\"name\":\"Evelyn Pineda\",\"image\":{\"@type\":\"ImageObject\",\"@id\":\"http:\/\/www.sporthiva.com\/#personlogo\",\"inLanguage\":\"es\",\"url\":\"http:\/\/1.gravatar.com\/avatar\/73932ff8109aee94864b4504adf4d91e?s=96&d=mm&r=g\",\"contentUrl\":\"http:\/\/1.gravatar.com\/avatar\/73932ff8109aee94864b4504adf4d91e?s=96&d=mm&r=g\",\"caption\":\"Evelyn Pineda\"},\"sameAs\":[\"http:\/\/www.sporthiva.com\/\"],\"url\":\"http:\/\/www.sporthiva.com\/index.php\/author\/epineda\/\"}]}<\/script>\n<!-- \/ Yoast SEO plugin. -->","yoast_head_json":{"title":"Belgrano de C\u00f3rdoba, nuevo inquilino en la Primera Divisi\u00f3n de Argentina - Sporthiva Online","robots":{"index":"index","follow":"follow","max-snippet":"max-snippet:-1","max-image-preview":"max-image-preview:large","max-video-preview":"max-video-preview:-1"},"canonical":"http:\/\/www.sporthiva.com\/index.php\/2022\/09\/25\/belgrano-de-cordoba-nuevo-inquilino-en-la-primera-division-de-argentina\/","og_locale":"es_ES","og_type":"article","og_title":"Belgrano de C\u00f3rdoba, nuevo inquilino en la Primera Divisi\u00f3n de Argentina - Sporthiva Online","og_description":"Buenos Aires, Argentina Belgrano de C\u00f3rdoba derrot\u00f3 por 2-3 a Brown de Adrogu\u00e9 en el Estadio \u00danico de San Nicol\u00e1s y sell\u00f3 su regreso a la Primera Divisi\u00f3n del f\u00fatbol argentino despu\u00e9s de tres a\u00f1os en la segunda, y con dos jornadas de anticipaci\u00f3n al desenlace de este torneo. El equipo de C\u00f3rdoba ha sacado&nbsp;Continuar leyendo","og_url":"http:\/\/www.sporthiva.com\/index.php\/2022\/09\/25\/belgrano-de-cordoba-nuevo-inquilino-en-la-primera-division-de-argentina\/","og_site_name":"Sporthiva Online","article_published_time":"2022-09-25T22:21:03+00:00","twitter_card":"summary","twitter_misc":{"Escrito por":"Evelyn Pineda","Tiempo de lectura":"2 minutos"},"schema":{"@context":"https:\/\/schema.org","@graph":[{"@type":"WebSite","@id":"http:\/\/www.sporthiva.com\/#website","url":"http:\/\/www.sporthiva.com\/","name":"Sporthiva Online","description":"Sporthiva Online","potentialAction":[{"@type":"SearchAction","target":{"@type":"EntryPoint","urlTemplate":"http:\/\/www.sporthiva.com\/?s={search_term_string}"},"query-input":"required name=search_term_string"}],"inLanguage":"es"},{"@type":"WebPage","@id":"http:\/\/www.sporthiva.com\/index.php\/2022\/09\/25\/belgrano-de-cordoba-nuevo-inquilino-en-la-primera-division-de-argentina\/#webpage","url":"http:\/\/www.sporthiva.com\/index.php\/2022\/09\/25\/belgrano-de-cordoba-nuevo-inquilino-en-la-primera-division-de-argentina\/","name":"Belgrano de C\u00f3rdoba, nuevo inquilino en la Primera Divisi\u00f3n de Argentina - Sporthiva Online","isPartOf":{"@id":"http:\/\/www.sporthiva.com\/#website"},"datePublished":"2022-09-25T22:21:03+00:00","dateModified":"2022-09-25T22:21:03+00:00","author":{"@id":"http:\/\/www.sporthiva.com\/#\/schema\/person\/551718db343e60bf7d707f9085b1e611"},"breadcrumb":{"@id":"http:\/\/www.sporthiva.com\/index.php\/2022\/09\/25\/belgrano-de-cordoba-nuevo-inquilino-en-la-primera-division-de-argentina\/#breadcrumb"},"inLanguage":"es","potentialAction":[{"@type":"ReadAction","target":["http:\/\/www.sporthiva.com\/index.php\/2022\/09\/25\/belgrano-de-cordoba-nuevo-inquilino-en-la-primera-division-de-argentina\/"]}]},{"@type":"BreadcrumbList","@id":"http:\/\/www.sporthiva.com\/index.php\/2022\/09\/25\/belgrano-de-cordoba-nuevo-inquilino-en-la-primera-division-de-argentina\/#breadcrumb","itemListElement":[{"@type":"ListItem","position":1,"name":"Portada","item":"http:\/\/www.sporthiva.com\/"},{"@type":"ListItem","position":2,"name":"Belgrano de C\u00f3rdoba, nuevo inquilino en la Primera Divisi\u00f3n de Argentina"}]},{"@type":"Person","@id":"http:\/\/www.sporthiva.com\/#\/schema\/person\/551718db343e60bf7d707f9085b1e611","name":"Evelyn Pineda","image":{"@type":"ImageObject","@id":"http:\/\/www.sporthiva.com\/#personlogo","inLanguage":"es","url":"http:\/\/1.gravatar.com\/avatar\/73932ff8109aee94864b4504adf4d91e?s=96&d=mm&r=g","contentUrl":"http:\/\/1.gravatar.com\/avatar\/73932ff8109aee94864b4504adf4d91e?s=96&d=mm&r=g","caption":"Evelyn Pineda"},"sameAs":["http:\/\/www.sporthiva.com\/"],"url":"http:\/\/www.sporthiva.com\/index.php\/author\/epineda\/"}]}},"_links":{"self":[{"href":"http:\/\/www.sporthiva.com\/index.php\/wp-json\/wp\/v2\/posts\/127153"}],"collection":[{"href":"http:\/\/www.sporthiva.com\/index.php\/wp-json\/wp\/v2\/posts"}],"about":[{"href":"http:\/\/www.sporthiva.com\/index.php\/wp-json\/wp\/v2\/types\/post"}],"author":[{"embeddable":true,"href":"http:\/\/www.sporthiva.com\/index.php\/wp-json\/wp\/v2\/users\/7"}],"replies":[{"embeddable":true,"href":"http:\/\/www.sporthiva.com\/index.php\/wp-json\/wp\/v2\/comments?post=127153"}],"version-history":[{"count":1,"href":"http:\/\/www.sporthiva.com\/index.php\/wp-json\/wp\/v2\/posts\/127153\/revisions"}],"predecessor-version":[{"id":127155,"href":"http:\/\/www.sporthiva.com\/index.php\/wp-json\/wp\/v2\/posts\/127153\/revisions\/127155"}],"wp:attachment":[{"href":"http:\/\/www.sporthiva.com\/index.php\/wp-json\/wp\/v2\/media?parent=127153"}],"wp:term":[{"taxonomy":"category","embeddable":true,"href":"http:\/\/www.sporthiva.com\/index.php\/wp-json\/wp\/v2\/categories?post=127153"},{"taxonomy":"post_tag","embeddable":true,"href":"http:\/\/www.sporthiva.com\/index.php\/wp-json\/wp\/v2\/tags?post=127153"}],"curies":[{"name":"wp","href":"https:\/\/api.w.org\/{rel}","templated":true}]}}