{"id":127422,"date":"2022-09-30T14:54:49","date_gmt":"2022-09-30T20:54:49","guid":{"rendered":"http:\/\/www.sporthiva.com\/?p=127422"},"modified":"2022-09-30T14:54:49","modified_gmt":"2022-09-30T20:54:49","slug":"gabriel-jesus-dejo-al-manchester-city-por-diferencias-con-pep-guardiola","status":"publish","type":"post","link":"http:\/\/www.sporthiva.com\/index.php\/2022\/09\/30\/gabriel-jesus-dejo-al-manchester-city-por-diferencias-con-pep-guardiola\/","title":{"rendered":"Gabriel Jes\u00fas dej\u00f3 al Manchester City por diferencias con Pep Guardiola"},"content":{"rendered":"<p><strong>Londres, Inglaterra<\/strong><\/p>\n<p class=\"paragraph\">El internacional brasile\u00f1o Gabriel Jesus dijo que su transferencia esta temporada del Manchester City al Arsenal de Londres se debi\u00f3 a diferencias futbol\u00edsticas con el entrenador de los \u00abcitizens\u00bb, el espa\u00f1ol Pep Guardiola.<\/p>\n<p class=\"paragraph\">\u00abFui muy feliz en el Manchester City, no es que estuviera infeliz all\u00e1. Pero tambi\u00e9n tuve que aceptar la forma como el equipo quer\u00eda que yo jugara, y eso era algo claro\u00bb, dijo el atacante, de 25 a\u00f1os, en una entrevista con ESPN Brasil.<\/p>\n<p class=\"paragraph\">\u00abLa cuesti\u00f3n era la forma en que \u00e9l (Guardiola) entend\u00eda el f\u00fatbol y lo que \u00e9l quer\u00eda. En ese caso depende de ti aceptarlo o no. Si no aceptas, entonces &#8216;gracias&#8217; y vamos a por otro desaf\u00edo. Yo acept\u00e9 por un tiempo, pero lleg\u00f3 un momento en que dije: &#8216;Quiero otra cosa para m\u00ed&#8217;. Agradec\u00ed, &#8216;gracias por todo&#8217;, \u00e9l entendi\u00f3 y listo\u00bb, agreg\u00f3.<\/p>\n<p><strong>Vea adem\u00e1s: <\/strong><a href=\"http:\/\/www.sporthiva.com\/index.php\/2022\/09\/30\/hinchas-de-colo-colo-colapsan-techo-del-estadio-monumental\/\"><strong>Hinchas de Colo-Colo colapsan techo del Estadio Monumental<\/strong><\/a><\/p>\n<p class=\"paragraph\">Dirigido por el espa\u00f1ol Mikel Arteta, otrora asistente t\u00e9cnico de Pep en el City, Arsenal pag\u00f3 45 millones de libras (50 millones de d\u00f3lares) por el atacante paulista, que defendi\u00f3 al actual campe\u00f3n de la liga inglesa durante cinco temporadas.<\/p>\n<p class=\"paragraph\">La salida de Gabriel Jesus, tambi\u00e9n insatisfecho por no tener suficiente tiempo de juego, pareci\u00f3 precipitarse por la llegada del noruego Erling Haaland y el argentino Juli\u00e1n \u00c1lvarez.<\/p>\n<p class=\"paragraph\">Adem\u00e1s, en la entrevista, asegur\u00f3 que Guardiola quer\u00eda que jugara en la banda, pese a que su mejor posici\u00f3n es la de centrodelantero.<\/p>\n<p class=\"paragraph\">\u00abAqu\u00ed en el Arsenal es diferente. El f\u00fatbol es diferente, son jugadores diferentes, formas diferentes de jugar. En el City era distinto, el atacante no tocaba tanto la pelota, basta ver los juegos para darse cuenta\u00bb, se\u00f1al\u00f3.<\/p>\n<p><strong>Le interesa tambi\u00e9n: <\/strong><a href=\"http:\/\/www.sporthiva.com\/index.php\/2022\/09\/30\/marcelo-bielsa-reclama-tres-millones-de-euros-al-marsella\/\"><strong>Marcelo Bielsa reclama tres millones de euros al Marsella<\/strong><\/a><\/p>\n<p class=\"paragraph\">\u00abConvers\u00e9 bastante con Arteta sobre el modo de jugar. \u00c9l me conoce, yo lo conozco, entend\u00ed lo que quer\u00eda de m\u00ed. Ahora estoy libre en el campo, jugando al f\u00fatbol con una sonrisa en el rostro e intentando dar lo mejor siempre\u00bb, apunt\u00f3.<\/p>\n<p class=\"paragraph\">El cambio de club le ha sentado bien, pues se torn\u00f3 en referente de ataque de los &#8216;gunners&#8217;, aportando cuatro goles en siete juegos para el Arsenal, l\u00edder de la Premier League.<\/p>\n<p class=\"paragraph\">Aunque arranc\u00f3 con pie derecho en su nuevo equipo, Gabriel Jesus no fue llamado por Tite para los dos \u00faltimos amistosos de Brasil antes del inicio del Mundial de Catar-2022.<\/p>\n<p class=\"paragraph\">La &#8216;Canarinha&#8217; gole\u00f3 3-0 a Ghana el viernes pasado y 5-1 a T\u00fanez el martes.<\/p>\n","protected":false},"excerpt":{"rendered":"<p>Londres, Inglaterra El internacional brasile\u00f1o Gabriel Jesus dijo que su transferencia esta temporada del Manchester City al Arsenal de Londres se debi\u00f3 a diferencias futbol\u00edsticas con el entrenador de los \u00abcitizens\u00bb, el espa\u00f1ol Pep Guardiola. \u00abFui muy feliz en el Manchester City, no es que estuviera infeliz all\u00e1. Pero tambi\u00e9n tuve que aceptar la forma&nbsp;<\/p>\n<p><a class=\"btn btn-style\" href=\"http:\/\/www.sporthiva.com\/index.php\/2022\/09\/30\/gabriel-jesus-dejo-al-manchester-city-por-diferencias-con-pep-guardiola\/\">Continuar leyendo<\/a><\/p>\n","protected":false},"author":7,"featured_media":0,"comment_status":"open","ping_status":"open","sticky":false,"template":"","format":"standard","meta":{"qubely_global_settings":"","qubely_interactions":""},"categories":[563],"tags":[464,182,177],"qubely_featured_image_url":null,"qubely_author":{"display_name":"Evelyn Pineda","author_link":"http:\/\/www.sporthiva.com\/index.php\/author\/epineda\/"},"qubely_comment":0,"qubely_category":"<a href=\"http:\/\/www.sporthiva.com\/index.php\/category\/internacionales\/\" rel=\"category tag\">Internacionales<\/a>","qubely_excerpt":"Londres, Inglaterra El internacional brasile\u00f1o Gabriel Jesus dijo que su transferencia esta temporada del Manchester City al Arsenal de Londres se debi\u00f3 a diferencias futbol\u00edsticas con el entrenador de los \u00abcitizens\u00bb, el espa\u00f1ol Pep Guardiola. \u00abFui muy feliz en el Manchester City, no es que estuviera infeliz all\u00e1. Pero tambi\u00e9n tuve que aceptar la forma&nbsp;Continuar&hellip;","yoast_head":"<!-- This site is optimized with the Yoast SEO plugin v17.8 - https:\/\/yoast.com\/wordpress\/plugins\/seo\/ -->\n<title>Gabriel Jes\u00fas dej\u00f3 al Manchester City por diferencias con Pep Guardiola - Sporthiva Online<\/title>\n<meta name=\"robots\" content=\"index, follow, max-snippet:-1, max-image-preview:large, max-video-preview:-1\" \/>\n<link rel=\"canonical\" href=\"http:\/\/www.sporthiva.com\/index.php\/2022\/09\/30\/gabriel-jesus-dejo-al-manchester-city-por-diferencias-con-pep-guardiola\/\" \/>\n<meta property=\"og:locale\" content=\"es_ES\" \/>\n<meta property=\"og:type\" content=\"article\" \/>\n<meta property=\"og:title\" content=\"Gabriel Jes\u00fas dej\u00f3 al Manchester City por diferencias con Pep Guardiola - Sporthiva Online\" \/>\n<meta property=\"og:description\" content=\"Londres, Inglaterra El internacional brasile\u00f1o Gabriel Jesus dijo que su transferencia esta temporada del Manchester City al Arsenal de Londres se debi\u00f3 a diferencias futbol\u00edsticas con el entrenador de los \u00abcitizens\u00bb, el espa\u00f1ol Pep Guardiola. \u00abFui muy feliz en el Manchester City, no es que estuviera infeliz all\u00e1. Pero tambi\u00e9n tuve que aceptar la forma&nbsp;Continuar leyendo\" \/>\n<meta property=\"og:url\" content=\"http:\/\/www.sporthiva.com\/index.php\/2022\/09\/30\/gabriel-jesus-dejo-al-manchester-city-por-diferencias-con-pep-guardiola\/\" \/>\n<meta property=\"og:site_name\" content=\"Sporthiva Online\" \/>\n<meta property=\"article:published_time\" content=\"2022-09-30T20:54:49+00:00\" \/>\n<meta name=\"twitter:card\" content=\"summary\" \/>\n<meta name=\"twitter:label1\" content=\"Escrito por\" \/>\n\t<meta name=\"twitter:data1\" content=\"Evelyn Pineda\" \/>\n\t<meta name=\"twitter:label2\" content=\"Tiempo de lectura\" \/>\n\t<meta name=\"twitter:data2\" content=\"2 minutos\" \/>\n<script type=\"application\/ld+json\" class=\"yoast-schema-graph\">{\"@context\":\"https:\/\/schema.org\",\"@graph\":[{\"@type\":\"WebSite\",\"@id\":\"http:\/\/www.sporthiva.com\/#website\",\"url\":\"http:\/\/www.sporthiva.com\/\",\"name\":\"Sporthiva Online\",\"description\":\"Sporthiva Online\",\"potentialAction\":[{\"@type\":\"SearchAction\",\"target\":{\"@type\":\"EntryPoint\",\"urlTemplate\":\"http:\/\/www.sporthiva.com\/?s={search_term_string}\"},\"query-input\":\"required name=search_term_string\"}],\"inLanguage\":\"es\"},{\"@type\":\"WebPage\",\"@id\":\"http:\/\/www.sporthiva.com\/index.php\/2022\/09\/30\/gabriel-jesus-dejo-al-manchester-city-por-diferencias-con-pep-guardiola\/#webpage\",\"url\":\"http:\/\/www.sporthiva.com\/index.php\/2022\/09\/30\/gabriel-jesus-dejo-al-manchester-city-por-diferencias-con-pep-guardiola\/\",\"name\":\"Gabriel Jes\\u00fas dej\\u00f3 al Manchester City por diferencias con Pep Guardiola - Sporthiva Online\",\"isPartOf\":{\"@id\":\"http:\/\/www.sporthiva.com\/#website\"},\"datePublished\":\"2022-09-30T20:54:49+00:00\",\"dateModified\":\"2022-09-30T20:54:49+00:00\",\"author\":{\"@id\":\"http:\/\/www.sporthiva.com\/#\/schema\/person\/551718db343e60bf7d707f9085b1e611\"},\"breadcrumb\":{\"@id\":\"http:\/\/www.sporthiva.com\/index.php\/2022\/09\/30\/gabriel-jesus-dejo-al-manchester-city-por-diferencias-con-pep-guardiola\/#breadcrumb\"},\"inLanguage\":\"es\",\"potentialAction\":[{\"@type\":\"ReadAction\",\"target\":[\"http:\/\/www.sporthiva.com\/index.php\/2022\/09\/30\/gabriel-jesus-dejo-al-manchester-city-por-diferencias-con-pep-guardiola\/\"]}]},{\"@type\":\"BreadcrumbList\",\"@id\":\"http:\/\/www.sporthiva.com\/index.php\/2022\/09\/30\/gabriel-jesus-dejo-al-manchester-city-por-diferencias-con-pep-guardiola\/#breadcrumb\",\"itemListElement\":[{\"@type\":\"ListItem\",\"position\":1,\"name\":\"Portada\",\"item\":\"http:\/\/www.sporthiva.com\/\"},{\"@type\":\"ListItem\",\"position\":2,\"name\":\"Gabriel Jes\\u00fas dej\\u00f3 al Manchester City por diferencias con Pep Guardiola\"}]},{\"@type\":\"Person\",\"@id\":\"http:\/\/www.sporthiva.com\/#\/schema\/person\/551718db343e60bf7d707f9085b1e611\",\"name\":\"Evelyn Pineda\",\"image\":{\"@type\":\"ImageObject\",\"@id\":\"http:\/\/www.sporthiva.com\/#personlogo\",\"inLanguage\":\"es\",\"url\":\"http:\/\/1.gravatar.com\/avatar\/73932ff8109aee94864b4504adf4d91e?s=96&d=mm&r=g\",\"contentUrl\":\"http:\/\/1.gravatar.com\/avatar\/73932ff8109aee94864b4504adf4d91e?s=96&d=mm&r=g\",\"caption\":\"Evelyn Pineda\"},\"sameAs\":[\"http:\/\/www.sporthiva.com\/\"],\"url\":\"http:\/\/www.sporthiva.com\/index.php\/author\/epineda\/\"}]}<\/script>\n<!-- \/ Yoast SEO plugin. -->","yoast_head_json":{"title":"Gabriel Jes\u00fas dej\u00f3 al Manchester City por diferencias con Pep Guardiola - Sporthiva Online","robots":{"index":"index","follow":"follow","max-snippet":"max-snippet:-1","max-image-preview":"max-image-preview:large","max-video-preview":"max-video-preview:-1"},"canonical":"http:\/\/www.sporthiva.com\/index.php\/2022\/09\/30\/gabriel-jesus-dejo-al-manchester-city-por-diferencias-con-pep-guardiola\/","og_locale":"es_ES","og_type":"article","og_title":"Gabriel Jes\u00fas dej\u00f3 al Manchester City por diferencias con Pep Guardiola - Sporthiva Online","og_description":"Londres, Inglaterra El internacional brasile\u00f1o Gabriel Jesus dijo que su transferencia esta temporada del Manchester City al Arsenal de Londres se debi\u00f3 a diferencias futbol\u00edsticas con el entrenador de los \u00abcitizens\u00bb, el espa\u00f1ol Pep Guardiola. \u00abFui muy feliz en el Manchester City, no es que estuviera infeliz all\u00e1. Pero tambi\u00e9n tuve que aceptar la forma&nbsp;Continuar leyendo","og_url":"http:\/\/www.sporthiva.com\/index.php\/2022\/09\/30\/gabriel-jesus-dejo-al-manchester-city-por-diferencias-con-pep-guardiola\/","og_site_name":"Sporthiva Online","article_published_time":"2022-09-30T20:54:49+00:00","twitter_card":"summary","twitter_misc":{"Escrito por":"Evelyn Pineda","Tiempo de lectura":"2 minutos"},"schema":{"@context":"https:\/\/schema.org","@graph":[{"@type":"WebSite","@id":"http:\/\/www.sporthiva.com\/#website","url":"http:\/\/www.sporthiva.com\/","name":"Sporthiva Online","description":"Sporthiva Online","potentialAction":[{"@type":"SearchAction","target":{"@type":"EntryPoint","urlTemplate":"http:\/\/www.sporthiva.com\/?s={search_term_string}"},"query-input":"required name=search_term_string"}],"inLanguage":"es"},{"@type":"WebPage","@id":"http:\/\/www.sporthiva.com\/index.php\/2022\/09\/30\/gabriel-jesus-dejo-al-manchester-city-por-diferencias-con-pep-guardiola\/#webpage","url":"http:\/\/www.sporthiva.com\/index.php\/2022\/09\/30\/gabriel-jesus-dejo-al-manchester-city-por-diferencias-con-pep-guardiola\/","name":"Gabriel Jes\u00fas dej\u00f3 al Manchester City por diferencias con Pep Guardiola - Sporthiva Online","isPartOf":{"@id":"http:\/\/www.sporthiva.com\/#website"},"datePublished":"2022-09-30T20:54:49+00:00","dateModified":"2022-09-30T20:54:49+00:00","author":{"@id":"http:\/\/www.sporthiva.com\/#\/schema\/person\/551718db343e60bf7d707f9085b1e611"},"breadcrumb":{"@id":"http:\/\/www.sporthiva.com\/index.php\/2022\/09\/30\/gabriel-jesus-dejo-al-manchester-city-por-diferencias-con-pep-guardiola\/#breadcrumb"},"inLanguage":"es","potentialAction":[{"@type":"ReadAction","target":["http:\/\/www.sporthiva.com\/index.php\/2022\/09\/30\/gabriel-jesus-dejo-al-manchester-city-por-diferencias-con-pep-guardiola\/"]}]},{"@type":"BreadcrumbList","@id":"http:\/\/www.sporthiva.com\/index.php\/2022\/09\/30\/gabriel-jesus-dejo-al-manchester-city-por-diferencias-con-pep-guardiola\/#breadcrumb","itemListElement":[{"@type":"ListItem","position":1,"name":"Portada","item":"http:\/\/www.sporthiva.com\/"},{"@type":"ListItem","position":2,"name":"Gabriel Jes\u00fas dej\u00f3 al Manchester City por diferencias con Pep Guardiola"}]},{"@type":"Person","@id":"http:\/\/www.sporthiva.com\/#\/schema\/person\/551718db343e60bf7d707f9085b1e611","name":"Evelyn Pineda","image":{"@type":"ImageObject","@id":"http:\/\/www.sporthiva.com\/#personlogo","inLanguage":"es","url":"http:\/\/1.gravatar.com\/avatar\/73932ff8109aee94864b4504adf4d91e?s=96&d=mm&r=g","contentUrl":"http:\/\/1.gravatar.com\/avatar\/73932ff8109aee94864b4504adf4d91e?s=96&d=mm&r=g","caption":"Evelyn Pineda"},"sameAs":["http:\/\/www.sporthiva.com\/"],"url":"http:\/\/www.sporthiva.com\/index.php\/author\/epineda\/"}]}},"_links":{"self":[{"href":"http:\/\/www.sporthiva.com\/index.php\/wp-json\/wp\/v2\/posts\/127422"}],"collection":[{"href":"http:\/\/www.sporthiva.com\/index.php\/wp-json\/wp\/v2\/posts"}],"about":[{"href":"http:\/\/www.sporthiva.com\/index.php\/wp-json\/wp\/v2\/types\/post"}],"author":[{"embeddable":true,"href":"http:\/\/www.sporthiva.com\/index.php\/wp-json\/wp\/v2\/users\/7"}],"replies":[{"embeddable":true,"href":"http:\/\/www.sporthiva.com\/index.php\/wp-json\/wp\/v2\/comments?post=127422"}],"version-history":[{"count":1,"href":"http:\/\/www.sporthiva.com\/index.php\/wp-json\/wp\/v2\/posts\/127422\/revisions"}],"predecessor-version":[{"id":127424,"href":"http:\/\/www.sporthiva.com\/index.php\/wp-json\/wp\/v2\/posts\/127422\/revisions\/127424"}],"wp:attachment":[{"href":"http:\/\/www.sporthiva.com\/index.php\/wp-json\/wp\/v2\/media?parent=127422"}],"wp:term":[{"taxonomy":"category","embeddable":true,"href":"http:\/\/www.sporthiva.com\/index.php\/wp-json\/wp\/v2\/categories?post=127422"},{"taxonomy":"post_tag","embeddable":true,"href":"http:\/\/www.sporthiva.com\/index.php\/wp-json\/wp\/v2\/tags?post=127422"}],"curies":[{"name":"wp","href":"https:\/\/api.w.org\/{rel}","templated":true}]}}