{"id":134276,"date":"2023-02-16T21:31:28","date_gmt":"2023-02-17T03:31:28","guid":{"rendered":"http:\/\/www.sporthiva.com\/?p=134276"},"modified":"2023-02-16T21:31:28","modified_gmt":"2023-02-17T03:31:28","slug":"jhon-jairo-lopez-entrenador-del-honduras-progreso-estalla-contra-el-arbitraje-raul-castro-hoy-no-podra-dormir","status":"publish","type":"post","link":"http:\/\/www.sporthiva.com\/index.php\/2023\/02\/16\/jhon-jairo-lopez-entrenador-del-honduras-progreso-estalla-contra-el-arbitraje-raul-castro-hoy-no-podra-dormir\/","title":{"rendered":"Jhon Jairo L\u00f3pez, entrenador del Honduras Progreso, estalla contra el arbitraje: \u00abRa\u00fal Castro hoy no podr\u00e1 dormir\u00bb"},"content":{"rendered":"<p><strong>San Pedro Sula, Honduras<\/strong><\/p>\n<p>Muy molesto sali\u00f3 el entrenador del Honduras Progreso, el colombiano Jhon Jairo L\u00f3pez, por la forma en c\u00f3mo perdi\u00f3 el partido este jueves ante Marath\u00f3n, en el cierre de la s\u00e9ptima fecha del torneo Clausura 2023 dela Liga Nacional.<\/p>\n<p>El t\u00e9cnico de los \u00abarroceros\u00bb responsabiliz\u00f3 directamente al \u00e1rbitro Ra\u00fal Castro de privarlo de un punto en su visita al Estadio Yankel Rosenthal, despu\u00e9s que el partido termin\u00f3 con una pol\u00e9mica en el \u00faltimo suspiro donde sancion\u00f3 una falta penal en favor de los locales.<\/p>\n<p>A los 97 minutos de juego el juez central sancion\u00f3 un penal inexistente a favor de Marath\u00f3n y que signific\u00f3 una dolorosa derrota de los progrese\u00f1os que est\u00e1n peleando con la Real Sociedad el descenso.<\/p>\n<p><strong>Vea adem\u00e1s: <\/strong><a href=\"http:\/\/www.sporthiva.com\/index.php\/2023\/02\/16\/marathon-vence-con-polemico-penal-al-honduras-progreso\/\"><strong>Marath\u00f3n vence con pol\u00e9mico penal al Honduras Progreso<\/strong><\/a><\/p>\n<p>\u00abCualquier diagn\u00f3stico, cualquier evaluaci\u00f3n del partido se resume en la \u00faltima jugada, porque mano a mano estuvimos a la altura, no fuimos inferiores\u00bb, dijo el t\u00e9cnico sudamericano.<\/p>\n<p>\u201cMe voy triste saber que por lo menos en los 98 minutos estuvimos a la altura del partido, fuimos un equipo muy ordenado. Me acaban de mostrar la repetici\u00f3n, es infame, yo quiero hacer un reclamo, yo s\u00e9 que nominalmente estamos por debajo de muchos rivales. Futbol\u00edsticamente creo que hemos sido un digno rival, pero que nos piten un penalti en el minuto 98 cuando no existe, Clayvin Z\u00faniga se tira\u201d, dijo L\u00f3pez de forma molesta.<\/p>\n<p>Agreg\u00f3: \u201cYo creo que he sido una persona \u00edntegra desde que llegu\u00e9 en el 2019 he trabajado con las u\u00f1as, los \u00e1rbitros me han quitado, hoy Ra\u00fal Castro se equivoca, quiero hacerlo p\u00fablicamente, no estoy sacando el paraguas porque por algo vamos de \u00faltimo. Yo siempre he sido bien respetuoso, estoy al borde de renunciar o que me echen por los malos resultados. \u00bfQu\u00e9 le hacen a los \u00e1rbitros en la Liga Nacional de Honduras? Yo me voy a ir, tengo una familia que mantener, estoy trabajando con las u\u00f1as, no he llegado a un Olimpia, Motagua\u00bb.<\/p>\n<p>\u00abYo creo que Ra\u00fal Castro hoy no podr\u00e1 dormir, y me da pena porque he tenido buena relaci\u00f3n y tengo buena relaci\u00f3n con \u00e9l y no es nada en contra de \u00e9l\u00bb, aclar\u00f3.<\/p>\n<p><strong>Le interesa tambi\u00e9n: <\/strong><a href=\"http:\/\/www.sporthiva.com\/index.php\/2023\/02\/16\/sevilla-golea-3-0-al-psv-y-tiene-pie-y-medio-en-la-siguiente-ronda\/\"><strong>Sevilla golea 3-0 al PSV y tiene pie y medio en la siguiente ronda<\/strong><\/a><\/p>\n<p>\u00abEn los equipos a los que he llegado me tocado remar siempre atr\u00e1s hacia adelante en contra de todo. Nos quitan la ilusi\u00f3n de sumar un punto que al menos para el descenso hubiera sido importante. Yo no s\u00e9 si hay algo en contra de Jhon Jairo L\u00f3pez o de El\u00edas Nazar o de Honduras Progreso. No fuimos inferiores al partido, fuimos un digno rival, al frente ten\u00edamos a un Marath\u00f3n que dirige un gran Salom\u00f3n Nazar, pero no nos merec\u00edamos irnos con las manos vac\u00edas, no lo veo justo\u00bb, dijo.<\/p>\n<p>A\u00f1adi\u00f3: \u201cHoy puede que yo me vaya por decisi\u00f3n de JJ L\u00f3pez, \u00bfqu\u00e9 le hacen a las personas que se equivocan? Yo pongo en la mesa la carta de renuncia si es posible, estoy respaldado por unos jugadores que est\u00e1n luchando, no quiero luchar con la mano oscura. No estoy equivocado, se\u00f1ores. Levanten la mano aqu\u00ed, a ver, si yo estoy equivocado. Hoy Ra\u00fal Castro no va a poder dormir, me da pena porque no tengo mala relaci\u00f3n con \u00e9l, pero son las fallas reiterativas en contra de Honduras de El Progreso, as\u00ed es muy dif\u00edcil sacar la cabeza\u00bb, puntualiz\u00f3.<\/p>\n<p>El Honduras Progreso recibir\u00e1 al Victoria el pr\u00f3ximo domingo en la octava fecha del torneo Clausura y est\u00e1 obligado a sumar puntos ya que est\u00e1 solo a uno de la Real Sociedad en la tabla general del no descenso.<\/p>\n","protected":false},"excerpt":{"rendered":"<p>San Pedro Sula, Honduras Muy molesto sali\u00f3 el entrenador del Honduras Progreso, el colombiano Jhon Jairo L\u00f3pez, por la forma en c\u00f3mo perdi\u00f3 el partido este jueves ante Marath\u00f3n, en el cierre de la s\u00e9ptima fecha del torneo Clausura 2023 dela Liga Nacional. El t\u00e9cnico de los \u00abarroceros\u00bb responsabiliz\u00f3 directamente al \u00e1rbitro Ra\u00fal Castro de&nbsp;<\/p>\n<p><a class=\"btn btn-style\" href=\"http:\/\/www.sporthiva.com\/index.php\/2023\/02\/16\/jhon-jairo-lopez-entrenador-del-honduras-progreso-estalla-contra-el-arbitraje-raul-castro-hoy-no-podra-dormir\/\">Continuar leyendo<\/a><\/p>\n","protected":false},"author":7,"featured_media":0,"comment_status":"open","ping_status":"open","sticky":false,"template":"","format":"standard","meta":{"qubely_global_settings":"","qubely_interactions":""},"categories":[12],"tags":[6133,2335,6134],"qubely_featured_image_url":null,"qubely_author":{"display_name":"Evelyn Pineda","author_link":"http:\/\/www.sporthiva.com\/index.php\/author\/epineda\/"},"qubely_comment":0,"qubely_category":"<a href=\"http:\/\/www.sporthiva.com\/index.php\/category\/noticias\/\" rel=\"category tag\">Noticias<\/a>","qubely_excerpt":"San Pedro Sula, Honduras Muy molesto sali\u00f3 el entrenador del Honduras Progreso, el colombiano Jhon Jairo L\u00f3pez, por la forma en c\u00f3mo perdi\u00f3 el partido este jueves ante Marath\u00f3n, en el cierre de la s\u00e9ptima fecha del torneo Clausura 2023 dela Liga Nacional. El t\u00e9cnico de los \u00abarroceros\u00bb responsabiliz\u00f3 directamente al \u00e1rbitro Ra\u00fal Castro de&nbsp;Continuar&hellip;","yoast_head":"<!-- This site is optimized with the Yoast SEO plugin v17.8 - https:\/\/yoast.com\/wordpress\/plugins\/seo\/ -->\n<title>Jhon Jairo L\u00f3pez, entrenador del Honduras Progreso, estalla contra el arbitraje: &quot;Ra\u00fal Castro hoy no podr\u00e1 dormir&quot; - Sporthiva Online<\/title>\n<meta name=\"robots\" content=\"index, follow, max-snippet:-1, max-image-preview:large, max-video-preview:-1\" \/>\n<link rel=\"canonical\" href=\"http:\/\/www.sporthiva.com\/index.php\/2023\/02\/16\/jhon-jairo-lopez-entrenador-del-honduras-progreso-estalla-contra-el-arbitraje-raul-castro-hoy-no-podra-dormir\/\" \/>\n<meta property=\"og:locale\" content=\"es_ES\" \/>\n<meta property=\"og:type\" content=\"article\" \/>\n<meta property=\"og:title\" content=\"Jhon Jairo L\u00f3pez, entrenador del Honduras Progreso, estalla contra el arbitraje: &quot;Ra\u00fal Castro hoy no podr\u00e1 dormir&quot; - Sporthiva Online\" \/>\n<meta property=\"og:description\" content=\"San Pedro Sula, Honduras Muy molesto sali\u00f3 el entrenador del Honduras Progreso, el colombiano Jhon Jairo L\u00f3pez, por la forma en c\u00f3mo perdi\u00f3 el partido este jueves ante Marath\u00f3n, en el cierre de la s\u00e9ptima fecha del torneo Clausura 2023 dela Liga Nacional. El t\u00e9cnico de los \u00abarroceros\u00bb responsabiliz\u00f3 directamente al \u00e1rbitro Ra\u00fal Castro de&nbsp;Continuar leyendo\" \/>\n<meta property=\"og:url\" content=\"http:\/\/www.sporthiva.com\/index.php\/2023\/02\/16\/jhon-jairo-lopez-entrenador-del-honduras-progreso-estalla-contra-el-arbitraje-raul-castro-hoy-no-podra-dormir\/\" \/>\n<meta property=\"og:site_name\" content=\"Sporthiva Online\" \/>\n<meta property=\"article:published_time\" content=\"2023-02-17T03:31:28+00:00\" \/>\n<meta name=\"twitter:card\" content=\"summary\" \/>\n<meta name=\"twitter:label1\" content=\"Escrito por\" \/>\n\t<meta name=\"twitter:data1\" content=\"Evelyn Pineda\" \/>\n\t<meta name=\"twitter:label2\" content=\"Tiempo de lectura\" \/>\n\t<meta name=\"twitter:data2\" content=\"3 minutos\" \/>\n<script type=\"application\/ld+json\" class=\"yoast-schema-graph\">{\"@context\":\"https:\/\/schema.org\",\"@graph\":[{\"@type\":\"WebSite\",\"@id\":\"http:\/\/www.sporthiva.com\/#website\",\"url\":\"http:\/\/www.sporthiva.com\/\",\"name\":\"Sporthiva Online\",\"description\":\"Sporthiva Online\",\"potentialAction\":[{\"@type\":\"SearchAction\",\"target\":{\"@type\":\"EntryPoint\",\"urlTemplate\":\"http:\/\/www.sporthiva.com\/?s={search_term_string}\"},\"query-input\":\"required name=search_term_string\"}],\"inLanguage\":\"es\"},{\"@type\":\"WebPage\",\"@id\":\"http:\/\/www.sporthiva.com\/index.php\/2023\/02\/16\/jhon-jairo-lopez-entrenador-del-honduras-progreso-estalla-contra-el-arbitraje-raul-castro-hoy-no-podra-dormir\/#webpage\",\"url\":\"http:\/\/www.sporthiva.com\/index.php\/2023\/02\/16\/jhon-jairo-lopez-entrenador-del-honduras-progreso-estalla-contra-el-arbitraje-raul-castro-hoy-no-podra-dormir\/\",\"name\":\"Jhon Jairo L\\u00f3pez, entrenador del Honduras Progreso, estalla contra el arbitraje: \\\"Ra\\u00fal Castro hoy no podr\\u00e1 dormir\\\" - Sporthiva Online\",\"isPartOf\":{\"@id\":\"http:\/\/www.sporthiva.com\/#website\"},\"datePublished\":\"2023-02-17T03:31:28+00:00\",\"dateModified\":\"2023-02-17T03:31:28+00:00\",\"author\":{\"@id\":\"http:\/\/www.sporthiva.com\/#\/schema\/person\/551718db343e60bf7d707f9085b1e611\"},\"breadcrumb\":{\"@id\":\"http:\/\/www.sporthiva.com\/index.php\/2023\/02\/16\/jhon-jairo-lopez-entrenador-del-honduras-progreso-estalla-contra-el-arbitraje-raul-castro-hoy-no-podra-dormir\/#breadcrumb\"},\"inLanguage\":\"es\",\"potentialAction\":[{\"@type\":\"ReadAction\",\"target\":[\"http:\/\/www.sporthiva.com\/index.php\/2023\/02\/16\/jhon-jairo-lopez-entrenador-del-honduras-progreso-estalla-contra-el-arbitraje-raul-castro-hoy-no-podra-dormir\/\"]}]},{\"@type\":\"BreadcrumbList\",\"@id\":\"http:\/\/www.sporthiva.com\/index.php\/2023\/02\/16\/jhon-jairo-lopez-entrenador-del-honduras-progreso-estalla-contra-el-arbitraje-raul-castro-hoy-no-podra-dormir\/#breadcrumb\",\"itemListElement\":[{\"@type\":\"ListItem\",\"position\":1,\"name\":\"Portada\",\"item\":\"http:\/\/www.sporthiva.com\/\"},{\"@type\":\"ListItem\",\"position\":2,\"name\":\"Jhon Jairo L\\u00f3pez, entrenador del Honduras Progreso, estalla contra el arbitraje: \\u00abRa\\u00fal Castro hoy no podr\\u00e1 dormir\\u00bb\"}]},{\"@type\":\"Person\",\"@id\":\"http:\/\/www.sporthiva.com\/#\/schema\/person\/551718db343e60bf7d707f9085b1e611\",\"name\":\"Evelyn Pineda\",\"image\":{\"@type\":\"ImageObject\",\"@id\":\"http:\/\/www.sporthiva.com\/#personlogo\",\"inLanguage\":\"es\",\"url\":\"http:\/\/1.gravatar.com\/avatar\/73932ff8109aee94864b4504adf4d91e?s=96&d=mm&r=g\",\"contentUrl\":\"http:\/\/1.gravatar.com\/avatar\/73932ff8109aee94864b4504adf4d91e?s=96&d=mm&r=g\",\"caption\":\"Evelyn Pineda\"},\"sameAs\":[\"http:\/\/www.sporthiva.com\/\"],\"url\":\"http:\/\/www.sporthiva.com\/index.php\/author\/epineda\/\"}]}<\/script>\n<!-- \/ Yoast SEO plugin. -->","yoast_head_json":{"title":"Jhon Jairo L\u00f3pez, entrenador del Honduras Progreso, estalla contra el arbitraje: \"Ra\u00fal Castro hoy no podr\u00e1 dormir\" - Sporthiva Online","robots":{"index":"index","follow":"follow","max-snippet":"max-snippet:-1","max-image-preview":"max-image-preview:large","max-video-preview":"max-video-preview:-1"},"canonical":"http:\/\/www.sporthiva.com\/index.php\/2023\/02\/16\/jhon-jairo-lopez-entrenador-del-honduras-progreso-estalla-contra-el-arbitraje-raul-castro-hoy-no-podra-dormir\/","og_locale":"es_ES","og_type":"article","og_title":"Jhon Jairo L\u00f3pez, entrenador del Honduras Progreso, estalla contra el arbitraje: \"Ra\u00fal Castro hoy no podr\u00e1 dormir\" - Sporthiva Online","og_description":"San Pedro Sula, Honduras Muy molesto sali\u00f3 el entrenador del Honduras Progreso, el colombiano Jhon Jairo L\u00f3pez, por la forma en c\u00f3mo perdi\u00f3 el partido este jueves ante Marath\u00f3n, en el cierre de la s\u00e9ptima fecha del torneo Clausura 2023 dela Liga Nacional. El t\u00e9cnico de los \u00abarroceros\u00bb responsabiliz\u00f3 directamente al \u00e1rbitro Ra\u00fal Castro de&nbsp;Continuar leyendo","og_url":"http:\/\/www.sporthiva.com\/index.php\/2023\/02\/16\/jhon-jairo-lopez-entrenador-del-honduras-progreso-estalla-contra-el-arbitraje-raul-castro-hoy-no-podra-dormir\/","og_site_name":"Sporthiva Online","article_published_time":"2023-02-17T03:31:28+00:00","twitter_card":"summary","twitter_misc":{"Escrito por":"Evelyn Pineda","Tiempo de lectura":"3 minutos"},"schema":{"@context":"https:\/\/schema.org","@graph":[{"@type":"WebSite","@id":"http:\/\/www.sporthiva.com\/#website","url":"http:\/\/www.sporthiva.com\/","name":"Sporthiva Online","description":"Sporthiva Online","potentialAction":[{"@type":"SearchAction","target":{"@type":"EntryPoint","urlTemplate":"http:\/\/www.sporthiva.com\/?s={search_term_string}"},"query-input":"required name=search_term_string"}],"inLanguage":"es"},{"@type":"WebPage","@id":"http:\/\/www.sporthiva.com\/index.php\/2023\/02\/16\/jhon-jairo-lopez-entrenador-del-honduras-progreso-estalla-contra-el-arbitraje-raul-castro-hoy-no-podra-dormir\/#webpage","url":"http:\/\/www.sporthiva.com\/index.php\/2023\/02\/16\/jhon-jairo-lopez-entrenador-del-honduras-progreso-estalla-contra-el-arbitraje-raul-castro-hoy-no-podra-dormir\/","name":"Jhon Jairo L\u00f3pez, entrenador del Honduras Progreso, estalla contra el arbitraje: \"Ra\u00fal Castro hoy no podr\u00e1 dormir\" - Sporthiva Online","isPartOf":{"@id":"http:\/\/www.sporthiva.com\/#website"},"datePublished":"2023-02-17T03:31:28+00:00","dateModified":"2023-02-17T03:31:28+00:00","author":{"@id":"http:\/\/www.sporthiva.com\/#\/schema\/person\/551718db343e60bf7d707f9085b1e611"},"breadcrumb":{"@id":"http:\/\/www.sporthiva.com\/index.php\/2023\/02\/16\/jhon-jairo-lopez-entrenador-del-honduras-progreso-estalla-contra-el-arbitraje-raul-castro-hoy-no-podra-dormir\/#breadcrumb"},"inLanguage":"es","potentialAction":[{"@type":"ReadAction","target":["http:\/\/www.sporthiva.com\/index.php\/2023\/02\/16\/jhon-jairo-lopez-entrenador-del-honduras-progreso-estalla-contra-el-arbitraje-raul-castro-hoy-no-podra-dormir\/"]}]},{"@type":"BreadcrumbList","@id":"http:\/\/www.sporthiva.com\/index.php\/2023\/02\/16\/jhon-jairo-lopez-entrenador-del-honduras-progreso-estalla-contra-el-arbitraje-raul-castro-hoy-no-podra-dormir\/#breadcrumb","itemListElement":[{"@type":"ListItem","position":1,"name":"Portada","item":"http:\/\/www.sporthiva.com\/"},{"@type":"ListItem","position":2,"name":"Jhon Jairo L\u00f3pez, entrenador del Honduras Progreso, estalla contra el arbitraje: \u00abRa\u00fal Castro hoy no podr\u00e1 dormir\u00bb"}]},{"@type":"Person","@id":"http:\/\/www.sporthiva.com\/#\/schema\/person\/551718db343e60bf7d707f9085b1e611","name":"Evelyn Pineda","image":{"@type":"ImageObject","@id":"http:\/\/www.sporthiva.com\/#personlogo","inLanguage":"es","url":"http:\/\/1.gravatar.com\/avatar\/73932ff8109aee94864b4504adf4d91e?s=96&d=mm&r=g","contentUrl":"http:\/\/1.gravatar.com\/avatar\/73932ff8109aee94864b4504adf4d91e?s=96&d=mm&r=g","caption":"Evelyn Pineda"},"sameAs":["http:\/\/www.sporthiva.com\/"],"url":"http:\/\/www.sporthiva.com\/index.php\/author\/epineda\/"}]}},"_links":{"self":[{"href":"http:\/\/www.sporthiva.com\/index.php\/wp-json\/wp\/v2\/posts\/134276"}],"collection":[{"href":"http:\/\/www.sporthiva.com\/index.php\/wp-json\/wp\/v2\/posts"}],"about":[{"href":"http:\/\/www.sporthiva.com\/index.php\/wp-json\/wp\/v2\/types\/post"}],"author":[{"embeddable":true,"href":"http:\/\/www.sporthiva.com\/index.php\/wp-json\/wp\/v2\/users\/7"}],"replies":[{"embeddable":true,"href":"http:\/\/www.sporthiva.com\/index.php\/wp-json\/wp\/v2\/comments?post=134276"}],"version-history":[{"count":1,"href":"http:\/\/www.sporthiva.com\/index.php\/wp-json\/wp\/v2\/posts\/134276\/revisions"}],"predecessor-version":[{"id":134278,"href":"http:\/\/www.sporthiva.com\/index.php\/wp-json\/wp\/v2\/posts\/134276\/revisions\/134278"}],"wp:attachment":[{"href":"http:\/\/www.sporthiva.com\/index.php\/wp-json\/wp\/v2\/media?parent=134276"}],"wp:term":[{"taxonomy":"category","embeddable":true,"href":"http:\/\/www.sporthiva.com\/index.php\/wp-json\/wp\/v2\/categories?post=134276"},{"taxonomy":"post_tag","embeddable":true,"href":"http:\/\/www.sporthiva.com\/index.php\/wp-json\/wp\/v2\/tags?post=134276"}],"curies":[{"name":"wp","href":"https:\/\/api.w.org\/{rel}","templated":true}]}}