{"id":134472,"date":"2023-02-20T07:36:40","date_gmt":"2023-02-20T13:36:40","guid":{"rendered":"http:\/\/www.sporthiva.com\/?p=134472"},"modified":"2023-02-20T07:37:03","modified_gmt":"2023-02-20T13:37:03","slug":"hulk-da-positivo-por-covid-19-y-sera-baja-del-mineiro-en-la-libertadores","status":"publish","type":"post","link":"http:\/\/www.sporthiva.com\/index.php\/2023\/02\/20\/hulk-da-positivo-por-covid-19-y-sera-baja-del-mineiro-en-la-libertadores\/","title":{"rendered":"Hulk da positivo por Covid-19 y ser\u00e1 baja del Mineiro en la Libertadores"},"content":{"rendered":"<p><strong>Brasil<\/strong><\/p>\n<p>El delantero brasile\u00f1o Hulk, del Atl\u00e9tico Mineiro, dio positivo para covid-19 y ser\u00e1 baja en el partido del pr\u00f3ximo mi\u00e9rcoles ante el Carabobo venezolano por la Copa Libertadores, inform\u00f3 el club de Belo Horizonte.<\/p>\n<p>El artillero tuvo un resultado \u00abpositivo\u00bb despu\u00e9s de los ex\u00e1menes de laboratorio realizados el s\u00e1bado para toda la delegaci\u00f3n que viajar\u00e1 a Caracas, \u00aben cumplimiento de los protocolos de salud para la entrada a Venezuela\u00bb, seg\u00fan comunic\u00f3 el Mineiro en sus redes sociales.<\/p>\n<p>De acuerdo con el club, Hulk fue \u00abretirado de la lista de viajeros\u00bb para el partido debut en la segunda fase de la Copa Libertadores frente al Carabobo.<\/p>\n<p><strong>Vea adem\u00e1s: <\/strong><a href=\"http:\/\/www.sporthiva.com\/index.php\/2023\/02\/19\/el-espanol-carlos-alcaraz-se-consagra-campeon-del-atp-de-buenos-aires\/\"><strong>El espa\u00f1ol Carlos Alcaraz se consagra campe\u00f3n del ATP de Buenos Aires<\/strong><\/a><\/p>\n<p>\u00abEl jugador no presenta s\u00edntomas, pero seguir\u00e1 las orientaciones del departamento m\u00e9dico del club\u00bb en Belo Horizonte, indic\u00f3 el equipo.<\/p>\n<p>El s\u00e1bado, despu\u00e9s de los ex\u00e1menes, Hulk fue titular y marc\u00f3 el gol de la victoria, por 2-1, sobre el Patrocinense, en partido por el Campeonato Mineiro, el torneo regional del estado de Minas Gerais.<\/p>\n","protected":false},"excerpt":{"rendered":"<p>Brasil El delantero brasile\u00f1o Hulk, del Atl\u00e9tico Mineiro, dio positivo para covid-19 y ser\u00e1 baja en el partido del pr\u00f3ximo mi\u00e9rcoles ante el Carabobo venezolano por la Copa Libertadores, inform\u00f3 el club de Belo Horizonte. El artillero tuvo un resultado \u00abpositivo\u00bb despu\u00e9s de los ex\u00e1menes de laboratorio realizados el s\u00e1bado para toda la delegaci\u00f3n que&nbsp;<\/p>\n<p><a class=\"btn btn-style\" href=\"http:\/\/www.sporthiva.com\/index.php\/2023\/02\/20\/hulk-da-positivo-por-covid-19-y-sera-baja-del-mineiro-en-la-libertadores\/\">Continuar leyendo<\/a><\/p>\n","protected":false},"author":7,"featured_media":0,"comment_status":"open","ping_status":"open","sticky":false,"template":"","format":"standard","meta":{"qubely_global_settings":"","qubely_interactions":""},"categories":[563],"tags":[1057,371,718,500],"qubely_featured_image_url":null,"qubely_author":{"display_name":"Evelyn Pineda","author_link":"http:\/\/www.sporthiva.com\/index.php\/author\/epineda\/"},"qubely_comment":0,"qubely_category":"<a href=\"http:\/\/www.sporthiva.com\/index.php\/category\/internacionales\/\" rel=\"category tag\">Internacionales<\/a>","qubely_excerpt":"Brasil El delantero brasile\u00f1o Hulk, del Atl\u00e9tico Mineiro, dio positivo para covid-19 y ser\u00e1 baja en el partido del pr\u00f3ximo mi\u00e9rcoles ante el Carabobo venezolano por la Copa Libertadores, inform\u00f3 el club de Belo Horizonte. El artillero tuvo un resultado \u00abpositivo\u00bb despu\u00e9s de los ex\u00e1menes de laboratorio realizados el s\u00e1bado para toda la delegaci\u00f3n que&nbsp;Continuar&hellip;","yoast_head":"<!-- This site is optimized with the Yoast SEO plugin v17.8 - https:\/\/yoast.com\/wordpress\/plugins\/seo\/ -->\n<title>Hulk da positivo por Covid-19 y ser\u00e1 baja del Mineiro en la Libertadores - Sporthiva Online<\/title>\n<meta name=\"robots\" content=\"index, follow, max-snippet:-1, max-image-preview:large, max-video-preview:-1\" \/>\n<link rel=\"canonical\" href=\"http:\/\/www.sporthiva.com\/index.php\/2023\/02\/20\/hulk-da-positivo-por-covid-19-y-sera-baja-del-mineiro-en-la-libertadores\/\" \/>\n<meta property=\"og:locale\" content=\"es_ES\" \/>\n<meta property=\"og:type\" content=\"article\" \/>\n<meta property=\"og:title\" content=\"Hulk da positivo por Covid-19 y ser\u00e1 baja del Mineiro en la Libertadores - Sporthiva Online\" \/>\n<meta property=\"og:description\" content=\"Brasil El delantero brasile\u00f1o Hulk, del Atl\u00e9tico Mineiro, dio positivo para covid-19 y ser\u00e1 baja en el partido del pr\u00f3ximo mi\u00e9rcoles ante el Carabobo venezolano por la Copa Libertadores, inform\u00f3 el club de Belo Horizonte. El artillero tuvo un resultado \u00abpositivo\u00bb despu\u00e9s de los ex\u00e1menes de laboratorio realizados el s\u00e1bado para toda la delegaci\u00f3n que&nbsp;Continuar leyendo\" \/>\n<meta property=\"og:url\" content=\"http:\/\/www.sporthiva.com\/index.php\/2023\/02\/20\/hulk-da-positivo-por-covid-19-y-sera-baja-del-mineiro-en-la-libertadores\/\" \/>\n<meta property=\"og:site_name\" content=\"Sporthiva Online\" \/>\n<meta property=\"article:published_time\" content=\"2023-02-20T13:36:40+00:00\" \/>\n<meta property=\"article:modified_time\" content=\"2023-02-20T13:37:03+00:00\" \/>\n<meta name=\"twitter:card\" content=\"summary\" \/>\n<meta name=\"twitter:label1\" content=\"Escrito por\" \/>\n\t<meta name=\"twitter:data1\" content=\"Evelyn Pineda\" \/>\n\t<meta name=\"twitter:label2\" content=\"Tiempo de lectura\" \/>\n\t<meta name=\"twitter:data2\" content=\"1 minuto\" \/>\n<script type=\"application\/ld+json\" class=\"yoast-schema-graph\">{\"@context\":\"https:\/\/schema.org\",\"@graph\":[{\"@type\":\"WebSite\",\"@id\":\"http:\/\/www.sporthiva.com\/#website\",\"url\":\"http:\/\/www.sporthiva.com\/\",\"name\":\"Sporthiva Online\",\"description\":\"Sporthiva Online\",\"potentialAction\":[{\"@type\":\"SearchAction\",\"target\":{\"@type\":\"EntryPoint\",\"urlTemplate\":\"http:\/\/www.sporthiva.com\/?s={search_term_string}\"},\"query-input\":\"required name=search_term_string\"}],\"inLanguage\":\"es\"},{\"@type\":\"WebPage\",\"@id\":\"http:\/\/www.sporthiva.com\/index.php\/2023\/02\/20\/hulk-da-positivo-por-covid-19-y-sera-baja-del-mineiro-en-la-libertadores\/#webpage\",\"url\":\"http:\/\/www.sporthiva.com\/index.php\/2023\/02\/20\/hulk-da-positivo-por-covid-19-y-sera-baja-del-mineiro-en-la-libertadores\/\",\"name\":\"Hulk da positivo por Covid-19 y ser\\u00e1 baja del Mineiro en la Libertadores - Sporthiva Online\",\"isPartOf\":{\"@id\":\"http:\/\/www.sporthiva.com\/#website\"},\"datePublished\":\"2023-02-20T13:36:40+00:00\",\"dateModified\":\"2023-02-20T13:37:03+00:00\",\"author\":{\"@id\":\"http:\/\/www.sporthiva.com\/#\/schema\/person\/551718db343e60bf7d707f9085b1e611\"},\"breadcrumb\":{\"@id\":\"http:\/\/www.sporthiva.com\/index.php\/2023\/02\/20\/hulk-da-positivo-por-covid-19-y-sera-baja-del-mineiro-en-la-libertadores\/#breadcrumb\"},\"inLanguage\":\"es\",\"potentialAction\":[{\"@type\":\"ReadAction\",\"target\":[\"http:\/\/www.sporthiva.com\/index.php\/2023\/02\/20\/hulk-da-positivo-por-covid-19-y-sera-baja-del-mineiro-en-la-libertadores\/\"]}]},{\"@type\":\"BreadcrumbList\",\"@id\":\"http:\/\/www.sporthiva.com\/index.php\/2023\/02\/20\/hulk-da-positivo-por-covid-19-y-sera-baja-del-mineiro-en-la-libertadores\/#breadcrumb\",\"itemListElement\":[{\"@type\":\"ListItem\",\"position\":1,\"name\":\"Portada\",\"item\":\"http:\/\/www.sporthiva.com\/\"},{\"@type\":\"ListItem\",\"position\":2,\"name\":\"Hulk da positivo por Covid-19 y ser\\u00e1 baja del Mineiro en la Libertadores\"}]},{\"@type\":\"Person\",\"@id\":\"http:\/\/www.sporthiva.com\/#\/schema\/person\/551718db343e60bf7d707f9085b1e611\",\"name\":\"Evelyn Pineda\",\"image\":{\"@type\":\"ImageObject\",\"@id\":\"http:\/\/www.sporthiva.com\/#personlogo\",\"inLanguage\":\"es\",\"url\":\"http:\/\/1.gravatar.com\/avatar\/73932ff8109aee94864b4504adf4d91e?s=96&d=mm&r=g\",\"contentUrl\":\"http:\/\/1.gravatar.com\/avatar\/73932ff8109aee94864b4504adf4d91e?s=96&d=mm&r=g\",\"caption\":\"Evelyn Pineda\"},\"sameAs\":[\"http:\/\/www.sporthiva.com\/\"],\"url\":\"http:\/\/www.sporthiva.com\/index.php\/author\/epineda\/\"}]}<\/script>\n<!-- \/ Yoast SEO plugin. -->","yoast_head_json":{"title":"Hulk da positivo por Covid-19 y ser\u00e1 baja del Mineiro en la Libertadores - Sporthiva Online","robots":{"index":"index","follow":"follow","max-snippet":"max-snippet:-1","max-image-preview":"max-image-preview:large","max-video-preview":"max-video-preview:-1"},"canonical":"http:\/\/www.sporthiva.com\/index.php\/2023\/02\/20\/hulk-da-positivo-por-covid-19-y-sera-baja-del-mineiro-en-la-libertadores\/","og_locale":"es_ES","og_type":"article","og_title":"Hulk da positivo por Covid-19 y ser\u00e1 baja del Mineiro en la Libertadores - Sporthiva Online","og_description":"Brasil El delantero brasile\u00f1o Hulk, del Atl\u00e9tico Mineiro, dio positivo para covid-19 y ser\u00e1 baja en el partido del pr\u00f3ximo mi\u00e9rcoles ante el Carabobo venezolano por la Copa Libertadores, inform\u00f3 el club de Belo Horizonte. El artillero tuvo un resultado \u00abpositivo\u00bb despu\u00e9s de los ex\u00e1menes de laboratorio realizados el s\u00e1bado para toda la delegaci\u00f3n que&nbsp;Continuar leyendo","og_url":"http:\/\/www.sporthiva.com\/index.php\/2023\/02\/20\/hulk-da-positivo-por-covid-19-y-sera-baja-del-mineiro-en-la-libertadores\/","og_site_name":"Sporthiva Online","article_published_time":"2023-02-20T13:36:40+00:00","article_modified_time":"2023-02-20T13:37:03+00:00","twitter_card":"summary","twitter_misc":{"Escrito por":"Evelyn Pineda","Tiempo de lectura":"1 minuto"},"schema":{"@context":"https:\/\/schema.org","@graph":[{"@type":"WebSite","@id":"http:\/\/www.sporthiva.com\/#website","url":"http:\/\/www.sporthiva.com\/","name":"Sporthiva Online","description":"Sporthiva Online","potentialAction":[{"@type":"SearchAction","target":{"@type":"EntryPoint","urlTemplate":"http:\/\/www.sporthiva.com\/?s={search_term_string}"},"query-input":"required name=search_term_string"}],"inLanguage":"es"},{"@type":"WebPage","@id":"http:\/\/www.sporthiva.com\/index.php\/2023\/02\/20\/hulk-da-positivo-por-covid-19-y-sera-baja-del-mineiro-en-la-libertadores\/#webpage","url":"http:\/\/www.sporthiva.com\/index.php\/2023\/02\/20\/hulk-da-positivo-por-covid-19-y-sera-baja-del-mineiro-en-la-libertadores\/","name":"Hulk da positivo por Covid-19 y ser\u00e1 baja del Mineiro en la Libertadores - Sporthiva Online","isPartOf":{"@id":"http:\/\/www.sporthiva.com\/#website"},"datePublished":"2023-02-20T13:36:40+00:00","dateModified":"2023-02-20T13:37:03+00:00","author":{"@id":"http:\/\/www.sporthiva.com\/#\/schema\/person\/551718db343e60bf7d707f9085b1e611"},"breadcrumb":{"@id":"http:\/\/www.sporthiva.com\/index.php\/2023\/02\/20\/hulk-da-positivo-por-covid-19-y-sera-baja-del-mineiro-en-la-libertadores\/#breadcrumb"},"inLanguage":"es","potentialAction":[{"@type":"ReadAction","target":["http:\/\/www.sporthiva.com\/index.php\/2023\/02\/20\/hulk-da-positivo-por-covid-19-y-sera-baja-del-mineiro-en-la-libertadores\/"]}]},{"@type":"BreadcrumbList","@id":"http:\/\/www.sporthiva.com\/index.php\/2023\/02\/20\/hulk-da-positivo-por-covid-19-y-sera-baja-del-mineiro-en-la-libertadores\/#breadcrumb","itemListElement":[{"@type":"ListItem","position":1,"name":"Portada","item":"http:\/\/www.sporthiva.com\/"},{"@type":"ListItem","position":2,"name":"Hulk da positivo por Covid-19 y ser\u00e1 baja del Mineiro en la Libertadores"}]},{"@type":"Person","@id":"http:\/\/www.sporthiva.com\/#\/schema\/person\/551718db343e60bf7d707f9085b1e611","name":"Evelyn Pineda","image":{"@type":"ImageObject","@id":"http:\/\/www.sporthiva.com\/#personlogo","inLanguage":"es","url":"http:\/\/1.gravatar.com\/avatar\/73932ff8109aee94864b4504adf4d91e?s=96&d=mm&r=g","contentUrl":"http:\/\/1.gravatar.com\/avatar\/73932ff8109aee94864b4504adf4d91e?s=96&d=mm&r=g","caption":"Evelyn Pineda"},"sameAs":["http:\/\/www.sporthiva.com\/"],"url":"http:\/\/www.sporthiva.com\/index.php\/author\/epineda\/"}]}},"_links":{"self":[{"href":"http:\/\/www.sporthiva.com\/index.php\/wp-json\/wp\/v2\/posts\/134472"}],"collection":[{"href":"http:\/\/www.sporthiva.com\/index.php\/wp-json\/wp\/v2\/posts"}],"about":[{"href":"http:\/\/www.sporthiva.com\/index.php\/wp-json\/wp\/v2\/types\/post"}],"author":[{"embeddable":true,"href":"http:\/\/www.sporthiva.com\/index.php\/wp-json\/wp\/v2\/users\/7"}],"replies":[{"embeddable":true,"href":"http:\/\/www.sporthiva.com\/index.php\/wp-json\/wp\/v2\/comments?post=134472"}],"version-history":[{"count":1,"href":"http:\/\/www.sporthiva.com\/index.php\/wp-json\/wp\/v2\/posts\/134472\/revisions"}],"predecessor-version":[{"id":134474,"href":"http:\/\/www.sporthiva.com\/index.php\/wp-json\/wp\/v2\/posts\/134472\/revisions\/134474"}],"wp:attachment":[{"href":"http:\/\/www.sporthiva.com\/index.php\/wp-json\/wp\/v2\/media?parent=134472"}],"wp:term":[{"taxonomy":"category","embeddable":true,"href":"http:\/\/www.sporthiva.com\/index.php\/wp-json\/wp\/v2\/categories?post=134472"},{"taxonomy":"post_tag","embeddable":true,"href":"http:\/\/www.sporthiva.com\/index.php\/wp-json\/wp\/v2\/tags?post=134472"}],"curies":[{"name":"wp","href":"https:\/\/api.w.org\/{rel}","templated":true}]}}