{"id":134507,"date":"2023-02-20T21:09:25","date_gmt":"2023-02-21T03:09:25","guid":{"rendered":"http:\/\/www.sporthiva.com\/?p=134507"},"modified":"2023-02-20T21:09:25","modified_gmt":"2023-02-21T03:09:25","slug":"la-liga-espanola-recorta-el-limite-salarial-del-barcelona","status":"publish","type":"post","link":"http:\/\/www.sporthiva.com\/index.php\/2023\/02\/20\/la-liga-espanola-recorta-el-limite-salarial-del-barcelona\/","title":{"rendered":"La Liga espa\u00f1ola recorta el l\u00edmite salarial del Barcelona"},"content":{"rendered":"<p><strong>Madrid, Espa\u00f1a<\/strong><\/p>\n<p>La Liga espa\u00f1ola redujo el l\u00edmite salarial del Barcelona a ra\u00edz de su m\u00e1s reciente eliminaci\u00f3n en la Liga de Campeones.<\/p>\n<p>Al actualizar los topes que cada equipo de la primera divisi\u00f3n tiene para gastar en su plantilla, la Liga dijo el lunes que el l\u00edmite del Bar\u00e7a qued\u00f3 en 648 millones de euros (692 millones de d\u00f3lares), por debajo del monto previo de 656 millones de euros (700 millones de d\u00f3lares).<\/p>\n<p><strong>Vea adem\u00e1s: <\/strong><a href=\"http:\/\/www.sporthiva.com\/index.php\/2023\/02\/20\/luka-modric-quiero-merecer-seguir-no-que-nadie-me-regale-nada\/\"><strong>Luka Modric: \u00abQuiero merecer seguir, no que nadie me regale nada\u00bb<\/strong><\/a><\/p>\n<p>El tope del Barcelona se mantuvo relativamente alto gracias a las maniobras financieras que hizo para reestructurar sus deudas, aunque la Liga indic\u00f3 que el club necesitar\u00e1 recortar unos 200 millones de euros con miras a la pr\u00f3xima temporada, lo cual podr\u00eda concretarse reduciendo costos dentro del plantel o buscando nuevas inversiones.<\/p>\n<p>La Liga tambi\u00e9n redujo los l\u00edmites del Atl\u00e9tico de Madrid y el Sevilla tras quedar fuera de la Champions en la fase de grupos. El del Atl\u00e9tico estaba en 315 millones de euros y el del Sevilla en 191 millones de euros.<\/p>\n<p data-inc=\"1\">Barcelona, cinco veces ganador de la Liga de Campeones, naufrag\u00f3 en la fase de grupos por segunda temporada consecutiva.<\/p>\n<p data-inc=\"1\"><strong>Le interesa tambi\u00e9n: <\/strong><a href=\"http:\/\/www.sporthiva.com\/index.php\/2023\/02\/20\/messi-mbappe-la-seleccion-argentina-y-el-real-madrid-candidatos-a-premios-laureus\/\"><strong>Messi, Mbapp\u00e9, la selecci\u00f3n argentina y el Real Madrid, candidatos a premios Laureus<\/strong><\/a><\/p>\n<p>El Real Madrid se mantiene como el club con el tope de gasto m\u00e1s alto de la liga, con 683 millones de euros, sin cambios desde la temporada pasada.<\/p>\n<p>El l\u00edmite m\u00e1s bajo corresponde a los 42 millones de euros del Elche.<\/p>\n<p>Cada club espa\u00f1ol tiene un tope distinto dependiendo de factores como los ingresos, costos y deudas. Es proporcional a aproximadamente el 70% de los ingresos del club.<\/p>\n","protected":false},"excerpt":{"rendered":"<p>Madrid, Espa\u00f1a La Liga espa\u00f1ola redujo el l\u00edmite salarial del Barcelona a ra\u00edz de su m\u00e1s reciente eliminaci\u00f3n en la Liga de Campeones. Al actualizar los topes que cada equipo de la primera divisi\u00f3n tiene para gastar en su plantilla, la Liga dijo el lunes que el l\u00edmite del Bar\u00e7a qued\u00f3 en 648 millones de&nbsp;<\/p>\n<p><a class=\"btn btn-style\" href=\"http:\/\/www.sporthiva.com\/index.php\/2023\/02\/20\/la-liga-espanola-recorta-el-limite-salarial-del-barcelona\/\">Continuar leyendo<\/a><\/p>\n","protected":false},"author":7,"featured_media":0,"comment_status":"open","ping_status":"open","sticky":false,"template":"","format":"standard","meta":{"qubely_global_settings":"","qubely_interactions":""},"categories":[563],"tags":[25,501,350],"qubely_featured_image_url":null,"qubely_author":{"display_name":"Evelyn Pineda","author_link":"http:\/\/www.sporthiva.com\/index.php\/author\/epineda\/"},"qubely_comment":0,"qubely_category":"<a href=\"http:\/\/www.sporthiva.com\/index.php\/category\/internacionales\/\" rel=\"category tag\">Internacionales<\/a>","qubely_excerpt":"Madrid, Espa\u00f1a La Liga espa\u00f1ola redujo el l\u00edmite salarial del Barcelona a ra\u00edz de su m\u00e1s reciente eliminaci\u00f3n en la Liga de Campeones. Al actualizar los topes que cada equipo de la primera divisi\u00f3n tiene para gastar en su plantilla, la Liga dijo el lunes que el l\u00edmite del Bar\u00e7a qued\u00f3 en 648 millones de&nbsp;Continuar&hellip;","yoast_head":"<!-- This site is optimized with the Yoast SEO plugin v17.8 - https:\/\/yoast.com\/wordpress\/plugins\/seo\/ -->\n<title>La Liga espa\u00f1ola recorta el l\u00edmite salarial del Barcelona - Sporthiva Online<\/title>\n<meta name=\"robots\" content=\"index, follow, max-snippet:-1, max-image-preview:large, max-video-preview:-1\" \/>\n<link rel=\"canonical\" href=\"http:\/\/www.sporthiva.com\/index.php\/2023\/02\/20\/la-liga-espanola-recorta-el-limite-salarial-del-barcelona\/\" \/>\n<meta property=\"og:locale\" content=\"es_ES\" \/>\n<meta property=\"og:type\" content=\"article\" \/>\n<meta property=\"og:title\" content=\"La Liga espa\u00f1ola recorta el l\u00edmite salarial del Barcelona - Sporthiva Online\" \/>\n<meta property=\"og:description\" content=\"Madrid, Espa\u00f1a La Liga espa\u00f1ola redujo el l\u00edmite salarial del Barcelona a ra\u00edz de su m\u00e1s reciente eliminaci\u00f3n en la Liga de Campeones. Al actualizar los topes que cada equipo de la primera divisi\u00f3n tiene para gastar en su plantilla, la Liga dijo el lunes que el l\u00edmite del Bar\u00e7a qued\u00f3 en 648 millones de&nbsp;Continuar leyendo\" \/>\n<meta property=\"og:url\" content=\"http:\/\/www.sporthiva.com\/index.php\/2023\/02\/20\/la-liga-espanola-recorta-el-limite-salarial-del-barcelona\/\" \/>\n<meta property=\"og:site_name\" content=\"Sporthiva Online\" \/>\n<meta property=\"article:published_time\" content=\"2023-02-21T03:09:25+00:00\" \/>\n<meta name=\"twitter:card\" content=\"summary\" \/>\n<meta name=\"twitter:label1\" content=\"Escrito por\" \/>\n\t<meta name=\"twitter:data1\" content=\"Evelyn Pineda\" \/>\n\t<meta name=\"twitter:label2\" content=\"Tiempo de lectura\" \/>\n\t<meta name=\"twitter:data2\" content=\"1 minuto\" \/>\n<script type=\"application\/ld+json\" class=\"yoast-schema-graph\">{\"@context\":\"https:\/\/schema.org\",\"@graph\":[{\"@type\":\"WebSite\",\"@id\":\"http:\/\/www.sporthiva.com\/#website\",\"url\":\"http:\/\/www.sporthiva.com\/\",\"name\":\"Sporthiva Online\",\"description\":\"Sporthiva Online\",\"potentialAction\":[{\"@type\":\"SearchAction\",\"target\":{\"@type\":\"EntryPoint\",\"urlTemplate\":\"http:\/\/www.sporthiva.com\/?s={search_term_string}\"},\"query-input\":\"required name=search_term_string\"}],\"inLanguage\":\"es\"},{\"@type\":\"WebPage\",\"@id\":\"http:\/\/www.sporthiva.com\/index.php\/2023\/02\/20\/la-liga-espanola-recorta-el-limite-salarial-del-barcelona\/#webpage\",\"url\":\"http:\/\/www.sporthiva.com\/index.php\/2023\/02\/20\/la-liga-espanola-recorta-el-limite-salarial-del-barcelona\/\",\"name\":\"La Liga espa\\u00f1ola recorta el l\\u00edmite salarial del Barcelona - Sporthiva Online\",\"isPartOf\":{\"@id\":\"http:\/\/www.sporthiva.com\/#website\"},\"datePublished\":\"2023-02-21T03:09:25+00:00\",\"dateModified\":\"2023-02-21T03:09:25+00:00\",\"author\":{\"@id\":\"http:\/\/www.sporthiva.com\/#\/schema\/person\/551718db343e60bf7d707f9085b1e611\"},\"breadcrumb\":{\"@id\":\"http:\/\/www.sporthiva.com\/index.php\/2023\/02\/20\/la-liga-espanola-recorta-el-limite-salarial-del-barcelona\/#breadcrumb\"},\"inLanguage\":\"es\",\"potentialAction\":[{\"@type\":\"ReadAction\",\"target\":[\"http:\/\/www.sporthiva.com\/index.php\/2023\/02\/20\/la-liga-espanola-recorta-el-limite-salarial-del-barcelona\/\"]}]},{\"@type\":\"BreadcrumbList\",\"@id\":\"http:\/\/www.sporthiva.com\/index.php\/2023\/02\/20\/la-liga-espanola-recorta-el-limite-salarial-del-barcelona\/#breadcrumb\",\"itemListElement\":[{\"@type\":\"ListItem\",\"position\":1,\"name\":\"Portada\",\"item\":\"http:\/\/www.sporthiva.com\/\"},{\"@type\":\"ListItem\",\"position\":2,\"name\":\"La Liga espa\\u00f1ola recorta el l\\u00edmite salarial del Barcelona\"}]},{\"@type\":\"Person\",\"@id\":\"http:\/\/www.sporthiva.com\/#\/schema\/person\/551718db343e60bf7d707f9085b1e611\",\"name\":\"Evelyn Pineda\",\"image\":{\"@type\":\"ImageObject\",\"@id\":\"http:\/\/www.sporthiva.com\/#personlogo\",\"inLanguage\":\"es\",\"url\":\"http:\/\/1.gravatar.com\/avatar\/73932ff8109aee94864b4504adf4d91e?s=96&d=mm&r=g\",\"contentUrl\":\"http:\/\/1.gravatar.com\/avatar\/73932ff8109aee94864b4504adf4d91e?s=96&d=mm&r=g\",\"caption\":\"Evelyn Pineda\"},\"sameAs\":[\"http:\/\/www.sporthiva.com\/\"],\"url\":\"http:\/\/www.sporthiva.com\/index.php\/author\/epineda\/\"}]}<\/script>\n<!-- \/ Yoast SEO plugin. -->","yoast_head_json":{"title":"La Liga espa\u00f1ola recorta el l\u00edmite salarial del Barcelona - Sporthiva Online","robots":{"index":"index","follow":"follow","max-snippet":"max-snippet:-1","max-image-preview":"max-image-preview:large","max-video-preview":"max-video-preview:-1"},"canonical":"http:\/\/www.sporthiva.com\/index.php\/2023\/02\/20\/la-liga-espanola-recorta-el-limite-salarial-del-barcelona\/","og_locale":"es_ES","og_type":"article","og_title":"La Liga espa\u00f1ola recorta el l\u00edmite salarial del Barcelona - Sporthiva Online","og_description":"Madrid, Espa\u00f1a La Liga espa\u00f1ola redujo el l\u00edmite salarial del Barcelona a ra\u00edz de su m\u00e1s reciente eliminaci\u00f3n en la Liga de Campeones. Al actualizar los topes que cada equipo de la primera divisi\u00f3n tiene para gastar en su plantilla, la Liga dijo el lunes que el l\u00edmite del Bar\u00e7a qued\u00f3 en 648 millones de&nbsp;Continuar leyendo","og_url":"http:\/\/www.sporthiva.com\/index.php\/2023\/02\/20\/la-liga-espanola-recorta-el-limite-salarial-del-barcelona\/","og_site_name":"Sporthiva Online","article_published_time":"2023-02-21T03:09:25+00:00","twitter_card":"summary","twitter_misc":{"Escrito por":"Evelyn Pineda","Tiempo de lectura":"1 minuto"},"schema":{"@context":"https:\/\/schema.org","@graph":[{"@type":"WebSite","@id":"http:\/\/www.sporthiva.com\/#website","url":"http:\/\/www.sporthiva.com\/","name":"Sporthiva Online","description":"Sporthiva Online","potentialAction":[{"@type":"SearchAction","target":{"@type":"EntryPoint","urlTemplate":"http:\/\/www.sporthiva.com\/?s={search_term_string}"},"query-input":"required name=search_term_string"}],"inLanguage":"es"},{"@type":"WebPage","@id":"http:\/\/www.sporthiva.com\/index.php\/2023\/02\/20\/la-liga-espanola-recorta-el-limite-salarial-del-barcelona\/#webpage","url":"http:\/\/www.sporthiva.com\/index.php\/2023\/02\/20\/la-liga-espanola-recorta-el-limite-salarial-del-barcelona\/","name":"La Liga espa\u00f1ola recorta el l\u00edmite salarial del Barcelona - Sporthiva Online","isPartOf":{"@id":"http:\/\/www.sporthiva.com\/#website"},"datePublished":"2023-02-21T03:09:25+00:00","dateModified":"2023-02-21T03:09:25+00:00","author":{"@id":"http:\/\/www.sporthiva.com\/#\/schema\/person\/551718db343e60bf7d707f9085b1e611"},"breadcrumb":{"@id":"http:\/\/www.sporthiva.com\/index.php\/2023\/02\/20\/la-liga-espanola-recorta-el-limite-salarial-del-barcelona\/#breadcrumb"},"inLanguage":"es","potentialAction":[{"@type":"ReadAction","target":["http:\/\/www.sporthiva.com\/index.php\/2023\/02\/20\/la-liga-espanola-recorta-el-limite-salarial-del-barcelona\/"]}]},{"@type":"BreadcrumbList","@id":"http:\/\/www.sporthiva.com\/index.php\/2023\/02\/20\/la-liga-espanola-recorta-el-limite-salarial-del-barcelona\/#breadcrumb","itemListElement":[{"@type":"ListItem","position":1,"name":"Portada","item":"http:\/\/www.sporthiva.com\/"},{"@type":"ListItem","position":2,"name":"La Liga espa\u00f1ola recorta el l\u00edmite salarial del Barcelona"}]},{"@type":"Person","@id":"http:\/\/www.sporthiva.com\/#\/schema\/person\/551718db343e60bf7d707f9085b1e611","name":"Evelyn Pineda","image":{"@type":"ImageObject","@id":"http:\/\/www.sporthiva.com\/#personlogo","inLanguage":"es","url":"http:\/\/1.gravatar.com\/avatar\/73932ff8109aee94864b4504adf4d91e?s=96&d=mm&r=g","contentUrl":"http:\/\/1.gravatar.com\/avatar\/73932ff8109aee94864b4504adf4d91e?s=96&d=mm&r=g","caption":"Evelyn Pineda"},"sameAs":["http:\/\/www.sporthiva.com\/"],"url":"http:\/\/www.sporthiva.com\/index.php\/author\/epineda\/"}]}},"_links":{"self":[{"href":"http:\/\/www.sporthiva.com\/index.php\/wp-json\/wp\/v2\/posts\/134507"}],"collection":[{"href":"http:\/\/www.sporthiva.com\/index.php\/wp-json\/wp\/v2\/posts"}],"about":[{"href":"http:\/\/www.sporthiva.com\/index.php\/wp-json\/wp\/v2\/types\/post"}],"author":[{"embeddable":true,"href":"http:\/\/www.sporthiva.com\/index.php\/wp-json\/wp\/v2\/users\/7"}],"replies":[{"embeddable":true,"href":"http:\/\/www.sporthiva.com\/index.php\/wp-json\/wp\/v2\/comments?post=134507"}],"version-history":[{"count":1,"href":"http:\/\/www.sporthiva.com\/index.php\/wp-json\/wp\/v2\/posts\/134507\/revisions"}],"predecessor-version":[{"id":134509,"href":"http:\/\/www.sporthiva.com\/index.php\/wp-json\/wp\/v2\/posts\/134507\/revisions\/134509"}],"wp:attachment":[{"href":"http:\/\/www.sporthiva.com\/index.php\/wp-json\/wp\/v2\/media?parent=134507"}],"wp:term":[{"taxonomy":"category","embeddable":true,"href":"http:\/\/www.sporthiva.com\/index.php\/wp-json\/wp\/v2\/categories?post=134507"},{"taxonomy":"post_tag","embeddable":true,"href":"http:\/\/www.sporthiva.com\/index.php\/wp-json\/wp\/v2\/tags?post=134507"}],"curies":[{"name":"wp","href":"https:\/\/api.w.org\/{rel}","templated":true}]}}