{"id":134514,"date":"2023-02-21T09:33:21","date_gmt":"2023-02-21T15:33:21","guid":{"rendered":"http:\/\/www.sporthiva.com\/?p=134514"},"modified":"2023-02-21T09:33:21","modified_gmt":"2023-02-21T15:33:21","slug":"muere-amancio-amaro-presidente-honorario-y-leyenda-del-real-madrid","status":"publish","type":"post","link":"http:\/\/www.sporthiva.com\/index.php\/2023\/02\/21\/muere-amancio-amaro-presidente-honorario-y-leyenda-del-real-madrid\/","title":{"rendered":"Muere Amancio Amaro, presidente honorario y leyenda del Real Madrid"},"content":{"rendered":"<p><strong>Madrid, Espa\u00f1a<\/strong><\/p>\n<p>Amancio Amaro Varela (La Coru\u00f1a, 1939), exjugador y presidente de honor del Real Madrid y leyenda del futbol espa\u00f1ol que brill\u00f3 en las d\u00e9cadas de 1960 y 1970, falleci\u00f3 esta madrugada a los 83 a\u00f1os de edad, inform\u00f3 el club blanco.<\/p>\n<p>\u00abEl Real Madrid C. F., su presidente y su Junta Directiva lamentan profundamente el fallecimiento de Amancio Amaro, presidente de honor del Real Madrid y una de las grandes leyendas de nuestro club y del f\u00fatbol mundial\u00bb, se\u00f1al\u00f3 el club madrile\u00f1o en un comunicado.<\/p>\n<p><strong>Vea adem\u00e1s: <\/strong><a href=\"http:\/\/www.sporthiva.com\/index.php\/2023\/02\/21\/pepe-fernando-santos-hizo-entender-a-cristiano-ronaldo-que-el-nosotros-es-muy-importante\/\"><strong>Pepe: \u00abFernando Santos hizo entender a Cristiano Ronaldo que el \u2018nosotros\u2019 es muy importante\u00bb<\/strong><\/a><\/p>\n<p>\u00abJunto a Paco Gento, Amancio lider\u00f3 el Real Madrid posterior al de las cinco Copas de Europa consecutivas\u00bb, ganadas entre 1956 y 1960, \u00aby representa los valores que han forjado la historia de nuestro club\u00bb, agregaron en el texto.<\/p>\n<p>El Santiago Bernab\u00e9u acoger\u00e1 una capilla ardiente a partir de la tarde de este martes, inform\u00f3 el club.<\/p>\n<p><strong>Le interesa tambi\u00e9n: <\/strong><a href=\"http:\/\/www.sporthiva.com\/index.php\/2023\/02\/20\/la-liga-espanola-recorta-el-limite-salarial-del-barcelona\/\"><strong>La Liga espa\u00f1ola recorta el l\u00edmite salarial del Barcelona<\/strong><\/a><\/p>\n<p data-inc=\"1\">Llegado en 1962 procedente del Deportivo de La Coru\u00f1a, jug\u00f3 14 temporadas con el Real Madrid, hasta 1976. Vistiendo la camiseta merengue gan\u00f3 la sexta Copa de Europa, 9 Ligas, 3 Copas de Espa\u00f1a, adem\u00e1s de ser m\u00e1ximo artillero en 1969 y 1970&#8243;.<\/p>\n<p>Amaro, apodado El Brujo, fue 42 veces internacional \u00aby logr\u00f3 con la selecci\u00f3n espa\u00f1ola su primera Eurocopa en 1964 en el estadio Santiago Bernab\u00e9u ante la Uni\u00f3n Sovi\u00e9tica\u00bb, agreg\u00f3 el Real Madrid. Ese a\u00f1o fue tercero en el Bal\u00f3n de Oro tras el escoc\u00e9s Denis Law y su buen amigo Luis Su\u00e1rez.<\/p>\n","protected":false},"excerpt":{"rendered":"<p>Madrid, Espa\u00f1a Amancio Amaro Varela (La Coru\u00f1a, 1939), exjugador y presidente de honor del Real Madrid y leyenda del futbol espa\u00f1ol que brill\u00f3 en las d\u00e9cadas de 1960 y 1970, falleci\u00f3 esta madrugada a los 83 a\u00f1os de edad, inform\u00f3 el club blanco. \u00abEl Real Madrid C. F., su presidente y su Junta Directiva lamentan&nbsp;<\/p>\n<p><a class=\"btn btn-style\" href=\"http:\/\/www.sporthiva.com\/index.php\/2023\/02\/21\/muere-amancio-amaro-presidente-honorario-y-leyenda-del-real-madrid\/\">Continuar leyendo<\/a><\/p>\n","protected":false},"author":7,"featured_media":0,"comment_status":"open","ping_status":"open","sticky":false,"template":"","format":"standard","meta":{"qubely_global_settings":"","qubely_interactions":""},"categories":[563],"tags":[6164,52],"qubely_featured_image_url":null,"qubely_author":{"display_name":"Evelyn Pineda","author_link":"http:\/\/www.sporthiva.com\/index.php\/author\/epineda\/"},"qubely_comment":0,"qubely_category":"<a href=\"http:\/\/www.sporthiva.com\/index.php\/category\/internacionales\/\" rel=\"category tag\">Internacionales<\/a>","qubely_excerpt":"Madrid, Espa\u00f1a Amancio Amaro Varela (La Coru\u00f1a, 1939), exjugador y presidente de honor del Real Madrid y leyenda del futbol espa\u00f1ol que brill\u00f3 en las d\u00e9cadas de 1960 y 1970, falleci\u00f3 esta madrugada a los 83 a\u00f1os de edad, inform\u00f3 el club blanco. \u00abEl Real Madrid C. F., su presidente y su Junta Directiva lamentan&nbsp;Continuar&hellip;","yoast_head":"<!-- This site is optimized with the Yoast SEO plugin v17.8 - https:\/\/yoast.com\/wordpress\/plugins\/seo\/ -->\n<title>Muere Amancio Amaro, presidente honorario y leyenda del Real Madrid - Sporthiva Online<\/title>\n<meta name=\"robots\" content=\"index, follow, max-snippet:-1, max-image-preview:large, max-video-preview:-1\" \/>\n<link rel=\"canonical\" href=\"http:\/\/www.sporthiva.com\/index.php\/2023\/02\/21\/muere-amancio-amaro-presidente-honorario-y-leyenda-del-real-madrid\/\" \/>\n<meta property=\"og:locale\" content=\"es_ES\" \/>\n<meta property=\"og:type\" content=\"article\" \/>\n<meta property=\"og:title\" content=\"Muere Amancio Amaro, presidente honorario y leyenda del Real Madrid - Sporthiva Online\" \/>\n<meta property=\"og:description\" content=\"Madrid, Espa\u00f1a Amancio Amaro Varela (La Coru\u00f1a, 1939), exjugador y presidente de honor del Real Madrid y leyenda del futbol espa\u00f1ol que brill\u00f3 en las d\u00e9cadas de 1960 y 1970, falleci\u00f3 esta madrugada a los 83 a\u00f1os de edad, inform\u00f3 el club blanco. \u00abEl Real Madrid C. F., su presidente y su Junta Directiva lamentan&nbsp;Continuar leyendo\" \/>\n<meta property=\"og:url\" content=\"http:\/\/www.sporthiva.com\/index.php\/2023\/02\/21\/muere-amancio-amaro-presidente-honorario-y-leyenda-del-real-madrid\/\" \/>\n<meta property=\"og:site_name\" content=\"Sporthiva Online\" \/>\n<meta property=\"article:published_time\" content=\"2023-02-21T15:33:21+00:00\" \/>\n<meta name=\"twitter:card\" content=\"summary\" \/>\n<meta name=\"twitter:label1\" content=\"Escrito por\" \/>\n\t<meta name=\"twitter:data1\" content=\"Evelyn Pineda\" \/>\n\t<meta name=\"twitter:label2\" content=\"Tiempo de lectura\" \/>\n\t<meta name=\"twitter:data2\" content=\"1 minuto\" \/>\n<script type=\"application\/ld+json\" class=\"yoast-schema-graph\">{\"@context\":\"https:\/\/schema.org\",\"@graph\":[{\"@type\":\"WebSite\",\"@id\":\"http:\/\/www.sporthiva.com\/#website\",\"url\":\"http:\/\/www.sporthiva.com\/\",\"name\":\"Sporthiva Online\",\"description\":\"Sporthiva Online\",\"potentialAction\":[{\"@type\":\"SearchAction\",\"target\":{\"@type\":\"EntryPoint\",\"urlTemplate\":\"http:\/\/www.sporthiva.com\/?s={search_term_string}\"},\"query-input\":\"required name=search_term_string\"}],\"inLanguage\":\"es\"},{\"@type\":\"WebPage\",\"@id\":\"http:\/\/www.sporthiva.com\/index.php\/2023\/02\/21\/muere-amancio-amaro-presidente-honorario-y-leyenda-del-real-madrid\/#webpage\",\"url\":\"http:\/\/www.sporthiva.com\/index.php\/2023\/02\/21\/muere-amancio-amaro-presidente-honorario-y-leyenda-del-real-madrid\/\",\"name\":\"Muere Amancio Amaro, presidente honorario y leyenda del Real Madrid - Sporthiva Online\",\"isPartOf\":{\"@id\":\"http:\/\/www.sporthiva.com\/#website\"},\"datePublished\":\"2023-02-21T15:33:21+00:00\",\"dateModified\":\"2023-02-21T15:33:21+00:00\",\"author\":{\"@id\":\"http:\/\/www.sporthiva.com\/#\/schema\/person\/551718db343e60bf7d707f9085b1e611\"},\"breadcrumb\":{\"@id\":\"http:\/\/www.sporthiva.com\/index.php\/2023\/02\/21\/muere-amancio-amaro-presidente-honorario-y-leyenda-del-real-madrid\/#breadcrumb\"},\"inLanguage\":\"es\",\"potentialAction\":[{\"@type\":\"ReadAction\",\"target\":[\"http:\/\/www.sporthiva.com\/index.php\/2023\/02\/21\/muere-amancio-amaro-presidente-honorario-y-leyenda-del-real-madrid\/\"]}]},{\"@type\":\"BreadcrumbList\",\"@id\":\"http:\/\/www.sporthiva.com\/index.php\/2023\/02\/21\/muere-amancio-amaro-presidente-honorario-y-leyenda-del-real-madrid\/#breadcrumb\",\"itemListElement\":[{\"@type\":\"ListItem\",\"position\":1,\"name\":\"Portada\",\"item\":\"http:\/\/www.sporthiva.com\/\"},{\"@type\":\"ListItem\",\"position\":2,\"name\":\"Muere Amancio Amaro, presidente honorario y leyenda del Real Madrid\"}]},{\"@type\":\"Person\",\"@id\":\"http:\/\/www.sporthiva.com\/#\/schema\/person\/551718db343e60bf7d707f9085b1e611\",\"name\":\"Evelyn Pineda\",\"image\":{\"@type\":\"ImageObject\",\"@id\":\"http:\/\/www.sporthiva.com\/#personlogo\",\"inLanguage\":\"es\",\"url\":\"http:\/\/1.gravatar.com\/avatar\/73932ff8109aee94864b4504adf4d91e?s=96&d=mm&r=g\",\"contentUrl\":\"http:\/\/1.gravatar.com\/avatar\/73932ff8109aee94864b4504adf4d91e?s=96&d=mm&r=g\",\"caption\":\"Evelyn Pineda\"},\"sameAs\":[\"http:\/\/www.sporthiva.com\/\"],\"url\":\"http:\/\/www.sporthiva.com\/index.php\/author\/epineda\/\"}]}<\/script>\n<!-- \/ Yoast SEO plugin. -->","yoast_head_json":{"title":"Muere Amancio Amaro, presidente honorario y leyenda del Real Madrid - Sporthiva Online","robots":{"index":"index","follow":"follow","max-snippet":"max-snippet:-1","max-image-preview":"max-image-preview:large","max-video-preview":"max-video-preview:-1"},"canonical":"http:\/\/www.sporthiva.com\/index.php\/2023\/02\/21\/muere-amancio-amaro-presidente-honorario-y-leyenda-del-real-madrid\/","og_locale":"es_ES","og_type":"article","og_title":"Muere Amancio Amaro, presidente honorario y leyenda del Real Madrid - Sporthiva Online","og_description":"Madrid, Espa\u00f1a Amancio Amaro Varela (La Coru\u00f1a, 1939), exjugador y presidente de honor del Real Madrid y leyenda del futbol espa\u00f1ol que brill\u00f3 en las d\u00e9cadas de 1960 y 1970, falleci\u00f3 esta madrugada a los 83 a\u00f1os de edad, inform\u00f3 el club blanco. \u00abEl Real Madrid C. F., su presidente y su Junta Directiva lamentan&nbsp;Continuar leyendo","og_url":"http:\/\/www.sporthiva.com\/index.php\/2023\/02\/21\/muere-amancio-amaro-presidente-honorario-y-leyenda-del-real-madrid\/","og_site_name":"Sporthiva Online","article_published_time":"2023-02-21T15:33:21+00:00","twitter_card":"summary","twitter_misc":{"Escrito por":"Evelyn Pineda","Tiempo de lectura":"1 minuto"},"schema":{"@context":"https:\/\/schema.org","@graph":[{"@type":"WebSite","@id":"http:\/\/www.sporthiva.com\/#website","url":"http:\/\/www.sporthiva.com\/","name":"Sporthiva Online","description":"Sporthiva Online","potentialAction":[{"@type":"SearchAction","target":{"@type":"EntryPoint","urlTemplate":"http:\/\/www.sporthiva.com\/?s={search_term_string}"},"query-input":"required name=search_term_string"}],"inLanguage":"es"},{"@type":"WebPage","@id":"http:\/\/www.sporthiva.com\/index.php\/2023\/02\/21\/muere-amancio-amaro-presidente-honorario-y-leyenda-del-real-madrid\/#webpage","url":"http:\/\/www.sporthiva.com\/index.php\/2023\/02\/21\/muere-amancio-amaro-presidente-honorario-y-leyenda-del-real-madrid\/","name":"Muere Amancio Amaro, presidente honorario y leyenda del Real Madrid - Sporthiva Online","isPartOf":{"@id":"http:\/\/www.sporthiva.com\/#website"},"datePublished":"2023-02-21T15:33:21+00:00","dateModified":"2023-02-21T15:33:21+00:00","author":{"@id":"http:\/\/www.sporthiva.com\/#\/schema\/person\/551718db343e60bf7d707f9085b1e611"},"breadcrumb":{"@id":"http:\/\/www.sporthiva.com\/index.php\/2023\/02\/21\/muere-amancio-amaro-presidente-honorario-y-leyenda-del-real-madrid\/#breadcrumb"},"inLanguage":"es","potentialAction":[{"@type":"ReadAction","target":["http:\/\/www.sporthiva.com\/index.php\/2023\/02\/21\/muere-amancio-amaro-presidente-honorario-y-leyenda-del-real-madrid\/"]}]},{"@type":"BreadcrumbList","@id":"http:\/\/www.sporthiva.com\/index.php\/2023\/02\/21\/muere-amancio-amaro-presidente-honorario-y-leyenda-del-real-madrid\/#breadcrumb","itemListElement":[{"@type":"ListItem","position":1,"name":"Portada","item":"http:\/\/www.sporthiva.com\/"},{"@type":"ListItem","position":2,"name":"Muere Amancio Amaro, presidente honorario y leyenda del Real Madrid"}]},{"@type":"Person","@id":"http:\/\/www.sporthiva.com\/#\/schema\/person\/551718db343e60bf7d707f9085b1e611","name":"Evelyn Pineda","image":{"@type":"ImageObject","@id":"http:\/\/www.sporthiva.com\/#personlogo","inLanguage":"es","url":"http:\/\/1.gravatar.com\/avatar\/73932ff8109aee94864b4504adf4d91e?s=96&d=mm&r=g","contentUrl":"http:\/\/1.gravatar.com\/avatar\/73932ff8109aee94864b4504adf4d91e?s=96&d=mm&r=g","caption":"Evelyn Pineda"},"sameAs":["http:\/\/www.sporthiva.com\/"],"url":"http:\/\/www.sporthiva.com\/index.php\/author\/epineda\/"}]}},"_links":{"self":[{"href":"http:\/\/www.sporthiva.com\/index.php\/wp-json\/wp\/v2\/posts\/134514"}],"collection":[{"href":"http:\/\/www.sporthiva.com\/index.php\/wp-json\/wp\/v2\/posts"}],"about":[{"href":"http:\/\/www.sporthiva.com\/index.php\/wp-json\/wp\/v2\/types\/post"}],"author":[{"embeddable":true,"href":"http:\/\/www.sporthiva.com\/index.php\/wp-json\/wp\/v2\/users\/7"}],"replies":[{"embeddable":true,"href":"http:\/\/www.sporthiva.com\/index.php\/wp-json\/wp\/v2\/comments?post=134514"}],"version-history":[{"count":2,"href":"http:\/\/www.sporthiva.com\/index.php\/wp-json\/wp\/v2\/posts\/134514\/revisions"}],"predecessor-version":[{"id":134519,"href":"http:\/\/www.sporthiva.com\/index.php\/wp-json\/wp\/v2\/posts\/134514\/revisions\/134519"}],"wp:attachment":[{"href":"http:\/\/www.sporthiva.com\/index.php\/wp-json\/wp\/v2\/media?parent=134514"}],"wp:term":[{"taxonomy":"category","embeddable":true,"href":"http:\/\/www.sporthiva.com\/index.php\/wp-json\/wp\/v2\/categories?post=134514"},{"taxonomy":"post_tag","embeddable":true,"href":"http:\/\/www.sporthiva.com\/index.php\/wp-json\/wp\/v2\/tags?post=134514"}],"curies":[{"name":"wp","href":"https:\/\/api.w.org\/{rel}","templated":true}]}}