{"id":134604,"date":"2023-02-21T23:08:02","date_gmt":"2023-02-22T05:08:02","guid":{"rendered":"http:\/\/www.sporthiva.com\/?p=134604"},"modified":"2023-02-21T23:08:02","modified_gmt":"2023-02-22T05:08:02","slug":"ricardo-tuca-ferretti-es-elegido-para-dirigir-a-cruz-azul","status":"publish","type":"post","link":"http:\/\/www.sporthiva.com\/index.php\/2023\/02\/21\/ricardo-tuca-ferretti-es-elegido-para-dirigir-a-cruz-azul\/","title":{"rendered":"Ricardo \u2018Tuca\u2019 Ferretti es elegido para dirigir a Cruz Azul"},"content":{"rendered":"<p><strong>M\u00e9xico<\/strong><\/p>\n<p>Ricardo \u2018Tuca\u2019 Ferretti\u00a0\u201ces el elegido para el banquillo\u201d\u00a0de\u00a0Cruz Azul, inform\u00f3\u00a0David Espinosa, reportero de\u00a0FOX Sports, enterado de lo \u00faltimo sobre qui\u00e9n ser\u00e1 el reemplazo de Ra\u00fal \u00abPotro\u00bb Guti\u00e9rrez en la direcci\u00f3n t\u00e9cnica del equipo.<\/p>\n<p>La directiva celeste, en d\u00edas pasados, sonde\u00f3 nombres como Hugo S\u00e1nchez, Jos\u00e9 Manuel \u00abChepo\u00bb de la Torre o Antonio Mohamed; incluso, Jaime \u00abJimmy\u00bb Lozano, una baraja que ya habr\u00eda terminado en la elecci\u00f3n del exestratega de Tigres, Pumas, Chivas o FC Ju\u00e1rez.<\/p>\n<blockquote class=\"twitter-tweet\">\n<p dir=\"ltr\" lang=\"es\"><a href=\"https:\/\/twitter.com\/hashtag\/CruzAzul?src=hash&amp;ref_src=twsrc%5Etfw\">#CruzAzul<\/a> \ud83d\ude82<\/p>\n<p>Ricardo Ferretti es el elegido para el banquillo celeste.<a href=\"https:\/\/twitter.com\/CentralFOXMX?ref_src=twsrc%5Etfw\">@CentralFOXMX<\/a> <a href=\"https:\/\/twitter.com\/FOXSportsMX?ref_src=twsrc%5Etfw\">@FOXSportsMX<\/a><\/p>\n<p>\u2014 David Espinosa (@David_EG) <a href=\"https:\/\/twitter.com\/David_EG\/status\/1628185526036463620?ref_src=twsrc%5Etfw\">February 22, 2023<\/a><\/p><\/blockquote>\n<p><script async src=\"https:\/\/platform.twitter.com\/widgets.js\" charset=\"utf-8\"><\/script><\/p>\n<p>Adem\u00e1s,\u00a0Ricardo \u2018Tuca\u2019 Ferretti llegar\u00e1 con la experiencia de\u00a0Guillermo V\u00e1zquez, quien tuvo buenos momentos justo con La M\u00e1quina cuando le toc\u00f3 dirigir en solitario, aunque ser\u00e1 m\u00e1s recordado por aquella Final del Clausura 2013, cuando Am\u00e9rica le remont\u00f3 en el\u00a0Estadio Azteca\u00a0gracias a un remate de Mois\u00e9s Mu\u00f1oz \u2018in extremis\u2019, de la mano de Miguel \u2018Piojo\u2019 Herrera.<\/p>\n<p>\u201cTuca fue el candidato que propusieron desde la Cooperativa. Desde el viernes (17 de febrero) se propusieron tomar con calma la decisi\u00f3n. Algunos de los candidatos tomaron la \u201cno\u201d respuesta de la mejor manera, entendiendo lo que buscaban\u201d, ampli\u00f3 el periodista de\u00a0FOX Sports David Espinosa.<\/p>\n<p><strong>Vea adem\u00e1s: <\/strong><a href=\"http:\/\/www.sporthiva.com\/index.php\/2023\/02\/21\/mexico-y-estados-unidos-clasifican-para-el-mundial-sub-17-de-peru-este-ano\/\"><strong>M\u00e9xico y Estados Unidos clasifican para el Mundial Sub-17 de Per\u00fa este a\u00f1o<\/strong><\/a><\/p>\n<p>Cruz Azul,\u00a0por lo pronto, se qued\u00f3 con la direcci\u00f3n interina de\u00a0Joaqu\u00edn Moreno, quien ya le dio su primer triunfo en el\u00a0Clausura 2023\u00a0(1-3 sobre Puebla en la Jornada 8).<\/p>\n<p>La M\u00e1quina\u00a0se qued\u00f3 sin director t\u00e9cnico tras la destituci\u00f3n de\u00a0Ra\u00fal \u2018Potro\u2019 Guti\u00e9rrez, quien se hizo cargo del primer equipo como interino en agosto del 2022, luego del poco tiempo que dur\u00f3 el uruguayo\u00a0Diego Aguirre.<\/p>\n<p><strong>Le interesa tambi\u00e9n: <\/strong><a href=\"http:\/\/www.sporthiva.com\/index.php\/2023\/02\/21\/remontada-historica-en-anfield-real-madrid-golea-5-2-al-liverpool-en-la-ida-de-octavos-de-champions-league\/\"><strong>\u00a1Remontada hist\u00f3rica en Anfield! Real Madrid golea 5-2 al Liverpool en la ida de octavos de Champions League<\/strong><\/a><\/p>\n<p>El timonel que dirigi\u00f3 al plantel mexicano Sub 17 campe\u00f3n del mundo en 2011 subi\u00f3 desde las fuerzas b\u00e1sicas, pues en ese momento era estratega de la Sub-20.<\/p>\n<p>El movimiento se dio luego de que Cruz Azul fue goleado 7-0 por el Am\u00e9rica en la Jornada 10 del Apertura 2022, cuando era pen\u00faltimo lugar general; despu\u00e9s, de la mano del Potro, lograron terminar en la posici\u00f3n 7, por lo que clasificaron a Liguilla, aunque fueron eliminados en cuartos de final por Rayados. (Informaci\u00f3n de Fox Sport).<\/p>\n","protected":false},"excerpt":{"rendered":"<p>M\u00e9xico Ricardo \u2018Tuca\u2019 Ferretti\u00a0\u201ces el elegido para el banquillo\u201d\u00a0de\u00a0Cruz Azul, inform\u00f3\u00a0David Espinosa, reportero de\u00a0FOX Sports, enterado de lo \u00faltimo sobre qui\u00e9n ser\u00e1 el reemplazo de Ra\u00fal \u00abPotro\u00bb Guti\u00e9rrez en la direcci\u00f3n t\u00e9cnica del equipo. La directiva celeste, en d\u00edas pasados, sonde\u00f3 nombres como Hugo S\u00e1nchez, Jos\u00e9 Manuel \u00abChepo\u00bb de la Torre o Antonio Mohamed; incluso,&nbsp;<\/p>\n<p><a class=\"btn btn-style\" href=\"http:\/\/www.sporthiva.com\/index.php\/2023\/02\/21\/ricardo-tuca-ferretti-es-elegido-para-dirigir-a-cruz-azul\/\">Continuar leyendo<\/a><\/p>\n","protected":false},"author":7,"featured_media":0,"comment_status":"open","ping_status":"open","sticky":false,"template":"","format":"standard","meta":{"qubely_global_settings":"","qubely_interactions":""},"categories":[563],"tags":[1380,2235,2075],"qubely_featured_image_url":null,"qubely_author":{"display_name":"Evelyn Pineda","author_link":"http:\/\/www.sporthiva.com\/index.php\/author\/epineda\/"},"qubely_comment":0,"qubely_category":"<a href=\"http:\/\/www.sporthiva.com\/index.php\/category\/internacionales\/\" rel=\"category tag\">Internacionales<\/a>","qubely_excerpt":"M\u00e9xico Ricardo \u2018Tuca\u2019 Ferretti\u00a0\u201ces el elegido para el banquillo\u201d\u00a0de\u00a0Cruz Azul, inform\u00f3\u00a0David Espinosa, reportero de\u00a0FOX Sports, enterado de lo \u00faltimo sobre qui\u00e9n ser\u00e1 el reemplazo de Ra\u00fal \u00abPotro\u00bb Guti\u00e9rrez en la direcci\u00f3n t\u00e9cnica del equipo. La directiva celeste, en d\u00edas pasados, sonde\u00f3 nombres como Hugo S\u00e1nchez, Jos\u00e9 Manuel \u00abChepo\u00bb de la Torre o Antonio Mohamed; incluso,&nbsp;Continuar&hellip;","yoast_head":"<!-- This site is optimized with the Yoast SEO plugin v17.8 - https:\/\/yoast.com\/wordpress\/plugins\/seo\/ -->\n<title>Ricardo \u2018Tuca\u2019 Ferretti es elegido para dirigir a Cruz Azul - Sporthiva Online<\/title>\n<meta name=\"robots\" content=\"index, follow, max-snippet:-1, max-image-preview:large, max-video-preview:-1\" \/>\n<link rel=\"canonical\" href=\"http:\/\/www.sporthiva.com\/index.php\/2023\/02\/21\/ricardo-tuca-ferretti-es-elegido-para-dirigir-a-cruz-azul\/\" \/>\n<meta property=\"og:locale\" content=\"es_ES\" \/>\n<meta property=\"og:type\" content=\"article\" \/>\n<meta property=\"og:title\" content=\"Ricardo \u2018Tuca\u2019 Ferretti es elegido para dirigir a Cruz Azul - Sporthiva Online\" \/>\n<meta property=\"og:description\" content=\"M\u00e9xico Ricardo \u2018Tuca\u2019 Ferretti\u00a0\u201ces el elegido para el banquillo\u201d\u00a0de\u00a0Cruz Azul, inform\u00f3\u00a0David Espinosa, reportero de\u00a0FOX Sports, enterado de lo \u00faltimo sobre qui\u00e9n ser\u00e1 el reemplazo de Ra\u00fal \u00abPotro\u00bb Guti\u00e9rrez en la direcci\u00f3n t\u00e9cnica del equipo. La directiva celeste, en d\u00edas pasados, sonde\u00f3 nombres como Hugo S\u00e1nchez, Jos\u00e9 Manuel \u00abChepo\u00bb de la Torre o Antonio Mohamed; incluso,&nbsp;Continuar leyendo\" \/>\n<meta property=\"og:url\" content=\"http:\/\/www.sporthiva.com\/index.php\/2023\/02\/21\/ricardo-tuca-ferretti-es-elegido-para-dirigir-a-cruz-azul\/\" \/>\n<meta property=\"og:site_name\" content=\"Sporthiva Online\" \/>\n<meta property=\"article:published_time\" content=\"2023-02-22T05:08:02+00:00\" \/>\n<meta name=\"twitter:card\" content=\"summary\" \/>\n<meta name=\"twitter:label1\" content=\"Escrito por\" \/>\n\t<meta name=\"twitter:data1\" content=\"Evelyn Pineda\" \/>\n\t<meta name=\"twitter:label2\" content=\"Tiempo de lectura\" \/>\n\t<meta name=\"twitter:data2\" content=\"2 minutos\" \/>\n<script type=\"application\/ld+json\" class=\"yoast-schema-graph\">{\"@context\":\"https:\/\/schema.org\",\"@graph\":[{\"@type\":\"WebSite\",\"@id\":\"http:\/\/www.sporthiva.com\/#website\",\"url\":\"http:\/\/www.sporthiva.com\/\",\"name\":\"Sporthiva Online\",\"description\":\"Sporthiva Online\",\"potentialAction\":[{\"@type\":\"SearchAction\",\"target\":{\"@type\":\"EntryPoint\",\"urlTemplate\":\"http:\/\/www.sporthiva.com\/?s={search_term_string}\"},\"query-input\":\"required name=search_term_string\"}],\"inLanguage\":\"es\"},{\"@type\":\"WebPage\",\"@id\":\"http:\/\/www.sporthiva.com\/index.php\/2023\/02\/21\/ricardo-tuca-ferretti-es-elegido-para-dirigir-a-cruz-azul\/#webpage\",\"url\":\"http:\/\/www.sporthiva.com\/index.php\/2023\/02\/21\/ricardo-tuca-ferretti-es-elegido-para-dirigir-a-cruz-azul\/\",\"name\":\"Ricardo \\u2018Tuca\\u2019 Ferretti es elegido para dirigir a Cruz Azul - Sporthiva Online\",\"isPartOf\":{\"@id\":\"http:\/\/www.sporthiva.com\/#website\"},\"datePublished\":\"2023-02-22T05:08:02+00:00\",\"dateModified\":\"2023-02-22T05:08:02+00:00\",\"author\":{\"@id\":\"http:\/\/www.sporthiva.com\/#\/schema\/person\/551718db343e60bf7d707f9085b1e611\"},\"breadcrumb\":{\"@id\":\"http:\/\/www.sporthiva.com\/index.php\/2023\/02\/21\/ricardo-tuca-ferretti-es-elegido-para-dirigir-a-cruz-azul\/#breadcrumb\"},\"inLanguage\":\"es\",\"potentialAction\":[{\"@type\":\"ReadAction\",\"target\":[\"http:\/\/www.sporthiva.com\/index.php\/2023\/02\/21\/ricardo-tuca-ferretti-es-elegido-para-dirigir-a-cruz-azul\/\"]}]},{\"@type\":\"BreadcrumbList\",\"@id\":\"http:\/\/www.sporthiva.com\/index.php\/2023\/02\/21\/ricardo-tuca-ferretti-es-elegido-para-dirigir-a-cruz-azul\/#breadcrumb\",\"itemListElement\":[{\"@type\":\"ListItem\",\"position\":1,\"name\":\"Portada\",\"item\":\"http:\/\/www.sporthiva.com\/\"},{\"@type\":\"ListItem\",\"position\":2,\"name\":\"Ricardo \\u2018Tuca\\u2019 Ferretti es elegido para dirigir a Cruz Azul\"}]},{\"@type\":\"Person\",\"@id\":\"http:\/\/www.sporthiva.com\/#\/schema\/person\/551718db343e60bf7d707f9085b1e611\",\"name\":\"Evelyn Pineda\",\"image\":{\"@type\":\"ImageObject\",\"@id\":\"http:\/\/www.sporthiva.com\/#personlogo\",\"inLanguage\":\"es\",\"url\":\"http:\/\/1.gravatar.com\/avatar\/73932ff8109aee94864b4504adf4d91e?s=96&d=mm&r=g\",\"contentUrl\":\"http:\/\/1.gravatar.com\/avatar\/73932ff8109aee94864b4504adf4d91e?s=96&d=mm&r=g\",\"caption\":\"Evelyn Pineda\"},\"sameAs\":[\"http:\/\/www.sporthiva.com\/\"],\"url\":\"http:\/\/www.sporthiva.com\/index.php\/author\/epineda\/\"}]}<\/script>\n<!-- \/ Yoast SEO plugin. -->","yoast_head_json":{"title":"Ricardo \u2018Tuca\u2019 Ferretti es elegido para dirigir a Cruz Azul - Sporthiva Online","robots":{"index":"index","follow":"follow","max-snippet":"max-snippet:-1","max-image-preview":"max-image-preview:large","max-video-preview":"max-video-preview:-1"},"canonical":"http:\/\/www.sporthiva.com\/index.php\/2023\/02\/21\/ricardo-tuca-ferretti-es-elegido-para-dirigir-a-cruz-azul\/","og_locale":"es_ES","og_type":"article","og_title":"Ricardo \u2018Tuca\u2019 Ferretti es elegido para dirigir a Cruz Azul - Sporthiva Online","og_description":"M\u00e9xico Ricardo \u2018Tuca\u2019 Ferretti\u00a0\u201ces el elegido para el banquillo\u201d\u00a0de\u00a0Cruz Azul, inform\u00f3\u00a0David Espinosa, reportero de\u00a0FOX Sports, enterado de lo \u00faltimo sobre qui\u00e9n ser\u00e1 el reemplazo de Ra\u00fal \u00abPotro\u00bb Guti\u00e9rrez en la direcci\u00f3n t\u00e9cnica del equipo. La directiva celeste, en d\u00edas pasados, sonde\u00f3 nombres como Hugo S\u00e1nchez, Jos\u00e9 Manuel \u00abChepo\u00bb de la Torre o Antonio Mohamed; incluso,&nbsp;Continuar leyendo","og_url":"http:\/\/www.sporthiva.com\/index.php\/2023\/02\/21\/ricardo-tuca-ferretti-es-elegido-para-dirigir-a-cruz-azul\/","og_site_name":"Sporthiva Online","article_published_time":"2023-02-22T05:08:02+00:00","twitter_card":"summary","twitter_misc":{"Escrito por":"Evelyn Pineda","Tiempo de lectura":"2 minutos"},"schema":{"@context":"https:\/\/schema.org","@graph":[{"@type":"WebSite","@id":"http:\/\/www.sporthiva.com\/#website","url":"http:\/\/www.sporthiva.com\/","name":"Sporthiva Online","description":"Sporthiva Online","potentialAction":[{"@type":"SearchAction","target":{"@type":"EntryPoint","urlTemplate":"http:\/\/www.sporthiva.com\/?s={search_term_string}"},"query-input":"required name=search_term_string"}],"inLanguage":"es"},{"@type":"WebPage","@id":"http:\/\/www.sporthiva.com\/index.php\/2023\/02\/21\/ricardo-tuca-ferretti-es-elegido-para-dirigir-a-cruz-azul\/#webpage","url":"http:\/\/www.sporthiva.com\/index.php\/2023\/02\/21\/ricardo-tuca-ferretti-es-elegido-para-dirigir-a-cruz-azul\/","name":"Ricardo \u2018Tuca\u2019 Ferretti es elegido para dirigir a Cruz Azul - Sporthiva Online","isPartOf":{"@id":"http:\/\/www.sporthiva.com\/#website"},"datePublished":"2023-02-22T05:08:02+00:00","dateModified":"2023-02-22T05:08:02+00:00","author":{"@id":"http:\/\/www.sporthiva.com\/#\/schema\/person\/551718db343e60bf7d707f9085b1e611"},"breadcrumb":{"@id":"http:\/\/www.sporthiva.com\/index.php\/2023\/02\/21\/ricardo-tuca-ferretti-es-elegido-para-dirigir-a-cruz-azul\/#breadcrumb"},"inLanguage":"es","potentialAction":[{"@type":"ReadAction","target":["http:\/\/www.sporthiva.com\/index.php\/2023\/02\/21\/ricardo-tuca-ferretti-es-elegido-para-dirigir-a-cruz-azul\/"]}]},{"@type":"BreadcrumbList","@id":"http:\/\/www.sporthiva.com\/index.php\/2023\/02\/21\/ricardo-tuca-ferretti-es-elegido-para-dirigir-a-cruz-azul\/#breadcrumb","itemListElement":[{"@type":"ListItem","position":1,"name":"Portada","item":"http:\/\/www.sporthiva.com\/"},{"@type":"ListItem","position":2,"name":"Ricardo \u2018Tuca\u2019 Ferretti es elegido para dirigir a Cruz Azul"}]},{"@type":"Person","@id":"http:\/\/www.sporthiva.com\/#\/schema\/person\/551718db343e60bf7d707f9085b1e611","name":"Evelyn Pineda","image":{"@type":"ImageObject","@id":"http:\/\/www.sporthiva.com\/#personlogo","inLanguage":"es","url":"http:\/\/1.gravatar.com\/avatar\/73932ff8109aee94864b4504adf4d91e?s=96&d=mm&r=g","contentUrl":"http:\/\/1.gravatar.com\/avatar\/73932ff8109aee94864b4504adf4d91e?s=96&d=mm&r=g","caption":"Evelyn Pineda"},"sameAs":["http:\/\/www.sporthiva.com\/"],"url":"http:\/\/www.sporthiva.com\/index.php\/author\/epineda\/"}]}},"_links":{"self":[{"href":"http:\/\/www.sporthiva.com\/index.php\/wp-json\/wp\/v2\/posts\/134604"}],"collection":[{"href":"http:\/\/www.sporthiva.com\/index.php\/wp-json\/wp\/v2\/posts"}],"about":[{"href":"http:\/\/www.sporthiva.com\/index.php\/wp-json\/wp\/v2\/types\/post"}],"author":[{"embeddable":true,"href":"http:\/\/www.sporthiva.com\/index.php\/wp-json\/wp\/v2\/users\/7"}],"replies":[{"embeddable":true,"href":"http:\/\/www.sporthiva.com\/index.php\/wp-json\/wp\/v2\/comments?post=134604"}],"version-history":[{"count":3,"href":"http:\/\/www.sporthiva.com\/index.php\/wp-json\/wp\/v2\/posts\/134604\/revisions"}],"predecessor-version":[{"id":134609,"href":"http:\/\/www.sporthiva.com\/index.php\/wp-json\/wp\/v2\/posts\/134604\/revisions\/134609"}],"wp:attachment":[{"href":"http:\/\/www.sporthiva.com\/index.php\/wp-json\/wp\/v2\/media?parent=134604"}],"wp:term":[{"taxonomy":"category","embeddable":true,"href":"http:\/\/www.sporthiva.com\/index.php\/wp-json\/wp\/v2\/categories?post=134604"},{"taxonomy":"post_tag","embeddable":true,"href":"http:\/\/www.sporthiva.com\/index.php\/wp-json\/wp\/v2\/tags?post=134604"}],"curies":[{"name":"wp","href":"https:\/\/api.w.org\/{rel}","templated":true}]}}