{"id":135772,"date":"2023-03-12T10:12:02","date_gmt":"2023-03-12T16:12:02","guid":{"rendered":"http:\/\/www.sporthiva.com\/?p=135772"},"modified":"2023-03-12T10:12:02","modified_gmt":"2023-03-12T16:12:02","slug":"el-real-madrid-se-personara-como-parte-perjudicada-en-caso-de-corrupcion-contra-el-barcelona","status":"publish","type":"post","link":"http:\/\/www.sporthiva.com\/index.php\/2023\/03\/12\/el-real-madrid-se-personara-como-parte-perjudicada-en-caso-de-corrupcion-contra-el-barcelona\/","title":{"rendered":"El Real Madrid se personar\u00e1 como parte perjudicada en caso de corrupci\u00f3n contra el Barcelona"},"content":{"rendered":"<p><strong>Madrid, Espa\u00f1a<\/strong><\/p>\n<p>El Real Madrid anunci\u00f3 que se personar\u00e1 como parte perjudicada en la investigaci\u00f3n judicial por un esc\u00e1ndalo de presunta corrupci\u00f3n arbitral que involucra al Barcelona, rompiendo su silencio sobre este sonado caso.<\/p>\n<p>\u00abEl Real Madrid manifiesta su profunda preocupaci\u00f3n sobre la gravedad de los hechos (\u2026) y ha acordado que, en defensa de sus leg\u00edtimos intereses, se personar\u00e1 en el procedimiento en cuanto el juez lo abra a las partes perjudicadas\u00bb, se\u00f1al\u00f3 un comunicado del club madrile\u00f1o.<\/p>\n<p>La decisi\u00f3n fue tomada por la junta directiva del Real Madrid, que se reuni\u00f3 este domingo a solicitud del presidente del club, Florentino P\u00e9rez.<\/p>\n<p><strong>Vea adem\u00e1s: <\/strong><a href=\"http:\/\/www.sporthiva.com\/index.php\/2023\/03\/11\/mbappe-salva-agonicamente-al-psg-ante-el-brest-de-albert-elis\/\"><strong>Mbapp\u00e9 salva ag\u00f3nicamente al PSG ante el Brest de Albert Elis<\/strong><\/a><\/p>\n<p>El Real Madrid reaccion\u00f3 as\u00ed a la decisi\u00f3n de la Fiscal\u00eda de Barcelona que el viernes present\u00f3 una denuncia por \u00abcorrupci\u00f3n entre particulares\u00bb contra el Barcelona y varios de sus exdirigentes en el marco del conocido como caso Negreira.<\/p>\n<p data-inc=\"1\">La querella apunta al exvicepresidente del Comit\u00e9 T\u00e9cnico de \u00c1rbitros (CTA), Jos\u00e9 Mar\u00eda Enr\u00edquez Negreira, as\u00ed como a los antiguos presidentes del Bar\u00e7a, Sandro Rosell y Josep Maria Bartomeu.<\/p>\n<p>Tambi\u00e9n figura en la denuncia el club azulgrana como persona jur\u00eddica.<\/p>\n<p>La fiscal\u00eda present\u00f3 la denuncia tras una investigaci\u00f3n de casi un a\u00f1o sobre unas irregularidades tributarias de la empresa Dasnil 95 de Negreira por unos pagos del Barcelona supuestamente por informes arbitrales.<\/p>\n<p><strong>Le interesa tambi\u00e9n: <\/strong><a href=\"http:\/\/www.sporthiva.com\/index.php\/2023\/03\/11\/ecuador-anuncia-a-felix-sanchez-como-nuevo-seleccionador\/\"><strong>Ecuador anuncia a F\u00e9lix S\u00e1nchez como nuevo seleccionador<\/strong><\/a><\/p>\n<p>El documento se\u00f1ala que Negreira, vicepresidente del CTA entre 1994 y 2018, recibi\u00f3 a trav\u00e9s de sus empresas m\u00e1s de 7,3 millones de euros (7,7 millones de d\u00f3lares) entre 2001 y 2018.<\/p>\n<div id=\"diariomas_728x90_300x250_Dynamic2\" class=\"fs-dynamic\" data-slot=\"complete\" data-freestar-ad=\"__728x90 __300x250 __fsAncillary\">\n<div>Seg\u00fan la fiscal\u00eda, el Bar\u00e7a, por medio de Rosell y Bartomeu, \u00abalcanz\u00f3 y mantuvo un acuerdo verbal estrictamente confidencial\u00bb con Negreira para que este \u00abrealizase actuaciones tendentes a favorecer al FCB en la toma de decisiones de los \u00e1rbitros en los partidos que disputase el club\u00bb.<\/div>\n<div>\n<blockquote class=\"twitter-tweet\">\n<p dir=\"ltr\" lang=\"pt\">Comunicado Oficial.<a href=\"https:\/\/twitter.com\/hashtag\/RealMadrid?src=hash&amp;ref_src=twsrc%5Etfw\">#RealMadrid<\/a><\/p>\n<p>\u2014 Real Madrid C.F. (@realmadrid) <a href=\"https:\/\/twitter.com\/realmadrid\/status\/1634895569658232833?ref_src=twsrc%5Etfw\">March 12, 2023<\/a><\/p><\/blockquote>\n<p><script async src=\"https:\/\/platform.twitter.com\/widgets.js\" charset=\"utf-8\"><\/script><\/p>\n<\/div>\n<\/div>\n","protected":false},"excerpt":{"rendered":"<p>Madrid, Espa\u00f1a El Real Madrid anunci\u00f3 que se personar\u00e1 como parte perjudicada en la investigaci\u00f3n judicial por un esc\u00e1ndalo de presunta corrupci\u00f3n arbitral que involucra al Barcelona, rompiendo su silencio sobre este sonado caso. \u00abEl Real Madrid manifiesta su profunda preocupaci\u00f3n sobre la gravedad de los hechos (\u2026) y ha acordado que, en defensa de&nbsp;<\/p>\n<p><a class=\"btn btn-style\" href=\"http:\/\/www.sporthiva.com\/index.php\/2023\/03\/12\/el-real-madrid-se-personara-como-parte-perjudicada-en-caso-de-corrupcion-contra-el-barcelona\/\">Continuar leyendo<\/a><\/p>\n","protected":false},"author":7,"featured_media":0,"comment_status":"open","ping_status":"open","sticky":false,"template":"","format":"standard","meta":{"qubely_global_settings":"","qubely_interactions":""},"categories":[563],"tags":[6209,25,52],"qubely_featured_image_url":null,"qubely_author":{"display_name":"Evelyn Pineda","author_link":"http:\/\/www.sporthiva.com\/index.php\/author\/epineda\/"},"qubely_comment":0,"qubely_category":"<a href=\"http:\/\/www.sporthiva.com\/index.php\/category\/internacionales\/\" rel=\"category tag\">Internacionales<\/a>","qubely_excerpt":"Madrid, Espa\u00f1a El Real Madrid anunci\u00f3 que se personar\u00e1 como parte perjudicada en la investigaci\u00f3n judicial por un esc\u00e1ndalo de presunta corrupci\u00f3n arbitral que involucra al Barcelona, rompiendo su silencio sobre este sonado caso. \u00abEl Real Madrid manifiesta su profunda preocupaci\u00f3n sobre la gravedad de los hechos (\u2026) y ha acordado que, en defensa de&nbsp;Continuar&hellip;","yoast_head":"<!-- This site is optimized with the Yoast SEO plugin v17.8 - https:\/\/yoast.com\/wordpress\/plugins\/seo\/ -->\n<title>El Real Madrid se personar\u00e1 como parte perjudicada en caso de corrupci\u00f3n contra el Barcelona - Sporthiva Online<\/title>\n<meta name=\"robots\" content=\"index, follow, max-snippet:-1, max-image-preview:large, max-video-preview:-1\" \/>\n<link rel=\"canonical\" href=\"http:\/\/www.sporthiva.com\/index.php\/2023\/03\/12\/el-real-madrid-se-personara-como-parte-perjudicada-en-caso-de-corrupcion-contra-el-barcelona\/\" \/>\n<meta property=\"og:locale\" content=\"es_ES\" \/>\n<meta property=\"og:type\" content=\"article\" \/>\n<meta property=\"og:title\" content=\"El Real Madrid se personar\u00e1 como parte perjudicada en caso de corrupci\u00f3n contra el Barcelona - Sporthiva Online\" \/>\n<meta property=\"og:description\" content=\"Madrid, Espa\u00f1a El Real Madrid anunci\u00f3 que se personar\u00e1 como parte perjudicada en la investigaci\u00f3n judicial por un esc\u00e1ndalo de presunta corrupci\u00f3n arbitral que involucra al Barcelona, rompiendo su silencio sobre este sonado caso. \u00abEl Real Madrid manifiesta su profunda preocupaci\u00f3n sobre la gravedad de los hechos (\u2026) y ha acordado que, en defensa de&nbsp;Continuar leyendo\" \/>\n<meta property=\"og:url\" content=\"http:\/\/www.sporthiva.com\/index.php\/2023\/03\/12\/el-real-madrid-se-personara-como-parte-perjudicada-en-caso-de-corrupcion-contra-el-barcelona\/\" \/>\n<meta property=\"og:site_name\" content=\"Sporthiva Online\" \/>\n<meta property=\"article:published_time\" content=\"2023-03-12T16:12:02+00:00\" \/>\n<meta name=\"twitter:card\" content=\"summary\" \/>\n<meta name=\"twitter:label1\" content=\"Escrito por\" \/>\n\t<meta name=\"twitter:data1\" content=\"Evelyn Pineda\" \/>\n\t<meta name=\"twitter:label2\" content=\"Tiempo de lectura\" \/>\n\t<meta name=\"twitter:data2\" content=\"2 minutos\" \/>\n<script type=\"application\/ld+json\" class=\"yoast-schema-graph\">{\"@context\":\"https:\/\/schema.org\",\"@graph\":[{\"@type\":\"WebSite\",\"@id\":\"http:\/\/www.sporthiva.com\/#website\",\"url\":\"http:\/\/www.sporthiva.com\/\",\"name\":\"Sporthiva Online\",\"description\":\"Sporthiva Online\",\"potentialAction\":[{\"@type\":\"SearchAction\",\"target\":{\"@type\":\"EntryPoint\",\"urlTemplate\":\"http:\/\/www.sporthiva.com\/?s={search_term_string}\"},\"query-input\":\"required name=search_term_string\"}],\"inLanguage\":\"es\"},{\"@type\":\"WebPage\",\"@id\":\"http:\/\/www.sporthiva.com\/index.php\/2023\/03\/12\/el-real-madrid-se-personara-como-parte-perjudicada-en-caso-de-corrupcion-contra-el-barcelona\/#webpage\",\"url\":\"http:\/\/www.sporthiva.com\/index.php\/2023\/03\/12\/el-real-madrid-se-personara-como-parte-perjudicada-en-caso-de-corrupcion-contra-el-barcelona\/\",\"name\":\"El Real Madrid se personar\\u00e1 como parte perjudicada en caso de corrupci\\u00f3n contra el Barcelona - Sporthiva Online\",\"isPartOf\":{\"@id\":\"http:\/\/www.sporthiva.com\/#website\"},\"datePublished\":\"2023-03-12T16:12:02+00:00\",\"dateModified\":\"2023-03-12T16:12:02+00:00\",\"author\":{\"@id\":\"http:\/\/www.sporthiva.com\/#\/schema\/person\/551718db343e60bf7d707f9085b1e611\"},\"breadcrumb\":{\"@id\":\"http:\/\/www.sporthiva.com\/index.php\/2023\/03\/12\/el-real-madrid-se-personara-como-parte-perjudicada-en-caso-de-corrupcion-contra-el-barcelona\/#breadcrumb\"},\"inLanguage\":\"es\",\"potentialAction\":[{\"@type\":\"ReadAction\",\"target\":[\"http:\/\/www.sporthiva.com\/index.php\/2023\/03\/12\/el-real-madrid-se-personara-como-parte-perjudicada-en-caso-de-corrupcion-contra-el-barcelona\/\"]}]},{\"@type\":\"BreadcrumbList\",\"@id\":\"http:\/\/www.sporthiva.com\/index.php\/2023\/03\/12\/el-real-madrid-se-personara-como-parte-perjudicada-en-caso-de-corrupcion-contra-el-barcelona\/#breadcrumb\",\"itemListElement\":[{\"@type\":\"ListItem\",\"position\":1,\"name\":\"Portada\",\"item\":\"http:\/\/www.sporthiva.com\/\"},{\"@type\":\"ListItem\",\"position\":2,\"name\":\"El Real Madrid se personar\\u00e1 como parte perjudicada en caso de corrupci\\u00f3n contra el Barcelona\"}]},{\"@type\":\"Person\",\"@id\":\"http:\/\/www.sporthiva.com\/#\/schema\/person\/551718db343e60bf7d707f9085b1e611\",\"name\":\"Evelyn Pineda\",\"image\":{\"@type\":\"ImageObject\",\"@id\":\"http:\/\/www.sporthiva.com\/#personlogo\",\"inLanguage\":\"es\",\"url\":\"http:\/\/1.gravatar.com\/avatar\/73932ff8109aee94864b4504adf4d91e?s=96&d=mm&r=g\",\"contentUrl\":\"http:\/\/1.gravatar.com\/avatar\/73932ff8109aee94864b4504adf4d91e?s=96&d=mm&r=g\",\"caption\":\"Evelyn Pineda\"},\"sameAs\":[\"http:\/\/www.sporthiva.com\/\"],\"url\":\"http:\/\/www.sporthiva.com\/index.php\/author\/epineda\/\"}]}<\/script>\n<!-- \/ Yoast SEO plugin. -->","yoast_head_json":{"title":"El Real Madrid se personar\u00e1 como parte perjudicada en caso de corrupci\u00f3n contra el Barcelona - Sporthiva Online","robots":{"index":"index","follow":"follow","max-snippet":"max-snippet:-1","max-image-preview":"max-image-preview:large","max-video-preview":"max-video-preview:-1"},"canonical":"http:\/\/www.sporthiva.com\/index.php\/2023\/03\/12\/el-real-madrid-se-personara-como-parte-perjudicada-en-caso-de-corrupcion-contra-el-barcelona\/","og_locale":"es_ES","og_type":"article","og_title":"El Real Madrid se personar\u00e1 como parte perjudicada en caso de corrupci\u00f3n contra el Barcelona - Sporthiva Online","og_description":"Madrid, Espa\u00f1a El Real Madrid anunci\u00f3 que se personar\u00e1 como parte perjudicada en la investigaci\u00f3n judicial por un esc\u00e1ndalo de presunta corrupci\u00f3n arbitral que involucra al Barcelona, rompiendo su silencio sobre este sonado caso. \u00abEl Real Madrid manifiesta su profunda preocupaci\u00f3n sobre la gravedad de los hechos (\u2026) y ha acordado que, en defensa de&nbsp;Continuar leyendo","og_url":"http:\/\/www.sporthiva.com\/index.php\/2023\/03\/12\/el-real-madrid-se-personara-como-parte-perjudicada-en-caso-de-corrupcion-contra-el-barcelona\/","og_site_name":"Sporthiva Online","article_published_time":"2023-03-12T16:12:02+00:00","twitter_card":"summary","twitter_misc":{"Escrito por":"Evelyn Pineda","Tiempo de lectura":"2 minutos"},"schema":{"@context":"https:\/\/schema.org","@graph":[{"@type":"WebSite","@id":"http:\/\/www.sporthiva.com\/#website","url":"http:\/\/www.sporthiva.com\/","name":"Sporthiva Online","description":"Sporthiva Online","potentialAction":[{"@type":"SearchAction","target":{"@type":"EntryPoint","urlTemplate":"http:\/\/www.sporthiva.com\/?s={search_term_string}"},"query-input":"required name=search_term_string"}],"inLanguage":"es"},{"@type":"WebPage","@id":"http:\/\/www.sporthiva.com\/index.php\/2023\/03\/12\/el-real-madrid-se-personara-como-parte-perjudicada-en-caso-de-corrupcion-contra-el-barcelona\/#webpage","url":"http:\/\/www.sporthiva.com\/index.php\/2023\/03\/12\/el-real-madrid-se-personara-como-parte-perjudicada-en-caso-de-corrupcion-contra-el-barcelona\/","name":"El Real Madrid se personar\u00e1 como parte perjudicada en caso de corrupci\u00f3n contra el Barcelona - Sporthiva Online","isPartOf":{"@id":"http:\/\/www.sporthiva.com\/#website"},"datePublished":"2023-03-12T16:12:02+00:00","dateModified":"2023-03-12T16:12:02+00:00","author":{"@id":"http:\/\/www.sporthiva.com\/#\/schema\/person\/551718db343e60bf7d707f9085b1e611"},"breadcrumb":{"@id":"http:\/\/www.sporthiva.com\/index.php\/2023\/03\/12\/el-real-madrid-se-personara-como-parte-perjudicada-en-caso-de-corrupcion-contra-el-barcelona\/#breadcrumb"},"inLanguage":"es","potentialAction":[{"@type":"ReadAction","target":["http:\/\/www.sporthiva.com\/index.php\/2023\/03\/12\/el-real-madrid-se-personara-como-parte-perjudicada-en-caso-de-corrupcion-contra-el-barcelona\/"]}]},{"@type":"BreadcrumbList","@id":"http:\/\/www.sporthiva.com\/index.php\/2023\/03\/12\/el-real-madrid-se-personara-como-parte-perjudicada-en-caso-de-corrupcion-contra-el-barcelona\/#breadcrumb","itemListElement":[{"@type":"ListItem","position":1,"name":"Portada","item":"http:\/\/www.sporthiva.com\/"},{"@type":"ListItem","position":2,"name":"El Real Madrid se personar\u00e1 como parte perjudicada en caso de corrupci\u00f3n contra el Barcelona"}]},{"@type":"Person","@id":"http:\/\/www.sporthiva.com\/#\/schema\/person\/551718db343e60bf7d707f9085b1e611","name":"Evelyn Pineda","image":{"@type":"ImageObject","@id":"http:\/\/www.sporthiva.com\/#personlogo","inLanguage":"es","url":"http:\/\/1.gravatar.com\/avatar\/73932ff8109aee94864b4504adf4d91e?s=96&d=mm&r=g","contentUrl":"http:\/\/1.gravatar.com\/avatar\/73932ff8109aee94864b4504adf4d91e?s=96&d=mm&r=g","caption":"Evelyn Pineda"},"sameAs":["http:\/\/www.sporthiva.com\/"],"url":"http:\/\/www.sporthiva.com\/index.php\/author\/epineda\/"}]}},"_links":{"self":[{"href":"http:\/\/www.sporthiva.com\/index.php\/wp-json\/wp\/v2\/posts\/135772"}],"collection":[{"href":"http:\/\/www.sporthiva.com\/index.php\/wp-json\/wp\/v2\/posts"}],"about":[{"href":"http:\/\/www.sporthiva.com\/index.php\/wp-json\/wp\/v2\/types\/post"}],"author":[{"embeddable":true,"href":"http:\/\/www.sporthiva.com\/index.php\/wp-json\/wp\/v2\/users\/7"}],"replies":[{"embeddable":true,"href":"http:\/\/www.sporthiva.com\/index.php\/wp-json\/wp\/v2\/comments?post=135772"}],"version-history":[{"count":1,"href":"http:\/\/www.sporthiva.com\/index.php\/wp-json\/wp\/v2\/posts\/135772\/revisions"}],"predecessor-version":[{"id":135774,"href":"http:\/\/www.sporthiva.com\/index.php\/wp-json\/wp\/v2\/posts\/135772\/revisions\/135774"}],"wp:attachment":[{"href":"http:\/\/www.sporthiva.com\/index.php\/wp-json\/wp\/v2\/media?parent=135772"}],"wp:term":[{"taxonomy":"category","embeddable":true,"href":"http:\/\/www.sporthiva.com\/index.php\/wp-json\/wp\/v2\/categories?post=135772"},{"taxonomy":"post_tag","embeddable":true,"href":"http:\/\/www.sporthiva.com\/index.php\/wp-json\/wp\/v2\/tags?post=135772"}],"curies":[{"name":"wp","href":"https:\/\/api.w.org\/{rel}","templated":true}]}}