{"id":135846,"date":"2023-03-13T17:56:59","date_gmt":"2023-03-13T23:56:59","guid":{"rendered":"http:\/\/www.sporthiva.com\/?p=135846"},"modified":"2023-03-13T17:56:59","modified_gmt":"2023-03-13T23:56:59","slug":"benfica-pierde-a-su-goleador-goncalo-guedes","status":"publish","type":"post","link":"http:\/\/www.sporthiva.com\/index.php\/2023\/03\/13\/benfica-pierde-a-su-goleador-goncalo-guedes\/","title":{"rendered":"Benfica pierde a su goleador Gon\u00e7alo Guedes"},"content":{"rendered":"<p><strong>Portugal<\/strong><\/p>\n<p>El delantero portugu\u00e9s del Benfica Gon\u00e7alo Guedes estar\u00e1 de baja entre cuatro y seis semanas tras ser operado \u00abcon \u00e9xito\u00bb de su lesi\u00f3n en la rodilla izquierda, inform\u00f3 el club lisboeta.<\/p>\n<p>En un escueto comunicado compartido en su p\u00e1gina web, el Benfica indic\u00f3 que la operaci\u00f3n de Guedes fue realizada \u00abcon \u00e9xito\u00bb y por su propio equipo m\u00e9dico.<\/p>\n<p><strong>Vea adem\u00e1s: <\/strong><a href=\"http:\/\/www.sporthiva.com\/index.php\/2023\/03\/13\/investigan-robo-en-la-casa-de-mohamed-salah-en-el-cairo\/\"><strong>Investigan robo en la casa de Mohamed Salah en El Cairo<\/strong><\/a><\/p>\n<p>El tiempo que permanecer\u00e1 apartado de los terrenos de juego fue apuntado por su entrenador, el alem\u00e1n Roger Schmidt, quien dijo que \u00abestar\u00e1 de baja entre cuatro y seis semanas\u00bb.<\/p>\n<p>En la rueda de prensa posterior a la victoria liguera del domingo contra el Mar\u00edtimo (0-3), Schmidt lament\u00f3 la lesi\u00f3n del atacante de 25 a\u00f1os, que en enero regres\u00f3 cedido al conjunto donde se form\u00f3.<\/p>\n<p data-inc=\"1\">Guedes \u00abvino motivado para jugar en su club, es una cesi\u00f3n pero se integr\u00f3 r\u00e1pidamente, hizo buenos partidos\u00bb, se\u00f1al\u00f3. El internacional luso, ex jugador del Valencia, se lesion\u00f3 en un partido del campeonato disputado el 25 de febrero.<\/p>\n<p data-inc=\"1\"><strong>Le interesa tambi\u00e9n: <\/strong><a href=\"http:\/\/www.sporthiva.com\/index.php\/2023\/03\/13\/pep-guardiola-mi-tiempo-aqui-sera-juzgado-por-la-champions\/\"><strong>Pep Guardiola: \u00abMi tiempo aqu\u00ed ser\u00e1 juzgado por la Champions\u00bb<\/strong><\/a><\/p>\n<p>Volvi\u00f3 al banquillo del equipo, pero no entr\u00f3 en juego y el departamento m\u00e9dico opt\u00f3 finalmente por la operaci\u00f3n. \u00abLlevaba unas semanas con problemas en la rodilla y lleg\u00f3 un punto en el que no pod\u00eda continuar\u00bb, aclar\u00f3 Schmidt.<\/p>\n<p data-inc=\"2\">Gon\u00e7alo Guedes regres\u00f3 en enero al Benfica cedido por el Wolverhampton ingl\u00e9s, donde perdi\u00f3 protagonismo tras la llegada del t\u00e9cnico espa\u00f1ol Julen Lopetegui. Su impacto al servicio de las \u00ab\u00e1guilas\u00bb fue inmediato, con dos goles y una asistencia en siete partidos.<\/p>\n","protected":false},"excerpt":{"rendered":"<p>Portugal El delantero portugu\u00e9s del Benfica Gon\u00e7alo Guedes estar\u00e1 de baja entre cuatro y seis semanas tras ser operado \u00abcon \u00e9xito\u00bb de su lesi\u00f3n en la rodilla izquierda, inform\u00f3 el club lisboeta. En un escueto comunicado compartido en su p\u00e1gina web, el Benfica indic\u00f3 que la operaci\u00f3n de Guedes fue realizada \u00abcon \u00e9xito\u00bb y por&nbsp;<\/p>\n<p><a class=\"btn btn-style\" href=\"http:\/\/www.sporthiva.com\/index.php\/2023\/03\/13\/benfica-pierde-a-su-goleador-goncalo-guedes\/\">Continuar leyendo<\/a><\/p>\n","protected":false},"author":7,"featured_media":0,"comment_status":"open","ping_status":"open","sticky":false,"template":"","format":"standard","meta":{"qubely_global_settings":"","qubely_interactions":""},"categories":[563],"tags":[307,6350],"qubely_featured_image_url":null,"qubely_author":{"display_name":"Evelyn Pineda","author_link":"http:\/\/www.sporthiva.com\/index.php\/author\/epineda\/"},"qubely_comment":0,"qubely_category":"<a href=\"http:\/\/www.sporthiva.com\/index.php\/category\/internacionales\/\" rel=\"category tag\">Internacionales<\/a>","qubely_excerpt":"Portugal El delantero portugu\u00e9s del Benfica Gon\u00e7alo Guedes estar\u00e1 de baja entre cuatro y seis semanas tras ser operado \u00abcon \u00e9xito\u00bb de su lesi\u00f3n en la rodilla izquierda, inform\u00f3 el club lisboeta. En un escueto comunicado compartido en su p\u00e1gina web, el Benfica indic\u00f3 que la operaci\u00f3n de Guedes fue realizada \u00abcon \u00e9xito\u00bb y por&nbsp;Continuar&hellip;","yoast_head":"<!-- This site is optimized with the Yoast SEO plugin v17.8 - https:\/\/yoast.com\/wordpress\/plugins\/seo\/ -->\n<title>Benfica pierde a su goleador Gon\u00e7alo Guedes - Sporthiva Online<\/title>\n<meta name=\"robots\" content=\"index, follow, max-snippet:-1, max-image-preview:large, max-video-preview:-1\" \/>\n<link rel=\"canonical\" href=\"http:\/\/www.sporthiva.com\/index.php\/2023\/03\/13\/benfica-pierde-a-su-goleador-goncalo-guedes\/\" \/>\n<meta property=\"og:locale\" content=\"es_ES\" \/>\n<meta property=\"og:type\" content=\"article\" \/>\n<meta property=\"og:title\" content=\"Benfica pierde a su goleador Gon\u00e7alo Guedes - Sporthiva Online\" \/>\n<meta property=\"og:description\" content=\"Portugal El delantero portugu\u00e9s del Benfica Gon\u00e7alo Guedes estar\u00e1 de baja entre cuatro y seis semanas tras ser operado \u00abcon \u00e9xito\u00bb de su lesi\u00f3n en la rodilla izquierda, inform\u00f3 el club lisboeta. En un escueto comunicado compartido en su p\u00e1gina web, el Benfica indic\u00f3 que la operaci\u00f3n de Guedes fue realizada \u00abcon \u00e9xito\u00bb y por&nbsp;Continuar leyendo\" \/>\n<meta property=\"og:url\" content=\"http:\/\/www.sporthiva.com\/index.php\/2023\/03\/13\/benfica-pierde-a-su-goleador-goncalo-guedes\/\" \/>\n<meta property=\"og:site_name\" content=\"Sporthiva Online\" \/>\n<meta property=\"article:published_time\" content=\"2023-03-13T23:56:59+00:00\" \/>\n<meta name=\"twitter:card\" content=\"summary\" \/>\n<meta name=\"twitter:label1\" content=\"Escrito por\" \/>\n\t<meta name=\"twitter:data1\" content=\"Evelyn Pineda\" \/>\n\t<meta name=\"twitter:label2\" content=\"Tiempo de lectura\" \/>\n\t<meta name=\"twitter:data2\" content=\"1 minuto\" \/>\n<script type=\"application\/ld+json\" class=\"yoast-schema-graph\">{\"@context\":\"https:\/\/schema.org\",\"@graph\":[{\"@type\":\"WebSite\",\"@id\":\"http:\/\/www.sporthiva.com\/#website\",\"url\":\"http:\/\/www.sporthiva.com\/\",\"name\":\"Sporthiva Online\",\"description\":\"Sporthiva Online\",\"potentialAction\":[{\"@type\":\"SearchAction\",\"target\":{\"@type\":\"EntryPoint\",\"urlTemplate\":\"http:\/\/www.sporthiva.com\/?s={search_term_string}\"},\"query-input\":\"required name=search_term_string\"}],\"inLanguage\":\"es\"},{\"@type\":\"WebPage\",\"@id\":\"http:\/\/www.sporthiva.com\/index.php\/2023\/03\/13\/benfica-pierde-a-su-goleador-goncalo-guedes\/#webpage\",\"url\":\"http:\/\/www.sporthiva.com\/index.php\/2023\/03\/13\/benfica-pierde-a-su-goleador-goncalo-guedes\/\",\"name\":\"Benfica pierde a su goleador Gon\\u00e7alo Guedes - Sporthiva Online\",\"isPartOf\":{\"@id\":\"http:\/\/www.sporthiva.com\/#website\"},\"datePublished\":\"2023-03-13T23:56:59+00:00\",\"dateModified\":\"2023-03-13T23:56:59+00:00\",\"author\":{\"@id\":\"http:\/\/www.sporthiva.com\/#\/schema\/person\/551718db343e60bf7d707f9085b1e611\"},\"breadcrumb\":{\"@id\":\"http:\/\/www.sporthiva.com\/index.php\/2023\/03\/13\/benfica-pierde-a-su-goleador-goncalo-guedes\/#breadcrumb\"},\"inLanguage\":\"es\",\"potentialAction\":[{\"@type\":\"ReadAction\",\"target\":[\"http:\/\/www.sporthiva.com\/index.php\/2023\/03\/13\/benfica-pierde-a-su-goleador-goncalo-guedes\/\"]}]},{\"@type\":\"BreadcrumbList\",\"@id\":\"http:\/\/www.sporthiva.com\/index.php\/2023\/03\/13\/benfica-pierde-a-su-goleador-goncalo-guedes\/#breadcrumb\",\"itemListElement\":[{\"@type\":\"ListItem\",\"position\":1,\"name\":\"Portada\",\"item\":\"http:\/\/www.sporthiva.com\/\"},{\"@type\":\"ListItem\",\"position\":2,\"name\":\"Benfica pierde a su goleador Gon\\u00e7alo Guedes\"}]},{\"@type\":\"Person\",\"@id\":\"http:\/\/www.sporthiva.com\/#\/schema\/person\/551718db343e60bf7d707f9085b1e611\",\"name\":\"Evelyn Pineda\",\"image\":{\"@type\":\"ImageObject\",\"@id\":\"http:\/\/www.sporthiva.com\/#personlogo\",\"inLanguage\":\"es\",\"url\":\"http:\/\/1.gravatar.com\/avatar\/73932ff8109aee94864b4504adf4d91e?s=96&d=mm&r=g\",\"contentUrl\":\"http:\/\/1.gravatar.com\/avatar\/73932ff8109aee94864b4504adf4d91e?s=96&d=mm&r=g\",\"caption\":\"Evelyn Pineda\"},\"sameAs\":[\"http:\/\/www.sporthiva.com\/\"],\"url\":\"http:\/\/www.sporthiva.com\/index.php\/author\/epineda\/\"}]}<\/script>\n<!-- \/ Yoast SEO plugin. -->","yoast_head_json":{"title":"Benfica pierde a su goleador Gon\u00e7alo Guedes - Sporthiva Online","robots":{"index":"index","follow":"follow","max-snippet":"max-snippet:-1","max-image-preview":"max-image-preview:large","max-video-preview":"max-video-preview:-1"},"canonical":"http:\/\/www.sporthiva.com\/index.php\/2023\/03\/13\/benfica-pierde-a-su-goleador-goncalo-guedes\/","og_locale":"es_ES","og_type":"article","og_title":"Benfica pierde a su goleador Gon\u00e7alo Guedes - Sporthiva Online","og_description":"Portugal El delantero portugu\u00e9s del Benfica Gon\u00e7alo Guedes estar\u00e1 de baja entre cuatro y seis semanas tras ser operado \u00abcon \u00e9xito\u00bb de su lesi\u00f3n en la rodilla izquierda, inform\u00f3 el club lisboeta. En un escueto comunicado compartido en su p\u00e1gina web, el Benfica indic\u00f3 que la operaci\u00f3n de Guedes fue realizada \u00abcon \u00e9xito\u00bb y por&nbsp;Continuar leyendo","og_url":"http:\/\/www.sporthiva.com\/index.php\/2023\/03\/13\/benfica-pierde-a-su-goleador-goncalo-guedes\/","og_site_name":"Sporthiva Online","article_published_time":"2023-03-13T23:56:59+00:00","twitter_card":"summary","twitter_misc":{"Escrito por":"Evelyn Pineda","Tiempo de lectura":"1 minuto"},"schema":{"@context":"https:\/\/schema.org","@graph":[{"@type":"WebSite","@id":"http:\/\/www.sporthiva.com\/#website","url":"http:\/\/www.sporthiva.com\/","name":"Sporthiva Online","description":"Sporthiva Online","potentialAction":[{"@type":"SearchAction","target":{"@type":"EntryPoint","urlTemplate":"http:\/\/www.sporthiva.com\/?s={search_term_string}"},"query-input":"required name=search_term_string"}],"inLanguage":"es"},{"@type":"WebPage","@id":"http:\/\/www.sporthiva.com\/index.php\/2023\/03\/13\/benfica-pierde-a-su-goleador-goncalo-guedes\/#webpage","url":"http:\/\/www.sporthiva.com\/index.php\/2023\/03\/13\/benfica-pierde-a-su-goleador-goncalo-guedes\/","name":"Benfica pierde a su goleador Gon\u00e7alo Guedes - Sporthiva Online","isPartOf":{"@id":"http:\/\/www.sporthiva.com\/#website"},"datePublished":"2023-03-13T23:56:59+00:00","dateModified":"2023-03-13T23:56:59+00:00","author":{"@id":"http:\/\/www.sporthiva.com\/#\/schema\/person\/551718db343e60bf7d707f9085b1e611"},"breadcrumb":{"@id":"http:\/\/www.sporthiva.com\/index.php\/2023\/03\/13\/benfica-pierde-a-su-goleador-goncalo-guedes\/#breadcrumb"},"inLanguage":"es","potentialAction":[{"@type":"ReadAction","target":["http:\/\/www.sporthiva.com\/index.php\/2023\/03\/13\/benfica-pierde-a-su-goleador-goncalo-guedes\/"]}]},{"@type":"BreadcrumbList","@id":"http:\/\/www.sporthiva.com\/index.php\/2023\/03\/13\/benfica-pierde-a-su-goleador-goncalo-guedes\/#breadcrumb","itemListElement":[{"@type":"ListItem","position":1,"name":"Portada","item":"http:\/\/www.sporthiva.com\/"},{"@type":"ListItem","position":2,"name":"Benfica pierde a su goleador Gon\u00e7alo Guedes"}]},{"@type":"Person","@id":"http:\/\/www.sporthiva.com\/#\/schema\/person\/551718db343e60bf7d707f9085b1e611","name":"Evelyn Pineda","image":{"@type":"ImageObject","@id":"http:\/\/www.sporthiva.com\/#personlogo","inLanguage":"es","url":"http:\/\/1.gravatar.com\/avatar\/73932ff8109aee94864b4504adf4d91e?s=96&d=mm&r=g","contentUrl":"http:\/\/1.gravatar.com\/avatar\/73932ff8109aee94864b4504adf4d91e?s=96&d=mm&r=g","caption":"Evelyn Pineda"},"sameAs":["http:\/\/www.sporthiva.com\/"],"url":"http:\/\/www.sporthiva.com\/index.php\/author\/epineda\/"}]}},"_links":{"self":[{"href":"http:\/\/www.sporthiva.com\/index.php\/wp-json\/wp\/v2\/posts\/135846"}],"collection":[{"href":"http:\/\/www.sporthiva.com\/index.php\/wp-json\/wp\/v2\/posts"}],"about":[{"href":"http:\/\/www.sporthiva.com\/index.php\/wp-json\/wp\/v2\/types\/post"}],"author":[{"embeddable":true,"href":"http:\/\/www.sporthiva.com\/index.php\/wp-json\/wp\/v2\/users\/7"}],"replies":[{"embeddable":true,"href":"http:\/\/www.sporthiva.com\/index.php\/wp-json\/wp\/v2\/comments?post=135846"}],"version-history":[{"count":1,"href":"http:\/\/www.sporthiva.com\/index.php\/wp-json\/wp\/v2\/posts\/135846\/revisions"}],"predecessor-version":[{"id":135848,"href":"http:\/\/www.sporthiva.com\/index.php\/wp-json\/wp\/v2\/posts\/135846\/revisions\/135848"}],"wp:attachment":[{"href":"http:\/\/www.sporthiva.com\/index.php\/wp-json\/wp\/v2\/media?parent=135846"}],"wp:term":[{"taxonomy":"category","embeddable":true,"href":"http:\/\/www.sporthiva.com\/index.php\/wp-json\/wp\/v2\/categories?post=135846"},{"taxonomy":"post_tag","embeddable":true,"href":"http:\/\/www.sporthiva.com\/index.php\/wp-json\/wp\/v2\/tags?post=135846"}],"curies":[{"name":"wp","href":"https:\/\/api.w.org\/{rel}","templated":true}]}}