{"id":136823,"date":"2023-03-29T12:08:13","date_gmt":"2023-03-29T18:08:13","guid":{"rendered":"http:\/\/www.sporthiva.com\/?p=136823"},"modified":"2023-03-29T12:08:13","modified_gmt":"2023-03-29T18:08:13","slug":"brasil-quiere-organizar-el-mundial-femenino-de-2027","status":"publish","type":"post","link":"http:\/\/www.sporthiva.com\/index.php\/2023\/03\/29\/brasil-quiere-organizar-el-mundial-femenino-de-2027\/","title":{"rendered":"Brasil quiere organizar el Mundial femenino de 2027"},"content":{"rendered":"<p><strong>Sao Paulo, Brasil<\/strong><\/p>\n<p data-mrf-recirculation=\"Links-Parrafos\">En el mes de enero la prefectura de Rio de Janeiro hizo p\u00fablica la intenci\u00f3n de ser sede de la Copa del Mundo Femenina de 2027 junto a la Confederaci\u00f3n Brasile\u00f1a de F\u00fatbol (CBF). Esta vez, la prefectura de Sao Paulo tambi\u00e9n tiene interes\u00e9s en albergar los partidos y recibir delegaciones, adem\u00e1s de prestar apoyo en relaci\u00f3n a la infraestructura y seguridad.<\/p>\n<p data-mrf-recirculation=\"Links-Parrafos\">Las dos ciudades presentar\u00edan de forma conjunta la candidatura de Brasil para la competencia, lo que no significa que el torneo se vaya a desarrollar solamente en Rio y la capital. La CBF es quien debe manifestarle a la FIFA la intenci\u00f3n de ser sede del torneo y tiene plazo hasta el fin del primer trimestre de 2023, es decir, a fines de marzo.<\/p>\n<p data-mrf-recirculation=\"Links-Parrafos\"><strong>Vea adem\u00e1s: <\/strong><a href=\"http:\/\/www.sporthiva.com\/index.php\/2023\/03\/29\/luis-palma-confronta-a-diego-vazquez-tras-marginarlo-en-los-partidos-contra-el-salvador-y-canada\/\"><strong>Luis Palma confronta a Diego V\u00e1zquez tras marginarlo en los partidos contra El Salvador y Canad\u00e1<\/strong><\/a><\/p>\n<p data-mrf-recirculation=\"Links-Parrafos\">El secretario municipal de deportes de la ciudad paulista, Cac\u00e1 Vianna, asegur\u00f3 que \u00abSao Paulo tiene una buena estructura para recibir cualquier evento internacional. Hoy tenemos la informaci\u00f3n de que la candidatura la debe presentar la CBF. Probablemente ahora en marzo van a poner a Brasil como interesado en la Copa del Mundo femenina, y estoy seguro que Brasil tiene condiciones de recibir ese gran evento porque ya fue sede del Mundial en 2014\u00bb.<\/p>\n<p data-mrf-recirculation=\"Links-Parrafos\">\u00abEstoy seguro que Sao Paulo y Rio de Janeiro tambi\u00e9n tienen esa intenci\u00f3n. Sao Paulo realmente est\u00e1 preparado para poder llenar el cuaderno de obligaciones y encargos que la CBF recibir\u00e1 de la FIFA hasta mayo para poder poner las demandas necesarias para poder cumplir los requisitos y tener a la capital como una de las sedes de la Copa Femenina de 2027\u00bb, agreg\u00f3 el secretario municipal.<\/p>\n<p data-mrf-recirculation=\"Links-Parrafos\"><strong>Le interesa tambi\u00e9n: <\/strong><a href=\"http:\/\/www.sporthiva.com\/index.php\/2023\/03\/29\/tottenham-pierde-a-su-director-deportivo-fabio-paratici-por-sancion-de-la-fifa\/\"><strong>Tottenham pierde a su director deportivo Fabio Paratici por sanci\u00f3n de la FIFA<\/strong><\/a><\/p>\n<p data-mrf-recirculation=\"Links-Parrafos\">Hasta el momento, Alemania, Pa\u00edses Bajos y B\u00e9lgica manifestaron oficialmente su inter\u00e9s por ser candidatos de manera conjunta para la competencia femenina, as\u00ed como tambi\u00e9n lo hizo Sud\u00e1frica a trav\u00e9s de su federaci\u00f3n. De manera preliminar, clubes como Corinthians ya fueron sondeados para que los partidos del Mundial se jueguen en el NeoQuimica Arena. El estadio Allianz Parque tambi\u00e9n estar\u00ed dentro de los intereses para la prefectura de Sao Paulo.<\/p>\n","protected":false},"excerpt":{"rendered":"<p>Sao Paulo, Brasil En el mes de enero la prefectura de Rio de Janeiro hizo p\u00fablica la intenci\u00f3n de ser sede de la Copa del Mundo Femenina de 2027 junto a la Confederaci\u00f3n Brasile\u00f1a de F\u00fatbol (CBF). Esta vez, la prefectura de Sao Paulo tambi\u00e9n tiene interes\u00e9s en albergar los partidos y recibir delegaciones, adem\u00e1s&nbsp;<\/p>\n<p><a class=\"btn btn-style\" href=\"http:\/\/www.sporthiva.com\/index.php\/2023\/03\/29\/brasil-quiere-organizar-el-mundial-femenino-de-2027\/\">Continuar leyendo<\/a><\/p>\n","protected":false},"author":7,"featured_media":0,"comment_status":"open","ping_status":"open","sticky":false,"template":"","format":"standard","meta":{"qubely_global_settings":"","qubely_interactions":""},"categories":[563],"tags":[298,6463],"qubely_featured_image_url":null,"qubely_author":{"display_name":"Evelyn Pineda","author_link":"http:\/\/www.sporthiva.com\/index.php\/author\/epineda\/"},"qubely_comment":0,"qubely_category":"<a href=\"http:\/\/www.sporthiva.com\/index.php\/category\/internacionales\/\" rel=\"category tag\">Internacionales<\/a>","qubely_excerpt":"Sao Paulo, Brasil En el mes de enero la prefectura de Rio de Janeiro hizo p\u00fablica la intenci\u00f3n de ser sede de la Copa del Mundo Femenina de 2027 junto a la Confederaci\u00f3n Brasile\u00f1a de F\u00fatbol (CBF). Esta vez, la prefectura de Sao Paulo tambi\u00e9n tiene interes\u00e9s en albergar los partidos y recibir delegaciones, adem\u00e1s&nbsp;Continuar&hellip;","yoast_head":"<!-- This site is optimized with the Yoast SEO plugin v17.8 - https:\/\/yoast.com\/wordpress\/plugins\/seo\/ -->\n<title>Brasil quiere organizar el Mundial femenino de 2027 - Sporthiva Online<\/title>\n<meta name=\"robots\" content=\"index, follow, max-snippet:-1, max-image-preview:large, max-video-preview:-1\" \/>\n<link rel=\"canonical\" href=\"http:\/\/www.sporthiva.com\/index.php\/2023\/03\/29\/brasil-quiere-organizar-el-mundial-femenino-de-2027\/\" \/>\n<meta property=\"og:locale\" content=\"es_ES\" \/>\n<meta property=\"og:type\" content=\"article\" \/>\n<meta property=\"og:title\" content=\"Brasil quiere organizar el Mundial femenino de 2027 - Sporthiva Online\" \/>\n<meta property=\"og:description\" content=\"Sao Paulo, Brasil En el mes de enero la prefectura de Rio de Janeiro hizo p\u00fablica la intenci\u00f3n de ser sede de la Copa del Mundo Femenina de 2027 junto a la Confederaci\u00f3n Brasile\u00f1a de F\u00fatbol (CBF). Esta vez, la prefectura de Sao Paulo tambi\u00e9n tiene interes\u00e9s en albergar los partidos y recibir delegaciones, adem\u00e1s&nbsp;Continuar leyendo\" \/>\n<meta property=\"og:url\" content=\"http:\/\/www.sporthiva.com\/index.php\/2023\/03\/29\/brasil-quiere-organizar-el-mundial-femenino-de-2027\/\" \/>\n<meta property=\"og:site_name\" content=\"Sporthiva Online\" \/>\n<meta property=\"article:published_time\" content=\"2023-03-29T18:08:13+00:00\" \/>\n<meta name=\"twitter:card\" content=\"summary\" \/>\n<meta name=\"twitter:label1\" content=\"Escrito por\" \/>\n\t<meta name=\"twitter:data1\" content=\"Evelyn Pineda\" \/>\n\t<meta name=\"twitter:label2\" content=\"Tiempo de lectura\" \/>\n\t<meta name=\"twitter:data2\" content=\"2 minutos\" \/>\n<script type=\"application\/ld+json\" class=\"yoast-schema-graph\">{\"@context\":\"https:\/\/schema.org\",\"@graph\":[{\"@type\":\"WebSite\",\"@id\":\"https:\/\/www.sporthiva.com\/#website\",\"url\":\"https:\/\/www.sporthiva.com\/\",\"name\":\"Sporthiva Online\",\"description\":\"Sporthiva Online\",\"potentialAction\":[{\"@type\":\"SearchAction\",\"target\":{\"@type\":\"EntryPoint\",\"urlTemplate\":\"https:\/\/www.sporthiva.com\/?s={search_term_string}\"},\"query-input\":\"required name=search_term_string\"}],\"inLanguage\":\"es\"},{\"@type\":\"WebPage\",\"@id\":\"http:\/\/www.sporthiva.com\/index.php\/2023\/03\/29\/brasil-quiere-organizar-el-mundial-femenino-de-2027\/#webpage\",\"url\":\"http:\/\/www.sporthiva.com\/index.php\/2023\/03\/29\/brasil-quiere-organizar-el-mundial-femenino-de-2027\/\",\"name\":\"Brasil quiere organizar el Mundial femenino de 2027 - Sporthiva Online\",\"isPartOf\":{\"@id\":\"https:\/\/www.sporthiva.com\/#website\"},\"datePublished\":\"2023-03-29T18:08:13+00:00\",\"dateModified\":\"2023-03-29T18:08:13+00:00\",\"author\":{\"@id\":\"https:\/\/www.sporthiva.com\/#\/schema\/person\/551718db343e60bf7d707f9085b1e611\"},\"breadcrumb\":{\"@id\":\"http:\/\/www.sporthiva.com\/index.php\/2023\/03\/29\/brasil-quiere-organizar-el-mundial-femenino-de-2027\/#breadcrumb\"},\"inLanguage\":\"es\",\"potentialAction\":[{\"@type\":\"ReadAction\",\"target\":[\"http:\/\/www.sporthiva.com\/index.php\/2023\/03\/29\/brasil-quiere-organizar-el-mundial-femenino-de-2027\/\"]}]},{\"@type\":\"BreadcrumbList\",\"@id\":\"http:\/\/www.sporthiva.com\/index.php\/2023\/03\/29\/brasil-quiere-organizar-el-mundial-femenino-de-2027\/#breadcrumb\",\"itemListElement\":[{\"@type\":\"ListItem\",\"position\":1,\"name\":\"Portada\",\"item\":\"https:\/\/www.sporthiva.com\/\"},{\"@type\":\"ListItem\",\"position\":2,\"name\":\"Brasil quiere organizar el Mundial femenino de 2027\"}]},{\"@type\":\"Person\",\"@id\":\"https:\/\/www.sporthiva.com\/#\/schema\/person\/551718db343e60bf7d707f9085b1e611\",\"name\":\"Evelyn Pineda\",\"image\":{\"@type\":\"ImageObject\",\"@id\":\"https:\/\/www.sporthiva.com\/#personlogo\",\"inLanguage\":\"es\",\"url\":\"http:\/\/1.gravatar.com\/avatar\/73932ff8109aee94864b4504adf4d91e?s=96&d=mm&r=g\",\"contentUrl\":\"http:\/\/1.gravatar.com\/avatar\/73932ff8109aee94864b4504adf4d91e?s=96&d=mm&r=g\",\"caption\":\"Evelyn Pineda\"},\"sameAs\":[\"http:\/\/www.sporthiva.com\/\"],\"url\":\"http:\/\/www.sporthiva.com\/index.php\/author\/epineda\/\"}]}<\/script>\n<!-- \/ Yoast SEO plugin. -->","yoast_head_json":{"title":"Brasil quiere organizar el Mundial femenino de 2027 - Sporthiva Online","robots":{"index":"index","follow":"follow","max-snippet":"max-snippet:-1","max-image-preview":"max-image-preview:large","max-video-preview":"max-video-preview:-1"},"canonical":"http:\/\/www.sporthiva.com\/index.php\/2023\/03\/29\/brasil-quiere-organizar-el-mundial-femenino-de-2027\/","og_locale":"es_ES","og_type":"article","og_title":"Brasil quiere organizar el Mundial femenino de 2027 - Sporthiva Online","og_description":"Sao Paulo, Brasil En el mes de enero la prefectura de Rio de Janeiro hizo p\u00fablica la intenci\u00f3n de ser sede de la Copa del Mundo Femenina de 2027 junto a la Confederaci\u00f3n Brasile\u00f1a de F\u00fatbol (CBF). Esta vez, la prefectura de Sao Paulo tambi\u00e9n tiene interes\u00e9s en albergar los partidos y recibir delegaciones, adem\u00e1s&nbsp;Continuar leyendo","og_url":"http:\/\/www.sporthiva.com\/index.php\/2023\/03\/29\/brasil-quiere-organizar-el-mundial-femenino-de-2027\/","og_site_name":"Sporthiva Online","article_published_time":"2023-03-29T18:08:13+00:00","twitter_card":"summary","twitter_misc":{"Escrito por":"Evelyn Pineda","Tiempo de lectura":"2 minutos"},"schema":{"@context":"https:\/\/schema.org","@graph":[{"@type":"WebSite","@id":"https:\/\/www.sporthiva.com\/#website","url":"https:\/\/www.sporthiva.com\/","name":"Sporthiva Online","description":"Sporthiva Online","potentialAction":[{"@type":"SearchAction","target":{"@type":"EntryPoint","urlTemplate":"https:\/\/www.sporthiva.com\/?s={search_term_string}"},"query-input":"required name=search_term_string"}],"inLanguage":"es"},{"@type":"WebPage","@id":"http:\/\/www.sporthiva.com\/index.php\/2023\/03\/29\/brasil-quiere-organizar-el-mundial-femenino-de-2027\/#webpage","url":"http:\/\/www.sporthiva.com\/index.php\/2023\/03\/29\/brasil-quiere-organizar-el-mundial-femenino-de-2027\/","name":"Brasil quiere organizar el Mundial femenino de 2027 - Sporthiva Online","isPartOf":{"@id":"https:\/\/www.sporthiva.com\/#website"},"datePublished":"2023-03-29T18:08:13+00:00","dateModified":"2023-03-29T18:08:13+00:00","author":{"@id":"https:\/\/www.sporthiva.com\/#\/schema\/person\/551718db343e60bf7d707f9085b1e611"},"breadcrumb":{"@id":"http:\/\/www.sporthiva.com\/index.php\/2023\/03\/29\/brasil-quiere-organizar-el-mundial-femenino-de-2027\/#breadcrumb"},"inLanguage":"es","potentialAction":[{"@type":"ReadAction","target":["http:\/\/www.sporthiva.com\/index.php\/2023\/03\/29\/brasil-quiere-organizar-el-mundial-femenino-de-2027\/"]}]},{"@type":"BreadcrumbList","@id":"http:\/\/www.sporthiva.com\/index.php\/2023\/03\/29\/brasil-quiere-organizar-el-mundial-femenino-de-2027\/#breadcrumb","itemListElement":[{"@type":"ListItem","position":1,"name":"Portada","item":"https:\/\/www.sporthiva.com\/"},{"@type":"ListItem","position":2,"name":"Brasil quiere organizar el Mundial femenino de 2027"}]},{"@type":"Person","@id":"https:\/\/www.sporthiva.com\/#\/schema\/person\/551718db343e60bf7d707f9085b1e611","name":"Evelyn Pineda","image":{"@type":"ImageObject","@id":"https:\/\/www.sporthiva.com\/#personlogo","inLanguage":"es","url":"http:\/\/1.gravatar.com\/avatar\/73932ff8109aee94864b4504adf4d91e?s=96&d=mm&r=g","contentUrl":"http:\/\/1.gravatar.com\/avatar\/73932ff8109aee94864b4504adf4d91e?s=96&d=mm&r=g","caption":"Evelyn Pineda"},"sameAs":["http:\/\/www.sporthiva.com\/"],"url":"http:\/\/www.sporthiva.com\/index.php\/author\/epineda\/"}]}},"_links":{"self":[{"href":"http:\/\/www.sporthiva.com\/index.php\/wp-json\/wp\/v2\/posts\/136823"}],"collection":[{"href":"http:\/\/www.sporthiva.com\/index.php\/wp-json\/wp\/v2\/posts"}],"about":[{"href":"http:\/\/www.sporthiva.com\/index.php\/wp-json\/wp\/v2\/types\/post"}],"author":[{"embeddable":true,"href":"http:\/\/www.sporthiva.com\/index.php\/wp-json\/wp\/v2\/users\/7"}],"replies":[{"embeddable":true,"href":"http:\/\/www.sporthiva.com\/index.php\/wp-json\/wp\/v2\/comments?post=136823"}],"version-history":[{"count":1,"href":"http:\/\/www.sporthiva.com\/index.php\/wp-json\/wp\/v2\/posts\/136823\/revisions"}],"predecessor-version":[{"id":136825,"href":"http:\/\/www.sporthiva.com\/index.php\/wp-json\/wp\/v2\/posts\/136823\/revisions\/136825"}],"wp:attachment":[{"href":"http:\/\/www.sporthiva.com\/index.php\/wp-json\/wp\/v2\/media?parent=136823"}],"wp:term":[{"taxonomy":"category","embeddable":true,"href":"http:\/\/www.sporthiva.com\/index.php\/wp-json\/wp\/v2\/categories?post=136823"},{"taxonomy":"post_tag","embeddable":true,"href":"http:\/\/www.sporthiva.com\/index.php\/wp-json\/wp\/v2\/tags?post=136823"}],"curies":[{"name":"wp","href":"https:\/\/api.w.org\/{rel}","templated":true}]}}