{"id":137686,"date":"2023-04-14T09:11:11","date_gmt":"2023-04-14T15:11:11","guid":{"rendered":"http:\/\/www.sporthiva.com\/?p=137686"},"modified":"2023-04-14T09:11:11","modified_gmt":"2023-04-14T15:11:11","slug":"justicia-francesa-investiga-acusaciones-de-racismo-contra-galtier","status":"publish","type":"post","link":"http:\/\/www.sporthiva.com\/index.php\/2023\/04\/14\/justicia-francesa-investiga-acusaciones-de-racismo-contra-galtier\/","title":{"rendered":"Justicia francesa investiga acusaciones de racismo contra Galtier"},"content":{"rendered":"<p><strong>Par\u00eds, Francia<\/strong><\/p>\n<p>La justicia francesa abri\u00f3 una investigaci\u00f3n por sospechas de discriminaci\u00f3n por motivos raciales o religiosos tras las acusaciones de racismo contra el antiguo entrenador del Niza, Christophe Galtier, actualmente en el Par\u00eds Saint-Germain, indic\u00f3 la fiscal\u00eda.<\/p>\n<p>Esta investigaci\u00f3n est\u00e1 \u00abvinculada\u00bb a las acusaciones contra el actual entrenador del Par\u00eds Saint-Germain, confirm\u00f3 a la AFP el fiscal de Niza (sureste), Xavier Bonhomme, precisando que hubo registros en los locales del club nizardo.<\/p>\n<p><strong>Vea adem\u00e1s; <\/strong><a href=\"http:\/\/www.sporthiva.com\/index.php\/2023\/04\/13\/la-mls-suspende-al-delantero-belga-vanzeir-por-comentarios-racistas\/\"><strong>La MLS suspende al delantero belga Vanzeir por comentarios racistas<\/strong><\/a><\/p>\n<p>El t\u00e9cnico de 56 a\u00f1os afronta una fuerte pol\u00e9mica desde el martes por la noche, cuando el periodista independiente Romain Molina y el medio RMC Sports hablaron de la existencia de un correo electr\u00f3nico atribuido al exdirigente del Niza Julien Fournier.<\/p>\n<p>Este mensaje escrito al final de la temporada pasada, que la AFP no pudo autentificar, denuncia unas palabras discriminatorias de Galtier en relaci\u00f3n a una parte del vestuario del Niza, en las que habr\u00eda aludido a sus or\u00edgenes y su religi\u00f3n.<\/p>\n<p data-inc=\"1\">En un comunicado enviado a la AFP, el actual entrenador del PSG neg\u00f3 \u00abcon la mayor firmeza\u00bb haberse referido con t\u00e9rminos discriminatorios a jugadores cuando dirig\u00eda el club de la tur\u00edstica ciudad de la Riviera Francesa.<\/p>\n<p data-inc=\"1\"><strong>Le interesa tambi\u00e9n: <\/strong><a href=\"http:\/\/www.sporthiva.com\/index.php\/2023\/04\/13\/motagua-cae-goleado-5-0-por-tigres-y-termina-con-su-sueno-de-concacaf\/\"><strong>Motagua cae goleado 5-0 por Tigres y termina con su sue\u00f1o de Concacaf<\/strong><\/a><\/p>\n<p>Julien Fournier, que sali\u00f3 del Niza en julio de 2022, afirma por su parte no estar implicado en la difusi\u00f3n del correo, aunque no parece negar su existencia.<\/p>\n<p>El t\u00e9cnico, contra las cuerdas en el PSG debido a los malos resultados -eliminado en Champions y en Copa, l\u00edder en la Ligue 1 pero irregular en las \u00faltimas jornadas-, cuenta con protecci\u00f3n privada de su club por amenazas, seg\u00fan su abogado.<\/p>\n<p>Con contrato hasta 2024, el antiguo defensa vive una temporada muy complicada a todos los niveles en el PSG, el club m\u00e1s prestigioso que ha dirigido tras sus experiencias en el Saint-\u00c9tienne (2009-2017), Lille (2017-2021) y Niza (2021-2022).<\/p>\n","protected":false},"excerpt":{"rendered":"<p>Par\u00eds, Francia La justicia francesa abri\u00f3 una investigaci\u00f3n por sospechas de discriminaci\u00f3n por motivos raciales o religiosos tras las acusaciones de racismo contra el antiguo entrenador del Niza, Christophe Galtier, actualmente en el Par\u00eds Saint-Germain, indic\u00f3 la fiscal\u00eda. Esta investigaci\u00f3n est\u00e1 \u00abvinculada\u00bb a las acusaciones contra el actual entrenador del Par\u00eds Saint-Germain, confirm\u00f3 a la&nbsp;<\/p>\n<p><a class=\"btn btn-style\" href=\"http:\/\/www.sporthiva.com\/index.php\/2023\/04\/14\/justicia-francesa-investiga-acusaciones-de-racismo-contra-galtier\/\">Continuar leyendo<\/a><\/p>\n","protected":false},"author":7,"featured_media":0,"comment_status":"open","ping_status":"open","sticky":false,"template":"","format":"standard","meta":{"qubely_global_settings":"","qubely_interactions":""},"categories":[563],"tags":[6572,4422,1087],"qubely_featured_image_url":null,"qubely_author":{"display_name":"Evelyn Pineda","author_link":"http:\/\/www.sporthiva.com\/index.php\/author\/epineda\/"},"qubely_comment":0,"qubely_category":"<a href=\"http:\/\/www.sporthiva.com\/index.php\/category\/internacionales\/\" rel=\"category tag\">Internacionales<\/a>","qubely_excerpt":"Par\u00eds, Francia La justicia francesa abri\u00f3 una investigaci\u00f3n por sospechas de discriminaci\u00f3n por motivos raciales o religiosos tras las acusaciones de racismo contra el antiguo entrenador del Niza, Christophe Galtier, actualmente en el Par\u00eds Saint-Germain, indic\u00f3 la fiscal\u00eda. Esta investigaci\u00f3n est\u00e1 \u00abvinculada\u00bb a las acusaciones contra el actual entrenador del Par\u00eds Saint-Germain, confirm\u00f3 a la&nbsp;Continuar&hellip;","yoast_head":"<!-- This site is optimized with the Yoast SEO plugin v17.8 - https:\/\/yoast.com\/wordpress\/plugins\/seo\/ -->\n<title>Justicia francesa investiga acusaciones de racismo contra Galtier - Sporthiva Online<\/title>\n<meta name=\"robots\" content=\"index, follow, max-snippet:-1, max-image-preview:large, max-video-preview:-1\" \/>\n<link rel=\"canonical\" href=\"http:\/\/www.sporthiva.com\/index.php\/2023\/04\/14\/justicia-francesa-investiga-acusaciones-de-racismo-contra-galtier\/\" \/>\n<meta property=\"og:locale\" content=\"es_ES\" \/>\n<meta property=\"og:type\" content=\"article\" \/>\n<meta property=\"og:title\" content=\"Justicia francesa investiga acusaciones de racismo contra Galtier - Sporthiva Online\" \/>\n<meta property=\"og:description\" content=\"Par\u00eds, Francia La justicia francesa abri\u00f3 una investigaci\u00f3n por sospechas de discriminaci\u00f3n por motivos raciales o religiosos tras las acusaciones de racismo contra el antiguo entrenador del Niza, Christophe Galtier, actualmente en el Par\u00eds Saint-Germain, indic\u00f3 la fiscal\u00eda. Esta investigaci\u00f3n est\u00e1 \u00abvinculada\u00bb a las acusaciones contra el actual entrenador del Par\u00eds Saint-Germain, confirm\u00f3 a la&nbsp;Continuar leyendo\" \/>\n<meta property=\"og:url\" content=\"http:\/\/www.sporthiva.com\/index.php\/2023\/04\/14\/justicia-francesa-investiga-acusaciones-de-racismo-contra-galtier\/\" \/>\n<meta property=\"og:site_name\" content=\"Sporthiva Online\" \/>\n<meta property=\"article:published_time\" content=\"2023-04-14T15:11:11+00:00\" \/>\n<meta name=\"twitter:card\" content=\"summary\" \/>\n<meta name=\"twitter:label1\" content=\"Escrito por\" \/>\n\t<meta name=\"twitter:data1\" content=\"Evelyn Pineda\" \/>\n\t<meta name=\"twitter:label2\" content=\"Tiempo de lectura\" \/>\n\t<meta name=\"twitter:data2\" content=\"2 minutos\" \/>\n<script type=\"application\/ld+json\" class=\"yoast-schema-graph\">{\"@context\":\"https:\/\/schema.org\",\"@graph\":[{\"@type\":\"WebSite\",\"@id\":\"https:\/\/www.sporthiva.com\/#website\",\"url\":\"https:\/\/www.sporthiva.com\/\",\"name\":\"Sporthiva Online\",\"description\":\"Sporthiva Online\",\"potentialAction\":[{\"@type\":\"SearchAction\",\"target\":{\"@type\":\"EntryPoint\",\"urlTemplate\":\"https:\/\/www.sporthiva.com\/?s={search_term_string}\"},\"query-input\":\"required name=search_term_string\"}],\"inLanguage\":\"es\"},{\"@type\":\"WebPage\",\"@id\":\"http:\/\/www.sporthiva.com\/index.php\/2023\/04\/14\/justicia-francesa-investiga-acusaciones-de-racismo-contra-galtier\/#webpage\",\"url\":\"http:\/\/www.sporthiva.com\/index.php\/2023\/04\/14\/justicia-francesa-investiga-acusaciones-de-racismo-contra-galtier\/\",\"name\":\"Justicia francesa investiga acusaciones de racismo contra Galtier - Sporthiva Online\",\"isPartOf\":{\"@id\":\"https:\/\/www.sporthiva.com\/#website\"},\"datePublished\":\"2023-04-14T15:11:11+00:00\",\"dateModified\":\"2023-04-14T15:11:11+00:00\",\"author\":{\"@id\":\"https:\/\/www.sporthiva.com\/#\/schema\/person\/551718db343e60bf7d707f9085b1e611\"},\"breadcrumb\":{\"@id\":\"http:\/\/www.sporthiva.com\/index.php\/2023\/04\/14\/justicia-francesa-investiga-acusaciones-de-racismo-contra-galtier\/#breadcrumb\"},\"inLanguage\":\"es\",\"potentialAction\":[{\"@type\":\"ReadAction\",\"target\":[\"http:\/\/www.sporthiva.com\/index.php\/2023\/04\/14\/justicia-francesa-investiga-acusaciones-de-racismo-contra-galtier\/\"]}]},{\"@type\":\"BreadcrumbList\",\"@id\":\"http:\/\/www.sporthiva.com\/index.php\/2023\/04\/14\/justicia-francesa-investiga-acusaciones-de-racismo-contra-galtier\/#breadcrumb\",\"itemListElement\":[{\"@type\":\"ListItem\",\"position\":1,\"name\":\"Portada\",\"item\":\"https:\/\/www.sporthiva.com\/\"},{\"@type\":\"ListItem\",\"position\":2,\"name\":\"Justicia francesa investiga acusaciones de racismo contra Galtier\"}]},{\"@type\":\"Person\",\"@id\":\"https:\/\/www.sporthiva.com\/#\/schema\/person\/551718db343e60bf7d707f9085b1e611\",\"name\":\"Evelyn Pineda\",\"image\":{\"@type\":\"ImageObject\",\"@id\":\"https:\/\/www.sporthiva.com\/#personlogo\",\"inLanguage\":\"es\",\"url\":\"http:\/\/1.gravatar.com\/avatar\/73932ff8109aee94864b4504adf4d91e?s=96&d=mm&r=g\",\"contentUrl\":\"http:\/\/1.gravatar.com\/avatar\/73932ff8109aee94864b4504adf4d91e?s=96&d=mm&r=g\",\"caption\":\"Evelyn Pineda\"},\"sameAs\":[\"http:\/\/www.sporthiva.com\/\"],\"url\":\"http:\/\/www.sporthiva.com\/index.php\/author\/epineda\/\"}]}<\/script>\n<!-- \/ Yoast SEO plugin. -->","yoast_head_json":{"title":"Justicia francesa investiga acusaciones de racismo contra Galtier - Sporthiva Online","robots":{"index":"index","follow":"follow","max-snippet":"max-snippet:-1","max-image-preview":"max-image-preview:large","max-video-preview":"max-video-preview:-1"},"canonical":"http:\/\/www.sporthiva.com\/index.php\/2023\/04\/14\/justicia-francesa-investiga-acusaciones-de-racismo-contra-galtier\/","og_locale":"es_ES","og_type":"article","og_title":"Justicia francesa investiga acusaciones de racismo contra Galtier - Sporthiva Online","og_description":"Par\u00eds, Francia La justicia francesa abri\u00f3 una investigaci\u00f3n por sospechas de discriminaci\u00f3n por motivos raciales o religiosos tras las acusaciones de racismo contra el antiguo entrenador del Niza, Christophe Galtier, actualmente en el Par\u00eds Saint-Germain, indic\u00f3 la fiscal\u00eda. Esta investigaci\u00f3n est\u00e1 \u00abvinculada\u00bb a las acusaciones contra el actual entrenador del Par\u00eds Saint-Germain, confirm\u00f3 a la&nbsp;Continuar leyendo","og_url":"http:\/\/www.sporthiva.com\/index.php\/2023\/04\/14\/justicia-francesa-investiga-acusaciones-de-racismo-contra-galtier\/","og_site_name":"Sporthiva Online","article_published_time":"2023-04-14T15:11:11+00:00","twitter_card":"summary","twitter_misc":{"Escrito por":"Evelyn Pineda","Tiempo de lectura":"2 minutos"},"schema":{"@context":"https:\/\/schema.org","@graph":[{"@type":"WebSite","@id":"https:\/\/www.sporthiva.com\/#website","url":"https:\/\/www.sporthiva.com\/","name":"Sporthiva Online","description":"Sporthiva Online","potentialAction":[{"@type":"SearchAction","target":{"@type":"EntryPoint","urlTemplate":"https:\/\/www.sporthiva.com\/?s={search_term_string}"},"query-input":"required name=search_term_string"}],"inLanguage":"es"},{"@type":"WebPage","@id":"http:\/\/www.sporthiva.com\/index.php\/2023\/04\/14\/justicia-francesa-investiga-acusaciones-de-racismo-contra-galtier\/#webpage","url":"http:\/\/www.sporthiva.com\/index.php\/2023\/04\/14\/justicia-francesa-investiga-acusaciones-de-racismo-contra-galtier\/","name":"Justicia francesa investiga acusaciones de racismo contra Galtier - Sporthiva Online","isPartOf":{"@id":"https:\/\/www.sporthiva.com\/#website"},"datePublished":"2023-04-14T15:11:11+00:00","dateModified":"2023-04-14T15:11:11+00:00","author":{"@id":"https:\/\/www.sporthiva.com\/#\/schema\/person\/551718db343e60bf7d707f9085b1e611"},"breadcrumb":{"@id":"http:\/\/www.sporthiva.com\/index.php\/2023\/04\/14\/justicia-francesa-investiga-acusaciones-de-racismo-contra-galtier\/#breadcrumb"},"inLanguage":"es","potentialAction":[{"@type":"ReadAction","target":["http:\/\/www.sporthiva.com\/index.php\/2023\/04\/14\/justicia-francesa-investiga-acusaciones-de-racismo-contra-galtier\/"]}]},{"@type":"BreadcrumbList","@id":"http:\/\/www.sporthiva.com\/index.php\/2023\/04\/14\/justicia-francesa-investiga-acusaciones-de-racismo-contra-galtier\/#breadcrumb","itemListElement":[{"@type":"ListItem","position":1,"name":"Portada","item":"https:\/\/www.sporthiva.com\/"},{"@type":"ListItem","position":2,"name":"Justicia francesa investiga acusaciones de racismo contra Galtier"}]},{"@type":"Person","@id":"https:\/\/www.sporthiva.com\/#\/schema\/person\/551718db343e60bf7d707f9085b1e611","name":"Evelyn Pineda","image":{"@type":"ImageObject","@id":"https:\/\/www.sporthiva.com\/#personlogo","inLanguage":"es","url":"http:\/\/1.gravatar.com\/avatar\/73932ff8109aee94864b4504adf4d91e?s=96&d=mm&r=g","contentUrl":"http:\/\/1.gravatar.com\/avatar\/73932ff8109aee94864b4504adf4d91e?s=96&d=mm&r=g","caption":"Evelyn Pineda"},"sameAs":["http:\/\/www.sporthiva.com\/"],"url":"http:\/\/www.sporthiva.com\/index.php\/author\/epineda\/"}]}},"_links":{"self":[{"href":"http:\/\/www.sporthiva.com\/index.php\/wp-json\/wp\/v2\/posts\/137686"}],"collection":[{"href":"http:\/\/www.sporthiva.com\/index.php\/wp-json\/wp\/v2\/posts"}],"about":[{"href":"http:\/\/www.sporthiva.com\/index.php\/wp-json\/wp\/v2\/types\/post"}],"author":[{"embeddable":true,"href":"http:\/\/www.sporthiva.com\/index.php\/wp-json\/wp\/v2\/users\/7"}],"replies":[{"embeddable":true,"href":"http:\/\/www.sporthiva.com\/index.php\/wp-json\/wp\/v2\/comments?post=137686"}],"version-history":[{"count":1,"href":"http:\/\/www.sporthiva.com\/index.php\/wp-json\/wp\/v2\/posts\/137686\/revisions"}],"predecessor-version":[{"id":137688,"href":"http:\/\/www.sporthiva.com\/index.php\/wp-json\/wp\/v2\/posts\/137686\/revisions\/137688"}],"wp:attachment":[{"href":"http:\/\/www.sporthiva.com\/index.php\/wp-json\/wp\/v2\/media?parent=137686"}],"wp:term":[{"taxonomy":"category","embeddable":true,"href":"http:\/\/www.sporthiva.com\/index.php\/wp-json\/wp\/v2\/categories?post=137686"},{"taxonomy":"post_tag","embeddable":true,"href":"http:\/\/www.sporthiva.com\/index.php\/wp-json\/wp\/v2\/tags?post=137686"}],"curies":[{"name":"wp","href":"https:\/\/api.w.org\/{rel}","templated":true}]}}