{"id":137899,"date":"2023-04-17T09:05:38","date_gmt":"2023-04-17T15:05:38","guid":{"rendered":"http:\/\/www.sporthiva.com\/?p=137899"},"modified":"2023-04-17T09:05:38","modified_gmt":"2023-04-17T15:05:38","slug":"inter-no-fichara-a-lukaku-salvo-un-cambio-radical-en-su-rendimiento","status":"publish","type":"post","link":"http:\/\/www.sporthiva.com\/index.php\/2023\/04\/17\/inter-no-fichara-a-lukaku-salvo-un-cambio-radical-en-su-rendimiento\/","title":{"rendered":"Inter no fichar\u00e1 a Lukaku, salvo un cambio radical en su rendimiento"},"content":{"rendered":"<p><strong>Roma, Italia<\/strong><\/p>\n<p class=\"paragraph\" data-mrf-recirculation=\"Links inline\">El Inter de Milan no fichar\u00e1 al belga Romelu Lukaku salvo cambio radical en su rendimiento en este final de campa\u00f1a, por lo que el ariete volver\u00e1 al Chelsea tras una temporada de cesi\u00f3n que hasta el momento no ha sido suficiente para el club &#8216;nerazzurro&#8217;, informaron los medios locales este lunes.<\/p>\n<p class=\"paragraph\" data-mrf-recirculation=\"Links inline\">Lukaku lleg\u00f3 al Inter a finales de junio de 2022, tras una transacci\u00f3n cercana a los 10 millones de euros y bajo el pretexto de ser la pieza clave que falt\u00f3 en la temporada pasada para levantar el &#8216;Scudetto&#8217;.<\/p>\n<p data-mrf-recirculation=\"Links inline\"><strong>Vea adem\u00e1s: <\/strong><a href=\"http:\/\/www.sporthiva.com\/index.php\/2023\/04\/16\/el-cruzeiro-de-ronaldo-se-estrena-con-derrota-en-su-vuelta-a-primera-division\/\"><strong>El Cruzeiro de Ronaldo se estrena con derrota en su vuelta a primera divisi\u00f3n<\/strong><\/a><\/p>\n<p class=\"paragraph\" data-mrf-recirculation=\"Links inline\">Sin embargo, el belga, que retorn\u00f3 con ilusi\u00f3n a la ciudad en la que dio su mejor versi\u00f3n tras una temporada discreta en el Chelsea, no ha cumplido con las expectativas y las lesiones y sus pobres n\u00fameros, tan solo 8 goles en 24 encuentros disputados, han sido el motivo de que el Inter no quiera adquirir al ariete, seg\u00fan &#8216;La Gazzetta dello Sport&#8217;.<\/p>\n<p class=\"paragraph\" data-mrf-recirculation=\"Links inline\">El club interista, seg\u00fan el mismo medio, busca ya en el mercado un sustituto. Los nombres que m\u00e1s interesan son los del brasile\u00f1o Roberto Firmino, del Liverpool, o del galo Marcus Thuram, del Borussia Monchengladbach, ambos agentes libres.<\/p>\n","protected":false},"excerpt":{"rendered":"<p>Roma, Italia El Inter de Milan no fichar\u00e1 al belga Romelu Lukaku salvo cambio radical en su rendimiento en este final de campa\u00f1a, por lo que el ariete volver\u00e1 al Chelsea tras una temporada de cesi\u00f3n que hasta el momento no ha sido suficiente para el club &#8216;nerazzurro&#8217;, informaron los medios locales este lunes. Lukaku&nbsp;<\/p>\n<p><a class=\"btn btn-style\" href=\"http:\/\/www.sporthiva.com\/index.php\/2023\/04\/17\/inter-no-fichara-a-lukaku-salvo-un-cambio-radical-en-su-rendimiento\/\">Continuar leyendo<\/a><\/p>\n","protected":false},"author":7,"featured_media":0,"comment_status":"open","ping_status":"open","sticky":false,"template":"","format":"standard","meta":{"qubely_global_settings":"","qubely_interactions":""},"categories":[563],"tags":[788,2526],"qubely_featured_image_url":null,"qubely_author":{"display_name":"Evelyn Pineda","author_link":"http:\/\/www.sporthiva.com\/index.php\/author\/epineda\/"},"qubely_comment":0,"qubely_category":"<a href=\"http:\/\/www.sporthiva.com\/index.php\/category\/internacionales\/\" rel=\"category tag\">Internacionales<\/a>","qubely_excerpt":"Roma, Italia El Inter de Milan no fichar\u00e1 al belga Romelu Lukaku salvo cambio radical en su rendimiento en este final de campa\u00f1a, por lo que el ariete volver\u00e1 al Chelsea tras una temporada de cesi\u00f3n que hasta el momento no ha sido suficiente para el club &#8216;nerazzurro&#8217;, informaron los medios locales este lunes. Lukaku&nbsp;Continuar&hellip;","yoast_head":"<!-- This site is optimized with the Yoast SEO plugin v17.8 - https:\/\/yoast.com\/wordpress\/plugins\/seo\/ -->\n<title>Inter no fichar\u00e1 a Lukaku, salvo un cambio radical en su rendimiento - Sporthiva Online<\/title>\n<meta name=\"robots\" content=\"index, follow, max-snippet:-1, max-image-preview:large, max-video-preview:-1\" \/>\n<link rel=\"canonical\" href=\"https:\/\/www.sporthiva.com\/index.php\/2023\/04\/17\/inter-no-fichara-a-lukaku-salvo-un-cambio-radical-en-su-rendimiento\/\" \/>\n<meta property=\"og:locale\" content=\"es_ES\" \/>\n<meta property=\"og:type\" content=\"article\" \/>\n<meta property=\"og:title\" content=\"Inter no fichar\u00e1 a Lukaku, salvo un cambio radical en su rendimiento - Sporthiva Online\" \/>\n<meta property=\"og:description\" content=\"Roma, Italia El Inter de Milan no fichar\u00e1 al belga Romelu Lukaku salvo cambio radical en su rendimiento en este final de campa\u00f1a, por lo que el ariete volver\u00e1 al Chelsea tras una temporada de cesi\u00f3n que hasta el momento no ha sido suficiente para el club &#8216;nerazzurro&#8217;, informaron los medios locales este lunes. Lukaku&nbsp;Continuar leyendo\" \/>\n<meta property=\"og:url\" content=\"https:\/\/www.sporthiva.com\/index.php\/2023\/04\/17\/inter-no-fichara-a-lukaku-salvo-un-cambio-radical-en-su-rendimiento\/\" \/>\n<meta property=\"og:site_name\" content=\"Sporthiva Online\" \/>\n<meta property=\"article:published_time\" content=\"2023-04-17T15:05:38+00:00\" \/>\n<meta name=\"twitter:card\" content=\"summary\" \/>\n<meta name=\"twitter:label1\" content=\"Escrito por\" \/>\n\t<meta name=\"twitter:data1\" content=\"Evelyn Pineda\" \/>\n\t<meta name=\"twitter:label2\" content=\"Tiempo de lectura\" \/>\n\t<meta name=\"twitter:data2\" content=\"1 minuto\" \/>\n<script type=\"application\/ld+json\" class=\"yoast-schema-graph\">{\"@context\":\"https:\/\/schema.org\",\"@graph\":[{\"@type\":\"WebSite\",\"@id\":\"http:\/\/www.sporthiva.com\/#website\",\"url\":\"http:\/\/www.sporthiva.com\/\",\"name\":\"Sporthiva Online\",\"description\":\"Sporthiva Online\",\"potentialAction\":[{\"@type\":\"SearchAction\",\"target\":{\"@type\":\"EntryPoint\",\"urlTemplate\":\"http:\/\/www.sporthiva.com\/?s={search_term_string}\"},\"query-input\":\"required name=search_term_string\"}],\"inLanguage\":\"es\"},{\"@type\":\"WebPage\",\"@id\":\"https:\/\/www.sporthiva.com\/index.php\/2023\/04\/17\/inter-no-fichara-a-lukaku-salvo-un-cambio-radical-en-su-rendimiento\/#webpage\",\"url\":\"https:\/\/www.sporthiva.com\/index.php\/2023\/04\/17\/inter-no-fichara-a-lukaku-salvo-un-cambio-radical-en-su-rendimiento\/\",\"name\":\"Inter no fichar\\u00e1 a Lukaku, salvo un cambio radical en su rendimiento - Sporthiva Online\",\"isPartOf\":{\"@id\":\"http:\/\/www.sporthiva.com\/#website\"},\"datePublished\":\"2023-04-17T15:05:38+00:00\",\"dateModified\":\"2023-04-17T15:05:38+00:00\",\"author\":{\"@id\":\"http:\/\/www.sporthiva.com\/#\/schema\/person\/551718db343e60bf7d707f9085b1e611\"},\"breadcrumb\":{\"@id\":\"https:\/\/www.sporthiva.com\/index.php\/2023\/04\/17\/inter-no-fichara-a-lukaku-salvo-un-cambio-radical-en-su-rendimiento\/#breadcrumb\"},\"inLanguage\":\"es\",\"potentialAction\":[{\"@type\":\"ReadAction\",\"target\":[\"https:\/\/www.sporthiva.com\/index.php\/2023\/04\/17\/inter-no-fichara-a-lukaku-salvo-un-cambio-radical-en-su-rendimiento\/\"]}]},{\"@type\":\"BreadcrumbList\",\"@id\":\"https:\/\/www.sporthiva.com\/index.php\/2023\/04\/17\/inter-no-fichara-a-lukaku-salvo-un-cambio-radical-en-su-rendimiento\/#breadcrumb\",\"itemListElement\":[{\"@type\":\"ListItem\",\"position\":1,\"name\":\"Portada\",\"item\":\"http:\/\/www.sporthiva.com\/\"},{\"@type\":\"ListItem\",\"position\":2,\"name\":\"Inter no fichar\\u00e1 a Lukaku, salvo un cambio radical en su rendimiento\"}]},{\"@type\":\"Person\",\"@id\":\"http:\/\/www.sporthiva.com\/#\/schema\/person\/551718db343e60bf7d707f9085b1e611\",\"name\":\"Evelyn Pineda\",\"image\":{\"@type\":\"ImageObject\",\"@id\":\"http:\/\/www.sporthiva.com\/#personlogo\",\"inLanguage\":\"es\",\"url\":\"http:\/\/1.gravatar.com\/avatar\/73932ff8109aee94864b4504adf4d91e?s=96&d=mm&r=g\",\"contentUrl\":\"http:\/\/1.gravatar.com\/avatar\/73932ff8109aee94864b4504adf4d91e?s=96&d=mm&r=g\",\"caption\":\"Evelyn Pineda\"},\"sameAs\":[\"http:\/\/www.sporthiva.com\/\"],\"url\":\"http:\/\/www.sporthiva.com\/index.php\/author\/epineda\/\"}]}<\/script>\n<!-- \/ Yoast SEO plugin. -->","yoast_head_json":{"title":"Inter no fichar\u00e1 a Lukaku, salvo un cambio radical en su rendimiento - Sporthiva Online","robots":{"index":"index","follow":"follow","max-snippet":"max-snippet:-1","max-image-preview":"max-image-preview:large","max-video-preview":"max-video-preview:-1"},"canonical":"https:\/\/www.sporthiva.com\/index.php\/2023\/04\/17\/inter-no-fichara-a-lukaku-salvo-un-cambio-radical-en-su-rendimiento\/","og_locale":"es_ES","og_type":"article","og_title":"Inter no fichar\u00e1 a Lukaku, salvo un cambio radical en su rendimiento - Sporthiva Online","og_description":"Roma, Italia El Inter de Milan no fichar\u00e1 al belga Romelu Lukaku salvo cambio radical en su rendimiento en este final de campa\u00f1a, por lo que el ariete volver\u00e1 al Chelsea tras una temporada de cesi\u00f3n que hasta el momento no ha sido suficiente para el club &#8216;nerazzurro&#8217;, informaron los medios locales este lunes. Lukaku&nbsp;Continuar leyendo","og_url":"https:\/\/www.sporthiva.com\/index.php\/2023\/04\/17\/inter-no-fichara-a-lukaku-salvo-un-cambio-radical-en-su-rendimiento\/","og_site_name":"Sporthiva Online","article_published_time":"2023-04-17T15:05:38+00:00","twitter_card":"summary","twitter_misc":{"Escrito por":"Evelyn Pineda","Tiempo de lectura":"1 minuto"},"schema":{"@context":"https:\/\/schema.org","@graph":[{"@type":"WebSite","@id":"http:\/\/www.sporthiva.com\/#website","url":"http:\/\/www.sporthiva.com\/","name":"Sporthiva Online","description":"Sporthiva Online","potentialAction":[{"@type":"SearchAction","target":{"@type":"EntryPoint","urlTemplate":"http:\/\/www.sporthiva.com\/?s={search_term_string}"},"query-input":"required name=search_term_string"}],"inLanguage":"es"},{"@type":"WebPage","@id":"https:\/\/www.sporthiva.com\/index.php\/2023\/04\/17\/inter-no-fichara-a-lukaku-salvo-un-cambio-radical-en-su-rendimiento\/#webpage","url":"https:\/\/www.sporthiva.com\/index.php\/2023\/04\/17\/inter-no-fichara-a-lukaku-salvo-un-cambio-radical-en-su-rendimiento\/","name":"Inter no fichar\u00e1 a Lukaku, salvo un cambio radical en su rendimiento - Sporthiva Online","isPartOf":{"@id":"http:\/\/www.sporthiva.com\/#website"},"datePublished":"2023-04-17T15:05:38+00:00","dateModified":"2023-04-17T15:05:38+00:00","author":{"@id":"http:\/\/www.sporthiva.com\/#\/schema\/person\/551718db343e60bf7d707f9085b1e611"},"breadcrumb":{"@id":"https:\/\/www.sporthiva.com\/index.php\/2023\/04\/17\/inter-no-fichara-a-lukaku-salvo-un-cambio-radical-en-su-rendimiento\/#breadcrumb"},"inLanguage":"es","potentialAction":[{"@type":"ReadAction","target":["https:\/\/www.sporthiva.com\/index.php\/2023\/04\/17\/inter-no-fichara-a-lukaku-salvo-un-cambio-radical-en-su-rendimiento\/"]}]},{"@type":"BreadcrumbList","@id":"https:\/\/www.sporthiva.com\/index.php\/2023\/04\/17\/inter-no-fichara-a-lukaku-salvo-un-cambio-radical-en-su-rendimiento\/#breadcrumb","itemListElement":[{"@type":"ListItem","position":1,"name":"Portada","item":"http:\/\/www.sporthiva.com\/"},{"@type":"ListItem","position":2,"name":"Inter no fichar\u00e1 a Lukaku, salvo un cambio radical en su rendimiento"}]},{"@type":"Person","@id":"http:\/\/www.sporthiva.com\/#\/schema\/person\/551718db343e60bf7d707f9085b1e611","name":"Evelyn Pineda","image":{"@type":"ImageObject","@id":"http:\/\/www.sporthiva.com\/#personlogo","inLanguage":"es","url":"http:\/\/1.gravatar.com\/avatar\/73932ff8109aee94864b4504adf4d91e?s=96&d=mm&r=g","contentUrl":"http:\/\/1.gravatar.com\/avatar\/73932ff8109aee94864b4504adf4d91e?s=96&d=mm&r=g","caption":"Evelyn Pineda"},"sameAs":["http:\/\/www.sporthiva.com\/"],"url":"http:\/\/www.sporthiva.com\/index.php\/author\/epineda\/"}]}},"_links":{"self":[{"href":"http:\/\/www.sporthiva.com\/index.php\/wp-json\/wp\/v2\/posts\/137899"}],"collection":[{"href":"http:\/\/www.sporthiva.com\/index.php\/wp-json\/wp\/v2\/posts"}],"about":[{"href":"http:\/\/www.sporthiva.com\/index.php\/wp-json\/wp\/v2\/types\/post"}],"author":[{"embeddable":true,"href":"http:\/\/www.sporthiva.com\/index.php\/wp-json\/wp\/v2\/users\/7"}],"replies":[{"embeddable":true,"href":"http:\/\/www.sporthiva.com\/index.php\/wp-json\/wp\/v2\/comments?post=137899"}],"version-history":[{"count":1,"href":"http:\/\/www.sporthiva.com\/index.php\/wp-json\/wp\/v2\/posts\/137899\/revisions"}],"predecessor-version":[{"id":137901,"href":"http:\/\/www.sporthiva.com\/index.php\/wp-json\/wp\/v2\/posts\/137899\/revisions\/137901"}],"wp:attachment":[{"href":"http:\/\/www.sporthiva.com\/index.php\/wp-json\/wp\/v2\/media?parent=137899"}],"wp:term":[{"taxonomy":"category","embeddable":true,"href":"http:\/\/www.sporthiva.com\/index.php\/wp-json\/wp\/v2\/categories?post=137899"},{"taxonomy":"post_tag","embeddable":true,"href":"http:\/\/www.sporthiva.com\/index.php\/wp-json\/wp\/v2\/tags?post=137899"}],"curies":[{"name":"wp","href":"https:\/\/api.w.org\/{rel}","templated":true}]}}