{"id":138805,"date":"2023-04-30T16:13:40","date_gmt":"2023-04-30T22:13:40","guid":{"rendered":"http:\/\/www.sporthiva.com\/?p=138805"},"modified":"2023-04-30T16:13:40","modified_gmt":"2023-04-30T22:13:40","slug":"el-psv-retiene-su-corona-por-penaltis","status":"publish","type":"post","link":"http:\/\/www.sporthiva.com\/index.php\/2023\/04\/30\/el-psv-retiene-su-corona-por-penaltis\/","title":{"rendered":"El PSV retiene su corona por penaltis"},"content":{"rendered":"<p><strong>Pa\u00edses Bajos<\/strong><\/p>\n<p class=\"paragraph\">El acierto en el lanzamiento de penaltis, en una tanda marcada por el desatino de ambos equipos, dio el titulo de la Copa de los Pa\u00edses Bajos al PSV Eindhoven por segundo a\u00f1o consecutivo en detrimento del Ajax, que volvi\u00f3 a perder en la final.<\/p>\n<p class=\"paragraph\">El conjunto de Ruud Van Nistelrooy consigui\u00f3 revalidar el \u00e9xito del pasado curso, en la misma final. A\u00fan as\u00ed, el Ajax se mantiene como el club m\u00e1s laureado, con veinte trofeos, el \u00faltimo en el 2021. El PSV logr\u00f3 su und\u00e9cimo \u00e9xito en esta competici\u00f3n.<\/p>\n<p class=\"paragraph\">Fue desde los once metros, en una final trascendente para ambos como el PSV amarr\u00f3 la corona. Era la Copa un t\u00edtulo relevante para cualquiera. Los dos est\u00e1n lejos del dominio del Feyenoord en la Eredivisie. La Copa justificaba un curso gris de ambos.<\/p>\n<p><strong>Vea adem\u00e1s: <\/strong><a href=\"http:\/\/www.sporthiva.com\/index.php\/2023\/04\/30\/juventus-no-pasa-del-empate-con-bologna-y-sigue-tercero-en-la-serie-a\/\"><strong>Juventus no pasa del empate con Bologna y sigue tercero en la Serie A<\/strong><\/a><\/p>\n<p class=\"paragraph\">El desacierto marc\u00f3 la tanda. El Ajax fall\u00f3 tres de los cinco tiros que ejecut\u00f3. Marcaron Dusan Tadic y Mika Godts pero fallaron Dobbey, Timber y el mexicano Edson \u00c1lvarez. En el PSV Thorgan Hazard, El Ghazi y Fabio Silva, que hizo el \u00faltimo compensaron el desatino de Ramalho y Sangar\u00e9.<\/p>\n<p class=\"paragraph\">Al Ajax se le escap\u00f3 el trofeo en el tramo final. Despu\u00e9s de un comienzo abierto, con dominio del equipo de Van Nistelrooy con las ocasiones de Johan Bakayoko y Guus Til, resueltas por el meta argentino Geronimo Rulli, fue el conjunto de Amsterdam el que tom\u00f3 ventaja al borde del descanso.<\/p>\n<p class=\"paragraph\">Disfrut\u00f3 de una jugada desafortunada para su rival. En una jugada r\u00e1pida. Un bal\u00f3n de Brian Brobbey hacia Dusan Tadic que centr\u00f3 hacia Steven Bergwijn. El atacante se adentr\u00f3 en el \u00e1rea y tir\u00f3 pero se interpuso el defensa Jarrad Branthwaite que cambi\u00f3 la direcci\u00f3n de la pelota que alcanz\u00f3 la red.<\/p>\n<p><strong>Le interesa tambi\u00e9n: <\/strong><a href=\"http:\/\/www.sporthiva.com\/index.php\/2023\/04\/30\/atletico-de-madrid-vencio-con-contundencia-a-valladolid\/\"><strong>Atl\u00e9tico de Madrid venci\u00f3 con contundencia a Valladolid<\/strong><\/a><\/p>\n<p class=\"paragraph\">Fue un gol psicol\u00f3gico, al borde del descanso, que afect\u00f3 al conjunto de Van Nistelrooy. De hecho, pudo sentenciar el Ajax cuando Brian Brobbey encar\u00f3 al portero rival, le sorte\u00f3 y fallo con la puerta vac\u00eda.<\/p>\n<p class=\"paragraph\">El empate lleg\u00f3 en el 67. Lo firm\u00f3 Thorgan Hazard que minutos antes sali\u00f3 desde el banquillo. El pase fue de Xavi Simons, dentro del \u00e1rea, que centr\u00f3 al punto de penalti. Hazard se anticip\u00f3 a Devyne Rensch, meti\u00f3 la puntera y bati\u00f3 a Rulli.<\/p>\n<p class=\"paragraph\">Simons, clave en el PSV pudo dar la victoria antes de la pr\u00f3rroga pero no acert\u00f3. Nada se resolvi\u00f3 en el tiempo extra, plagada de interrupciones y deca\u00eddo en el ritmo y el choque qued\u00f3 en manos de los penaltis, donde el PSV estuvo mejor.<\/p>\n","protected":false},"excerpt":{"rendered":"<p>Pa\u00edses Bajos El acierto en el lanzamiento de penaltis, en una tanda marcada por el desatino de ambos equipos, dio el titulo de la Copa de los Pa\u00edses Bajos al PSV Eindhoven por segundo a\u00f1o consecutivo en detrimento del Ajax, que volvi\u00f3 a perder en la final. El conjunto de Ruud Van Nistelrooy consigui\u00f3 revalidar&nbsp;<\/p>\n<p><a class=\"btn btn-style\" href=\"http:\/\/www.sporthiva.com\/index.php\/2023\/04\/30\/el-psv-retiene-su-corona-por-penaltis\/\">Continuar leyendo<\/a><\/p>\n","protected":false},"author":7,"featured_media":0,"comment_status":"open","ping_status":"open","sticky":false,"template":"","format":"standard","meta":{"qubely_global_settings":"","qubely_interactions":""},"categories":[563],"tags":[183,6706,3892],"qubely_featured_image_url":null,"qubely_author":{"display_name":"Evelyn Pineda","author_link":"http:\/\/www.sporthiva.com\/index.php\/author\/epineda\/"},"qubely_comment":0,"qubely_category":"<a href=\"http:\/\/www.sporthiva.com\/index.php\/category\/internacionales\/\" rel=\"category tag\">Internacionales<\/a>","qubely_excerpt":"Pa\u00edses Bajos El acierto en el lanzamiento de penaltis, en una tanda marcada por el desatino de ambos equipos, dio el titulo de la Copa de los Pa\u00edses Bajos al PSV Eindhoven por segundo a\u00f1o consecutivo en detrimento del Ajax, que volvi\u00f3 a perder en la final. El conjunto de Ruud Van Nistelrooy consigui\u00f3 revalidar&nbsp;Continuar&hellip;","yoast_head":"<!-- This site is optimized with the Yoast SEO plugin v17.8 - https:\/\/yoast.com\/wordpress\/plugins\/seo\/ -->\n<title>El PSV retiene su corona por penaltis - Sporthiva Online<\/title>\n<meta name=\"robots\" content=\"index, follow, max-snippet:-1, max-image-preview:large, max-video-preview:-1\" \/>\n<link rel=\"canonical\" href=\"http:\/\/www.sporthiva.com\/index.php\/2023\/04\/30\/el-psv-retiene-su-corona-por-penaltis\/\" \/>\n<meta property=\"og:locale\" content=\"es_ES\" \/>\n<meta property=\"og:type\" content=\"article\" \/>\n<meta property=\"og:title\" content=\"El PSV retiene su corona por penaltis - Sporthiva Online\" \/>\n<meta property=\"og:description\" content=\"Pa\u00edses Bajos El acierto en el lanzamiento de penaltis, en una tanda marcada por el desatino de ambos equipos, dio el titulo de la Copa de los Pa\u00edses Bajos al PSV Eindhoven por segundo a\u00f1o consecutivo en detrimento del Ajax, que volvi\u00f3 a perder en la final. El conjunto de Ruud Van Nistelrooy consigui\u00f3 revalidar&nbsp;Continuar leyendo\" \/>\n<meta property=\"og:url\" content=\"http:\/\/www.sporthiva.com\/index.php\/2023\/04\/30\/el-psv-retiene-su-corona-por-penaltis\/\" \/>\n<meta property=\"og:site_name\" content=\"Sporthiva Online\" \/>\n<meta property=\"article:published_time\" content=\"2023-04-30T22:13:40+00:00\" \/>\n<meta name=\"twitter:card\" content=\"summary\" \/>\n<meta name=\"twitter:label1\" content=\"Escrito por\" \/>\n\t<meta name=\"twitter:data1\" content=\"Evelyn Pineda\" \/>\n\t<meta name=\"twitter:label2\" content=\"Tiempo de lectura\" \/>\n\t<meta name=\"twitter:data2\" content=\"2 minutos\" \/>\n<script type=\"application\/ld+json\" class=\"yoast-schema-graph\">{\"@context\":\"https:\/\/schema.org\",\"@graph\":[{\"@type\":\"WebSite\",\"@id\":\"https:\/\/www.sporthiva.com\/#website\",\"url\":\"https:\/\/www.sporthiva.com\/\",\"name\":\"Sporthiva Online\",\"description\":\"Sporthiva Online\",\"potentialAction\":[{\"@type\":\"SearchAction\",\"target\":{\"@type\":\"EntryPoint\",\"urlTemplate\":\"https:\/\/www.sporthiva.com\/?s={search_term_string}\"},\"query-input\":\"required name=search_term_string\"}],\"inLanguage\":\"es\"},{\"@type\":\"WebPage\",\"@id\":\"http:\/\/www.sporthiva.com\/index.php\/2023\/04\/30\/el-psv-retiene-su-corona-por-penaltis\/#webpage\",\"url\":\"http:\/\/www.sporthiva.com\/index.php\/2023\/04\/30\/el-psv-retiene-su-corona-por-penaltis\/\",\"name\":\"El PSV retiene su corona por penaltis - Sporthiva Online\",\"isPartOf\":{\"@id\":\"https:\/\/www.sporthiva.com\/#website\"},\"datePublished\":\"2023-04-30T22:13:40+00:00\",\"dateModified\":\"2023-04-30T22:13:40+00:00\",\"author\":{\"@id\":\"https:\/\/www.sporthiva.com\/#\/schema\/person\/551718db343e60bf7d707f9085b1e611\"},\"breadcrumb\":{\"@id\":\"http:\/\/www.sporthiva.com\/index.php\/2023\/04\/30\/el-psv-retiene-su-corona-por-penaltis\/#breadcrumb\"},\"inLanguage\":\"es\",\"potentialAction\":[{\"@type\":\"ReadAction\",\"target\":[\"http:\/\/www.sporthiva.com\/index.php\/2023\/04\/30\/el-psv-retiene-su-corona-por-penaltis\/\"]}]},{\"@type\":\"BreadcrumbList\",\"@id\":\"http:\/\/www.sporthiva.com\/index.php\/2023\/04\/30\/el-psv-retiene-su-corona-por-penaltis\/#breadcrumb\",\"itemListElement\":[{\"@type\":\"ListItem\",\"position\":1,\"name\":\"Portada\",\"item\":\"https:\/\/www.sporthiva.com\/\"},{\"@type\":\"ListItem\",\"position\":2,\"name\":\"El PSV retiene su corona por penaltis\"}]},{\"@type\":\"Person\",\"@id\":\"https:\/\/www.sporthiva.com\/#\/schema\/person\/551718db343e60bf7d707f9085b1e611\",\"name\":\"Evelyn Pineda\",\"image\":{\"@type\":\"ImageObject\",\"@id\":\"https:\/\/www.sporthiva.com\/#personlogo\",\"inLanguage\":\"es\",\"url\":\"http:\/\/1.gravatar.com\/avatar\/73932ff8109aee94864b4504adf4d91e?s=96&d=mm&r=g\",\"contentUrl\":\"http:\/\/1.gravatar.com\/avatar\/73932ff8109aee94864b4504adf4d91e?s=96&d=mm&r=g\",\"caption\":\"Evelyn Pineda\"},\"sameAs\":[\"http:\/\/www.sporthiva.com\/\"],\"url\":\"http:\/\/www.sporthiva.com\/index.php\/author\/epineda\/\"}]}<\/script>\n<!-- \/ Yoast SEO plugin. -->","yoast_head_json":{"title":"El PSV retiene su corona por penaltis - Sporthiva Online","robots":{"index":"index","follow":"follow","max-snippet":"max-snippet:-1","max-image-preview":"max-image-preview:large","max-video-preview":"max-video-preview:-1"},"canonical":"http:\/\/www.sporthiva.com\/index.php\/2023\/04\/30\/el-psv-retiene-su-corona-por-penaltis\/","og_locale":"es_ES","og_type":"article","og_title":"El PSV retiene su corona por penaltis - Sporthiva Online","og_description":"Pa\u00edses Bajos El acierto en el lanzamiento de penaltis, en una tanda marcada por el desatino de ambos equipos, dio el titulo de la Copa de los Pa\u00edses Bajos al PSV Eindhoven por segundo a\u00f1o consecutivo en detrimento del Ajax, que volvi\u00f3 a perder en la final. El conjunto de Ruud Van Nistelrooy consigui\u00f3 revalidar&nbsp;Continuar leyendo","og_url":"http:\/\/www.sporthiva.com\/index.php\/2023\/04\/30\/el-psv-retiene-su-corona-por-penaltis\/","og_site_name":"Sporthiva Online","article_published_time":"2023-04-30T22:13:40+00:00","twitter_card":"summary","twitter_misc":{"Escrito por":"Evelyn Pineda","Tiempo de lectura":"2 minutos"},"schema":{"@context":"https:\/\/schema.org","@graph":[{"@type":"WebSite","@id":"https:\/\/www.sporthiva.com\/#website","url":"https:\/\/www.sporthiva.com\/","name":"Sporthiva Online","description":"Sporthiva Online","potentialAction":[{"@type":"SearchAction","target":{"@type":"EntryPoint","urlTemplate":"https:\/\/www.sporthiva.com\/?s={search_term_string}"},"query-input":"required name=search_term_string"}],"inLanguage":"es"},{"@type":"WebPage","@id":"http:\/\/www.sporthiva.com\/index.php\/2023\/04\/30\/el-psv-retiene-su-corona-por-penaltis\/#webpage","url":"http:\/\/www.sporthiva.com\/index.php\/2023\/04\/30\/el-psv-retiene-su-corona-por-penaltis\/","name":"El PSV retiene su corona por penaltis - Sporthiva Online","isPartOf":{"@id":"https:\/\/www.sporthiva.com\/#website"},"datePublished":"2023-04-30T22:13:40+00:00","dateModified":"2023-04-30T22:13:40+00:00","author":{"@id":"https:\/\/www.sporthiva.com\/#\/schema\/person\/551718db343e60bf7d707f9085b1e611"},"breadcrumb":{"@id":"http:\/\/www.sporthiva.com\/index.php\/2023\/04\/30\/el-psv-retiene-su-corona-por-penaltis\/#breadcrumb"},"inLanguage":"es","potentialAction":[{"@type":"ReadAction","target":["http:\/\/www.sporthiva.com\/index.php\/2023\/04\/30\/el-psv-retiene-su-corona-por-penaltis\/"]}]},{"@type":"BreadcrumbList","@id":"http:\/\/www.sporthiva.com\/index.php\/2023\/04\/30\/el-psv-retiene-su-corona-por-penaltis\/#breadcrumb","itemListElement":[{"@type":"ListItem","position":1,"name":"Portada","item":"https:\/\/www.sporthiva.com\/"},{"@type":"ListItem","position":2,"name":"El PSV retiene su corona por penaltis"}]},{"@type":"Person","@id":"https:\/\/www.sporthiva.com\/#\/schema\/person\/551718db343e60bf7d707f9085b1e611","name":"Evelyn Pineda","image":{"@type":"ImageObject","@id":"https:\/\/www.sporthiva.com\/#personlogo","inLanguage":"es","url":"http:\/\/1.gravatar.com\/avatar\/73932ff8109aee94864b4504adf4d91e?s=96&d=mm&r=g","contentUrl":"http:\/\/1.gravatar.com\/avatar\/73932ff8109aee94864b4504adf4d91e?s=96&d=mm&r=g","caption":"Evelyn Pineda"},"sameAs":["http:\/\/www.sporthiva.com\/"],"url":"http:\/\/www.sporthiva.com\/index.php\/author\/epineda\/"}]}},"_links":{"self":[{"href":"http:\/\/www.sporthiva.com\/index.php\/wp-json\/wp\/v2\/posts\/138805"}],"collection":[{"href":"http:\/\/www.sporthiva.com\/index.php\/wp-json\/wp\/v2\/posts"}],"about":[{"href":"http:\/\/www.sporthiva.com\/index.php\/wp-json\/wp\/v2\/types\/post"}],"author":[{"embeddable":true,"href":"http:\/\/www.sporthiva.com\/index.php\/wp-json\/wp\/v2\/users\/7"}],"replies":[{"embeddable":true,"href":"http:\/\/www.sporthiva.com\/index.php\/wp-json\/wp\/v2\/comments?post=138805"}],"version-history":[{"count":2,"href":"http:\/\/www.sporthiva.com\/index.php\/wp-json\/wp\/v2\/posts\/138805\/revisions"}],"predecessor-version":[{"id":138808,"href":"http:\/\/www.sporthiva.com\/index.php\/wp-json\/wp\/v2\/posts\/138805\/revisions\/138808"}],"wp:attachment":[{"href":"http:\/\/www.sporthiva.com\/index.php\/wp-json\/wp\/v2\/media?parent=138805"}],"wp:term":[{"taxonomy":"category","embeddable":true,"href":"http:\/\/www.sporthiva.com\/index.php\/wp-json\/wp\/v2\/categories?post=138805"},{"taxonomy":"post_tag","embeddable":true,"href":"http:\/\/www.sporthiva.com\/index.php\/wp-json\/wp\/v2\/tags?post=138805"}],"curies":[{"name":"wp","href":"https:\/\/api.w.org\/{rel}","templated":true}]}}