{"id":140028,"date":"2023-05-16T16:12:55","date_gmt":"2023-05-16T22:12:55","guid":{"rendered":"http:\/\/www.sporthiva.com\/?p=140028"},"modified":"2023-05-16T16:12:55","modified_gmt":"2023-05-16T22:12:55","slug":"marathon-anuncia-la-renovacion-del-contrato-del-defensa-allans-vargas","status":"publish","type":"post","link":"http:\/\/www.sporthiva.com\/index.php\/2023\/05\/16\/marathon-anuncia-la-renovacion-del-contrato-del-defensa-allans-vargas\/","title":{"rendered":"Marath\u00f3n anuncia la renovaci\u00f3n del contrato del defensa Allans Vargas"},"content":{"rendered":"<p><strong>San Pedro Sula, Honduras<\/strong><\/p>\n<div class=\"mvp-post-soc-wrap left relative\">\n<p>La junta directiva de Marath\u00f3n anunci\u00f3 este martes que\u00a0 ha renovado contrato al defensor Allans Josu\u00e9 Vargas por un a\u00f1o, terminando con los rumores de que cambiar\u00eda equipo para la pr\u00f3xima temporada.<\/p>\n<\/div>\n<div class=\"mvp-post-soc-in\">\n<div id=\"mvp-content-body\" class=\"left relative\">\n<div id=\"mvp-content-body-top\" class=\"left relative\">\n<div id=\"mvp-content-main\" class=\"left relative\">\n<p>Vargas, de 29 a\u00f1os, de momento es la primera renovaci\u00f3n que ha hecho oficial el equipo sampedrano, despu\u00e9s que tuvo una aceptable campa\u00f1a con el eclub, siendo pieza estelar en el esquema del entrenador Salom\u00f3n Nazar, que llev\u00f3 el equipo a las semifinales del torneo Clausura 2023 en donde qued\u00f3 eliminado por reglamento.<\/p>\n<\/div>\n<\/div>\n<\/div>\n<\/div>\n<blockquote class=\"twitter-tweet\">\n<p dir=\"ltr\" lang=\"es\">\u00a1RENOVADO! \ud83d\ude4c\ud83c\udffc\ud83d\udc9a<\/p>\n<p>Nuestro defensa Allans Vargas estamp\u00f3 su renovaci\u00f3n esta tarde con nuestra Instituci\u00f3n.<a href=\"https:\/\/twitter.com\/hashtag\/MonstruoVerde?src=hash&amp;ref_src=twsrc%5Etfw\">#MonstruoVerde<\/a> <a href=\"https:\/\/t.co\/86A33H4kCW\">pic.twitter.com\/86A33H4kCW<\/a><\/p>\n<p>\u2014 CD Marath\u00f3n (@CDMarathon) <a href=\"https:\/\/twitter.com\/CDMarathon\/status\/1658584657678553090?ref_src=twsrc%5Etfw\">May 16, 2023<\/a><\/p><\/blockquote>\n<p><script async src=\"https:\/\/platform.twitter.com\/widgets.js\" charset=\"utf-8\"><\/script><\/p>\n<p>Adem\u00e1s hay jugadores que se han quedado sin contrato y los directivos esperan un informe del cuerpo t\u00e9cnico para saber si entran en los planes del t\u00e9cnico para proceder a su correspondiente renovaci\u00f3n.<\/p>\n<p>Los jugadores que est\u00e1n libres en este momento son: F\u00e9lix Crisanto, Jeffry Miranda, Adri\u00e1n Ram\u00edrez, Sergio Pe\u00f1a, C\u00e9sar Guill\u00e9n, Selvin \u201cPibe\u201d Guevara y Luis Vega, quien firm\u00f3 con Motagua. Adem\u00e1s de los colombianos Andr\u00e9s Ibarg\u00fcen y Jerry Ortiz.<\/p>\n<p>En cuanto a las bajas, Marath\u00f3n perdi\u00f3 al defensor Luis Vega, quien ahora jugar\u00e1 para Motagua.<\/p>\n","protected":false},"excerpt":{"rendered":"<p>San Pedro Sula, Honduras La junta directiva de Marath\u00f3n anunci\u00f3 este martes que\u00a0 ha renovado contrato al defensor Allans Josu\u00e9 Vargas por un a\u00f1o, terminando con los rumores de que cambiar\u00eda equipo para la pr\u00f3xima temporada. Vargas, de 29 a\u00f1os, de momento es la primera renovaci\u00f3n que ha hecho oficial el equipo sampedrano, despu\u00e9s que&nbsp;<\/p>\n<p><a class=\"btn btn-style\" href=\"http:\/\/www.sporthiva.com\/index.php\/2023\/05\/16\/marathon-anuncia-la-renovacion-del-contrato-del-defensa-allans-vargas\/\">Continuar leyendo<\/a><\/p>\n","protected":false},"author":7,"featured_media":140029,"comment_status":"open","ping_status":"open","sticky":false,"template":"","format":"standard","meta":{"qubely_global_settings":"","qubely_interactions":""},"categories":[12],"tags":[2193,427],"qubely_featured_image_url":{"full":["http:\/\/www.sporthiva.com\/wp-content\/uploads\/2023\/05\/allans-vargas.jpg",1000,600,false],"landscape":["http:\/\/www.sporthiva.com\/wp-content\/uploads\/2023\/05\/allans-vargas.jpg",1000,600,false],"portraits":["http:\/\/www.sporthiva.com\/wp-content\/uploads\/2023\/05\/allans-vargas-540x320.jpg",540,320,true],"thumbnail":["http:\/\/www.sporthiva.com\/wp-content\/uploads\/2023\/05\/allans-vargas-150x150.jpg",150,150,true],"medium":["http:\/\/www.sporthiva.com\/wp-content\/uploads\/2023\/05\/allans-vargas-632x379.jpg",632,379,true],"medium_large":["http:\/\/www.sporthiva.com\/wp-content\/uploads\/2023\/05\/allans-vargas-768x461.jpg",768,461,true],"large":["http:\/\/www.sporthiva.com\/wp-content\/uploads\/2023\/05\/allans-vargas.jpg",1000,600,false],"1536x1536":["http:\/\/www.sporthiva.com\/wp-content\/uploads\/2023\/05\/allans-vargas.jpg",1000,600,false],"2048x2048":["http:\/\/www.sporthiva.com\/wp-content\/uploads\/2023\/05\/allans-vargas.jpg",1000,600,false],"alm-thumbnail":["http:\/\/www.sporthiva.com\/wp-content\/uploads\/2023\/05\/allans-vargas-150x150.jpg",150,150,true],"qubely_landscape":["http:\/\/www.sporthiva.com\/wp-content\/uploads\/2023\/05\/allans-vargas.jpg",1000,600,false],"qubely_portrait":["http:\/\/www.sporthiva.com\/wp-content\/uploads\/2023\/05\/allans-vargas-540x320.jpg",540,320,true],"qubely_thumbnail":["http:\/\/www.sporthiva.com\/wp-content\/uploads\/2023\/05\/allans-vargas-140x100.jpg",140,100,true],"sportspress-crop-medium":["http:\/\/www.sporthiva.com\/wp-content\/uploads\/2023\/05\/allans-vargas-300x300.jpg",300,300,true],"sportspress-fit-medium":["http:\/\/www.sporthiva.com\/wp-content\/uploads\/2023\/05\/allans-vargas-300x180.jpg",300,180,true],"sportspress-fit-icon":["http:\/\/www.sporthiva.com\/wp-content\/uploads\/2023\/05\/allans-vargas-128x77.jpg",128,77,true],"sportspress-fit-mini":["http:\/\/www.sporthiva.com\/wp-content\/uploads\/2023\/05\/allans-vargas-32x19.jpg",32,19,true],"heighlights":["http:\/\/www.sporthiva.com\/wp-content\/uploads\/2023\/05\/allans-vargas-460x500.jpg",460,500,true],"video-thumb":["http:\/\/www.sporthiva.com\/wp-content\/uploads\/2023\/05\/allans-vargas-360x235.jpg",360,235,true],"video-thumb2":["http:\/\/www.sporthiva.com\/wp-content\/uploads\/2023\/05\/allans-vargas-360x422.jpg",360,422,true],"blog-thumb":["http:\/\/www.sporthiva.com\/wp-content\/uploads\/2023\/05\/allans-vargas-175x150.jpg",175,150,true],"blog-medium":["http:\/\/www.sporthiva.com\/wp-content\/uploads\/2023\/05\/allans-vargas-750x350.jpg",750,350,true],"blog-full":["http:\/\/www.sporthiva.com\/wp-content\/uploads\/2023\/05\/allans-vargas-1000x550.jpg",1000,550,true],"popular-post":["http:\/\/www.sporthiva.com\/wp-content\/uploads\/2023\/05\/allans-vargas-560x510.jpg",560,510,true],"heighlights-post":["http:\/\/www.sporthiva.com\/wp-content\/uploads\/2023\/05\/allans-vargas-262x236.jpg",262,236,true],"player-thumb":["http:\/\/www.sporthiva.com\/wp-content\/uploads\/2023\/05\/allans-vargas-270x150.jpg",270,150,true],"wp_rp_thumbnail":["http:\/\/www.sporthiva.com\/wp-content\/uploads\/2023\/05\/allans-vargas-150x150.jpg",150,150,true]},"qubely_author":{"display_name":"Evelyn Pineda","author_link":"http:\/\/www.sporthiva.com\/index.php\/author\/epineda\/"},"qubely_comment":0,"qubely_category":"<a href=\"http:\/\/www.sporthiva.com\/index.php\/category\/noticias\/\" rel=\"category tag\">Noticias<\/a>","qubely_excerpt":"San Pedro Sula, Honduras La junta directiva de Marath\u00f3n anunci\u00f3 este martes que\u00a0 ha renovado contrato al defensor Allans Josu\u00e9 Vargas por un a\u00f1o, terminando con los rumores de que cambiar\u00eda equipo para la pr\u00f3xima temporada. Vargas, de 29 a\u00f1os, de momento es la primera renovaci\u00f3n que ha hecho oficial el equipo sampedrano, despu\u00e9s que&nbsp;Continuar&hellip;","yoast_head":"<!-- This site is optimized with the Yoast SEO plugin v17.8 - https:\/\/yoast.com\/wordpress\/plugins\/seo\/ -->\n<title>Marath\u00f3n anuncia la renovaci\u00f3n del contrato del defensa Allans Vargas - Sporthiva Online<\/title>\n<meta name=\"robots\" content=\"index, follow, max-snippet:-1, max-image-preview:large, max-video-preview:-1\" \/>\n<link rel=\"canonical\" href=\"https:\/\/www.sporthiva.com\/index.php\/2023\/05\/16\/marathon-anuncia-la-renovacion-del-contrato-del-defensa-allans-vargas\/\" \/>\n<meta property=\"og:locale\" content=\"es_ES\" \/>\n<meta property=\"og:type\" content=\"article\" \/>\n<meta property=\"og:title\" content=\"Marath\u00f3n anuncia la renovaci\u00f3n del contrato del defensa Allans Vargas - Sporthiva Online\" \/>\n<meta property=\"og:description\" content=\"San Pedro Sula, Honduras La junta directiva de Marath\u00f3n anunci\u00f3 este martes que\u00a0 ha renovado contrato al defensor Allans Josu\u00e9 Vargas por un a\u00f1o, terminando con los rumores de que cambiar\u00eda equipo para la pr\u00f3xima temporada. Vargas, de 29 a\u00f1os, de momento es la primera renovaci\u00f3n que ha hecho oficial el equipo sampedrano, despu\u00e9s que&nbsp;Continuar leyendo\" \/>\n<meta property=\"og:url\" content=\"https:\/\/www.sporthiva.com\/index.php\/2023\/05\/16\/marathon-anuncia-la-renovacion-del-contrato-del-defensa-allans-vargas\/\" \/>\n<meta property=\"og:site_name\" content=\"Sporthiva Online\" \/>\n<meta property=\"article:published_time\" content=\"2023-05-16T22:12:55+00:00\" \/>\n<meta property=\"og:image\" content=\"https:\/\/www.sporthiva.com\/wp-content\/uploads\/2023\/05\/allans-vargas.jpg\" \/>\n\t<meta property=\"og:image:width\" content=\"1000\" \/>\n\t<meta property=\"og:image:height\" content=\"600\" \/>\n<meta name=\"twitter:card\" content=\"summary\" \/>\n<meta name=\"twitter:label1\" content=\"Escrito por\" \/>\n\t<meta name=\"twitter:data1\" content=\"Evelyn Pineda\" \/>\n\t<meta name=\"twitter:label2\" content=\"Tiempo de lectura\" \/>\n\t<meta name=\"twitter:data2\" content=\"1 minuto\" \/>\n<script type=\"application\/ld+json\" class=\"yoast-schema-graph\">{\"@context\":\"https:\/\/schema.org\",\"@graph\":[{\"@type\":\"WebSite\",\"@id\":\"https:\/\/www.sporthiva.com\/#website\",\"url\":\"https:\/\/www.sporthiva.com\/\",\"name\":\"Sporthiva Online\",\"description\":\"Sporthiva Online\",\"potentialAction\":[{\"@type\":\"SearchAction\",\"target\":{\"@type\":\"EntryPoint\",\"urlTemplate\":\"https:\/\/www.sporthiva.com\/?s={search_term_string}\"},\"query-input\":\"required name=search_term_string\"}],\"inLanguage\":\"es\"},{\"@type\":\"ImageObject\",\"@id\":\"https:\/\/www.sporthiva.com\/index.php\/2023\/05\/16\/marathon-anuncia-la-renovacion-del-contrato-del-defensa-allans-vargas\/#primaryimage\",\"inLanguage\":\"es\",\"url\":\"http:\/\/www.sporthiva.com\/wp-content\/uploads\/2023\/05\/allans-vargas.jpg\",\"contentUrl\":\"http:\/\/www.sporthiva.com\/wp-content\/uploads\/2023\/05\/allans-vargas.jpg\",\"width\":1000,\"height\":600},{\"@type\":\"WebPage\",\"@id\":\"https:\/\/www.sporthiva.com\/index.php\/2023\/05\/16\/marathon-anuncia-la-renovacion-del-contrato-del-defensa-allans-vargas\/#webpage\",\"url\":\"https:\/\/www.sporthiva.com\/index.php\/2023\/05\/16\/marathon-anuncia-la-renovacion-del-contrato-del-defensa-allans-vargas\/\",\"name\":\"Marath\\u00f3n anuncia la renovaci\\u00f3n del contrato del defensa Allans Vargas - Sporthiva Online\",\"isPartOf\":{\"@id\":\"https:\/\/www.sporthiva.com\/#website\"},\"primaryImageOfPage\":{\"@id\":\"https:\/\/www.sporthiva.com\/index.php\/2023\/05\/16\/marathon-anuncia-la-renovacion-del-contrato-del-defensa-allans-vargas\/#primaryimage\"},\"datePublished\":\"2023-05-16T22:12:55+00:00\",\"dateModified\":\"2023-05-16T22:12:55+00:00\",\"author\":{\"@id\":\"https:\/\/www.sporthiva.com\/#\/schema\/person\/551718db343e60bf7d707f9085b1e611\"},\"breadcrumb\":{\"@id\":\"https:\/\/www.sporthiva.com\/index.php\/2023\/05\/16\/marathon-anuncia-la-renovacion-del-contrato-del-defensa-allans-vargas\/#breadcrumb\"},\"inLanguage\":\"es\",\"potentialAction\":[{\"@type\":\"ReadAction\",\"target\":[\"https:\/\/www.sporthiva.com\/index.php\/2023\/05\/16\/marathon-anuncia-la-renovacion-del-contrato-del-defensa-allans-vargas\/\"]}]},{\"@type\":\"BreadcrumbList\",\"@id\":\"https:\/\/www.sporthiva.com\/index.php\/2023\/05\/16\/marathon-anuncia-la-renovacion-del-contrato-del-defensa-allans-vargas\/#breadcrumb\",\"itemListElement\":[{\"@type\":\"ListItem\",\"position\":1,\"name\":\"Portada\",\"item\":\"https:\/\/www.sporthiva.com\/\"},{\"@type\":\"ListItem\",\"position\":2,\"name\":\"Marath\\u00f3n anuncia la renovaci\\u00f3n del contrato del defensa Allans Vargas\"}]},{\"@type\":\"Person\",\"@id\":\"https:\/\/www.sporthiva.com\/#\/schema\/person\/551718db343e60bf7d707f9085b1e611\",\"name\":\"Evelyn Pineda\",\"image\":{\"@type\":\"ImageObject\",\"@id\":\"https:\/\/www.sporthiva.com\/#personlogo\",\"inLanguage\":\"es\",\"url\":\"http:\/\/1.gravatar.com\/avatar\/73932ff8109aee94864b4504adf4d91e?s=96&d=mm&r=g\",\"contentUrl\":\"http:\/\/1.gravatar.com\/avatar\/73932ff8109aee94864b4504adf4d91e?s=96&d=mm&r=g\",\"caption\":\"Evelyn Pineda\"},\"sameAs\":[\"http:\/\/www.sporthiva.com\/\"],\"url\":\"http:\/\/www.sporthiva.com\/index.php\/author\/epineda\/\"}]}<\/script>\n<!-- \/ Yoast SEO plugin. -->","yoast_head_json":{"title":"Marath\u00f3n anuncia la renovaci\u00f3n del contrato del defensa Allans Vargas - Sporthiva Online","robots":{"index":"index","follow":"follow","max-snippet":"max-snippet:-1","max-image-preview":"max-image-preview:large","max-video-preview":"max-video-preview:-1"},"canonical":"https:\/\/www.sporthiva.com\/index.php\/2023\/05\/16\/marathon-anuncia-la-renovacion-del-contrato-del-defensa-allans-vargas\/","og_locale":"es_ES","og_type":"article","og_title":"Marath\u00f3n anuncia la renovaci\u00f3n del contrato del defensa Allans Vargas - Sporthiva Online","og_description":"San Pedro Sula, Honduras La junta directiva de Marath\u00f3n anunci\u00f3 este martes que\u00a0 ha renovado contrato al defensor Allans Josu\u00e9 Vargas por un a\u00f1o, terminando con los rumores de que cambiar\u00eda equipo para la pr\u00f3xima temporada. Vargas, de 29 a\u00f1os, de momento es la primera renovaci\u00f3n que ha hecho oficial el equipo sampedrano, despu\u00e9s que&nbsp;Continuar leyendo","og_url":"https:\/\/www.sporthiva.com\/index.php\/2023\/05\/16\/marathon-anuncia-la-renovacion-del-contrato-del-defensa-allans-vargas\/","og_site_name":"Sporthiva Online","article_published_time":"2023-05-16T22:12:55+00:00","og_image":[{"width":1000,"height":600,"url":"https:\/\/www.sporthiva.com\/wp-content\/uploads\/2023\/05\/allans-vargas.jpg","type":"image\/jpeg"}],"twitter_card":"summary","twitter_misc":{"Escrito por":"Evelyn Pineda","Tiempo de lectura":"1 minuto"},"schema":{"@context":"https:\/\/schema.org","@graph":[{"@type":"WebSite","@id":"https:\/\/www.sporthiva.com\/#website","url":"https:\/\/www.sporthiva.com\/","name":"Sporthiva Online","description":"Sporthiva Online","potentialAction":[{"@type":"SearchAction","target":{"@type":"EntryPoint","urlTemplate":"https:\/\/www.sporthiva.com\/?s={search_term_string}"},"query-input":"required name=search_term_string"}],"inLanguage":"es"},{"@type":"ImageObject","@id":"https:\/\/www.sporthiva.com\/index.php\/2023\/05\/16\/marathon-anuncia-la-renovacion-del-contrato-del-defensa-allans-vargas\/#primaryimage","inLanguage":"es","url":"http:\/\/www.sporthiva.com\/wp-content\/uploads\/2023\/05\/allans-vargas.jpg","contentUrl":"http:\/\/www.sporthiva.com\/wp-content\/uploads\/2023\/05\/allans-vargas.jpg","width":1000,"height":600},{"@type":"WebPage","@id":"https:\/\/www.sporthiva.com\/index.php\/2023\/05\/16\/marathon-anuncia-la-renovacion-del-contrato-del-defensa-allans-vargas\/#webpage","url":"https:\/\/www.sporthiva.com\/index.php\/2023\/05\/16\/marathon-anuncia-la-renovacion-del-contrato-del-defensa-allans-vargas\/","name":"Marath\u00f3n anuncia la renovaci\u00f3n del contrato del defensa Allans Vargas - Sporthiva Online","isPartOf":{"@id":"https:\/\/www.sporthiva.com\/#website"},"primaryImageOfPage":{"@id":"https:\/\/www.sporthiva.com\/index.php\/2023\/05\/16\/marathon-anuncia-la-renovacion-del-contrato-del-defensa-allans-vargas\/#primaryimage"},"datePublished":"2023-05-16T22:12:55+00:00","dateModified":"2023-05-16T22:12:55+00:00","author":{"@id":"https:\/\/www.sporthiva.com\/#\/schema\/person\/551718db343e60bf7d707f9085b1e611"},"breadcrumb":{"@id":"https:\/\/www.sporthiva.com\/index.php\/2023\/05\/16\/marathon-anuncia-la-renovacion-del-contrato-del-defensa-allans-vargas\/#breadcrumb"},"inLanguage":"es","potentialAction":[{"@type":"ReadAction","target":["https:\/\/www.sporthiva.com\/index.php\/2023\/05\/16\/marathon-anuncia-la-renovacion-del-contrato-del-defensa-allans-vargas\/"]}]},{"@type":"BreadcrumbList","@id":"https:\/\/www.sporthiva.com\/index.php\/2023\/05\/16\/marathon-anuncia-la-renovacion-del-contrato-del-defensa-allans-vargas\/#breadcrumb","itemListElement":[{"@type":"ListItem","position":1,"name":"Portada","item":"https:\/\/www.sporthiva.com\/"},{"@type":"ListItem","position":2,"name":"Marath\u00f3n anuncia la renovaci\u00f3n del contrato del defensa Allans Vargas"}]},{"@type":"Person","@id":"https:\/\/www.sporthiva.com\/#\/schema\/person\/551718db343e60bf7d707f9085b1e611","name":"Evelyn Pineda","image":{"@type":"ImageObject","@id":"https:\/\/www.sporthiva.com\/#personlogo","inLanguage":"es","url":"http:\/\/1.gravatar.com\/avatar\/73932ff8109aee94864b4504adf4d91e?s=96&d=mm&r=g","contentUrl":"http:\/\/1.gravatar.com\/avatar\/73932ff8109aee94864b4504adf4d91e?s=96&d=mm&r=g","caption":"Evelyn Pineda"},"sameAs":["http:\/\/www.sporthiva.com\/"],"url":"http:\/\/www.sporthiva.com\/index.php\/author\/epineda\/"}]}},"_links":{"self":[{"href":"http:\/\/www.sporthiva.com\/index.php\/wp-json\/wp\/v2\/posts\/140028"}],"collection":[{"href":"http:\/\/www.sporthiva.com\/index.php\/wp-json\/wp\/v2\/posts"}],"about":[{"href":"http:\/\/www.sporthiva.com\/index.php\/wp-json\/wp\/v2\/types\/post"}],"author":[{"embeddable":true,"href":"http:\/\/www.sporthiva.com\/index.php\/wp-json\/wp\/v2\/users\/7"}],"replies":[{"embeddable":true,"href":"http:\/\/www.sporthiva.com\/index.php\/wp-json\/wp\/v2\/comments?post=140028"}],"version-history":[{"count":1,"href":"http:\/\/www.sporthiva.com\/index.php\/wp-json\/wp\/v2\/posts\/140028\/revisions"}],"predecessor-version":[{"id":140030,"href":"http:\/\/www.sporthiva.com\/index.php\/wp-json\/wp\/v2\/posts\/140028\/revisions\/140030"}],"wp:featuredmedia":[{"embeddable":true,"href":"http:\/\/www.sporthiva.com\/index.php\/wp-json\/wp\/v2\/media\/140029"}],"wp:attachment":[{"href":"http:\/\/www.sporthiva.com\/index.php\/wp-json\/wp\/v2\/media?parent=140028"}],"wp:term":[{"taxonomy":"category","embeddable":true,"href":"http:\/\/www.sporthiva.com\/index.php\/wp-json\/wp\/v2\/categories?post=140028"},{"taxonomy":"post_tag","embeddable":true,"href":"http:\/\/www.sporthiva.com\/index.php\/wp-json\/wp\/v2\/tags?post=140028"}],"curies":[{"name":"wp","href":"https:\/\/api.w.org\/{rel}","templated":true}]}}