{"id":141857,"date":"2023-06-06T09:27:17","date_gmt":"2023-06-06T15:27:17","guid":{"rendered":"http:\/\/www.sporthiva.com\/?p=141857"},"modified":"2023-06-06T09:27:17","modified_gmt":"2023-06-06T15:27:17","slug":"barcelona-derrota-al-vissel-kobe-en-la-despedida-de-andres-iniesta-con-el-equipo-japones","status":"publish","type":"post","link":"http:\/\/www.sporthiva.com\/index.php\/2023\/06\/06\/barcelona-derrota-al-vissel-kobe-en-la-despedida-de-andres-iniesta-con-el-equipo-japones\/","title":{"rendered":"Barcelona derrota al Vissel Kobe en la despedida de Andr\u00e9s Iniesta con el equipo japon\u00e9s"},"content":{"rendered":"<p><strong>Jap\u00f3n<\/strong><\/p>\n<p>El FC Barcelona despidi\u00f3 la temporada con una victoria de 0-2 en el Nuevo Estadio Nacional de Jap\u00f3n, en Tokio, ante el Vissel Kobe, el equipo del exazulgrana Andr\u00e9s Iniesta en el \u00faltimo lustro, en un partido que resolvi\u00f3 en la primera mitad.<\/p>\n<p>El internacional espa\u00f1ol ha perdido peso en el conjunto nip\u00f3n y ha decidido dejar Jap\u00f3n en busca de una \u00faltima oportunidad en otra Liga. Por eso, el amistoso entre los dos equipos que ha defendido como profesional era el escenario ideal para brindarle un merecido homenaje.<\/p>\n<p><strong>Vea adem\u00e1s: <\/strong><a href=\"http:\/\/www.sporthiva.com\/index.php\/2023\/06\/06\/benzema-mi-sueno-era-terminar-en-el-real-madrid-pero-la-vida-me-da-otra-oportunidad\/\"><strong>Benzema: \u00abMi sue\u00f1o era terminar en el Real Madrid, pero la vida me da otra oportunidad\u00bb<\/strong><\/a><\/p>\n<p>Acompa\u00f1ado de sus cinco hijos -Valeria, Paulo, Siena, Romeo y Olimpia, la mas peque\u00f1a y que llevaba en brazos- y bajo la atenta mirada de su esposa Ana, salt\u00f3 al c\u00e9sped el de Fuentealbilla, que fue uno de los futbolistas m\u00e1s destacados del choque y no solo por su protagonismo fuera del terreno de juego.<\/p>\n<p><img loading=\"lazy\" class=\"size-medium wp-image-141858 aligncenter\" src=\"http:\/\/www.sporthiva.com\/wp-content\/uploads\/2023\/06\/01h1a6skfysvm33bqcdq-675x379.jpg\" alt=\"\" width=\"675\" height=\"379\" \/><\/p>\n<p>El amistoso, bien es cierto que sirvi\u00f3 de homenaje a Iniesta pero tambi\u00e9n tuvo otros alicientes como el reencuentro con otro azulgrana como Sergi Samper, el debut del mexicano Juli\u00e1n Araujo o la titularidad del joven Pablo Torre.<\/p>\n<p>Franck Kessi\u00e9 (minuto 16) y Eric Garc\u00eda (19) anotaron los goles del conjunto blaugrana, en el que brill\u00f3 el joven centrocampista Pablo Torre, autor de las dos asistencias del partido. El encuentro tuvo lugar en Tokio, y fue el \u00faltimo de Iniesta con el Vissel Kobe antes de abandonar el equipo el pr\u00f3ximo mes.<\/p>\n<p><strong>Le interesa: <\/strong><a href=\"http:\/\/www.sporthiva.com\/index.php\/2023\/06\/05\/christophe-galtier-no-seguira-como-entrenador-del-psg\/\"><strong>Christophe Galtier no seguir\u00e1 como entrenador del PSG<\/strong><\/a><\/p>\n<div class=\"teads-adCall\">Iniesta, que disput\u00f3 m\u00e1s de 600 partidos con la camiseta del FC Barcelona antes de unirse al Vissel Kobe en 2018, anunci\u00f3 en mayo que dejaba el club japon\u00e9s pero que quer\u00eda seguir jugando, sin saber d\u00f3nde continuar\u00e1 su carrera.<\/div>\n<p>Iniesta fue sustituido en el minuto 81, recibiendo los aplausos del Nuevo Estadio Nacional de Tokio, antes de darse un c\u00e1lido abrazo con Xavi Hern\u00e1ndez, su excompa\u00f1ero en el centro del campo y ahora entrenador del FC Barcelona.<\/p>\n<blockquote class=\"twitter-tweet\">\n<p dir=\"ltr\" lang=\"es\">\ud83d\udc4f \u00a1Cambio en el Vissel Kobe! Y Andr\u00e9s Iniesta se retira del terreno de juego \ud83d\udc4f <a href=\"https:\/\/t.co\/XHgztYmbrX\">pic.twitter.com\/XHgztYmbrX<\/a><\/p>\n<p>\u2014 FC Barcelona (@FCBarcelona_es) <a href=\"https:\/\/twitter.com\/FCBarcelona_es\/status\/1666056291804934146?ref_src=twsrc%5Etfw\">June 6, 2023<\/a><\/p><\/blockquote>\n<p><script async src=\"https:\/\/platform.twitter.com\/widgets.js\" charset=\"utf-8\"><\/script><\/p>\n<div class=\"paragraph\">\n<p>Andr\u00e9s se uni\u00f3 al Vissel Kobe en 2018 tras ganar cuatro Ligas de Campeones y nueve campeonatos de Espa\u00f1a con el Bar\u00e7a.<\/p>\n<\/div>\n<div class=\"art-twitter\">\n<div class=\"twitter-content\">\n<div class=\"twitter-tweet twitter-tweet-rendered\">\n<div class=\"paragraph\">\n<p>Firm\u00f3 un contrato de tres a\u00f1os con el Vissel, con un salario anual estimado en 30 millones de d\u00f3lares (28 millones de euros), antes de renovar en mayo de 2021.<\/p>\n<p>En Jap\u00f3n, Iniesta gan\u00f3 la copa dom\u00e9stica Emperor Cup en 2019 y alcanz\u00f3 las semifinales de la Liga de Campeones asi\u00e1tica un a\u00f1o m\u00e1s tarde. Sin embargo, en la \u00faltima temporada tan solo disput\u00f3 tres partidos, todos como suplente, acumulando 38 minutos de juego.<\/p>\n<blockquote class=\"twitter-tweet\">\n<p dir=\"ltr\" lang=\"it\">Infinito Iniesta <a href=\"https:\/\/t.co\/GoskCzkgda\">pic.twitter.com\/GoskCzkgda<\/a><\/p>\n<p>\u2014 FC Barcelona (@FCBarcelona_es) <a href=\"https:\/\/twitter.com\/FCBarcelona_es\/status\/1666059863921754112?ref_src=twsrc%5Etfw\">June 6, 2023<\/a><\/p><\/blockquote>\n<p><script async src=\"https:\/\/platform.twitter.com\/widgets.js\" charset=\"utf-8\"><\/script><\/p>\n<\/div>\n<\/div>\n<\/div>\n<\/div>\n","protected":false},"excerpt":{"rendered":"<p>Jap\u00f3n El FC Barcelona despidi\u00f3 la temporada con una victoria de 0-2 en el Nuevo Estadio Nacional de Jap\u00f3n, en Tokio, ante el Vissel Kobe, el equipo del exazulgrana Andr\u00e9s Iniesta en el \u00faltimo lustro, en un partido que resolvi\u00f3 en la primera mitad. El internacional espa\u00f1ol ha perdido peso en el conjunto nip\u00f3n y&nbsp;<\/p>\n<p><a class=\"btn btn-style\" href=\"http:\/\/www.sporthiva.com\/index.php\/2023\/06\/06\/barcelona-derrota-al-vissel-kobe-en-la-despedida-de-andres-iniesta-con-el-equipo-japones\/\">Continuar leyendo<\/a><\/p>\n","protected":false},"author":7,"featured_media":0,"comment_status":"open","ping_status":"open","sticky":false,"template":"","format":"standard","meta":{"qubely_global_settings":"","qubely_interactions":""},"categories":[563],"tags":[376,25,1913],"qubely_featured_image_url":null,"qubely_author":{"display_name":"Evelyn Pineda","author_link":"http:\/\/www.sporthiva.com\/index.php\/author\/epineda\/"},"qubely_comment":0,"qubely_category":"<a href=\"http:\/\/www.sporthiva.com\/index.php\/category\/internacionales\/\" rel=\"category tag\">Internacionales<\/a>","qubely_excerpt":"Jap\u00f3n El FC Barcelona despidi\u00f3 la temporada con una victoria de 0-2 en el Nuevo Estadio Nacional de Jap\u00f3n, en Tokio, ante el Vissel Kobe, el equipo del exazulgrana Andr\u00e9s Iniesta en el \u00faltimo lustro, en un partido que resolvi\u00f3 en la primera mitad. El internacional espa\u00f1ol ha perdido peso en el conjunto nip\u00f3n y&nbsp;Continuar&hellip;","yoast_head":"<!-- This site is optimized with the Yoast SEO plugin v17.8 - https:\/\/yoast.com\/wordpress\/plugins\/seo\/ -->\n<title>Barcelona derrota al Vissel Kobe en la despedida de Andr\u00e9s Iniesta con el equipo japon\u00e9s - Sporthiva Online<\/title>\n<meta name=\"robots\" content=\"index, follow, max-snippet:-1, max-image-preview:large, max-video-preview:-1\" \/>\n<link rel=\"canonical\" href=\"http:\/\/www.sporthiva.com\/index.php\/2023\/06\/06\/barcelona-derrota-al-vissel-kobe-en-la-despedida-de-andres-iniesta-con-el-equipo-japones\/\" \/>\n<meta property=\"og:locale\" content=\"es_ES\" \/>\n<meta property=\"og:type\" content=\"article\" \/>\n<meta property=\"og:title\" content=\"Barcelona derrota al Vissel Kobe en la despedida de Andr\u00e9s Iniesta con el equipo japon\u00e9s - Sporthiva Online\" \/>\n<meta property=\"og:description\" content=\"Jap\u00f3n El FC Barcelona despidi\u00f3 la temporada con una victoria de 0-2 en el Nuevo Estadio Nacional de Jap\u00f3n, en Tokio, ante el Vissel Kobe, el equipo del exazulgrana Andr\u00e9s Iniesta en el \u00faltimo lustro, en un partido que resolvi\u00f3 en la primera mitad. El internacional espa\u00f1ol ha perdido peso en el conjunto nip\u00f3n y&nbsp;Continuar leyendo\" \/>\n<meta property=\"og:url\" content=\"http:\/\/www.sporthiva.com\/index.php\/2023\/06\/06\/barcelona-derrota-al-vissel-kobe-en-la-despedida-de-andres-iniesta-con-el-equipo-japones\/\" \/>\n<meta property=\"og:site_name\" content=\"Sporthiva Online\" \/>\n<meta property=\"article:published_time\" content=\"2023-06-06T15:27:17+00:00\" \/>\n<meta property=\"og:image\" content=\"http:\/\/www.sporthiva.com\/wp-content\/uploads\/2023\/06\/01h1a6skfysvm33bqcdq-675x379.jpg\" \/>\n<meta name=\"twitter:card\" content=\"summary\" \/>\n<meta name=\"twitter:label1\" content=\"Escrito por\" \/>\n\t<meta name=\"twitter:data1\" content=\"Evelyn Pineda\" \/>\n\t<meta name=\"twitter:label2\" content=\"Tiempo de lectura\" \/>\n\t<meta name=\"twitter:data2\" content=\"3 minutos\" \/>\n<script type=\"application\/ld+json\" class=\"yoast-schema-graph\">{\"@context\":\"https:\/\/schema.org\",\"@graph\":[{\"@type\":\"WebSite\",\"@id\":\"http:\/\/www.sporthiva.com\/#website\",\"url\":\"http:\/\/www.sporthiva.com\/\",\"name\":\"Sporthiva Online\",\"description\":\"Sporthiva Online\",\"potentialAction\":[{\"@type\":\"SearchAction\",\"target\":{\"@type\":\"EntryPoint\",\"urlTemplate\":\"http:\/\/www.sporthiva.com\/?s={search_term_string}\"},\"query-input\":\"required name=search_term_string\"}],\"inLanguage\":\"es\"},{\"@type\":\"ImageObject\",\"@id\":\"http:\/\/www.sporthiva.com\/index.php\/2023\/06\/06\/barcelona-derrota-al-vissel-kobe-en-la-despedida-de-andres-iniesta-con-el-equipo-japones\/#primaryimage\",\"inLanguage\":\"es\",\"url\":\"http:\/\/www.sporthiva.com\/wp-content\/uploads\/2023\/06\/01h1a6skfysvm33bqcdq-675x379.jpg\",\"contentUrl\":\"http:\/\/www.sporthiva.com\/wp-content\/uploads\/2023\/06\/01h1a6skfysvm33bqcdq-675x379.jpg\"},{\"@type\":\"WebPage\",\"@id\":\"http:\/\/www.sporthiva.com\/index.php\/2023\/06\/06\/barcelona-derrota-al-vissel-kobe-en-la-despedida-de-andres-iniesta-con-el-equipo-japones\/#webpage\",\"url\":\"http:\/\/www.sporthiva.com\/index.php\/2023\/06\/06\/barcelona-derrota-al-vissel-kobe-en-la-despedida-de-andres-iniesta-con-el-equipo-japones\/\",\"name\":\"Barcelona derrota al Vissel Kobe en la despedida de Andr\\u00e9s Iniesta con el equipo japon\\u00e9s - Sporthiva Online\",\"isPartOf\":{\"@id\":\"http:\/\/www.sporthiva.com\/#website\"},\"primaryImageOfPage\":{\"@id\":\"http:\/\/www.sporthiva.com\/index.php\/2023\/06\/06\/barcelona-derrota-al-vissel-kobe-en-la-despedida-de-andres-iniesta-con-el-equipo-japones\/#primaryimage\"},\"datePublished\":\"2023-06-06T15:27:17+00:00\",\"dateModified\":\"2023-06-06T15:27:17+00:00\",\"author\":{\"@id\":\"http:\/\/www.sporthiva.com\/#\/schema\/person\/551718db343e60bf7d707f9085b1e611\"},\"breadcrumb\":{\"@id\":\"http:\/\/www.sporthiva.com\/index.php\/2023\/06\/06\/barcelona-derrota-al-vissel-kobe-en-la-despedida-de-andres-iniesta-con-el-equipo-japones\/#breadcrumb\"},\"inLanguage\":\"es\",\"potentialAction\":[{\"@type\":\"ReadAction\",\"target\":[\"http:\/\/www.sporthiva.com\/index.php\/2023\/06\/06\/barcelona-derrota-al-vissel-kobe-en-la-despedida-de-andres-iniesta-con-el-equipo-japones\/\"]}]},{\"@type\":\"BreadcrumbList\",\"@id\":\"http:\/\/www.sporthiva.com\/index.php\/2023\/06\/06\/barcelona-derrota-al-vissel-kobe-en-la-despedida-de-andres-iniesta-con-el-equipo-japones\/#breadcrumb\",\"itemListElement\":[{\"@type\":\"ListItem\",\"position\":1,\"name\":\"Portada\",\"item\":\"http:\/\/www.sporthiva.com\/\"},{\"@type\":\"ListItem\",\"position\":2,\"name\":\"Barcelona derrota al Vissel Kobe en la despedida de Andr\\u00e9s Iniesta con el equipo japon\\u00e9s\"}]},{\"@type\":\"Person\",\"@id\":\"http:\/\/www.sporthiva.com\/#\/schema\/person\/551718db343e60bf7d707f9085b1e611\",\"name\":\"Evelyn Pineda\",\"image\":{\"@type\":\"ImageObject\",\"@id\":\"http:\/\/www.sporthiva.com\/#personlogo\",\"inLanguage\":\"es\",\"url\":\"http:\/\/1.gravatar.com\/avatar\/73932ff8109aee94864b4504adf4d91e?s=96&d=mm&r=g\",\"contentUrl\":\"http:\/\/1.gravatar.com\/avatar\/73932ff8109aee94864b4504adf4d91e?s=96&d=mm&r=g\",\"caption\":\"Evelyn Pineda\"},\"sameAs\":[\"http:\/\/www.sporthiva.com\/\"],\"url\":\"http:\/\/www.sporthiva.com\/index.php\/author\/epineda\/\"}]}<\/script>\n<!-- \/ Yoast SEO plugin. -->","yoast_head_json":{"title":"Barcelona derrota al Vissel Kobe en la despedida de Andr\u00e9s Iniesta con el equipo japon\u00e9s - Sporthiva Online","robots":{"index":"index","follow":"follow","max-snippet":"max-snippet:-1","max-image-preview":"max-image-preview:large","max-video-preview":"max-video-preview:-1"},"canonical":"http:\/\/www.sporthiva.com\/index.php\/2023\/06\/06\/barcelona-derrota-al-vissel-kobe-en-la-despedida-de-andres-iniesta-con-el-equipo-japones\/","og_locale":"es_ES","og_type":"article","og_title":"Barcelona derrota al Vissel Kobe en la despedida de Andr\u00e9s Iniesta con el equipo japon\u00e9s - Sporthiva Online","og_description":"Jap\u00f3n El FC Barcelona despidi\u00f3 la temporada con una victoria de 0-2 en el Nuevo Estadio Nacional de Jap\u00f3n, en Tokio, ante el Vissel Kobe, el equipo del exazulgrana Andr\u00e9s Iniesta en el \u00faltimo lustro, en un partido que resolvi\u00f3 en la primera mitad. El internacional espa\u00f1ol ha perdido peso en el conjunto nip\u00f3n y&nbsp;Continuar leyendo","og_url":"http:\/\/www.sporthiva.com\/index.php\/2023\/06\/06\/barcelona-derrota-al-vissel-kobe-en-la-despedida-de-andres-iniesta-con-el-equipo-japones\/","og_site_name":"Sporthiva Online","article_published_time":"2023-06-06T15:27:17+00:00","og_image":[{"url":"http:\/\/www.sporthiva.com\/wp-content\/uploads\/2023\/06\/01h1a6skfysvm33bqcdq-675x379.jpg"}],"twitter_card":"summary","twitter_misc":{"Escrito por":"Evelyn Pineda","Tiempo de lectura":"3 minutos"},"schema":{"@context":"https:\/\/schema.org","@graph":[{"@type":"WebSite","@id":"http:\/\/www.sporthiva.com\/#website","url":"http:\/\/www.sporthiva.com\/","name":"Sporthiva Online","description":"Sporthiva Online","potentialAction":[{"@type":"SearchAction","target":{"@type":"EntryPoint","urlTemplate":"http:\/\/www.sporthiva.com\/?s={search_term_string}"},"query-input":"required name=search_term_string"}],"inLanguage":"es"},{"@type":"ImageObject","@id":"http:\/\/www.sporthiva.com\/index.php\/2023\/06\/06\/barcelona-derrota-al-vissel-kobe-en-la-despedida-de-andres-iniesta-con-el-equipo-japones\/#primaryimage","inLanguage":"es","url":"http:\/\/www.sporthiva.com\/wp-content\/uploads\/2023\/06\/01h1a6skfysvm33bqcdq-675x379.jpg","contentUrl":"http:\/\/www.sporthiva.com\/wp-content\/uploads\/2023\/06\/01h1a6skfysvm33bqcdq-675x379.jpg"},{"@type":"WebPage","@id":"http:\/\/www.sporthiva.com\/index.php\/2023\/06\/06\/barcelona-derrota-al-vissel-kobe-en-la-despedida-de-andres-iniesta-con-el-equipo-japones\/#webpage","url":"http:\/\/www.sporthiva.com\/index.php\/2023\/06\/06\/barcelona-derrota-al-vissel-kobe-en-la-despedida-de-andres-iniesta-con-el-equipo-japones\/","name":"Barcelona derrota al Vissel Kobe en la despedida de Andr\u00e9s Iniesta con el equipo japon\u00e9s - Sporthiva Online","isPartOf":{"@id":"http:\/\/www.sporthiva.com\/#website"},"primaryImageOfPage":{"@id":"http:\/\/www.sporthiva.com\/index.php\/2023\/06\/06\/barcelona-derrota-al-vissel-kobe-en-la-despedida-de-andres-iniesta-con-el-equipo-japones\/#primaryimage"},"datePublished":"2023-06-06T15:27:17+00:00","dateModified":"2023-06-06T15:27:17+00:00","author":{"@id":"http:\/\/www.sporthiva.com\/#\/schema\/person\/551718db343e60bf7d707f9085b1e611"},"breadcrumb":{"@id":"http:\/\/www.sporthiva.com\/index.php\/2023\/06\/06\/barcelona-derrota-al-vissel-kobe-en-la-despedida-de-andres-iniesta-con-el-equipo-japones\/#breadcrumb"},"inLanguage":"es","potentialAction":[{"@type":"ReadAction","target":["http:\/\/www.sporthiva.com\/index.php\/2023\/06\/06\/barcelona-derrota-al-vissel-kobe-en-la-despedida-de-andres-iniesta-con-el-equipo-japones\/"]}]},{"@type":"BreadcrumbList","@id":"http:\/\/www.sporthiva.com\/index.php\/2023\/06\/06\/barcelona-derrota-al-vissel-kobe-en-la-despedida-de-andres-iniesta-con-el-equipo-japones\/#breadcrumb","itemListElement":[{"@type":"ListItem","position":1,"name":"Portada","item":"http:\/\/www.sporthiva.com\/"},{"@type":"ListItem","position":2,"name":"Barcelona derrota al Vissel Kobe en la despedida de Andr\u00e9s Iniesta con el equipo japon\u00e9s"}]},{"@type":"Person","@id":"http:\/\/www.sporthiva.com\/#\/schema\/person\/551718db343e60bf7d707f9085b1e611","name":"Evelyn Pineda","image":{"@type":"ImageObject","@id":"http:\/\/www.sporthiva.com\/#personlogo","inLanguage":"es","url":"http:\/\/1.gravatar.com\/avatar\/73932ff8109aee94864b4504adf4d91e?s=96&d=mm&r=g","contentUrl":"http:\/\/1.gravatar.com\/avatar\/73932ff8109aee94864b4504adf4d91e?s=96&d=mm&r=g","caption":"Evelyn Pineda"},"sameAs":["http:\/\/www.sporthiva.com\/"],"url":"http:\/\/www.sporthiva.com\/index.php\/author\/epineda\/"}]}},"_links":{"self":[{"href":"http:\/\/www.sporthiva.com\/index.php\/wp-json\/wp\/v2\/posts\/141857"}],"collection":[{"href":"http:\/\/www.sporthiva.com\/index.php\/wp-json\/wp\/v2\/posts"}],"about":[{"href":"http:\/\/www.sporthiva.com\/index.php\/wp-json\/wp\/v2\/types\/post"}],"author":[{"embeddable":true,"href":"http:\/\/www.sporthiva.com\/index.php\/wp-json\/wp\/v2\/users\/7"}],"replies":[{"embeddable":true,"href":"http:\/\/www.sporthiva.com\/index.php\/wp-json\/wp\/v2\/comments?post=141857"}],"version-history":[{"count":1,"href":"http:\/\/www.sporthiva.com\/index.php\/wp-json\/wp\/v2\/posts\/141857\/revisions"}],"predecessor-version":[{"id":141860,"href":"http:\/\/www.sporthiva.com\/index.php\/wp-json\/wp\/v2\/posts\/141857\/revisions\/141860"}],"wp:attachment":[{"href":"http:\/\/www.sporthiva.com\/index.php\/wp-json\/wp\/v2\/media?parent=141857"}],"wp:term":[{"taxonomy":"category","embeddable":true,"href":"http:\/\/www.sporthiva.com\/index.php\/wp-json\/wp\/v2\/categories?post=141857"},{"taxonomy":"post_tag","embeddable":true,"href":"http:\/\/www.sporthiva.com\/index.php\/wp-json\/wp\/v2\/tags?post=141857"}],"curies":[{"name":"wp","href":"https:\/\/api.w.org\/{rel}","templated":true}]}}