{"id":141865,"date":"2023-06-06T09:40:16","date_gmt":"2023-06-06T15:40:16","guid":{"rendered":"http:\/\/www.sporthiva.com\/?p=141865"},"modified":"2023-06-06T09:40:16","modified_gmt":"2023-06-06T15:40:16","slug":"jose-luis-mendilibar-renueva-hasta-junio-de-2024-como-tecnico-del-sevilla","status":"publish","type":"post","link":"http:\/\/www.sporthiva.com\/index.php\/2023\/06\/06\/jose-luis-mendilibar-renueva-hasta-junio-de-2024-como-tecnico-del-sevilla\/","title":{"rendered":"Jos\u00e9 Luis Mendilibar renueva hasta junio de 2024 como t\u00e9cnico del Sevilla"},"content":{"rendered":"<p><strong>Espa\u00f1a<\/strong><\/p>\n<p class=\"paragraph\" data-gtm-element-container=\"modulo-texto-link\">El t\u00e9cnico Jos\u00e9 Luis Mendilibar continuar\u00e1 en el banquillo del Sevilla despu\u00e9s de haber conquistado la Europa League en la final frente a la Roma. El club sevillista ha anunciado la renovaci\u00f3n del t\u00e9cnico hasta el 30 de junio de 2024.<\/p>\n<p class=\"paragraph\" data-gtm-element-container=\"modulo-texto-link\">El vicepresidente de la entidad, Jos\u00e9 Mar\u00eda del Nido Carrasco, hizo este anuncio en la cadena Cope Sevilla y el club ha informado posteriormente de la continuidad del entrenador vizca\u00edno, quien lleg\u00f3 el pasado 21 de marzo con la misi\u00f3n de mantener al equipo en LaLiga Santander en sustituci\u00f3n del argentino Jorge Sampaoli.<\/p>\n<blockquote class=\"twitter-tweet\">\n<p dir=\"ltr\" lang=\"pt\">\ud83d\udea8 Jos\u00e9 Luis Mendilibar, renovado como t\u00e9cnico del <a href=\"https:\/\/twitter.com\/hashtag\/SevillaFC?src=hash&amp;ref_src=twsrc%5Etfw\">#SevillaFC<\/a>. \u26aa\ud83d\udd34<a href=\"https:\/\/twitter.com\/hashtag\/WeareSevilla?src=hash&amp;ref_src=twsrc%5Etfw\">#WeareSevilla<\/a> <a href=\"https:\/\/twitter.com\/hashtag\/NuncaTeRindas?src=hash&amp;ref_src=twsrc%5Etfw\">#NuncaTeRindas<\/a><\/p>\n<p>\u2014 Sevilla F\u00fatbol Club (@SevillaFC) <a href=\"https:\/\/twitter.com\/SevillaFC\/status\/1666043403879022596?ref_src=twsrc%5Etfw\">June 6, 2023<\/a><\/p><\/blockquote>\n<p><script async src=\"https:\/\/platform.twitter.com\/widgets.js\" charset=\"utf-8\"><\/script><\/p>\n<p class=\"paragraph\" data-gtm-element-container=\"modulo-texto-link\">Mendilibar ha clasificado al Sevilla en la duod\u00e9cima posici\u00f3n con 49 puntos y, tras superar dos eliminatorias de la Liga Europa ante el Manchester United y la Juventus, ha llevado al club sevillista a la consecuci\u00f3n de su s\u00e9ptimo t\u00edtulo en la segunda competici\u00f3n continental.<\/p>\n<p class=\"paragraph\" data-gtm-element-container=\"modulo-texto-link\">En su trayectoria de dos meses y medio en el Sevilla, el balance del t\u00e9cnico de Zald\u00edvar es de ocho victorias, seis empates y tres derrotas.<\/p>\n","protected":false},"excerpt":{"rendered":"<p>Espa\u00f1a El t\u00e9cnico Jos\u00e9 Luis Mendilibar continuar\u00e1 en el banquillo del Sevilla despu\u00e9s de haber conquistado la Europa League en la final frente a la Roma. El club sevillista ha anunciado la renovaci\u00f3n del t\u00e9cnico hasta el 30 de junio de 2024. El vicepresidente de la entidad, Jos\u00e9 Mar\u00eda del Nido Carrasco, hizo este anuncio&nbsp;<\/p>\n<p><a class=\"btn btn-style\" href=\"http:\/\/www.sporthiva.com\/index.php\/2023\/06\/06\/jose-luis-mendilibar-renueva-hasta-junio-de-2024-como-tecnico-del-sevilla\/\">Continuar leyendo<\/a><\/p>\n","protected":false},"author":7,"featured_media":0,"comment_status":"open","ping_status":"open","sticky":false,"template":"","format":"standard","meta":{"qubely_global_settings":"","qubely_interactions":""},"categories":[563],"tags":[3932,164],"qubely_featured_image_url":null,"qubely_author":{"display_name":"Evelyn Pineda","author_link":"http:\/\/www.sporthiva.com\/index.php\/author\/epineda\/"},"qubely_comment":0,"qubely_category":"<a href=\"http:\/\/www.sporthiva.com\/index.php\/category\/internacionales\/\" rel=\"category tag\">Internacionales<\/a>","qubely_excerpt":"Espa\u00f1a El t\u00e9cnico Jos\u00e9 Luis Mendilibar continuar\u00e1 en el banquillo del Sevilla despu\u00e9s de haber conquistado la Europa League en la final frente a la Roma. El club sevillista ha anunciado la renovaci\u00f3n del t\u00e9cnico hasta el 30 de junio de 2024. El vicepresidente de la entidad, Jos\u00e9 Mar\u00eda del Nido Carrasco, hizo este anuncio&nbsp;Continuar&hellip;","yoast_head":"<!-- This site is optimized with the Yoast SEO plugin v17.8 - https:\/\/yoast.com\/wordpress\/plugins\/seo\/ -->\n<title>Jos\u00e9 Luis Mendilibar renueva hasta junio de 2024 como t\u00e9cnico del Sevilla - Sporthiva Online<\/title>\n<meta name=\"robots\" content=\"index, follow, max-snippet:-1, max-image-preview:large, max-video-preview:-1\" \/>\n<link rel=\"canonical\" href=\"http:\/\/www.sporthiva.com\/index.php\/2023\/06\/06\/jose-luis-mendilibar-renueva-hasta-junio-de-2024-como-tecnico-del-sevilla\/\" \/>\n<meta property=\"og:locale\" content=\"es_ES\" \/>\n<meta property=\"og:type\" content=\"article\" \/>\n<meta property=\"og:title\" content=\"Jos\u00e9 Luis Mendilibar renueva hasta junio de 2024 como t\u00e9cnico del Sevilla - Sporthiva Online\" \/>\n<meta property=\"og:description\" content=\"Espa\u00f1a El t\u00e9cnico Jos\u00e9 Luis Mendilibar continuar\u00e1 en el banquillo del Sevilla despu\u00e9s de haber conquistado la Europa League en la final frente a la Roma. El club sevillista ha anunciado la renovaci\u00f3n del t\u00e9cnico hasta el 30 de junio de 2024. El vicepresidente de la entidad, Jos\u00e9 Mar\u00eda del Nido Carrasco, hizo este anuncio&nbsp;Continuar leyendo\" \/>\n<meta property=\"og:url\" content=\"http:\/\/www.sporthiva.com\/index.php\/2023\/06\/06\/jose-luis-mendilibar-renueva-hasta-junio-de-2024-como-tecnico-del-sevilla\/\" \/>\n<meta property=\"og:site_name\" content=\"Sporthiva Online\" \/>\n<meta property=\"article:published_time\" content=\"2023-06-06T15:40:16+00:00\" \/>\n<meta name=\"twitter:card\" content=\"summary\" \/>\n<meta name=\"twitter:label1\" content=\"Escrito por\" \/>\n\t<meta name=\"twitter:data1\" content=\"Evelyn Pineda\" \/>\n\t<meta name=\"twitter:label2\" content=\"Tiempo de lectura\" \/>\n\t<meta name=\"twitter:data2\" content=\"1 minuto\" \/>\n<script type=\"application\/ld+json\" class=\"yoast-schema-graph\">{\"@context\":\"https:\/\/schema.org\",\"@graph\":[{\"@type\":\"WebSite\",\"@id\":\"http:\/\/www.sporthiva.com\/#website\",\"url\":\"http:\/\/www.sporthiva.com\/\",\"name\":\"Sporthiva Online\",\"description\":\"Sporthiva Online\",\"potentialAction\":[{\"@type\":\"SearchAction\",\"target\":{\"@type\":\"EntryPoint\",\"urlTemplate\":\"http:\/\/www.sporthiva.com\/?s={search_term_string}\"},\"query-input\":\"required name=search_term_string\"}],\"inLanguage\":\"es\"},{\"@type\":\"WebPage\",\"@id\":\"http:\/\/www.sporthiva.com\/index.php\/2023\/06\/06\/jose-luis-mendilibar-renueva-hasta-junio-de-2024-como-tecnico-del-sevilla\/#webpage\",\"url\":\"http:\/\/www.sporthiva.com\/index.php\/2023\/06\/06\/jose-luis-mendilibar-renueva-hasta-junio-de-2024-como-tecnico-del-sevilla\/\",\"name\":\"Jos\\u00e9 Luis Mendilibar renueva hasta junio de 2024 como t\\u00e9cnico del Sevilla - Sporthiva Online\",\"isPartOf\":{\"@id\":\"http:\/\/www.sporthiva.com\/#website\"},\"datePublished\":\"2023-06-06T15:40:16+00:00\",\"dateModified\":\"2023-06-06T15:40:16+00:00\",\"author\":{\"@id\":\"http:\/\/www.sporthiva.com\/#\/schema\/person\/551718db343e60bf7d707f9085b1e611\"},\"breadcrumb\":{\"@id\":\"http:\/\/www.sporthiva.com\/index.php\/2023\/06\/06\/jose-luis-mendilibar-renueva-hasta-junio-de-2024-como-tecnico-del-sevilla\/#breadcrumb\"},\"inLanguage\":\"es\",\"potentialAction\":[{\"@type\":\"ReadAction\",\"target\":[\"http:\/\/www.sporthiva.com\/index.php\/2023\/06\/06\/jose-luis-mendilibar-renueva-hasta-junio-de-2024-como-tecnico-del-sevilla\/\"]}]},{\"@type\":\"BreadcrumbList\",\"@id\":\"http:\/\/www.sporthiva.com\/index.php\/2023\/06\/06\/jose-luis-mendilibar-renueva-hasta-junio-de-2024-como-tecnico-del-sevilla\/#breadcrumb\",\"itemListElement\":[{\"@type\":\"ListItem\",\"position\":1,\"name\":\"Portada\",\"item\":\"http:\/\/www.sporthiva.com\/\"},{\"@type\":\"ListItem\",\"position\":2,\"name\":\"Jos\\u00e9 Luis Mendilibar renueva hasta junio de 2024 como t\\u00e9cnico del Sevilla\"}]},{\"@type\":\"Person\",\"@id\":\"http:\/\/www.sporthiva.com\/#\/schema\/person\/551718db343e60bf7d707f9085b1e611\",\"name\":\"Evelyn Pineda\",\"image\":{\"@type\":\"ImageObject\",\"@id\":\"http:\/\/www.sporthiva.com\/#personlogo\",\"inLanguage\":\"es\",\"url\":\"http:\/\/1.gravatar.com\/avatar\/73932ff8109aee94864b4504adf4d91e?s=96&d=mm&r=g\",\"contentUrl\":\"http:\/\/1.gravatar.com\/avatar\/73932ff8109aee94864b4504adf4d91e?s=96&d=mm&r=g\",\"caption\":\"Evelyn Pineda\"},\"sameAs\":[\"http:\/\/www.sporthiva.com\/\"],\"url\":\"http:\/\/www.sporthiva.com\/index.php\/author\/epineda\/\"}]}<\/script>\n<!-- \/ Yoast SEO plugin. -->","yoast_head_json":{"title":"Jos\u00e9 Luis Mendilibar renueva hasta junio de 2024 como t\u00e9cnico del Sevilla - Sporthiva Online","robots":{"index":"index","follow":"follow","max-snippet":"max-snippet:-1","max-image-preview":"max-image-preview:large","max-video-preview":"max-video-preview:-1"},"canonical":"http:\/\/www.sporthiva.com\/index.php\/2023\/06\/06\/jose-luis-mendilibar-renueva-hasta-junio-de-2024-como-tecnico-del-sevilla\/","og_locale":"es_ES","og_type":"article","og_title":"Jos\u00e9 Luis Mendilibar renueva hasta junio de 2024 como t\u00e9cnico del Sevilla - Sporthiva Online","og_description":"Espa\u00f1a El t\u00e9cnico Jos\u00e9 Luis Mendilibar continuar\u00e1 en el banquillo del Sevilla despu\u00e9s de haber conquistado la Europa League en la final frente a la Roma. El club sevillista ha anunciado la renovaci\u00f3n del t\u00e9cnico hasta el 30 de junio de 2024. El vicepresidente de la entidad, Jos\u00e9 Mar\u00eda del Nido Carrasco, hizo este anuncio&nbsp;Continuar leyendo","og_url":"http:\/\/www.sporthiva.com\/index.php\/2023\/06\/06\/jose-luis-mendilibar-renueva-hasta-junio-de-2024-como-tecnico-del-sevilla\/","og_site_name":"Sporthiva Online","article_published_time":"2023-06-06T15:40:16+00:00","twitter_card":"summary","twitter_misc":{"Escrito por":"Evelyn Pineda","Tiempo de lectura":"1 minuto"},"schema":{"@context":"https:\/\/schema.org","@graph":[{"@type":"WebSite","@id":"http:\/\/www.sporthiva.com\/#website","url":"http:\/\/www.sporthiva.com\/","name":"Sporthiva Online","description":"Sporthiva Online","potentialAction":[{"@type":"SearchAction","target":{"@type":"EntryPoint","urlTemplate":"http:\/\/www.sporthiva.com\/?s={search_term_string}"},"query-input":"required name=search_term_string"}],"inLanguage":"es"},{"@type":"WebPage","@id":"http:\/\/www.sporthiva.com\/index.php\/2023\/06\/06\/jose-luis-mendilibar-renueva-hasta-junio-de-2024-como-tecnico-del-sevilla\/#webpage","url":"http:\/\/www.sporthiva.com\/index.php\/2023\/06\/06\/jose-luis-mendilibar-renueva-hasta-junio-de-2024-como-tecnico-del-sevilla\/","name":"Jos\u00e9 Luis Mendilibar renueva hasta junio de 2024 como t\u00e9cnico del Sevilla - Sporthiva Online","isPartOf":{"@id":"http:\/\/www.sporthiva.com\/#website"},"datePublished":"2023-06-06T15:40:16+00:00","dateModified":"2023-06-06T15:40:16+00:00","author":{"@id":"http:\/\/www.sporthiva.com\/#\/schema\/person\/551718db343e60bf7d707f9085b1e611"},"breadcrumb":{"@id":"http:\/\/www.sporthiva.com\/index.php\/2023\/06\/06\/jose-luis-mendilibar-renueva-hasta-junio-de-2024-como-tecnico-del-sevilla\/#breadcrumb"},"inLanguage":"es","potentialAction":[{"@type":"ReadAction","target":["http:\/\/www.sporthiva.com\/index.php\/2023\/06\/06\/jose-luis-mendilibar-renueva-hasta-junio-de-2024-como-tecnico-del-sevilla\/"]}]},{"@type":"BreadcrumbList","@id":"http:\/\/www.sporthiva.com\/index.php\/2023\/06\/06\/jose-luis-mendilibar-renueva-hasta-junio-de-2024-como-tecnico-del-sevilla\/#breadcrumb","itemListElement":[{"@type":"ListItem","position":1,"name":"Portada","item":"http:\/\/www.sporthiva.com\/"},{"@type":"ListItem","position":2,"name":"Jos\u00e9 Luis Mendilibar renueva hasta junio de 2024 como t\u00e9cnico del Sevilla"}]},{"@type":"Person","@id":"http:\/\/www.sporthiva.com\/#\/schema\/person\/551718db343e60bf7d707f9085b1e611","name":"Evelyn Pineda","image":{"@type":"ImageObject","@id":"http:\/\/www.sporthiva.com\/#personlogo","inLanguage":"es","url":"http:\/\/1.gravatar.com\/avatar\/73932ff8109aee94864b4504adf4d91e?s=96&d=mm&r=g","contentUrl":"http:\/\/1.gravatar.com\/avatar\/73932ff8109aee94864b4504adf4d91e?s=96&d=mm&r=g","caption":"Evelyn Pineda"},"sameAs":["http:\/\/www.sporthiva.com\/"],"url":"http:\/\/www.sporthiva.com\/index.php\/author\/epineda\/"}]}},"_links":{"self":[{"href":"http:\/\/www.sporthiva.com\/index.php\/wp-json\/wp\/v2\/posts\/141865"}],"collection":[{"href":"http:\/\/www.sporthiva.com\/index.php\/wp-json\/wp\/v2\/posts"}],"about":[{"href":"http:\/\/www.sporthiva.com\/index.php\/wp-json\/wp\/v2\/types\/post"}],"author":[{"embeddable":true,"href":"http:\/\/www.sporthiva.com\/index.php\/wp-json\/wp\/v2\/users\/7"}],"replies":[{"embeddable":true,"href":"http:\/\/www.sporthiva.com\/index.php\/wp-json\/wp\/v2\/comments?post=141865"}],"version-history":[{"count":1,"href":"http:\/\/www.sporthiva.com\/index.php\/wp-json\/wp\/v2\/posts\/141865\/revisions"}],"predecessor-version":[{"id":141867,"href":"http:\/\/www.sporthiva.com\/index.php\/wp-json\/wp\/v2\/posts\/141865\/revisions\/141867"}],"wp:attachment":[{"href":"http:\/\/www.sporthiva.com\/index.php\/wp-json\/wp\/v2\/media?parent=141865"}],"wp:term":[{"taxonomy":"category","embeddable":true,"href":"http:\/\/www.sporthiva.com\/index.php\/wp-json\/wp\/v2\/categories?post=141865"},{"taxonomy":"post_tag","embeddable":true,"href":"http:\/\/www.sporthiva.com\/index.php\/wp-json\/wp\/v2\/tags?post=141865"}],"curies":[{"name":"wp","href":"https:\/\/api.w.org\/{rel}","templated":true}]}}