{"id":142414,"date":"2023-06-13T08:03:22","date_gmt":"2023-06-13T14:03:22","guid":{"rendered":"http:\/\/www.sporthiva.com\/?p=142414"},"modified":"2023-06-13T08:03:22","modified_gmt":"2023-06-13T14:03:22","slug":"seleccion-de-brasil-vestira-por-primera-vez-de-negro-en-protesta-contra-el-racismo","status":"publish","type":"post","link":"http:\/\/www.sporthiva.com\/index.php\/2023\/06\/13\/seleccion-de-brasil-vestira-por-primera-vez-de-negro-en-protesta-contra-el-racismo\/","title":{"rendered":"Selecci\u00f3n de Brasil vestir\u00e1 por primera vez de negro en protesta contra el racismo"},"content":{"rendered":"<p><strong>Rio de Janeiro, Brasil<\/strong><\/p>\n<p>La selecci\u00f3n brasile\u00f1a de f\u00fatbol vestir\u00e1 por primera vez en su historia un uniforme completamente negro cuando se enfrente a Guinea este s\u00e1bado, en el amistoso que jugar\u00e1 en Barcelona, como s\u00edmbolo de resistencia contra el racismo, anunci\u00f3 este lunes la Confederaci\u00f3n Brasile\u00f1a de F\u00fatbol (CBF).<\/p>\n<p>El encuentro entre Brasil y Guinea se jugar\u00e1 en suelo espa\u00f1ol donde Vin\u00edcius Junior fue v\u00edctima de ataques racistas en un partido de la Liga entre Real Madrid y Valencia, tres semanas atr\u00e1s.<\/p>\n<p><strong>Vea adem\u00e1s: <\/strong><a href=\"http:\/\/www.sporthiva.com\/index.php\/2023\/06\/12\/kimmich-responde-a-los-rumores-sobre-su-salida-del-bayern-para-fichar-por-el-barcelona\/\"><strong>Kimmich responde a los rumores sobre su salida del Bayern para fichar por el Barcelona<\/strong><\/a><\/p>\n<p>Los hechos obligaron al Gobierno brasile\u00f1o a salir en defensa del delantero de la selecci\u00f3n nacional.<\/p>\n<p>Los jugadores de la Canarinha utilizar\u00e1n el uniforme durante el primer tiempo del partido y para el segundo vestir\u00e1n el tradicional uniforme de camiseta amarilla y pantaloneta azul, que incluir\u00e1 un mensaje alusivo a la lucha contra el racismo.<\/p>\n<p>Seg\u00fan el comunicado, la iniciativa hace parte de una serie de acciones organizadas por la CBF con el objetivo de combatir el racismo.<\/p>\n<p><strong>Le interesa tambi\u00e9n: <\/strong><a href=\"http:\/\/www.sporthiva.com\/index.php\/2023\/06\/12\/kylian-mbappe-comunica-al-psg-que-no-renovara-el-club-se-plantea-su-venta\/\"><strong>Kylian Mbapp\u00e9 comunica al PSG que no renovar\u00e1, el club se plantea su venta<\/strong><\/a><\/p>\n<p>Para Ednaldo Rodr\u00edguez, primer afrodescendiente en presidir la CBF, \u00abese es un tema prioritario\u00bb en la entidad y el f\u00fatbol tiene el poder de abrir caminos que fomenten la tolerancia y el respeto entre las personas.<\/p>\n<p>\u00abHicimos un seminario para abordar el tema, creamos un grupo de trabajo con 60 personas que se re\u00fanen peri\u00f3dicamente para avanzar discusiones y propuestas\u00bb, se\u00f1al\u00f3 el directivo, citado en el comunicado \u00abSomos la \u00fanica federaci\u00f3n de f\u00fatbol del mundo que ha creado un dispositivo que prev\u00e9 la p\u00e9rdida de puntos por actos de racismo\u00bb, agreg\u00f3.Iinformaci\u00f3n EFE).<\/p>\n","protected":false},"excerpt":{"rendered":"<p>Rio de Janeiro, Brasil La selecci\u00f3n brasile\u00f1a de f\u00fatbol vestir\u00e1 por primera vez en su historia un uniforme completamente negro cuando se enfrente a Guinea este s\u00e1bado, en el amistoso que jugar\u00e1 en Barcelona, como s\u00edmbolo de resistencia contra el racismo, anunci\u00f3 este lunes la Confederaci\u00f3n Brasile\u00f1a de F\u00fatbol (CBF). El encuentro entre Brasil y&nbsp;<\/p>\n<p><a class=\"btn btn-style\" href=\"http:\/\/www.sporthiva.com\/index.php\/2023\/06\/13\/seleccion-de-brasil-vestira-por-primera-vez-de-negro-en-protesta-contra-el-racismo\/\">Continuar leyendo<\/a><\/p>\n","protected":false},"author":7,"featured_media":0,"comment_status":"open","ping_status":"open","sticky":false,"template":"","format":"standard","meta":{"qubely_global_settings":"","qubely_interactions":""},"categories":[563],"tags":[814,4330],"qubely_featured_image_url":null,"qubely_author":{"display_name":"Evelyn Pineda","author_link":"http:\/\/www.sporthiva.com\/index.php\/author\/epineda\/"},"qubely_comment":0,"qubely_category":"<a href=\"http:\/\/www.sporthiva.com\/index.php\/category\/internacionales\/\" rel=\"category tag\">Internacionales<\/a>","qubely_excerpt":"Rio de Janeiro, Brasil La selecci\u00f3n brasile\u00f1a de f\u00fatbol vestir\u00e1 por primera vez en su historia un uniforme completamente negro cuando se enfrente a Guinea este s\u00e1bado, en el amistoso que jugar\u00e1 en Barcelona, como s\u00edmbolo de resistencia contra el racismo, anunci\u00f3 este lunes la Confederaci\u00f3n Brasile\u00f1a de F\u00fatbol (CBF). El encuentro entre Brasil y&nbsp;Continuar&hellip;","yoast_head":"<!-- This site is optimized with the Yoast SEO plugin v17.8 - https:\/\/yoast.com\/wordpress\/plugins\/seo\/ -->\n<title>Selecci\u00f3n de Brasil vestir\u00e1 por primera vez de negro en protesta contra el racismo - Sporthiva Online<\/title>\n<meta name=\"robots\" content=\"index, follow, max-snippet:-1, max-image-preview:large, max-video-preview:-1\" \/>\n<link rel=\"canonical\" href=\"http:\/\/www.sporthiva.com\/index.php\/2023\/06\/13\/seleccion-de-brasil-vestira-por-primera-vez-de-negro-en-protesta-contra-el-racismo\/\" \/>\n<meta property=\"og:locale\" content=\"es_ES\" \/>\n<meta property=\"og:type\" content=\"article\" \/>\n<meta property=\"og:title\" content=\"Selecci\u00f3n de Brasil vestir\u00e1 por primera vez de negro en protesta contra el racismo - Sporthiva Online\" \/>\n<meta property=\"og:description\" content=\"Rio de Janeiro, Brasil La selecci\u00f3n brasile\u00f1a de f\u00fatbol vestir\u00e1 por primera vez en su historia un uniforme completamente negro cuando se enfrente a Guinea este s\u00e1bado, en el amistoso que jugar\u00e1 en Barcelona, como s\u00edmbolo de resistencia contra el racismo, anunci\u00f3 este lunes la Confederaci\u00f3n Brasile\u00f1a de F\u00fatbol (CBF). El encuentro entre Brasil y&nbsp;Continuar leyendo\" \/>\n<meta property=\"og:url\" content=\"http:\/\/www.sporthiva.com\/index.php\/2023\/06\/13\/seleccion-de-brasil-vestira-por-primera-vez-de-negro-en-protesta-contra-el-racismo\/\" \/>\n<meta property=\"og:site_name\" content=\"Sporthiva Online\" \/>\n<meta property=\"article:published_time\" content=\"2023-06-13T14:03:22+00:00\" \/>\n<meta name=\"twitter:card\" content=\"summary\" \/>\n<meta name=\"twitter:label1\" content=\"Escrito por\" \/>\n\t<meta name=\"twitter:data1\" content=\"Evelyn Pineda\" \/>\n\t<meta name=\"twitter:label2\" content=\"Tiempo de lectura\" \/>\n\t<meta name=\"twitter:data2\" content=\"2 minutos\" \/>\n<script type=\"application\/ld+json\" class=\"yoast-schema-graph\">{\"@context\":\"https:\/\/schema.org\",\"@graph\":[{\"@type\":\"WebSite\",\"@id\":\"http:\/\/www.sporthiva.com\/#website\",\"url\":\"http:\/\/www.sporthiva.com\/\",\"name\":\"Sporthiva Online\",\"description\":\"Sporthiva Online\",\"potentialAction\":[{\"@type\":\"SearchAction\",\"target\":{\"@type\":\"EntryPoint\",\"urlTemplate\":\"http:\/\/www.sporthiva.com\/?s={search_term_string}\"},\"query-input\":\"required name=search_term_string\"}],\"inLanguage\":\"es\"},{\"@type\":\"WebPage\",\"@id\":\"http:\/\/www.sporthiva.com\/index.php\/2023\/06\/13\/seleccion-de-brasil-vestira-por-primera-vez-de-negro-en-protesta-contra-el-racismo\/#webpage\",\"url\":\"http:\/\/www.sporthiva.com\/index.php\/2023\/06\/13\/seleccion-de-brasil-vestira-por-primera-vez-de-negro-en-protesta-contra-el-racismo\/\",\"name\":\"Selecci\\u00f3n de Brasil vestir\\u00e1 por primera vez de negro en protesta contra el racismo - Sporthiva Online\",\"isPartOf\":{\"@id\":\"http:\/\/www.sporthiva.com\/#website\"},\"datePublished\":\"2023-06-13T14:03:22+00:00\",\"dateModified\":\"2023-06-13T14:03:22+00:00\",\"author\":{\"@id\":\"http:\/\/www.sporthiva.com\/#\/schema\/person\/551718db343e60bf7d707f9085b1e611\"},\"breadcrumb\":{\"@id\":\"http:\/\/www.sporthiva.com\/index.php\/2023\/06\/13\/seleccion-de-brasil-vestira-por-primera-vez-de-negro-en-protesta-contra-el-racismo\/#breadcrumb\"},\"inLanguage\":\"es\",\"potentialAction\":[{\"@type\":\"ReadAction\",\"target\":[\"http:\/\/www.sporthiva.com\/index.php\/2023\/06\/13\/seleccion-de-brasil-vestira-por-primera-vez-de-negro-en-protesta-contra-el-racismo\/\"]}]},{\"@type\":\"BreadcrumbList\",\"@id\":\"http:\/\/www.sporthiva.com\/index.php\/2023\/06\/13\/seleccion-de-brasil-vestira-por-primera-vez-de-negro-en-protesta-contra-el-racismo\/#breadcrumb\",\"itemListElement\":[{\"@type\":\"ListItem\",\"position\":1,\"name\":\"Portada\",\"item\":\"http:\/\/www.sporthiva.com\/\"},{\"@type\":\"ListItem\",\"position\":2,\"name\":\"Selecci\\u00f3n de Brasil vestir\\u00e1 por primera vez de negro en protesta contra el racismo\"}]},{\"@type\":\"Person\",\"@id\":\"http:\/\/www.sporthiva.com\/#\/schema\/person\/551718db343e60bf7d707f9085b1e611\",\"name\":\"Evelyn Pineda\",\"image\":{\"@type\":\"ImageObject\",\"@id\":\"http:\/\/www.sporthiva.com\/#personlogo\",\"inLanguage\":\"es\",\"url\":\"http:\/\/1.gravatar.com\/avatar\/73932ff8109aee94864b4504adf4d91e?s=96&d=mm&r=g\",\"contentUrl\":\"http:\/\/1.gravatar.com\/avatar\/73932ff8109aee94864b4504adf4d91e?s=96&d=mm&r=g\",\"caption\":\"Evelyn Pineda\"},\"sameAs\":[\"http:\/\/www.sporthiva.com\/\"],\"url\":\"http:\/\/www.sporthiva.com\/index.php\/author\/epineda\/\"}]}<\/script>\n<!-- \/ Yoast SEO plugin. -->","yoast_head_json":{"title":"Selecci\u00f3n de Brasil vestir\u00e1 por primera vez de negro en protesta contra el racismo - Sporthiva Online","robots":{"index":"index","follow":"follow","max-snippet":"max-snippet:-1","max-image-preview":"max-image-preview:large","max-video-preview":"max-video-preview:-1"},"canonical":"http:\/\/www.sporthiva.com\/index.php\/2023\/06\/13\/seleccion-de-brasil-vestira-por-primera-vez-de-negro-en-protesta-contra-el-racismo\/","og_locale":"es_ES","og_type":"article","og_title":"Selecci\u00f3n de Brasil vestir\u00e1 por primera vez de negro en protesta contra el racismo - Sporthiva Online","og_description":"Rio de Janeiro, Brasil La selecci\u00f3n brasile\u00f1a de f\u00fatbol vestir\u00e1 por primera vez en su historia un uniforme completamente negro cuando se enfrente a Guinea este s\u00e1bado, en el amistoso que jugar\u00e1 en Barcelona, como s\u00edmbolo de resistencia contra el racismo, anunci\u00f3 este lunes la Confederaci\u00f3n Brasile\u00f1a de F\u00fatbol (CBF). El encuentro entre Brasil y&nbsp;Continuar leyendo","og_url":"http:\/\/www.sporthiva.com\/index.php\/2023\/06\/13\/seleccion-de-brasil-vestira-por-primera-vez-de-negro-en-protesta-contra-el-racismo\/","og_site_name":"Sporthiva Online","article_published_time":"2023-06-13T14:03:22+00:00","twitter_card":"summary","twitter_misc":{"Escrito por":"Evelyn Pineda","Tiempo de lectura":"2 minutos"},"schema":{"@context":"https:\/\/schema.org","@graph":[{"@type":"WebSite","@id":"http:\/\/www.sporthiva.com\/#website","url":"http:\/\/www.sporthiva.com\/","name":"Sporthiva Online","description":"Sporthiva Online","potentialAction":[{"@type":"SearchAction","target":{"@type":"EntryPoint","urlTemplate":"http:\/\/www.sporthiva.com\/?s={search_term_string}"},"query-input":"required name=search_term_string"}],"inLanguage":"es"},{"@type":"WebPage","@id":"http:\/\/www.sporthiva.com\/index.php\/2023\/06\/13\/seleccion-de-brasil-vestira-por-primera-vez-de-negro-en-protesta-contra-el-racismo\/#webpage","url":"http:\/\/www.sporthiva.com\/index.php\/2023\/06\/13\/seleccion-de-brasil-vestira-por-primera-vez-de-negro-en-protesta-contra-el-racismo\/","name":"Selecci\u00f3n de Brasil vestir\u00e1 por primera vez de negro en protesta contra el racismo - Sporthiva Online","isPartOf":{"@id":"http:\/\/www.sporthiva.com\/#website"},"datePublished":"2023-06-13T14:03:22+00:00","dateModified":"2023-06-13T14:03:22+00:00","author":{"@id":"http:\/\/www.sporthiva.com\/#\/schema\/person\/551718db343e60bf7d707f9085b1e611"},"breadcrumb":{"@id":"http:\/\/www.sporthiva.com\/index.php\/2023\/06\/13\/seleccion-de-brasil-vestira-por-primera-vez-de-negro-en-protesta-contra-el-racismo\/#breadcrumb"},"inLanguage":"es","potentialAction":[{"@type":"ReadAction","target":["http:\/\/www.sporthiva.com\/index.php\/2023\/06\/13\/seleccion-de-brasil-vestira-por-primera-vez-de-negro-en-protesta-contra-el-racismo\/"]}]},{"@type":"BreadcrumbList","@id":"http:\/\/www.sporthiva.com\/index.php\/2023\/06\/13\/seleccion-de-brasil-vestira-por-primera-vez-de-negro-en-protesta-contra-el-racismo\/#breadcrumb","itemListElement":[{"@type":"ListItem","position":1,"name":"Portada","item":"http:\/\/www.sporthiva.com\/"},{"@type":"ListItem","position":2,"name":"Selecci\u00f3n de Brasil vestir\u00e1 por primera vez de negro en protesta contra el racismo"}]},{"@type":"Person","@id":"http:\/\/www.sporthiva.com\/#\/schema\/person\/551718db343e60bf7d707f9085b1e611","name":"Evelyn Pineda","image":{"@type":"ImageObject","@id":"http:\/\/www.sporthiva.com\/#personlogo","inLanguage":"es","url":"http:\/\/1.gravatar.com\/avatar\/73932ff8109aee94864b4504adf4d91e?s=96&d=mm&r=g","contentUrl":"http:\/\/1.gravatar.com\/avatar\/73932ff8109aee94864b4504adf4d91e?s=96&d=mm&r=g","caption":"Evelyn Pineda"},"sameAs":["http:\/\/www.sporthiva.com\/"],"url":"http:\/\/www.sporthiva.com\/index.php\/author\/epineda\/"}]}},"_links":{"self":[{"href":"http:\/\/www.sporthiva.com\/index.php\/wp-json\/wp\/v2\/posts\/142414"}],"collection":[{"href":"http:\/\/www.sporthiva.com\/index.php\/wp-json\/wp\/v2\/posts"}],"about":[{"href":"http:\/\/www.sporthiva.com\/index.php\/wp-json\/wp\/v2\/types\/post"}],"author":[{"embeddable":true,"href":"http:\/\/www.sporthiva.com\/index.php\/wp-json\/wp\/v2\/users\/7"}],"replies":[{"embeddable":true,"href":"http:\/\/www.sporthiva.com\/index.php\/wp-json\/wp\/v2\/comments?post=142414"}],"version-history":[{"count":1,"href":"http:\/\/www.sporthiva.com\/index.php\/wp-json\/wp\/v2\/posts\/142414\/revisions"}],"predecessor-version":[{"id":142416,"href":"http:\/\/www.sporthiva.com\/index.php\/wp-json\/wp\/v2\/posts\/142414\/revisions\/142416"}],"wp:attachment":[{"href":"http:\/\/www.sporthiva.com\/index.php\/wp-json\/wp\/v2\/media?parent=142414"}],"wp:term":[{"taxonomy":"category","embeddable":true,"href":"http:\/\/www.sporthiva.com\/index.php\/wp-json\/wp\/v2\/categories?post=142414"},{"taxonomy":"post_tag","embeddable":true,"href":"http:\/\/www.sporthiva.com\/index.php\/wp-json\/wp\/v2\/tags?post=142414"}],"curies":[{"name":"wp","href":"https:\/\/api.w.org\/{rel}","templated":true}]}}