{"id":144112,"date":"2023-07-03T08:34:04","date_gmt":"2023-07-03T14:34:04","guid":{"rendered":"http:\/\/www.sporthiva.com\/?p=144112"},"modified":"2023-07-03T08:34:04","modified_gmt":"2023-07-03T14:34:04","slug":"javi-galan-pasa-el-reconocimiento-medico-con-el-atletico-de-madrid","status":"publish","type":"post","link":"http:\/\/www.sporthiva.com\/index.php\/2023\/07\/03\/javi-galan-pasa-el-reconocimiento-medico-con-el-atletico-de-madrid\/","title":{"rendered":"Javi Gal\u00e1n pasa el reconocimiento m\u00e9dico con el Atl\u00e9tico de Madrid"},"content":{"rendered":"<p><strong>Madrid, Espa\u00f1a<\/strong><\/p>\n<p>El defensa espa\u00f1ol Javi Gal\u00e1n del Celta de Vigo, durante las \u00faltimas dos temporadas, ha pasado este lunes el reconocimiento m\u00e9dico con el Atl\u00e9tico de Madrid, previo a la formalizaci\u00f3n y el anuncio de su fichaje por el club rojiblanco.<\/p>\n<p>El futbolista, de 28 a\u00f1os, acudi\u00f3 a una cl\u00ednica madrile\u00f1a para los pertinentes ex\u00e1menes m\u00e9dicos, tras el acuerdo entre el Atl\u00e9tico y el Celta para su traspaso, que incluye la llegada de Manu S\u00e1nchez, ahora en el Europeo sub-21, al conjunto vigu\u00e9s, tambi\u00e9n como traspasado.<\/p>\n<p><strong>Vea adem\u00e1s: <\/strong><a href=\"http:\/\/www.sporthiva.com\/index.php\/2023\/07\/02\/dominik-szoboszlai-es-nuevo-jugador-del-liverpool\/\"><strong>Dominik Szoboszlai es nuevo jugador del Liverpool<\/strong><\/a><\/p>\n<p>A la espera de C\u00e9sar Azpilicueta, muy cerca del equipo rojiblanco para reforzar el lateral derecho, Gal\u00e1n ser\u00e1 la tercera incorporaci\u00f3n del Atl\u00e9tico en este mercado de verano, junto a Caglar Soyuncu, libre desde el Leicester, y Santiago Mouri\u00f1o, desde el Racing de Montevideo y cuya continuidad en la plantilla de este ejercicio depender\u00e1 de su rendimiento en la pretemporada.<\/p>\n<p>El nuevo lateral izquierdo del Atl\u00e9tico, de 28 a\u00f1os, ha disputado 79 partidos, 75 de ellos como titular, con un gol y siete asistencias, durante sus dos temporadas en el Celta. Antes jug\u00f3 en el Huesca, en el C\u00f3rdoba y en el Badajoz.<\/p>\n","protected":false},"excerpt":{"rendered":"<p>Madrid, Espa\u00f1a El defensa espa\u00f1ol Javi Gal\u00e1n del Celta de Vigo, durante las \u00faltimas dos temporadas, ha pasado este lunes el reconocimiento m\u00e9dico con el Atl\u00e9tico de Madrid, previo a la formalizaci\u00f3n y el anuncio de su fichaje por el club rojiblanco. El futbolista, de 28 a\u00f1os, acudi\u00f3 a una cl\u00ednica madrile\u00f1a para los pertinentes&nbsp;<\/p>\n<p><a class=\"btn btn-style\" href=\"http:\/\/www.sporthiva.com\/index.php\/2023\/07\/03\/javi-galan-pasa-el-reconocimiento-medico-con-el-atletico-de-madrid\/\">Continuar leyendo<\/a><\/p>\n","protected":false},"author":7,"featured_media":0,"comment_status":"open","ping_status":"open","sticky":false,"template":"","format":"standard","meta":{"qubely_global_settings":"","qubely_interactions":""},"categories":[563],"tags":[245,2857,7261],"qubely_featured_image_url":null,"qubely_author":{"display_name":"Evelyn Pineda","author_link":"http:\/\/www.sporthiva.com\/index.php\/author\/epineda\/"},"qubely_comment":0,"qubely_category":"<a href=\"http:\/\/www.sporthiva.com\/index.php\/category\/internacionales\/\" rel=\"category tag\">Internacionales<\/a>","qubely_excerpt":"Madrid, Espa\u00f1a El defensa espa\u00f1ol Javi Gal\u00e1n del Celta de Vigo, durante las \u00faltimas dos temporadas, ha pasado este lunes el reconocimiento m\u00e9dico con el Atl\u00e9tico de Madrid, previo a la formalizaci\u00f3n y el anuncio de su fichaje por el club rojiblanco. El futbolista, de 28 a\u00f1os, acudi\u00f3 a una cl\u00ednica madrile\u00f1a para los pertinentes&nbsp;Continuar&hellip;","yoast_head":"<!-- This site is optimized with the Yoast SEO plugin v17.8 - https:\/\/yoast.com\/wordpress\/plugins\/seo\/ -->\n<title>Javi Gal\u00e1n pasa el reconocimiento m\u00e9dico con el Atl\u00e9tico de Madrid - Sporthiva Online<\/title>\n<meta name=\"robots\" content=\"index, follow, max-snippet:-1, max-image-preview:large, max-video-preview:-1\" \/>\n<link rel=\"canonical\" href=\"http:\/\/www.sporthiva.com\/index.php\/2023\/07\/03\/javi-galan-pasa-el-reconocimiento-medico-con-el-atletico-de-madrid\/\" \/>\n<meta property=\"og:locale\" content=\"es_ES\" \/>\n<meta property=\"og:type\" content=\"article\" \/>\n<meta property=\"og:title\" content=\"Javi Gal\u00e1n pasa el reconocimiento m\u00e9dico con el Atl\u00e9tico de Madrid - Sporthiva Online\" \/>\n<meta property=\"og:description\" content=\"Madrid, Espa\u00f1a El defensa espa\u00f1ol Javi Gal\u00e1n del Celta de Vigo, durante las \u00faltimas dos temporadas, ha pasado este lunes el reconocimiento m\u00e9dico con el Atl\u00e9tico de Madrid, previo a la formalizaci\u00f3n y el anuncio de su fichaje por el club rojiblanco. El futbolista, de 28 a\u00f1os, acudi\u00f3 a una cl\u00ednica madrile\u00f1a para los pertinentes&nbsp;Continuar leyendo\" \/>\n<meta property=\"og:url\" content=\"http:\/\/www.sporthiva.com\/index.php\/2023\/07\/03\/javi-galan-pasa-el-reconocimiento-medico-con-el-atletico-de-madrid\/\" \/>\n<meta property=\"og:site_name\" content=\"Sporthiva Online\" \/>\n<meta property=\"article:published_time\" content=\"2023-07-03T14:34:04+00:00\" \/>\n<meta name=\"twitter:card\" content=\"summary\" \/>\n<meta name=\"twitter:label1\" content=\"Escrito por\" \/>\n\t<meta name=\"twitter:data1\" content=\"Evelyn Pineda\" \/>\n\t<meta name=\"twitter:label2\" content=\"Tiempo de lectura\" \/>\n\t<meta name=\"twitter:data2\" content=\"1 minuto\" \/>\n<script type=\"application\/ld+json\" class=\"yoast-schema-graph\">{\"@context\":\"https:\/\/schema.org\",\"@graph\":[{\"@type\":\"WebSite\",\"@id\":\"http:\/\/www.sporthiva.com\/#website\",\"url\":\"http:\/\/www.sporthiva.com\/\",\"name\":\"Sporthiva Online\",\"description\":\"Sporthiva Online\",\"potentialAction\":[{\"@type\":\"SearchAction\",\"target\":{\"@type\":\"EntryPoint\",\"urlTemplate\":\"http:\/\/www.sporthiva.com\/?s={search_term_string}\"},\"query-input\":\"required name=search_term_string\"}],\"inLanguage\":\"es\"},{\"@type\":\"WebPage\",\"@id\":\"http:\/\/www.sporthiva.com\/index.php\/2023\/07\/03\/javi-galan-pasa-el-reconocimiento-medico-con-el-atletico-de-madrid\/#webpage\",\"url\":\"http:\/\/www.sporthiva.com\/index.php\/2023\/07\/03\/javi-galan-pasa-el-reconocimiento-medico-con-el-atletico-de-madrid\/\",\"name\":\"Javi Gal\\u00e1n pasa el reconocimiento m\\u00e9dico con el Atl\\u00e9tico de Madrid - Sporthiva Online\",\"isPartOf\":{\"@id\":\"http:\/\/www.sporthiva.com\/#website\"},\"datePublished\":\"2023-07-03T14:34:04+00:00\",\"dateModified\":\"2023-07-03T14:34:04+00:00\",\"author\":{\"@id\":\"http:\/\/www.sporthiva.com\/#\/schema\/person\/551718db343e60bf7d707f9085b1e611\"},\"breadcrumb\":{\"@id\":\"http:\/\/www.sporthiva.com\/index.php\/2023\/07\/03\/javi-galan-pasa-el-reconocimiento-medico-con-el-atletico-de-madrid\/#breadcrumb\"},\"inLanguage\":\"es\",\"potentialAction\":[{\"@type\":\"ReadAction\",\"target\":[\"http:\/\/www.sporthiva.com\/index.php\/2023\/07\/03\/javi-galan-pasa-el-reconocimiento-medico-con-el-atletico-de-madrid\/\"]}]},{\"@type\":\"BreadcrumbList\",\"@id\":\"http:\/\/www.sporthiva.com\/index.php\/2023\/07\/03\/javi-galan-pasa-el-reconocimiento-medico-con-el-atletico-de-madrid\/#breadcrumb\",\"itemListElement\":[{\"@type\":\"ListItem\",\"position\":1,\"name\":\"Portada\",\"item\":\"http:\/\/www.sporthiva.com\/\"},{\"@type\":\"ListItem\",\"position\":2,\"name\":\"Javi Gal\\u00e1n pasa el reconocimiento m\\u00e9dico con el Atl\\u00e9tico de Madrid\"}]},{\"@type\":\"Person\",\"@id\":\"http:\/\/www.sporthiva.com\/#\/schema\/person\/551718db343e60bf7d707f9085b1e611\",\"name\":\"Evelyn Pineda\",\"image\":{\"@type\":\"ImageObject\",\"@id\":\"http:\/\/www.sporthiva.com\/#personlogo\",\"inLanguage\":\"es\",\"url\":\"http:\/\/1.gravatar.com\/avatar\/73932ff8109aee94864b4504adf4d91e?s=96&d=mm&r=g\",\"contentUrl\":\"http:\/\/1.gravatar.com\/avatar\/73932ff8109aee94864b4504adf4d91e?s=96&d=mm&r=g\",\"caption\":\"Evelyn Pineda\"},\"sameAs\":[\"http:\/\/www.sporthiva.com\/\"],\"url\":\"http:\/\/www.sporthiva.com\/index.php\/author\/epineda\/\"}]}<\/script>\n<!-- \/ Yoast SEO plugin. -->","yoast_head_json":{"title":"Javi Gal\u00e1n pasa el reconocimiento m\u00e9dico con el Atl\u00e9tico de Madrid - Sporthiva Online","robots":{"index":"index","follow":"follow","max-snippet":"max-snippet:-1","max-image-preview":"max-image-preview:large","max-video-preview":"max-video-preview:-1"},"canonical":"http:\/\/www.sporthiva.com\/index.php\/2023\/07\/03\/javi-galan-pasa-el-reconocimiento-medico-con-el-atletico-de-madrid\/","og_locale":"es_ES","og_type":"article","og_title":"Javi Gal\u00e1n pasa el reconocimiento m\u00e9dico con el Atl\u00e9tico de Madrid - Sporthiva Online","og_description":"Madrid, Espa\u00f1a El defensa espa\u00f1ol Javi Gal\u00e1n del Celta de Vigo, durante las \u00faltimas dos temporadas, ha pasado este lunes el reconocimiento m\u00e9dico con el Atl\u00e9tico de Madrid, previo a la formalizaci\u00f3n y el anuncio de su fichaje por el club rojiblanco. El futbolista, de 28 a\u00f1os, acudi\u00f3 a una cl\u00ednica madrile\u00f1a para los pertinentes&nbsp;Continuar leyendo","og_url":"http:\/\/www.sporthiva.com\/index.php\/2023\/07\/03\/javi-galan-pasa-el-reconocimiento-medico-con-el-atletico-de-madrid\/","og_site_name":"Sporthiva Online","article_published_time":"2023-07-03T14:34:04+00:00","twitter_card":"summary","twitter_misc":{"Escrito por":"Evelyn Pineda","Tiempo de lectura":"1 minuto"},"schema":{"@context":"https:\/\/schema.org","@graph":[{"@type":"WebSite","@id":"http:\/\/www.sporthiva.com\/#website","url":"http:\/\/www.sporthiva.com\/","name":"Sporthiva Online","description":"Sporthiva Online","potentialAction":[{"@type":"SearchAction","target":{"@type":"EntryPoint","urlTemplate":"http:\/\/www.sporthiva.com\/?s={search_term_string}"},"query-input":"required name=search_term_string"}],"inLanguage":"es"},{"@type":"WebPage","@id":"http:\/\/www.sporthiva.com\/index.php\/2023\/07\/03\/javi-galan-pasa-el-reconocimiento-medico-con-el-atletico-de-madrid\/#webpage","url":"http:\/\/www.sporthiva.com\/index.php\/2023\/07\/03\/javi-galan-pasa-el-reconocimiento-medico-con-el-atletico-de-madrid\/","name":"Javi Gal\u00e1n pasa el reconocimiento m\u00e9dico con el Atl\u00e9tico de Madrid - Sporthiva Online","isPartOf":{"@id":"http:\/\/www.sporthiva.com\/#website"},"datePublished":"2023-07-03T14:34:04+00:00","dateModified":"2023-07-03T14:34:04+00:00","author":{"@id":"http:\/\/www.sporthiva.com\/#\/schema\/person\/551718db343e60bf7d707f9085b1e611"},"breadcrumb":{"@id":"http:\/\/www.sporthiva.com\/index.php\/2023\/07\/03\/javi-galan-pasa-el-reconocimiento-medico-con-el-atletico-de-madrid\/#breadcrumb"},"inLanguage":"es","potentialAction":[{"@type":"ReadAction","target":["http:\/\/www.sporthiva.com\/index.php\/2023\/07\/03\/javi-galan-pasa-el-reconocimiento-medico-con-el-atletico-de-madrid\/"]}]},{"@type":"BreadcrumbList","@id":"http:\/\/www.sporthiva.com\/index.php\/2023\/07\/03\/javi-galan-pasa-el-reconocimiento-medico-con-el-atletico-de-madrid\/#breadcrumb","itemListElement":[{"@type":"ListItem","position":1,"name":"Portada","item":"http:\/\/www.sporthiva.com\/"},{"@type":"ListItem","position":2,"name":"Javi Gal\u00e1n pasa el reconocimiento m\u00e9dico con el Atl\u00e9tico de Madrid"}]},{"@type":"Person","@id":"http:\/\/www.sporthiva.com\/#\/schema\/person\/551718db343e60bf7d707f9085b1e611","name":"Evelyn Pineda","image":{"@type":"ImageObject","@id":"http:\/\/www.sporthiva.com\/#personlogo","inLanguage":"es","url":"http:\/\/1.gravatar.com\/avatar\/73932ff8109aee94864b4504adf4d91e?s=96&d=mm&r=g","contentUrl":"http:\/\/1.gravatar.com\/avatar\/73932ff8109aee94864b4504adf4d91e?s=96&d=mm&r=g","caption":"Evelyn Pineda"},"sameAs":["http:\/\/www.sporthiva.com\/"],"url":"http:\/\/www.sporthiva.com\/index.php\/author\/epineda\/"}]}},"_links":{"self":[{"href":"http:\/\/www.sporthiva.com\/index.php\/wp-json\/wp\/v2\/posts\/144112"}],"collection":[{"href":"http:\/\/www.sporthiva.com\/index.php\/wp-json\/wp\/v2\/posts"}],"about":[{"href":"http:\/\/www.sporthiva.com\/index.php\/wp-json\/wp\/v2\/types\/post"}],"author":[{"embeddable":true,"href":"http:\/\/www.sporthiva.com\/index.php\/wp-json\/wp\/v2\/users\/7"}],"replies":[{"embeddable":true,"href":"http:\/\/www.sporthiva.com\/index.php\/wp-json\/wp\/v2\/comments?post=144112"}],"version-history":[{"count":1,"href":"http:\/\/www.sporthiva.com\/index.php\/wp-json\/wp\/v2\/posts\/144112\/revisions"}],"predecessor-version":[{"id":144115,"href":"http:\/\/www.sporthiva.com\/index.php\/wp-json\/wp\/v2\/posts\/144112\/revisions\/144115"}],"wp:attachment":[{"href":"http:\/\/www.sporthiva.com\/index.php\/wp-json\/wp\/v2\/media?parent=144112"}],"wp:term":[{"taxonomy":"category","embeddable":true,"href":"http:\/\/www.sporthiva.com\/index.php\/wp-json\/wp\/v2\/categories?post=144112"},{"taxonomy":"post_tag","embeddable":true,"href":"http:\/\/www.sporthiva.com\/index.php\/wp-json\/wp\/v2\/tags?post=144112"}],"curies":[{"name":"wp","href":"https:\/\/api.w.org\/{rel}","templated":true}]}}