{"id":145813,"date":"2023-07-28T08:14:56","date_gmt":"2023-07-28T14:14:56","guid":{"rendered":"http:\/\/www.sporthiva.com\/?p=145813"},"modified":"2023-07-28T08:14:56","modified_gmt":"2023-07-28T14:14:56","slug":"karim-benzema-debuta-con-gol-y-asistencia-con-el-al-ittihad","status":"publish","type":"post","link":"http:\/\/www.sporthiva.com\/index.php\/2023\/07\/28\/karim-benzema-debuta-con-gol-y-asistencia-con-el-al-ittihad\/","title":{"rendered":"Karim Benzema debuta con gol y asistencia con el Al-Ittihad"},"content":{"rendered":"<p><strong>Arabia Saudita<\/strong><\/p>\n<p>El debut del franc\u00e9s Karim Benzema con el Al-Ittihad estuvo acompa\u00f1ado de su primer gol con su nuevo equipo y una asistencia, las que propiciaron la remontada del conjunto \u00e1rabe en el duelo ante el Esperance de T\u00fanez (1-2) de la primera jornada de la fase de grupos de la Copa de Campeones \u00c1rabe.<\/p>\n<p>Benzema result\u00f3 decisivo en su estreno con el cuadro saud\u00ed que dirige el portugu\u00e9s Nuno Espirito Santo. El exjugador del Real Madrid sali\u00f3 de inicio y a la media hora facilit\u00f3 el empate de su equipo.<\/p>\n<p><strong>Vea adem\u00e1s: <\/strong><a href=\"http:\/\/www.sporthiva.com\/index.php\/2023\/07\/27\/el-uruguayo-diego-godin-se-retira-del-futbol\/\"><strong>El uruguayo Diego God\u00edn se retira del f\u00fatbol<\/strong><\/a><\/p>\n<p>El Esperance tom\u00f3 ventaja en el minuto 26, por medio de Oussema Bouguera, y Abderrazak Hamdallah igual\u00f3 el marcador a pase del atacante franc\u00e9s.<\/p>\n<p>El gol del triunfo lleg\u00f3 al inicio de la segunda parte, en el minuto 55, cuando Karim Benzema recibi\u00f3 un bal\u00f3n del brasile\u00f1o Igor Coronado, avanz\u00f3 hasta la frontal y ejecut\u00f3 un tiro raso que alcanz\u00f3 la red.<\/p>\n<p><strong>Le interesa tambi\u00e9n: <\/strong><a href=\"http:\/\/www.sporthiva.com\/index.php\/2023\/07\/27\/luis-palma-anota-primer-gol-de-la-temporada-con-el-aris-de-grecia\/\"><strong>Luis Palma anota primer gol de la temporada con el Aris de Grecia<\/strong><\/a><\/p>\n<p>El primer tanto del \u2018Gato\u2019 con el Al Ittihad supuso la victoria del cuadro saud\u00ed. El exjugador del Real Madrid fue sustituido en el minuto 71, por Sultan Farhan.<\/p>\n<p>El triunfo en el estadio Rey Fahd sit\u00faa al Al Ittihad como l\u00edder del Grupo A de la fase de grupos de la Copa de Campeones \u00c1rabe, junto al Al Shorta iraqu\u00ed que gan\u00f3 su encuentro con el Sfaxien tunecino (1-0).<\/p>\n<blockquote class=\"twitter-tweet\">\n<p dir=\"ltr\" lang=\"es\">Karim Benzema factur\u00f3 su primer gol con la camiseta de Al-Ittihad. No pod\u00eda ser de otra manera que demostrando el enorme jugador que es. Hermosa definici\u00f3n. <a href=\"https:\/\/t.co\/ZhmUhNkDmX\">pic.twitter.com\/ZhmUhNkDmX<\/a><\/p>\n<p>\u2014 VarskySports (@VarskySports) <a href=\"https:\/\/twitter.com\/VarskySports\/status\/1684664958121017344?ref_src=twsrc%5Etfw\">July 27, 2023<\/a><\/p><\/blockquote>\n<p><script async src=\"https:\/\/platform.twitter.com\/widgets.js\" charset=\"utf-8\"><\/script><\/p>\n","protected":false},"excerpt":{"rendered":"<p>Arabia Saudita El debut del franc\u00e9s Karim Benzema con el Al-Ittihad estuvo acompa\u00f1ado de su primer gol con su nuevo equipo y una asistencia, las que propiciaron la remontada del conjunto \u00e1rabe en el duelo ante el Esperance de T\u00fanez (1-2) de la primera jornada de la fase de grupos de la Copa de Campeones&nbsp;<\/p>\n<p><a class=\"btn btn-style\" href=\"http:\/\/www.sporthiva.com\/index.php\/2023\/07\/28\/karim-benzema-debuta-con-gol-y-asistencia-con-el-al-ittihad\/\">Continuar leyendo<\/a><\/p>\n","protected":false},"author":7,"featured_media":145814,"comment_status":"open","ping_status":"open","sticky":false,"template":"","format":"standard","meta":{"qubely_global_settings":"","qubely_interactions":""},"categories":[563],"tags":[5612,1450],"qubely_featured_image_url":{"full":["http:\/\/www.sporthiva.com\/wp-content\/uploads\/2023\/07\/karim-benzema-27072023.jpg",1200,750,false],"landscape":["http:\/\/www.sporthiva.com\/wp-content\/uploads\/2023\/07\/karim-benzema-27072023.jpg",1200,750,false],"portraits":["http:\/\/www.sporthiva.com\/wp-content\/uploads\/2023\/07\/karim-benzema-27072023-540x320.jpg",540,320,true],"thumbnail":["http:\/\/www.sporthiva.com\/wp-content\/uploads\/2023\/07\/karim-benzema-27072023-150x150.jpg",150,150,true],"medium":["http:\/\/www.sporthiva.com\/wp-content\/uploads\/2023\/07\/karim-benzema-27072023-606x379.jpg",606,379,true],"medium_large":["http:\/\/www.sporthiva.com\/wp-content\/uploads\/2023\/07\/karim-benzema-27072023-768x480.jpg",768,480,true],"large":["http:\/\/www.sporthiva.com\/wp-content\/uploads\/2023\/07\/karim-benzema-27072023-1152x720.jpg",1152,720,true],"1536x1536":["http:\/\/www.sporthiva.com\/wp-content\/uploads\/2023\/07\/karim-benzema-27072023.jpg",1200,750,false],"2048x2048":["http:\/\/www.sporthiva.com\/wp-content\/uploads\/2023\/07\/karim-benzema-27072023.jpg",1200,750,false],"alm-thumbnail":["http:\/\/www.sporthiva.com\/wp-content\/uploads\/2023\/07\/karim-benzema-27072023-150x150.jpg",150,150,true],"qubely_landscape":["http:\/\/www.sporthiva.com\/wp-content\/uploads\/2023\/07\/karim-benzema-27072023.jpg",1200,750,false],"qubely_portrait":["http:\/\/www.sporthiva.com\/wp-content\/uploads\/2023\/07\/karim-benzema-27072023-540x320.jpg",540,320,true],"qubely_thumbnail":["http:\/\/www.sporthiva.com\/wp-content\/uploads\/2023\/07\/karim-benzema-27072023-140x100.jpg",140,100,true],"sportspress-crop-medium":["http:\/\/www.sporthiva.com\/wp-content\/uploads\/2023\/07\/karim-benzema-27072023-300x300.jpg",300,300,true],"sportspress-fit-medium":["http:\/\/www.sporthiva.com\/wp-content\/uploads\/2023\/07\/karim-benzema-27072023-300x188.jpg",300,188,true],"sportspress-fit-icon":["http:\/\/www.sporthiva.com\/wp-content\/uploads\/2023\/07\/karim-benzema-27072023-128x80.jpg",128,80,true],"sportspress-fit-mini":["http:\/\/www.sporthiva.com\/wp-content\/uploads\/2023\/07\/karim-benzema-27072023-32x20.jpg",32,20,true],"heighlights":["http:\/\/www.sporthiva.com\/wp-content\/uploads\/2023\/07\/karim-benzema-27072023-460x500.jpg",460,500,true],"video-thumb":["http:\/\/www.sporthiva.com\/wp-content\/uploads\/2023\/07\/karim-benzema-27072023-360x235.jpg",360,235,true],"video-thumb2":["http:\/\/www.sporthiva.com\/wp-content\/uploads\/2023\/07\/karim-benzema-27072023-360x422.jpg",360,422,true],"blog-thumb":["http:\/\/www.sporthiva.com\/wp-content\/uploads\/2023\/07\/karim-benzema-27072023-175x150.jpg",175,150,true],"blog-medium":["http:\/\/www.sporthiva.com\/wp-content\/uploads\/2023\/07\/karim-benzema-27072023-750x350.jpg",750,350,true],"blog-full":["http:\/\/www.sporthiva.com\/wp-content\/uploads\/2023\/07\/karim-benzema-27072023-1140x550.jpg",1140,550,true],"popular-post":["http:\/\/www.sporthiva.com\/wp-content\/uploads\/2023\/07\/karim-benzema-27072023-560x510.jpg",560,510,true],"heighlights-post":["http:\/\/www.sporthiva.com\/wp-content\/uploads\/2023\/07\/karim-benzema-27072023-262x236.jpg",262,236,true],"player-thumb":["http:\/\/www.sporthiva.com\/wp-content\/uploads\/2023\/07\/karim-benzema-27072023-270x150.jpg",270,150,true],"wp_rp_thumbnail":["http:\/\/www.sporthiva.com\/wp-content\/uploads\/2023\/07\/karim-benzema-27072023-150x150.jpg",150,150,true]},"qubely_author":{"display_name":"Evelyn Pineda","author_link":"http:\/\/www.sporthiva.com\/index.php\/author\/epineda\/"},"qubely_comment":0,"qubely_category":"<a href=\"http:\/\/www.sporthiva.com\/index.php\/category\/internacionales\/\" rel=\"category tag\">Internacionales<\/a>","qubely_excerpt":"Arabia Saudita El debut del franc\u00e9s Karim Benzema con el Al-Ittihad estuvo acompa\u00f1ado de su primer gol con su nuevo equipo y una asistencia, las que propiciaron la remontada del conjunto \u00e1rabe en el duelo ante el Esperance de T\u00fanez (1-2) de la primera jornada de la fase de grupos de la Copa de Campeones&nbsp;Continuar&hellip;","yoast_head":"<!-- This site is optimized with the Yoast SEO plugin v17.8 - https:\/\/yoast.com\/wordpress\/plugins\/seo\/ -->\n<title>Karim Benzema debuta con gol y asistencia con el Al-Ittihad - Sporthiva Online<\/title>\n<meta name=\"robots\" content=\"index, follow, max-snippet:-1, max-image-preview:large, max-video-preview:-1\" \/>\n<link rel=\"canonical\" href=\"http:\/\/www.sporthiva.com\/index.php\/2023\/07\/28\/karim-benzema-debuta-con-gol-y-asistencia-con-el-al-ittihad\/\" \/>\n<meta property=\"og:locale\" content=\"es_ES\" \/>\n<meta property=\"og:type\" content=\"article\" \/>\n<meta property=\"og:title\" content=\"Karim Benzema debuta con gol y asistencia con el Al-Ittihad - Sporthiva Online\" \/>\n<meta property=\"og:description\" content=\"Arabia Saudita El debut del franc\u00e9s Karim Benzema con el Al-Ittihad estuvo acompa\u00f1ado de su primer gol con su nuevo equipo y una asistencia, las que propiciaron la remontada del conjunto \u00e1rabe en el duelo ante el Esperance de T\u00fanez (1-2) de la primera jornada de la fase de grupos de la Copa de Campeones&nbsp;Continuar leyendo\" \/>\n<meta property=\"og:url\" content=\"http:\/\/www.sporthiva.com\/index.php\/2023\/07\/28\/karim-benzema-debuta-con-gol-y-asistencia-con-el-al-ittihad\/\" \/>\n<meta property=\"og:site_name\" content=\"Sporthiva Online\" \/>\n<meta property=\"article:published_time\" content=\"2023-07-28T14:14:56+00:00\" \/>\n<meta property=\"og:image\" content=\"http:\/\/www.sporthiva.com\/wp-content\/uploads\/2023\/07\/karim-benzema-27072023.jpg\" \/>\n\t<meta property=\"og:image:width\" content=\"1200\" \/>\n\t<meta property=\"og:image:height\" content=\"750\" \/>\n<meta name=\"twitter:card\" content=\"summary\" \/>\n<meta name=\"twitter:label1\" content=\"Escrito por\" \/>\n\t<meta name=\"twitter:data1\" content=\"Evelyn Pineda\" \/>\n\t<meta name=\"twitter:label2\" content=\"Tiempo de lectura\" \/>\n\t<meta name=\"twitter:data2\" content=\"2 minutos\" \/>\n<script type=\"application\/ld+json\" class=\"yoast-schema-graph\">{\"@context\":\"https:\/\/schema.org\",\"@graph\":[{\"@type\":\"WebSite\",\"@id\":\"http:\/\/www.sporthiva.com\/#website\",\"url\":\"http:\/\/www.sporthiva.com\/\",\"name\":\"Sporthiva Online\",\"description\":\"Sporthiva Online\",\"potentialAction\":[{\"@type\":\"SearchAction\",\"target\":{\"@type\":\"EntryPoint\",\"urlTemplate\":\"http:\/\/www.sporthiva.com\/?s={search_term_string}\"},\"query-input\":\"required name=search_term_string\"}],\"inLanguage\":\"es\"},{\"@type\":\"ImageObject\",\"@id\":\"http:\/\/www.sporthiva.com\/index.php\/2023\/07\/28\/karim-benzema-debuta-con-gol-y-asistencia-con-el-al-ittihad\/#primaryimage\",\"inLanguage\":\"es\",\"url\":\"http:\/\/www.sporthiva.com\/wp-content\/uploads\/2023\/07\/karim-benzema-27072023.jpg\",\"contentUrl\":\"http:\/\/www.sporthiva.com\/wp-content\/uploads\/2023\/07\/karim-benzema-27072023.jpg\",\"width\":1200,\"height\":750},{\"@type\":\"WebPage\",\"@id\":\"http:\/\/www.sporthiva.com\/index.php\/2023\/07\/28\/karim-benzema-debuta-con-gol-y-asistencia-con-el-al-ittihad\/#webpage\",\"url\":\"http:\/\/www.sporthiva.com\/index.php\/2023\/07\/28\/karim-benzema-debuta-con-gol-y-asistencia-con-el-al-ittihad\/\",\"name\":\"Karim Benzema debuta con gol y asistencia con el Al-Ittihad - Sporthiva Online\",\"isPartOf\":{\"@id\":\"http:\/\/www.sporthiva.com\/#website\"},\"primaryImageOfPage\":{\"@id\":\"http:\/\/www.sporthiva.com\/index.php\/2023\/07\/28\/karim-benzema-debuta-con-gol-y-asistencia-con-el-al-ittihad\/#primaryimage\"},\"datePublished\":\"2023-07-28T14:14:56+00:00\",\"dateModified\":\"2023-07-28T14:14:56+00:00\",\"author\":{\"@id\":\"http:\/\/www.sporthiva.com\/#\/schema\/person\/551718db343e60bf7d707f9085b1e611\"},\"breadcrumb\":{\"@id\":\"http:\/\/www.sporthiva.com\/index.php\/2023\/07\/28\/karim-benzema-debuta-con-gol-y-asistencia-con-el-al-ittihad\/#breadcrumb\"},\"inLanguage\":\"es\",\"potentialAction\":[{\"@type\":\"ReadAction\",\"target\":[\"http:\/\/www.sporthiva.com\/index.php\/2023\/07\/28\/karim-benzema-debuta-con-gol-y-asistencia-con-el-al-ittihad\/\"]}]},{\"@type\":\"BreadcrumbList\",\"@id\":\"http:\/\/www.sporthiva.com\/index.php\/2023\/07\/28\/karim-benzema-debuta-con-gol-y-asistencia-con-el-al-ittihad\/#breadcrumb\",\"itemListElement\":[{\"@type\":\"ListItem\",\"position\":1,\"name\":\"Portada\",\"item\":\"http:\/\/www.sporthiva.com\/\"},{\"@type\":\"ListItem\",\"position\":2,\"name\":\"Karim Benzema debuta con gol y asistencia con el Al-Ittihad\"}]},{\"@type\":\"Person\",\"@id\":\"http:\/\/www.sporthiva.com\/#\/schema\/person\/551718db343e60bf7d707f9085b1e611\",\"name\":\"Evelyn Pineda\",\"image\":{\"@type\":\"ImageObject\",\"@id\":\"http:\/\/www.sporthiva.com\/#personlogo\",\"inLanguage\":\"es\",\"url\":\"http:\/\/1.gravatar.com\/avatar\/73932ff8109aee94864b4504adf4d91e?s=96&d=mm&r=g\",\"contentUrl\":\"http:\/\/1.gravatar.com\/avatar\/73932ff8109aee94864b4504adf4d91e?s=96&d=mm&r=g\",\"caption\":\"Evelyn Pineda\"},\"sameAs\":[\"http:\/\/www.sporthiva.com\/\"],\"url\":\"http:\/\/www.sporthiva.com\/index.php\/author\/epineda\/\"}]}<\/script>\n<!-- \/ Yoast SEO plugin. -->","yoast_head_json":{"title":"Karim Benzema debuta con gol y asistencia con el Al-Ittihad - Sporthiva Online","robots":{"index":"index","follow":"follow","max-snippet":"max-snippet:-1","max-image-preview":"max-image-preview:large","max-video-preview":"max-video-preview:-1"},"canonical":"http:\/\/www.sporthiva.com\/index.php\/2023\/07\/28\/karim-benzema-debuta-con-gol-y-asistencia-con-el-al-ittihad\/","og_locale":"es_ES","og_type":"article","og_title":"Karim Benzema debuta con gol y asistencia con el Al-Ittihad - Sporthiva Online","og_description":"Arabia Saudita El debut del franc\u00e9s Karim Benzema con el Al-Ittihad estuvo acompa\u00f1ado de su primer gol con su nuevo equipo y una asistencia, las que propiciaron la remontada del conjunto \u00e1rabe en el duelo ante el Esperance de T\u00fanez (1-2) de la primera jornada de la fase de grupos de la Copa de Campeones&nbsp;Continuar leyendo","og_url":"http:\/\/www.sporthiva.com\/index.php\/2023\/07\/28\/karim-benzema-debuta-con-gol-y-asistencia-con-el-al-ittihad\/","og_site_name":"Sporthiva Online","article_published_time":"2023-07-28T14:14:56+00:00","og_image":[{"width":1200,"height":750,"url":"http:\/\/www.sporthiva.com\/wp-content\/uploads\/2023\/07\/karim-benzema-27072023.jpg","type":"image\/jpeg"}],"twitter_card":"summary","twitter_misc":{"Escrito por":"Evelyn Pineda","Tiempo de lectura":"2 minutos"},"schema":{"@context":"https:\/\/schema.org","@graph":[{"@type":"WebSite","@id":"http:\/\/www.sporthiva.com\/#website","url":"http:\/\/www.sporthiva.com\/","name":"Sporthiva Online","description":"Sporthiva Online","potentialAction":[{"@type":"SearchAction","target":{"@type":"EntryPoint","urlTemplate":"http:\/\/www.sporthiva.com\/?s={search_term_string}"},"query-input":"required name=search_term_string"}],"inLanguage":"es"},{"@type":"ImageObject","@id":"http:\/\/www.sporthiva.com\/index.php\/2023\/07\/28\/karim-benzema-debuta-con-gol-y-asistencia-con-el-al-ittihad\/#primaryimage","inLanguage":"es","url":"http:\/\/www.sporthiva.com\/wp-content\/uploads\/2023\/07\/karim-benzema-27072023.jpg","contentUrl":"http:\/\/www.sporthiva.com\/wp-content\/uploads\/2023\/07\/karim-benzema-27072023.jpg","width":1200,"height":750},{"@type":"WebPage","@id":"http:\/\/www.sporthiva.com\/index.php\/2023\/07\/28\/karim-benzema-debuta-con-gol-y-asistencia-con-el-al-ittihad\/#webpage","url":"http:\/\/www.sporthiva.com\/index.php\/2023\/07\/28\/karim-benzema-debuta-con-gol-y-asistencia-con-el-al-ittihad\/","name":"Karim Benzema debuta con gol y asistencia con el Al-Ittihad - Sporthiva Online","isPartOf":{"@id":"http:\/\/www.sporthiva.com\/#website"},"primaryImageOfPage":{"@id":"http:\/\/www.sporthiva.com\/index.php\/2023\/07\/28\/karim-benzema-debuta-con-gol-y-asistencia-con-el-al-ittihad\/#primaryimage"},"datePublished":"2023-07-28T14:14:56+00:00","dateModified":"2023-07-28T14:14:56+00:00","author":{"@id":"http:\/\/www.sporthiva.com\/#\/schema\/person\/551718db343e60bf7d707f9085b1e611"},"breadcrumb":{"@id":"http:\/\/www.sporthiva.com\/index.php\/2023\/07\/28\/karim-benzema-debuta-con-gol-y-asistencia-con-el-al-ittihad\/#breadcrumb"},"inLanguage":"es","potentialAction":[{"@type":"ReadAction","target":["http:\/\/www.sporthiva.com\/index.php\/2023\/07\/28\/karim-benzema-debuta-con-gol-y-asistencia-con-el-al-ittihad\/"]}]},{"@type":"BreadcrumbList","@id":"http:\/\/www.sporthiva.com\/index.php\/2023\/07\/28\/karim-benzema-debuta-con-gol-y-asistencia-con-el-al-ittihad\/#breadcrumb","itemListElement":[{"@type":"ListItem","position":1,"name":"Portada","item":"http:\/\/www.sporthiva.com\/"},{"@type":"ListItem","position":2,"name":"Karim Benzema debuta con gol y asistencia con el Al-Ittihad"}]},{"@type":"Person","@id":"http:\/\/www.sporthiva.com\/#\/schema\/person\/551718db343e60bf7d707f9085b1e611","name":"Evelyn Pineda","image":{"@type":"ImageObject","@id":"http:\/\/www.sporthiva.com\/#personlogo","inLanguage":"es","url":"http:\/\/1.gravatar.com\/avatar\/73932ff8109aee94864b4504adf4d91e?s=96&d=mm&r=g","contentUrl":"http:\/\/1.gravatar.com\/avatar\/73932ff8109aee94864b4504adf4d91e?s=96&d=mm&r=g","caption":"Evelyn Pineda"},"sameAs":["http:\/\/www.sporthiva.com\/"],"url":"http:\/\/www.sporthiva.com\/index.php\/author\/epineda\/"}]}},"_links":{"self":[{"href":"http:\/\/www.sporthiva.com\/index.php\/wp-json\/wp\/v2\/posts\/145813"}],"collection":[{"href":"http:\/\/www.sporthiva.com\/index.php\/wp-json\/wp\/v2\/posts"}],"about":[{"href":"http:\/\/www.sporthiva.com\/index.php\/wp-json\/wp\/v2\/types\/post"}],"author":[{"embeddable":true,"href":"http:\/\/www.sporthiva.com\/index.php\/wp-json\/wp\/v2\/users\/7"}],"replies":[{"embeddable":true,"href":"http:\/\/www.sporthiva.com\/index.php\/wp-json\/wp\/v2\/comments?post=145813"}],"version-history":[{"count":1,"href":"http:\/\/www.sporthiva.com\/index.php\/wp-json\/wp\/v2\/posts\/145813\/revisions"}],"predecessor-version":[{"id":145815,"href":"http:\/\/www.sporthiva.com\/index.php\/wp-json\/wp\/v2\/posts\/145813\/revisions\/145815"}],"wp:featuredmedia":[{"embeddable":true,"href":"http:\/\/www.sporthiva.com\/index.php\/wp-json\/wp\/v2\/media\/145814"}],"wp:attachment":[{"href":"http:\/\/www.sporthiva.com\/index.php\/wp-json\/wp\/v2\/media?parent=145813"}],"wp:term":[{"taxonomy":"category","embeddable":true,"href":"http:\/\/www.sporthiva.com\/index.php\/wp-json\/wp\/v2\/categories?post=145813"},{"taxonomy":"post_tag","embeddable":true,"href":"http:\/\/www.sporthiva.com\/index.php\/wp-json\/wp\/v2\/tags?post=145813"}],"curies":[{"name":"wp","href":"https:\/\/api.w.org\/{rel}","templated":true}]}}