{"id":146660,"date":"2023-08-08T10:18:59","date_gmt":"2023-08-08T16:18:59","guid":{"rendered":"http:\/\/www.sporthiva.com\/?p=146660"},"modified":"2023-08-08T10:20:01","modified_gmt":"2023-08-08T16:20:01","slug":"infantino-la-violencia-no-tiene-cabida-en-el-futbol-ni-dentro-ni-fuera-del-campo","status":"publish","type":"post","link":"http:\/\/www.sporthiva.com\/index.php\/2023\/08\/08\/infantino-la-violencia-no-tiene-cabida-en-el-futbol-ni-dentro-ni-fuera-del-campo\/","title":{"rendered":"Infantino: \u00abLa violencia no tiene cabida en el f\u00fatbol, ni dentro ni fuera del campo\u00bb"},"content":{"rendered":"<p><strong>Suiza<\/strong><\/p>\n<p>El presidente de la FIFA, Gianni Infantino, expres\u00f3 este martes su repulsa por los violentos actos producidos en la noche de este lunes entre hinchas del AEK Atenas y Dinamo Zagreb en la capital helena y afirm\u00f3 que \u00abla violencia no tiene cabida en el f\u00fatbol, ni dentro ni fuera del campo, ni en la sociedad\u00bb.<\/p>\n<p>\u00abJunto con todos los miembros de la FIFA, apoyamos todos los afectados por este tr\u00e1gico incidente y hacemos un llamamiento a las autoridades pertinentes para que tomen las medidas oportunas\u00bb, a\u00f1adi\u00f3 el dirigente.<\/p>\n<p><strong>Vea adem\u00e1s: <a href=\"http:\/\/www.sporthiva.com\/index.php\/2023\/08\/08\/el-regreso-de-manuel-neuer-podria-tardar-hasta-2024\/\">El regreso de Manuel Neuer podr\u00eda tardar hasta 2024<\/a><\/strong><\/p>\n<p>Infantino, no olvid\u00f3 a la v\u00edctima mortal que dejaron estos enfrentamientos y expres\u00f3 su m\u00e1ximo apoyo y p\u00e9same a su familia y amigos: \u00abExpreso mi m\u00e1s sentido p\u00e9same a la familia y amigos del aficionado fallecido a ra\u00edz de los actos violentos ocurridos en el partido de la ronda previa de la Liga de Campeones de la UEFA entre el AEK de Atenas y el Dinamo de Zagreb disputado en Nea Filadelfia (Grecia)\u00bb.<\/p>\n","protected":false},"excerpt":{"rendered":"<p>Suiza El presidente de la FIFA, Gianni Infantino, expres\u00f3 este martes su repulsa por los violentos actos producidos en la noche de este lunes entre hinchas del AEK Atenas y Dinamo Zagreb en la capital helena y afirm\u00f3 que \u00abla violencia no tiene cabida en el f\u00fatbol, ni dentro ni fuera del campo, ni en&nbsp;<\/p>\n<p><a class=\"btn btn-style\" href=\"http:\/\/www.sporthiva.com\/index.php\/2023\/08\/08\/infantino-la-violencia-no-tiene-cabida-en-el-futbol-ni-dentro-ni-fuera-del-campo\/\">Continuar leyendo<\/a><\/p>\n","protected":false},"author":7,"featured_media":146661,"comment_status":"open","ping_status":"open","sticky":false,"template":"","format":"standard","meta":{"qubely_global_settings":"","qubely_interactions":""},"categories":[563],"tags":[6810,1503,1889,7518],"qubely_featured_image_url":{"full":["http:\/\/www.sporthiva.com\/wp-content\/uploads\/2023\/08\/INFANTINO-potcdn.jpg",1000,563,false],"landscape":["http:\/\/www.sporthiva.com\/wp-content\/uploads\/2023\/08\/INFANTINO-potcdn.jpg",1000,563,false],"portraits":["http:\/\/www.sporthiva.com\/wp-content\/uploads\/2023\/08\/INFANTINO-potcdn-540x320.jpg",540,320,true],"thumbnail":["http:\/\/www.sporthiva.com\/wp-content\/uploads\/2023\/08\/INFANTINO-potcdn-150x150.jpg",150,150,true],"medium":["http:\/\/www.sporthiva.com\/wp-content\/uploads\/2023\/08\/INFANTINO-potcdn-673x379.jpg",673,379,true],"medium_large":["http:\/\/www.sporthiva.com\/wp-content\/uploads\/2023\/08\/INFANTINO-potcdn-768x432.jpg",768,432,true],"large":["http:\/\/www.sporthiva.com\/wp-content\/uploads\/2023\/08\/INFANTINO-potcdn.jpg",1000,563,false],"1536x1536":["http:\/\/www.sporthiva.com\/wp-content\/uploads\/2023\/08\/INFANTINO-potcdn.jpg",1000,563,false],"2048x2048":["http:\/\/www.sporthiva.com\/wp-content\/uploads\/2023\/08\/INFANTINO-potcdn.jpg",1000,563,false],"alm-thumbnail":["http:\/\/www.sporthiva.com\/wp-content\/uploads\/2023\/08\/INFANTINO-potcdn-150x150.jpg",150,150,true],"qubely_landscape":["http:\/\/www.sporthiva.com\/wp-content\/uploads\/2023\/08\/INFANTINO-potcdn.jpg",1000,563,false],"qubely_portrait":["http:\/\/www.sporthiva.com\/wp-content\/uploads\/2023\/08\/INFANTINO-potcdn-540x320.jpg",540,320,true],"qubely_thumbnail":["http:\/\/www.sporthiva.com\/wp-content\/uploads\/2023\/08\/INFANTINO-potcdn-140x100.jpg",140,100,true],"sportspress-crop-medium":["http:\/\/www.sporthiva.com\/wp-content\/uploads\/2023\/08\/INFANTINO-potcdn-300x300.jpg",300,300,true],"sportspress-fit-medium":["http:\/\/www.sporthiva.com\/wp-content\/uploads\/2023\/08\/INFANTINO-potcdn-300x169.jpg",300,169,true],"sportspress-fit-icon":["http:\/\/www.sporthiva.com\/wp-content\/uploads\/2023\/08\/INFANTINO-potcdn-128x72.jpg",128,72,true],"sportspress-fit-mini":["http:\/\/www.sporthiva.com\/wp-content\/uploads\/2023\/08\/INFANTINO-potcdn-32x18.jpg",32,18,true],"heighlights":["http:\/\/www.sporthiva.com\/wp-content\/uploads\/2023\/08\/INFANTINO-potcdn-460x500.jpg",460,500,true],"video-thumb":["http:\/\/www.sporthiva.com\/wp-content\/uploads\/2023\/08\/INFANTINO-potcdn-360x235.jpg",360,235,true],"video-thumb2":["http:\/\/www.sporthiva.com\/wp-content\/uploads\/2023\/08\/INFANTINO-potcdn-360x422.jpg",360,422,true],"blog-thumb":["http:\/\/www.sporthiva.com\/wp-content\/uploads\/2023\/08\/INFANTINO-potcdn-175x150.jpg",175,150,true],"blog-medium":["http:\/\/www.sporthiva.com\/wp-content\/uploads\/2023\/08\/INFANTINO-potcdn-750x350.jpg",750,350,true],"blog-full":["http:\/\/www.sporthiva.com\/wp-content\/uploads\/2023\/08\/INFANTINO-potcdn-1000x550.jpg",1000,550,true],"popular-post":["http:\/\/www.sporthiva.com\/wp-content\/uploads\/2023\/08\/INFANTINO-potcdn-560x510.jpg",560,510,true],"heighlights-post":["http:\/\/www.sporthiva.com\/wp-content\/uploads\/2023\/08\/INFANTINO-potcdn-262x236.jpg",262,236,true],"player-thumb":["http:\/\/www.sporthiva.com\/wp-content\/uploads\/2023\/08\/INFANTINO-potcdn-270x150.jpg",270,150,true],"wp_rp_thumbnail":["http:\/\/www.sporthiva.com\/wp-content\/uploads\/2023\/08\/INFANTINO-potcdn-150x150.jpg",150,150,true]},"qubely_author":{"display_name":"Evelyn Pineda","author_link":"http:\/\/www.sporthiva.com\/index.php\/author\/epineda\/"},"qubely_comment":0,"qubely_category":"<a href=\"http:\/\/www.sporthiva.com\/index.php\/category\/internacionales\/\" rel=\"category tag\">Internacionales<\/a>","qubely_excerpt":"Suiza El presidente de la FIFA, Gianni Infantino, expres\u00f3 este martes su repulsa por los violentos actos producidos en la noche de este lunes entre hinchas del AEK Atenas y Dinamo Zagreb en la capital helena y afirm\u00f3 que \u00abla violencia no tiene cabida en el f\u00fatbol, ni dentro ni fuera del campo, ni en&nbsp;Continuar&hellip;","yoast_head":"<!-- This site is optimized with the Yoast SEO plugin v17.8 - https:\/\/yoast.com\/wordpress\/plugins\/seo\/ -->\n<title>Infantino: &quot;La violencia no tiene cabida en el f\u00fatbol, ni dentro ni fuera del campo&quot; - Sporthiva Online<\/title>\n<meta name=\"robots\" content=\"index, follow, max-snippet:-1, max-image-preview:large, max-video-preview:-1\" \/>\n<link rel=\"canonical\" href=\"http:\/\/www.sporthiva.com\/index.php\/2023\/08\/08\/infantino-la-violencia-no-tiene-cabida-en-el-futbol-ni-dentro-ni-fuera-del-campo\/\" \/>\n<meta property=\"og:locale\" content=\"es_ES\" \/>\n<meta property=\"og:type\" content=\"article\" \/>\n<meta property=\"og:title\" content=\"Infantino: &quot;La violencia no tiene cabida en el f\u00fatbol, ni dentro ni fuera del campo&quot; - Sporthiva Online\" \/>\n<meta property=\"og:description\" content=\"Suiza El presidente de la FIFA, Gianni Infantino, expres\u00f3 este martes su repulsa por los violentos actos producidos en la noche de este lunes entre hinchas del AEK Atenas y Dinamo Zagreb en la capital helena y afirm\u00f3 que \u00abla violencia no tiene cabida en el f\u00fatbol, ni dentro ni fuera del campo, ni en&nbsp;Continuar leyendo\" \/>\n<meta property=\"og:url\" content=\"http:\/\/www.sporthiva.com\/index.php\/2023\/08\/08\/infantino-la-violencia-no-tiene-cabida-en-el-futbol-ni-dentro-ni-fuera-del-campo\/\" \/>\n<meta property=\"og:site_name\" content=\"Sporthiva Online\" \/>\n<meta property=\"article:published_time\" content=\"2023-08-08T16:18:59+00:00\" \/>\n<meta property=\"article:modified_time\" content=\"2023-08-08T16:20:01+00:00\" \/>\n<meta property=\"og:image\" content=\"http:\/\/www.sporthiva.com\/wp-content\/uploads\/2023\/08\/INFANTINO-potcdn.jpg\" \/>\n\t<meta property=\"og:image:width\" content=\"1000\" \/>\n\t<meta property=\"og:image:height\" content=\"563\" \/>\n<meta name=\"twitter:card\" content=\"summary\" \/>\n<meta name=\"twitter:label1\" content=\"Escrito por\" \/>\n\t<meta name=\"twitter:data1\" content=\"Evelyn Pineda\" \/>\n\t<meta name=\"twitter:label2\" content=\"Tiempo de lectura\" \/>\n\t<meta name=\"twitter:data2\" content=\"1 minuto\" \/>\n<script type=\"application\/ld+json\" class=\"yoast-schema-graph\">{\"@context\":\"https:\/\/schema.org\",\"@graph\":[{\"@type\":\"WebSite\",\"@id\":\"http:\/\/www.sporthiva.com\/#website\",\"url\":\"http:\/\/www.sporthiva.com\/\",\"name\":\"Sporthiva Online\",\"description\":\"Sporthiva Online\",\"potentialAction\":[{\"@type\":\"SearchAction\",\"target\":{\"@type\":\"EntryPoint\",\"urlTemplate\":\"http:\/\/www.sporthiva.com\/?s={search_term_string}\"},\"query-input\":\"required name=search_term_string\"}],\"inLanguage\":\"es\"},{\"@type\":\"ImageObject\",\"@id\":\"http:\/\/www.sporthiva.com\/index.php\/2023\/08\/08\/infantino-la-violencia-no-tiene-cabida-en-el-futbol-ni-dentro-ni-fuera-del-campo\/#primaryimage\",\"inLanguage\":\"es\",\"url\":\"http:\/\/www.sporthiva.com\/wp-content\/uploads\/2023\/08\/INFANTINO-potcdn.jpg\",\"contentUrl\":\"http:\/\/www.sporthiva.com\/wp-content\/uploads\/2023\/08\/INFANTINO-potcdn.jpg\",\"width\":1000,\"height\":563},{\"@type\":\"WebPage\",\"@id\":\"http:\/\/www.sporthiva.com\/index.php\/2023\/08\/08\/infantino-la-violencia-no-tiene-cabida-en-el-futbol-ni-dentro-ni-fuera-del-campo\/#webpage\",\"url\":\"http:\/\/www.sporthiva.com\/index.php\/2023\/08\/08\/infantino-la-violencia-no-tiene-cabida-en-el-futbol-ni-dentro-ni-fuera-del-campo\/\",\"name\":\"Infantino: \\\"La violencia no tiene cabida en el f\\u00fatbol, ni dentro ni fuera del campo\\\" - Sporthiva Online\",\"isPartOf\":{\"@id\":\"http:\/\/www.sporthiva.com\/#website\"},\"primaryImageOfPage\":{\"@id\":\"http:\/\/www.sporthiva.com\/index.php\/2023\/08\/08\/infantino-la-violencia-no-tiene-cabida-en-el-futbol-ni-dentro-ni-fuera-del-campo\/#primaryimage\"},\"datePublished\":\"2023-08-08T16:18:59+00:00\",\"dateModified\":\"2023-08-08T16:20:01+00:00\",\"author\":{\"@id\":\"http:\/\/www.sporthiva.com\/#\/schema\/person\/551718db343e60bf7d707f9085b1e611\"},\"breadcrumb\":{\"@id\":\"http:\/\/www.sporthiva.com\/index.php\/2023\/08\/08\/infantino-la-violencia-no-tiene-cabida-en-el-futbol-ni-dentro-ni-fuera-del-campo\/#breadcrumb\"},\"inLanguage\":\"es\",\"potentialAction\":[{\"@type\":\"ReadAction\",\"target\":[\"http:\/\/www.sporthiva.com\/index.php\/2023\/08\/08\/infantino-la-violencia-no-tiene-cabida-en-el-futbol-ni-dentro-ni-fuera-del-campo\/\"]}]},{\"@type\":\"BreadcrumbList\",\"@id\":\"http:\/\/www.sporthiva.com\/index.php\/2023\/08\/08\/infantino-la-violencia-no-tiene-cabida-en-el-futbol-ni-dentro-ni-fuera-del-campo\/#breadcrumb\",\"itemListElement\":[{\"@type\":\"ListItem\",\"position\":1,\"name\":\"Portada\",\"item\":\"http:\/\/www.sporthiva.com\/\"},{\"@type\":\"ListItem\",\"position\":2,\"name\":\"Infantino: \\u00abLa violencia no tiene cabida en el f\\u00fatbol, ni dentro ni fuera del campo\\u00bb\"}]},{\"@type\":\"Person\",\"@id\":\"http:\/\/www.sporthiva.com\/#\/schema\/person\/551718db343e60bf7d707f9085b1e611\",\"name\":\"Evelyn Pineda\",\"image\":{\"@type\":\"ImageObject\",\"@id\":\"http:\/\/www.sporthiva.com\/#personlogo\",\"inLanguage\":\"es\",\"url\":\"http:\/\/1.gravatar.com\/avatar\/73932ff8109aee94864b4504adf4d91e?s=96&d=mm&r=g\",\"contentUrl\":\"http:\/\/1.gravatar.com\/avatar\/73932ff8109aee94864b4504adf4d91e?s=96&d=mm&r=g\",\"caption\":\"Evelyn Pineda\"},\"sameAs\":[\"http:\/\/www.sporthiva.com\/\"],\"url\":\"http:\/\/www.sporthiva.com\/index.php\/author\/epineda\/\"}]}<\/script>\n<!-- \/ Yoast SEO plugin. -->","yoast_head_json":{"title":"Infantino: \"La violencia no tiene cabida en el f\u00fatbol, ni dentro ni fuera del campo\" - Sporthiva Online","robots":{"index":"index","follow":"follow","max-snippet":"max-snippet:-1","max-image-preview":"max-image-preview:large","max-video-preview":"max-video-preview:-1"},"canonical":"http:\/\/www.sporthiva.com\/index.php\/2023\/08\/08\/infantino-la-violencia-no-tiene-cabida-en-el-futbol-ni-dentro-ni-fuera-del-campo\/","og_locale":"es_ES","og_type":"article","og_title":"Infantino: \"La violencia no tiene cabida en el f\u00fatbol, ni dentro ni fuera del campo\" - Sporthiva Online","og_description":"Suiza El presidente de la FIFA, Gianni Infantino, expres\u00f3 este martes su repulsa por los violentos actos producidos en la noche de este lunes entre hinchas del AEK Atenas y Dinamo Zagreb en la capital helena y afirm\u00f3 que \u00abla violencia no tiene cabida en el f\u00fatbol, ni dentro ni fuera del campo, ni en&nbsp;Continuar leyendo","og_url":"http:\/\/www.sporthiva.com\/index.php\/2023\/08\/08\/infantino-la-violencia-no-tiene-cabida-en-el-futbol-ni-dentro-ni-fuera-del-campo\/","og_site_name":"Sporthiva Online","article_published_time":"2023-08-08T16:18:59+00:00","article_modified_time":"2023-08-08T16:20:01+00:00","og_image":[{"width":1000,"height":563,"url":"http:\/\/www.sporthiva.com\/wp-content\/uploads\/2023\/08\/INFANTINO-potcdn.jpg","type":"image\/jpeg"}],"twitter_card":"summary","twitter_misc":{"Escrito por":"Evelyn Pineda","Tiempo de lectura":"1 minuto"},"schema":{"@context":"https:\/\/schema.org","@graph":[{"@type":"WebSite","@id":"http:\/\/www.sporthiva.com\/#website","url":"http:\/\/www.sporthiva.com\/","name":"Sporthiva Online","description":"Sporthiva Online","potentialAction":[{"@type":"SearchAction","target":{"@type":"EntryPoint","urlTemplate":"http:\/\/www.sporthiva.com\/?s={search_term_string}"},"query-input":"required name=search_term_string"}],"inLanguage":"es"},{"@type":"ImageObject","@id":"http:\/\/www.sporthiva.com\/index.php\/2023\/08\/08\/infantino-la-violencia-no-tiene-cabida-en-el-futbol-ni-dentro-ni-fuera-del-campo\/#primaryimage","inLanguage":"es","url":"http:\/\/www.sporthiva.com\/wp-content\/uploads\/2023\/08\/INFANTINO-potcdn.jpg","contentUrl":"http:\/\/www.sporthiva.com\/wp-content\/uploads\/2023\/08\/INFANTINO-potcdn.jpg","width":1000,"height":563},{"@type":"WebPage","@id":"http:\/\/www.sporthiva.com\/index.php\/2023\/08\/08\/infantino-la-violencia-no-tiene-cabida-en-el-futbol-ni-dentro-ni-fuera-del-campo\/#webpage","url":"http:\/\/www.sporthiva.com\/index.php\/2023\/08\/08\/infantino-la-violencia-no-tiene-cabida-en-el-futbol-ni-dentro-ni-fuera-del-campo\/","name":"Infantino: \"La violencia no tiene cabida en el f\u00fatbol, ni dentro ni fuera del campo\" - Sporthiva Online","isPartOf":{"@id":"http:\/\/www.sporthiva.com\/#website"},"primaryImageOfPage":{"@id":"http:\/\/www.sporthiva.com\/index.php\/2023\/08\/08\/infantino-la-violencia-no-tiene-cabida-en-el-futbol-ni-dentro-ni-fuera-del-campo\/#primaryimage"},"datePublished":"2023-08-08T16:18:59+00:00","dateModified":"2023-08-08T16:20:01+00:00","author":{"@id":"http:\/\/www.sporthiva.com\/#\/schema\/person\/551718db343e60bf7d707f9085b1e611"},"breadcrumb":{"@id":"http:\/\/www.sporthiva.com\/index.php\/2023\/08\/08\/infantino-la-violencia-no-tiene-cabida-en-el-futbol-ni-dentro-ni-fuera-del-campo\/#breadcrumb"},"inLanguage":"es","potentialAction":[{"@type":"ReadAction","target":["http:\/\/www.sporthiva.com\/index.php\/2023\/08\/08\/infantino-la-violencia-no-tiene-cabida-en-el-futbol-ni-dentro-ni-fuera-del-campo\/"]}]},{"@type":"BreadcrumbList","@id":"http:\/\/www.sporthiva.com\/index.php\/2023\/08\/08\/infantino-la-violencia-no-tiene-cabida-en-el-futbol-ni-dentro-ni-fuera-del-campo\/#breadcrumb","itemListElement":[{"@type":"ListItem","position":1,"name":"Portada","item":"http:\/\/www.sporthiva.com\/"},{"@type":"ListItem","position":2,"name":"Infantino: \u00abLa violencia no tiene cabida en el f\u00fatbol, ni dentro ni fuera del campo\u00bb"}]},{"@type":"Person","@id":"http:\/\/www.sporthiva.com\/#\/schema\/person\/551718db343e60bf7d707f9085b1e611","name":"Evelyn Pineda","image":{"@type":"ImageObject","@id":"http:\/\/www.sporthiva.com\/#personlogo","inLanguage":"es","url":"http:\/\/1.gravatar.com\/avatar\/73932ff8109aee94864b4504adf4d91e?s=96&d=mm&r=g","contentUrl":"http:\/\/1.gravatar.com\/avatar\/73932ff8109aee94864b4504adf4d91e?s=96&d=mm&r=g","caption":"Evelyn Pineda"},"sameAs":["http:\/\/www.sporthiva.com\/"],"url":"http:\/\/www.sporthiva.com\/index.php\/author\/epineda\/"}]}},"_links":{"self":[{"href":"http:\/\/www.sporthiva.com\/index.php\/wp-json\/wp\/v2\/posts\/146660"}],"collection":[{"href":"http:\/\/www.sporthiva.com\/index.php\/wp-json\/wp\/v2\/posts"}],"about":[{"href":"http:\/\/www.sporthiva.com\/index.php\/wp-json\/wp\/v2\/types\/post"}],"author":[{"embeddable":true,"href":"http:\/\/www.sporthiva.com\/index.php\/wp-json\/wp\/v2\/users\/7"}],"replies":[{"embeddable":true,"href":"http:\/\/www.sporthiva.com\/index.php\/wp-json\/wp\/v2\/comments?post=146660"}],"version-history":[{"count":1,"href":"http:\/\/www.sporthiva.com\/index.php\/wp-json\/wp\/v2\/posts\/146660\/revisions"}],"predecessor-version":[{"id":146662,"href":"http:\/\/www.sporthiva.com\/index.php\/wp-json\/wp\/v2\/posts\/146660\/revisions\/146662"}],"wp:featuredmedia":[{"embeddable":true,"href":"http:\/\/www.sporthiva.com\/index.php\/wp-json\/wp\/v2\/media\/146661"}],"wp:attachment":[{"href":"http:\/\/www.sporthiva.com\/index.php\/wp-json\/wp\/v2\/media?parent=146660"}],"wp:term":[{"taxonomy":"category","embeddable":true,"href":"http:\/\/www.sporthiva.com\/index.php\/wp-json\/wp\/v2\/categories?post=146660"},{"taxonomy":"post_tag","embeddable":true,"href":"http:\/\/www.sporthiva.com\/index.php\/wp-json\/wp\/v2\/tags?post=146660"}],"curies":[{"name":"wp","href":"https:\/\/api.w.org\/{rel}","templated":true}]}}