{"id":147290,"date":"2023-08-18T10:29:22","date_gmt":"2023-08-18T16:29:22","guid":{"rendered":"http:\/\/www.sporthiva.com\/?p=147290"},"modified":"2023-08-18T10:29:22","modified_gmt":"2023-08-18T16:29:22","slug":"ancelotti-confirma-que-lunin-sera-el-portero-en-almeria","status":"publish","type":"post","link":"http:\/\/www.sporthiva.com\/index.php\/2023\/08\/18\/ancelotti-confirma-que-lunin-sera-el-portero-en-almeria\/","title":{"rendered":"Ancelotti confirma que Lunin ser\u00e1 el portero en Almer\u00eda"},"content":{"rendered":"<p><strong>Madrid, Espa\u00f1a<\/strong><\/p>\n<p>El entrenador del Real Madrid, Carlo Ancelotti, adelant\u00f3 que Andreiy Lunin ser\u00e1 titular contra el Almer\u00eda el s\u00e1bado y \u00aben los pr\u00f3ximos partidos veremos\u00bb si toma el relevo el reci\u00e9n llegado Kepa Arrizabalaga.<\/p>\n<p>Kepa \u00abse est\u00e1 adaptando muy bien, la primera semana de trabajo ha demostrado lo que ya conocemos: mucha calidad y mucha personalidad\u00bb, dijo Ancelotti este viernes en rueda de prensa.<\/p>\n<p>\u00abMa\u00f1ana (en el partido de Liga contra el Almer\u00eda) seguimos con Lunin que lo ha hecho bien en Bilbao y en los pr\u00f3ximos partidos, veremos\u00bb, precis\u00f3 el t\u00e9cnico merengue.<\/p>\n<p><strong>Vea adem\u00e1s: <\/strong><a href=\"http:\/\/www.sporthiva.com\/index.php\/2023\/08\/18\/diego-vazquez-rompe-racha-negativa-y-conquista-primer-triunfo-con-puntarenas\/\"><strong>Diego V\u00e1zquez rompe racha negativa y conquista primer triunfo con Puntarenas<\/strong><\/a><\/p>\n<p>Ancelotti tiene la duda de Eduardo Camavinga, tras no entrenarse este viernes por una sobrecarga en la pierna izquierda.<\/p>\n<div id=\"diariomas_728x90_300x250_Dynamic1\" class=\"fs-dynamic\" data-slot=\"complete\" data-freestar-ad=\"__728x90  __300x250 __fsAncillary\">\n<div>\n<p data-inc=\"1\">\u00abNot\u00f3 molestias despu\u00e9s del entrenamiento de ayer, estaba un poco cargado en una pierna y hemos decidido no arriesgar en el entrenamiento (de este viernes)\u00bb, explic\u00f3 Ancelotti.<\/p>\n<p>\u00abMa\u00f1ana lo evaluaremos, est\u00e1 en la convocatoria y si desaparece la sobrecarga, va a jugar\u00bb, afirm\u00f3 el t\u00e9cnico merengue. El italiano se mostr\u00f3 satisfecho con el rendimiento del joven centrocampista franc\u00e9s, al que pidi\u00f3 m\u00e1s gol.<\/p>\n<p>\u00abTener m\u00e1s llegada a porter\u00eda es algo que estamos intentando mejorar. Ha mejorado en muchos aspectos, le falta una llegada m\u00e1s peligrosa a la porter\u00eda rival\u00bb, explic\u00f3 Ancelotti, quien tambi\u00e9n se quej\u00f3 del calendario.<\/p>\n<p><strong>Le interesa tambi\u00e9n: <\/strong><a href=\"http:\/\/www.sporthiva.com\/index.php\/2023\/08\/18\/sergio-rico-abandona-el-hospital-deseando-volver-al-futbol\/\"><strong>Sergio Rico abandona el hospital deseando \u00abvolver al f\u00fatbol\u00bb<\/strong><\/a><\/p>\n<p data-inc=\"2\">Al hilo de unas declaraciones del t\u00e9cnico del City, Pep Guardiola, fustigando el cargado calendario de competiciones, Ancelotti se declar\u00f3 \u00abde acuerdo\u00bb con el catal\u00e1n.<\/p>\n<p>\u00abIntentan mejorar la calidad del espect\u00e1culo poniendo m\u00e1s cantidad de partidos, para mejorar la calidad tienes que quitar la cantidad\u00bb, consider\u00f3 el entrenador merengue.<\/p>\n<p>\u00abQuieren meter m\u00e1s cantidad para ganar m\u00e1s dinero. Tienen que quitar cantidad para mejorar la calidad. Los m\u00e1s afectados son los jugadores que sufren m\u00e1s lesiones y no pueden aportar el nivel de calidad que tienen\u00bb, a\u00f1adi\u00f3 Ancelotti.<\/p>\n<\/div>\n<\/div>\n","protected":false},"excerpt":{"rendered":"<p>Madrid, Espa\u00f1a El entrenador del Real Madrid, Carlo Ancelotti, adelant\u00f3 que Andreiy Lunin ser\u00e1 titular contra el Almer\u00eda el s\u00e1bado y \u00aben los pr\u00f3ximos partidos veremos\u00bb si toma el relevo el reci\u00e9n llegado Kepa Arrizabalaga. Kepa \u00abse est\u00e1 adaptando muy bien, la primera semana de trabajo ha demostrado lo que ya conocemos: mucha calidad y&nbsp;<\/p>\n<p><a class=\"btn btn-style\" href=\"http:\/\/www.sporthiva.com\/index.php\/2023\/08\/18\/ancelotti-confirma-que-lunin-sera-el-portero-en-almeria\/\">Continuar leyendo<\/a><\/p>\n","protected":false},"author":7,"featured_media":147291,"comment_status":"open","ping_status":"open","sticky":false,"template":"","format":"standard","meta":{"qubely_global_settings":"","qubely_interactions":""},"categories":[563],"tags":[7575,2058],"qubely_featured_image_url":{"full":["http:\/\/www.sporthiva.com\/wp-content\/uploads\/2023\/08\/190819_1193868.jpg",1200,675,false],"landscape":["http:\/\/www.sporthiva.com\/wp-content\/uploads\/2023\/08\/190819_1193868.jpg",1200,675,false],"portraits":["http:\/\/www.sporthiva.com\/wp-content\/uploads\/2023\/08\/190819_1193868-540x320.jpg",540,320,true],"thumbnail":["http:\/\/www.sporthiva.com\/wp-content\/uploads\/2023\/08\/190819_1193868-150x150.jpg",150,150,true],"medium":["http:\/\/www.sporthiva.com\/wp-content\/uploads\/2023\/08\/190819_1193868-675x379.jpg",675,379,true],"medium_large":["http:\/\/www.sporthiva.com\/wp-content\/uploads\/2023\/08\/190819_1193868-768x432.jpg",768,432,true],"large":["http:\/\/www.sporthiva.com\/wp-content\/uploads\/2023\/08\/190819_1193868.jpg",1200,675,false],"1536x1536":["http:\/\/www.sporthiva.com\/wp-content\/uploads\/2023\/08\/190819_1193868.jpg",1200,675,false],"2048x2048":["http:\/\/www.sporthiva.com\/wp-content\/uploads\/2023\/08\/190819_1193868.jpg",1200,675,false],"alm-thumbnail":["http:\/\/www.sporthiva.com\/wp-content\/uploads\/2023\/08\/190819_1193868-150x150.jpg",150,150,true],"qubely_landscape":["http:\/\/www.sporthiva.com\/wp-content\/uploads\/2023\/08\/190819_1193868.jpg",1200,675,false],"qubely_portrait":["http:\/\/www.sporthiva.com\/wp-content\/uploads\/2023\/08\/190819_1193868-540x320.jpg",540,320,true],"qubely_thumbnail":["http:\/\/www.sporthiva.com\/wp-content\/uploads\/2023\/08\/190819_1193868-140x100.jpg",140,100,true],"sportspress-crop-medium":["http:\/\/www.sporthiva.com\/wp-content\/uploads\/2023\/08\/190819_1193868-300x300.jpg",300,300,true],"sportspress-fit-medium":["http:\/\/www.sporthiva.com\/wp-content\/uploads\/2023\/08\/190819_1193868-300x169.jpg",300,169,true],"sportspress-fit-icon":["http:\/\/www.sporthiva.com\/wp-content\/uploads\/2023\/08\/190819_1193868-128x72.jpg",128,72,true],"sportspress-fit-mini":["http:\/\/www.sporthiva.com\/wp-content\/uploads\/2023\/08\/190819_1193868-32x18.jpg",32,18,true],"heighlights":["http:\/\/www.sporthiva.com\/wp-content\/uploads\/2023\/08\/190819_1193868-460x500.jpg",460,500,true],"video-thumb":["http:\/\/www.sporthiva.com\/wp-content\/uploads\/2023\/08\/190819_1193868-360x235.jpg",360,235,true],"video-thumb2":["http:\/\/www.sporthiva.com\/wp-content\/uploads\/2023\/08\/190819_1193868-360x422.jpg",360,422,true],"blog-thumb":["http:\/\/www.sporthiva.com\/wp-content\/uploads\/2023\/08\/190819_1193868-175x150.jpg",175,150,true],"blog-medium":["http:\/\/www.sporthiva.com\/wp-content\/uploads\/2023\/08\/190819_1193868-750x350.jpg",750,350,true],"blog-full":["http:\/\/www.sporthiva.com\/wp-content\/uploads\/2023\/08\/190819_1193868-1140x550.jpg",1140,550,true],"popular-post":["http:\/\/www.sporthiva.com\/wp-content\/uploads\/2023\/08\/190819_1193868-560x510.jpg",560,510,true],"heighlights-post":["http:\/\/www.sporthiva.com\/wp-content\/uploads\/2023\/08\/190819_1193868-262x236.jpg",262,236,true],"player-thumb":["http:\/\/www.sporthiva.com\/wp-content\/uploads\/2023\/08\/190819_1193868-270x150.jpg",270,150,true],"wp_rp_thumbnail":["http:\/\/www.sporthiva.com\/wp-content\/uploads\/2023\/08\/190819_1193868-150x150.jpg",150,150,true]},"qubely_author":{"display_name":"Evelyn Pineda","author_link":"http:\/\/www.sporthiva.com\/index.php\/author\/epineda\/"},"qubely_comment":0,"qubely_category":"<a href=\"http:\/\/www.sporthiva.com\/index.php\/category\/internacionales\/\" rel=\"category tag\">Internacionales<\/a>","qubely_excerpt":"Madrid, Espa\u00f1a El entrenador del Real Madrid, Carlo Ancelotti, adelant\u00f3 que Andreiy Lunin ser\u00e1 titular contra el Almer\u00eda el s\u00e1bado y \u00aben los pr\u00f3ximos partidos veremos\u00bb si toma el relevo el reci\u00e9n llegado Kepa Arrizabalaga. Kepa \u00abse est\u00e1 adaptando muy bien, la primera semana de trabajo ha demostrado lo que ya conocemos: mucha calidad y&nbsp;Continuar&hellip;","yoast_head":"<!-- This site is optimized with the Yoast SEO plugin v17.8 - https:\/\/yoast.com\/wordpress\/plugins\/seo\/ -->\n<title>Ancelotti confirma que Lunin ser\u00e1 el portero en Almer\u00eda - Sporthiva Online<\/title>\n<meta name=\"robots\" content=\"index, follow, max-snippet:-1, max-image-preview:large, max-video-preview:-1\" \/>\n<link rel=\"canonical\" href=\"http:\/\/www.sporthiva.com\/index.php\/2023\/08\/18\/ancelotti-confirma-que-lunin-sera-el-portero-en-almeria\/\" \/>\n<meta property=\"og:locale\" content=\"es_ES\" \/>\n<meta property=\"og:type\" content=\"article\" \/>\n<meta property=\"og:title\" content=\"Ancelotti confirma que Lunin ser\u00e1 el portero en Almer\u00eda - Sporthiva Online\" \/>\n<meta property=\"og:description\" content=\"Madrid, Espa\u00f1a El entrenador del Real Madrid, Carlo Ancelotti, adelant\u00f3 que Andreiy Lunin ser\u00e1 titular contra el Almer\u00eda el s\u00e1bado y \u00aben los pr\u00f3ximos partidos veremos\u00bb si toma el relevo el reci\u00e9n llegado Kepa Arrizabalaga. Kepa \u00abse est\u00e1 adaptando muy bien, la primera semana de trabajo ha demostrado lo que ya conocemos: mucha calidad y&nbsp;Continuar leyendo\" \/>\n<meta property=\"og:url\" content=\"http:\/\/www.sporthiva.com\/index.php\/2023\/08\/18\/ancelotti-confirma-que-lunin-sera-el-portero-en-almeria\/\" \/>\n<meta property=\"og:site_name\" content=\"Sporthiva Online\" \/>\n<meta property=\"article:published_time\" content=\"2023-08-18T16:29:22+00:00\" \/>\n<meta property=\"og:image\" content=\"http:\/\/www.sporthiva.com\/wp-content\/uploads\/2023\/08\/190819_1193868.jpg\" \/>\n\t<meta property=\"og:image:width\" content=\"1200\" \/>\n\t<meta property=\"og:image:height\" content=\"675\" \/>\n<meta name=\"twitter:card\" content=\"summary\" \/>\n<meta name=\"twitter:label1\" content=\"Escrito por\" \/>\n\t<meta name=\"twitter:data1\" content=\"Evelyn Pineda\" \/>\n\t<meta name=\"twitter:label2\" content=\"Tiempo de lectura\" \/>\n\t<meta name=\"twitter:data2\" content=\"2 minutos\" \/>\n<script type=\"application\/ld+json\" class=\"yoast-schema-graph\">{\"@context\":\"https:\/\/schema.org\",\"@graph\":[{\"@type\":\"WebSite\",\"@id\":\"http:\/\/www.sporthiva.com\/#website\",\"url\":\"http:\/\/www.sporthiva.com\/\",\"name\":\"Sporthiva Online\",\"description\":\"Sporthiva Online\",\"potentialAction\":[{\"@type\":\"SearchAction\",\"target\":{\"@type\":\"EntryPoint\",\"urlTemplate\":\"http:\/\/www.sporthiva.com\/?s={search_term_string}\"},\"query-input\":\"required name=search_term_string\"}],\"inLanguage\":\"es\"},{\"@type\":\"ImageObject\",\"@id\":\"http:\/\/www.sporthiva.com\/index.php\/2023\/08\/18\/ancelotti-confirma-que-lunin-sera-el-portero-en-almeria\/#primaryimage\",\"inLanguage\":\"es\",\"url\":\"http:\/\/www.sporthiva.com\/wp-content\/uploads\/2023\/08\/190819_1193868.jpg\",\"contentUrl\":\"http:\/\/www.sporthiva.com\/wp-content\/uploads\/2023\/08\/190819_1193868.jpg\",\"width\":1200,\"height\":675},{\"@type\":\"WebPage\",\"@id\":\"http:\/\/www.sporthiva.com\/index.php\/2023\/08\/18\/ancelotti-confirma-que-lunin-sera-el-portero-en-almeria\/#webpage\",\"url\":\"http:\/\/www.sporthiva.com\/index.php\/2023\/08\/18\/ancelotti-confirma-que-lunin-sera-el-portero-en-almeria\/\",\"name\":\"Ancelotti confirma que Lunin ser\\u00e1 el portero en Almer\\u00eda - Sporthiva Online\",\"isPartOf\":{\"@id\":\"http:\/\/www.sporthiva.com\/#website\"},\"primaryImageOfPage\":{\"@id\":\"http:\/\/www.sporthiva.com\/index.php\/2023\/08\/18\/ancelotti-confirma-que-lunin-sera-el-portero-en-almeria\/#primaryimage\"},\"datePublished\":\"2023-08-18T16:29:22+00:00\",\"dateModified\":\"2023-08-18T16:29:22+00:00\",\"author\":{\"@id\":\"http:\/\/www.sporthiva.com\/#\/schema\/person\/551718db343e60bf7d707f9085b1e611\"},\"breadcrumb\":{\"@id\":\"http:\/\/www.sporthiva.com\/index.php\/2023\/08\/18\/ancelotti-confirma-que-lunin-sera-el-portero-en-almeria\/#breadcrumb\"},\"inLanguage\":\"es\",\"potentialAction\":[{\"@type\":\"ReadAction\",\"target\":[\"http:\/\/www.sporthiva.com\/index.php\/2023\/08\/18\/ancelotti-confirma-que-lunin-sera-el-portero-en-almeria\/\"]}]},{\"@type\":\"BreadcrumbList\",\"@id\":\"http:\/\/www.sporthiva.com\/index.php\/2023\/08\/18\/ancelotti-confirma-que-lunin-sera-el-portero-en-almeria\/#breadcrumb\",\"itemListElement\":[{\"@type\":\"ListItem\",\"position\":1,\"name\":\"Portada\",\"item\":\"http:\/\/www.sporthiva.com\/\"},{\"@type\":\"ListItem\",\"position\":2,\"name\":\"Ancelotti confirma que Lunin ser\\u00e1 el portero en Almer\\u00eda\"}]},{\"@type\":\"Person\",\"@id\":\"http:\/\/www.sporthiva.com\/#\/schema\/person\/551718db343e60bf7d707f9085b1e611\",\"name\":\"Evelyn Pineda\",\"image\":{\"@type\":\"ImageObject\",\"@id\":\"http:\/\/www.sporthiva.com\/#personlogo\",\"inLanguage\":\"es\",\"url\":\"http:\/\/1.gravatar.com\/avatar\/73932ff8109aee94864b4504adf4d91e?s=96&d=mm&r=g\",\"contentUrl\":\"http:\/\/1.gravatar.com\/avatar\/73932ff8109aee94864b4504adf4d91e?s=96&d=mm&r=g\",\"caption\":\"Evelyn Pineda\"},\"sameAs\":[\"http:\/\/www.sporthiva.com\/\"],\"url\":\"http:\/\/www.sporthiva.com\/index.php\/author\/epineda\/\"}]}<\/script>\n<!-- \/ Yoast SEO plugin. -->","yoast_head_json":{"title":"Ancelotti confirma que Lunin ser\u00e1 el portero en Almer\u00eda - Sporthiva Online","robots":{"index":"index","follow":"follow","max-snippet":"max-snippet:-1","max-image-preview":"max-image-preview:large","max-video-preview":"max-video-preview:-1"},"canonical":"http:\/\/www.sporthiva.com\/index.php\/2023\/08\/18\/ancelotti-confirma-que-lunin-sera-el-portero-en-almeria\/","og_locale":"es_ES","og_type":"article","og_title":"Ancelotti confirma que Lunin ser\u00e1 el portero en Almer\u00eda - Sporthiva Online","og_description":"Madrid, Espa\u00f1a El entrenador del Real Madrid, Carlo Ancelotti, adelant\u00f3 que Andreiy Lunin ser\u00e1 titular contra el Almer\u00eda el s\u00e1bado y \u00aben los pr\u00f3ximos partidos veremos\u00bb si toma el relevo el reci\u00e9n llegado Kepa Arrizabalaga. Kepa \u00abse est\u00e1 adaptando muy bien, la primera semana de trabajo ha demostrado lo que ya conocemos: mucha calidad y&nbsp;Continuar leyendo","og_url":"http:\/\/www.sporthiva.com\/index.php\/2023\/08\/18\/ancelotti-confirma-que-lunin-sera-el-portero-en-almeria\/","og_site_name":"Sporthiva Online","article_published_time":"2023-08-18T16:29:22+00:00","og_image":[{"width":1200,"height":675,"url":"http:\/\/www.sporthiva.com\/wp-content\/uploads\/2023\/08\/190819_1193868.jpg","type":"image\/jpeg"}],"twitter_card":"summary","twitter_misc":{"Escrito por":"Evelyn Pineda","Tiempo de lectura":"2 minutos"},"schema":{"@context":"https:\/\/schema.org","@graph":[{"@type":"WebSite","@id":"http:\/\/www.sporthiva.com\/#website","url":"http:\/\/www.sporthiva.com\/","name":"Sporthiva Online","description":"Sporthiva Online","potentialAction":[{"@type":"SearchAction","target":{"@type":"EntryPoint","urlTemplate":"http:\/\/www.sporthiva.com\/?s={search_term_string}"},"query-input":"required name=search_term_string"}],"inLanguage":"es"},{"@type":"ImageObject","@id":"http:\/\/www.sporthiva.com\/index.php\/2023\/08\/18\/ancelotti-confirma-que-lunin-sera-el-portero-en-almeria\/#primaryimage","inLanguage":"es","url":"http:\/\/www.sporthiva.com\/wp-content\/uploads\/2023\/08\/190819_1193868.jpg","contentUrl":"http:\/\/www.sporthiva.com\/wp-content\/uploads\/2023\/08\/190819_1193868.jpg","width":1200,"height":675},{"@type":"WebPage","@id":"http:\/\/www.sporthiva.com\/index.php\/2023\/08\/18\/ancelotti-confirma-que-lunin-sera-el-portero-en-almeria\/#webpage","url":"http:\/\/www.sporthiva.com\/index.php\/2023\/08\/18\/ancelotti-confirma-que-lunin-sera-el-portero-en-almeria\/","name":"Ancelotti confirma que Lunin ser\u00e1 el portero en Almer\u00eda - Sporthiva Online","isPartOf":{"@id":"http:\/\/www.sporthiva.com\/#website"},"primaryImageOfPage":{"@id":"http:\/\/www.sporthiva.com\/index.php\/2023\/08\/18\/ancelotti-confirma-que-lunin-sera-el-portero-en-almeria\/#primaryimage"},"datePublished":"2023-08-18T16:29:22+00:00","dateModified":"2023-08-18T16:29:22+00:00","author":{"@id":"http:\/\/www.sporthiva.com\/#\/schema\/person\/551718db343e60bf7d707f9085b1e611"},"breadcrumb":{"@id":"http:\/\/www.sporthiva.com\/index.php\/2023\/08\/18\/ancelotti-confirma-que-lunin-sera-el-portero-en-almeria\/#breadcrumb"},"inLanguage":"es","potentialAction":[{"@type":"ReadAction","target":["http:\/\/www.sporthiva.com\/index.php\/2023\/08\/18\/ancelotti-confirma-que-lunin-sera-el-portero-en-almeria\/"]}]},{"@type":"BreadcrumbList","@id":"http:\/\/www.sporthiva.com\/index.php\/2023\/08\/18\/ancelotti-confirma-que-lunin-sera-el-portero-en-almeria\/#breadcrumb","itemListElement":[{"@type":"ListItem","position":1,"name":"Portada","item":"http:\/\/www.sporthiva.com\/"},{"@type":"ListItem","position":2,"name":"Ancelotti confirma que Lunin ser\u00e1 el portero en Almer\u00eda"}]},{"@type":"Person","@id":"http:\/\/www.sporthiva.com\/#\/schema\/person\/551718db343e60bf7d707f9085b1e611","name":"Evelyn Pineda","image":{"@type":"ImageObject","@id":"http:\/\/www.sporthiva.com\/#personlogo","inLanguage":"es","url":"http:\/\/1.gravatar.com\/avatar\/73932ff8109aee94864b4504adf4d91e?s=96&d=mm&r=g","contentUrl":"http:\/\/1.gravatar.com\/avatar\/73932ff8109aee94864b4504adf4d91e?s=96&d=mm&r=g","caption":"Evelyn Pineda"},"sameAs":["http:\/\/www.sporthiva.com\/"],"url":"http:\/\/www.sporthiva.com\/index.php\/author\/epineda\/"}]}},"_links":{"self":[{"href":"http:\/\/www.sporthiva.com\/index.php\/wp-json\/wp\/v2\/posts\/147290"}],"collection":[{"href":"http:\/\/www.sporthiva.com\/index.php\/wp-json\/wp\/v2\/posts"}],"about":[{"href":"http:\/\/www.sporthiva.com\/index.php\/wp-json\/wp\/v2\/types\/post"}],"author":[{"embeddable":true,"href":"http:\/\/www.sporthiva.com\/index.php\/wp-json\/wp\/v2\/users\/7"}],"replies":[{"embeddable":true,"href":"http:\/\/www.sporthiva.com\/index.php\/wp-json\/wp\/v2\/comments?post=147290"}],"version-history":[{"count":1,"href":"http:\/\/www.sporthiva.com\/index.php\/wp-json\/wp\/v2\/posts\/147290\/revisions"}],"predecessor-version":[{"id":147292,"href":"http:\/\/www.sporthiva.com\/index.php\/wp-json\/wp\/v2\/posts\/147290\/revisions\/147292"}],"wp:featuredmedia":[{"embeddable":true,"href":"http:\/\/www.sporthiva.com\/index.php\/wp-json\/wp\/v2\/media\/147291"}],"wp:attachment":[{"href":"http:\/\/www.sporthiva.com\/index.php\/wp-json\/wp\/v2\/media?parent=147290"}],"wp:term":[{"taxonomy":"category","embeddable":true,"href":"http:\/\/www.sporthiva.com\/index.php\/wp-json\/wp\/v2\/categories?post=147290"},{"taxonomy":"post_tag","embeddable":true,"href":"http:\/\/www.sporthiva.com\/index.php\/wp-json\/wp\/v2\/tags?post=147290"}],"curies":[{"name":"wp","href":"https:\/\/api.w.org\/{rel}","templated":true}]}}