{"id":152189,"date":"2023-10-25T20:58:31","date_gmt":"2023-10-26T02:58:31","guid":{"rendered":"http:\/\/www.sporthiva.com\/?p=152189"},"modified":"2023-10-25T21:00:54","modified_gmt":"2023-10-26T03:00:54","slug":"xavi-critica-el-tuit-de-un-directivo-del-barcelona-contra-vinicius","status":"publish","type":"post","link":"http:\/\/www.sporthiva.com\/index.php\/2023\/10\/25\/xavi-critica-el-tuit-de-un-directivo-del-barcelona-contra-vinicius\/","title":{"rendered":"Xavi critica el tuit de un directivo del Barcelona contra Vinicius"},"content":{"rendered":"<p><strong>Barcelona, Espa\u00f1a<\/strong><\/p>\n<p class=\"com-paragraph --capital --s\">El entrenador del C Barcelona, Xavi Hern\u00e1ndez, admiti\u00f3 que no le gust\u00f3 una publicaci\u00f3n de un directivo del club azulgrana criticando a Vinicius y minimizando los insultos racistas de que ha sido v\u00edctima en varias ocasiones a pocos d\u00edas del Cl\u00e1sico liguero.<\/p>\n<p class=\"com-paragraph --s\">\u00abNo me gusta nada que suba tensi\u00f3n, ni que se condicione a los \u00e1rbitros, ni este tuit. Me gusta el juego limpio y la admiraci\u00f3n mutua\u00bb, dijo este mi\u00e9rcoles Xavi, tras la victoria 2-1 sobre el Shakhtar Donetsk en Champions.<\/p>\n<p class=\"com-paragraph --s\">\u00abSi lo borr\u00f3, ya nos quedamos con eso. Lo ha borrado\u00bb, a\u00f1adi\u00f3 el t\u00e9cnico azulgrana.<\/p>\n<p><strong>Vea adem\u00e1s: <\/strong><a href=\"http:\/\/www.sporthiva.com\/index.php\/2023\/10\/25\/con-un-triplete-de-evanilson-oporto-golea-al-amberes\/\"><strong>Con un triplete de Evanilson, Oporto golea al Amberes<\/strong><\/a><\/p>\n<p class=\"com-paragraph --s\">\u00abNo es racismo, se merece una colleja por payaso y vacil\u00f3n, qu\u00e9 representan estas bicicletas innecesarias y sin sentido en el centro del campo\u00bb, escribi\u00f3 el martes en la red X, antes Twitter, el portavoz adjunto de la junta directiva del Barcelona, Mikel Camps.<\/p>\n<p class=\"com-paragraph --s\">El directivo azulgrana borr\u00f3 despu\u00e9s este tuit, publicado con motivo de una acci\u00f3n de Vinicius en la victoria del Real Madrid 2-1 contra el Braga en Champions, que tambi\u00e9n le vali\u00f3 muchos abucheos del p\u00fablico portugu\u00e9s.<\/p>\n<p class=\"com-paragraph --s\">La publicaci\u00f3n llegaba despu\u00e9s de que el brasile\u00f1o fuera objeto de insultos racistas el fin de semana en el empate 1-1 con el Sevilla, que expuls\u00f3 a unos de sus aficionados del estadio.<\/p>\n<p><strong>Le interesa tambi\u00e9n: <\/strong><a href=\"http:\/\/www.sporthiva.com\/index.php\/2023\/10\/25\/luis-palma-anota-su-primer-gol-en-champions-league\/\"><strong>Luis Palma anota su primer gol en Champions League<\/strong><\/a><\/p>\n<p class=\"com-paragraph --s\">Pese a que Camps elimin\u00f3 su publicaci\u00f3n, los medios espa\u00f1oles afirmaron este mi\u00e9rcoles que el presidente del Real Madrid, Florentino P\u00e9rez, no acudir\u00e1 al partido contra el Barcelona de la 11\u00aa jornada de Liga el s\u00e1bado.<\/p>\n<p class=\"com-paragraph --s\">El vicepresidente deportivo del Barcelona, Rafa Yuste, pidi\u00f3 disculpas a Vinicius durante el partido contra el Shakhtar en el micro de Movistar+.<\/p>\n<p>\u00abSi me est\u00e1 oyendo este jugador, Vinicius, decir de parte del vicepresidente deportivo que es un tuit desafortunado y que no se va a volver a repetir ni por parte de mi compa\u00f1ero Mikel Camps ni de ning\u00fan otro directivo\u00bb, afirm\u00f3 Yuste.<\/p>\n","protected":false},"excerpt":{"rendered":"<p>Barcelona, Espa\u00f1a El entrenador del C Barcelona, Xavi Hern\u00e1ndez, admiti\u00f3 que no le gust\u00f3 una publicaci\u00f3n de un directivo del club azulgrana criticando a Vinicius y minimizando los insultos racistas de que ha sido v\u00edctima en varias ocasiones a pocos d\u00edas del Cl\u00e1sico liguero. \u00abNo me gusta nada que suba tensi\u00f3n, ni que se condicione&nbsp;<\/p>\n<p><a class=\"btn btn-style\" href=\"http:\/\/www.sporthiva.com\/index.php\/2023\/10\/25\/xavi-critica-el-tuit-de-un-directivo-del-barcelona-contra-vinicius\/\">Continuar leyendo<\/a><\/p>\n","protected":false},"author":7,"featured_media":0,"comment_status":"open","ping_status":"open","sticky":false,"template":"","format":"standard","meta":{"qubely_global_settings":"","qubely_interactions":""},"categories":[563],"tags":[25,1322,233],"qubely_featured_image_url":null,"qubely_author":{"display_name":"Evelyn Pineda","author_link":"http:\/\/www.sporthiva.com\/index.php\/author\/epineda\/"},"qubely_comment":0,"qubely_category":"<a href=\"http:\/\/www.sporthiva.com\/index.php\/category\/internacionales\/\" rel=\"category tag\">Internacionales<\/a>","qubely_excerpt":"Barcelona, Espa\u00f1a El entrenador del C Barcelona, Xavi Hern\u00e1ndez, admiti\u00f3 que no le gust\u00f3 una publicaci\u00f3n de un directivo del club azulgrana criticando a Vinicius y minimizando los insultos racistas de que ha sido v\u00edctima en varias ocasiones a pocos d\u00edas del Cl\u00e1sico liguero. \u00abNo me gusta nada que suba tensi\u00f3n, ni que se condicione&nbsp;Continuar&hellip;","yoast_head":"<!-- This site is optimized with the Yoast SEO plugin v17.8 - https:\/\/yoast.com\/wordpress\/plugins\/seo\/ -->\n<title>Xavi critica el tuit de un directivo del Barcelona contra Vinicius - Sporthiva Online<\/title>\n<meta name=\"robots\" content=\"index, follow, max-snippet:-1, max-image-preview:large, max-video-preview:-1\" \/>\n<link rel=\"canonical\" href=\"http:\/\/www.sporthiva.com\/index.php\/2023\/10\/25\/xavi-critica-el-tuit-de-un-directivo-del-barcelona-contra-vinicius\/\" \/>\n<meta property=\"og:locale\" content=\"es_ES\" \/>\n<meta property=\"og:type\" content=\"article\" \/>\n<meta property=\"og:title\" content=\"Xavi critica el tuit de un directivo del Barcelona contra Vinicius - Sporthiva Online\" \/>\n<meta property=\"og:description\" content=\"Barcelona, Espa\u00f1a El entrenador del C Barcelona, Xavi Hern\u00e1ndez, admiti\u00f3 que no le gust\u00f3 una publicaci\u00f3n de un directivo del club azulgrana criticando a Vinicius y minimizando los insultos racistas de que ha sido v\u00edctima en varias ocasiones a pocos d\u00edas del Cl\u00e1sico liguero. \u00abNo me gusta nada que suba tensi\u00f3n, ni que se condicione&nbsp;Continuar leyendo\" \/>\n<meta property=\"og:url\" content=\"http:\/\/www.sporthiva.com\/index.php\/2023\/10\/25\/xavi-critica-el-tuit-de-un-directivo-del-barcelona-contra-vinicius\/\" \/>\n<meta property=\"og:site_name\" content=\"Sporthiva Online\" \/>\n<meta property=\"article:published_time\" content=\"2023-10-26T02:58:31+00:00\" \/>\n<meta property=\"article:modified_time\" content=\"2023-10-26T03:00:54+00:00\" \/>\n<meta name=\"twitter:card\" content=\"summary\" \/>\n<meta name=\"twitter:label1\" content=\"Escrito por\" \/>\n\t<meta name=\"twitter:data1\" content=\"Evelyn Pineda\" \/>\n\t<meta name=\"twitter:label2\" content=\"Tiempo de lectura\" \/>\n\t<meta name=\"twitter:data2\" content=\"2 minutos\" \/>\n<script type=\"application\/ld+json\" class=\"yoast-schema-graph\">{\"@context\":\"https:\/\/schema.org\",\"@graph\":[{\"@type\":\"WebSite\",\"@id\":\"http:\/\/www.sporthiva.com\/#website\",\"url\":\"http:\/\/www.sporthiva.com\/\",\"name\":\"Sporthiva Online\",\"description\":\"Sporthiva Online\",\"potentialAction\":[{\"@type\":\"SearchAction\",\"target\":{\"@type\":\"EntryPoint\",\"urlTemplate\":\"http:\/\/www.sporthiva.com\/?s={search_term_string}\"},\"query-input\":\"required name=search_term_string\"}],\"inLanguage\":\"es\"},{\"@type\":\"WebPage\",\"@id\":\"http:\/\/www.sporthiva.com\/index.php\/2023\/10\/25\/xavi-critica-el-tuit-de-un-directivo-del-barcelona-contra-vinicius\/#webpage\",\"url\":\"http:\/\/www.sporthiva.com\/index.php\/2023\/10\/25\/xavi-critica-el-tuit-de-un-directivo-del-barcelona-contra-vinicius\/\",\"name\":\"Xavi critica el tuit de un directivo del Barcelona contra Vinicius - Sporthiva Online\",\"isPartOf\":{\"@id\":\"http:\/\/www.sporthiva.com\/#website\"},\"datePublished\":\"2023-10-26T02:58:31+00:00\",\"dateModified\":\"2023-10-26T03:00:54+00:00\",\"author\":{\"@id\":\"http:\/\/www.sporthiva.com\/#\/schema\/person\/551718db343e60bf7d707f9085b1e611\"},\"breadcrumb\":{\"@id\":\"http:\/\/www.sporthiva.com\/index.php\/2023\/10\/25\/xavi-critica-el-tuit-de-un-directivo-del-barcelona-contra-vinicius\/#breadcrumb\"},\"inLanguage\":\"es\",\"potentialAction\":[{\"@type\":\"ReadAction\",\"target\":[\"http:\/\/www.sporthiva.com\/index.php\/2023\/10\/25\/xavi-critica-el-tuit-de-un-directivo-del-barcelona-contra-vinicius\/\"]}]},{\"@type\":\"BreadcrumbList\",\"@id\":\"http:\/\/www.sporthiva.com\/index.php\/2023\/10\/25\/xavi-critica-el-tuit-de-un-directivo-del-barcelona-contra-vinicius\/#breadcrumb\",\"itemListElement\":[{\"@type\":\"ListItem\",\"position\":1,\"name\":\"Portada\",\"item\":\"http:\/\/www.sporthiva.com\/\"},{\"@type\":\"ListItem\",\"position\":2,\"name\":\"Xavi critica el tuit de un directivo del Barcelona contra Vinicius\"}]},{\"@type\":\"Person\",\"@id\":\"http:\/\/www.sporthiva.com\/#\/schema\/person\/551718db343e60bf7d707f9085b1e611\",\"name\":\"Evelyn Pineda\",\"image\":{\"@type\":\"ImageObject\",\"@id\":\"http:\/\/www.sporthiva.com\/#personlogo\",\"inLanguage\":\"es\",\"url\":\"http:\/\/1.gravatar.com\/avatar\/73932ff8109aee94864b4504adf4d91e?s=96&d=mm&r=g\",\"contentUrl\":\"http:\/\/1.gravatar.com\/avatar\/73932ff8109aee94864b4504adf4d91e?s=96&d=mm&r=g\",\"caption\":\"Evelyn Pineda\"},\"sameAs\":[\"http:\/\/www.sporthiva.com\/\"],\"url\":\"http:\/\/www.sporthiva.com\/index.php\/author\/epineda\/\"}]}<\/script>\n<!-- \/ Yoast SEO plugin. -->","yoast_head_json":{"title":"Xavi critica el tuit de un directivo del Barcelona contra Vinicius - Sporthiva Online","robots":{"index":"index","follow":"follow","max-snippet":"max-snippet:-1","max-image-preview":"max-image-preview:large","max-video-preview":"max-video-preview:-1"},"canonical":"http:\/\/www.sporthiva.com\/index.php\/2023\/10\/25\/xavi-critica-el-tuit-de-un-directivo-del-barcelona-contra-vinicius\/","og_locale":"es_ES","og_type":"article","og_title":"Xavi critica el tuit de un directivo del Barcelona contra Vinicius - Sporthiva Online","og_description":"Barcelona, Espa\u00f1a El entrenador del C Barcelona, Xavi Hern\u00e1ndez, admiti\u00f3 que no le gust\u00f3 una publicaci\u00f3n de un directivo del club azulgrana criticando a Vinicius y minimizando los insultos racistas de que ha sido v\u00edctima en varias ocasiones a pocos d\u00edas del Cl\u00e1sico liguero. \u00abNo me gusta nada que suba tensi\u00f3n, ni que se condicione&nbsp;Continuar leyendo","og_url":"http:\/\/www.sporthiva.com\/index.php\/2023\/10\/25\/xavi-critica-el-tuit-de-un-directivo-del-barcelona-contra-vinicius\/","og_site_name":"Sporthiva Online","article_published_time":"2023-10-26T02:58:31+00:00","article_modified_time":"2023-10-26T03:00:54+00:00","twitter_card":"summary","twitter_misc":{"Escrito por":"Evelyn Pineda","Tiempo de lectura":"2 minutos"},"schema":{"@context":"https:\/\/schema.org","@graph":[{"@type":"WebSite","@id":"http:\/\/www.sporthiva.com\/#website","url":"http:\/\/www.sporthiva.com\/","name":"Sporthiva Online","description":"Sporthiva Online","potentialAction":[{"@type":"SearchAction","target":{"@type":"EntryPoint","urlTemplate":"http:\/\/www.sporthiva.com\/?s={search_term_string}"},"query-input":"required name=search_term_string"}],"inLanguage":"es"},{"@type":"WebPage","@id":"http:\/\/www.sporthiva.com\/index.php\/2023\/10\/25\/xavi-critica-el-tuit-de-un-directivo-del-barcelona-contra-vinicius\/#webpage","url":"http:\/\/www.sporthiva.com\/index.php\/2023\/10\/25\/xavi-critica-el-tuit-de-un-directivo-del-barcelona-contra-vinicius\/","name":"Xavi critica el tuit de un directivo del Barcelona contra Vinicius - Sporthiva Online","isPartOf":{"@id":"http:\/\/www.sporthiva.com\/#website"},"datePublished":"2023-10-26T02:58:31+00:00","dateModified":"2023-10-26T03:00:54+00:00","author":{"@id":"http:\/\/www.sporthiva.com\/#\/schema\/person\/551718db343e60bf7d707f9085b1e611"},"breadcrumb":{"@id":"http:\/\/www.sporthiva.com\/index.php\/2023\/10\/25\/xavi-critica-el-tuit-de-un-directivo-del-barcelona-contra-vinicius\/#breadcrumb"},"inLanguage":"es","potentialAction":[{"@type":"ReadAction","target":["http:\/\/www.sporthiva.com\/index.php\/2023\/10\/25\/xavi-critica-el-tuit-de-un-directivo-del-barcelona-contra-vinicius\/"]}]},{"@type":"BreadcrumbList","@id":"http:\/\/www.sporthiva.com\/index.php\/2023\/10\/25\/xavi-critica-el-tuit-de-un-directivo-del-barcelona-contra-vinicius\/#breadcrumb","itemListElement":[{"@type":"ListItem","position":1,"name":"Portada","item":"http:\/\/www.sporthiva.com\/"},{"@type":"ListItem","position":2,"name":"Xavi critica el tuit de un directivo del Barcelona contra Vinicius"}]},{"@type":"Person","@id":"http:\/\/www.sporthiva.com\/#\/schema\/person\/551718db343e60bf7d707f9085b1e611","name":"Evelyn Pineda","image":{"@type":"ImageObject","@id":"http:\/\/www.sporthiva.com\/#personlogo","inLanguage":"es","url":"http:\/\/1.gravatar.com\/avatar\/73932ff8109aee94864b4504adf4d91e?s=96&d=mm&r=g","contentUrl":"http:\/\/1.gravatar.com\/avatar\/73932ff8109aee94864b4504adf4d91e?s=96&d=mm&r=g","caption":"Evelyn Pineda"},"sameAs":["http:\/\/www.sporthiva.com\/"],"url":"http:\/\/www.sporthiva.com\/index.php\/author\/epineda\/"}]}},"_links":{"self":[{"href":"http:\/\/www.sporthiva.com\/index.php\/wp-json\/wp\/v2\/posts\/152189"}],"collection":[{"href":"http:\/\/www.sporthiva.com\/index.php\/wp-json\/wp\/v2\/posts"}],"about":[{"href":"http:\/\/www.sporthiva.com\/index.php\/wp-json\/wp\/v2\/types\/post"}],"author":[{"embeddable":true,"href":"http:\/\/www.sporthiva.com\/index.php\/wp-json\/wp\/v2\/users\/7"}],"replies":[{"embeddable":true,"href":"http:\/\/www.sporthiva.com\/index.php\/wp-json\/wp\/v2\/comments?post=152189"}],"version-history":[{"count":1,"href":"http:\/\/www.sporthiva.com\/index.php\/wp-json\/wp\/v2\/posts\/152189\/revisions"}],"predecessor-version":[{"id":152191,"href":"http:\/\/www.sporthiva.com\/index.php\/wp-json\/wp\/v2\/posts\/152189\/revisions\/152191"}],"wp:attachment":[{"href":"http:\/\/www.sporthiva.com\/index.php\/wp-json\/wp\/v2\/media?parent=152189"}],"wp:term":[{"taxonomy":"category","embeddable":true,"href":"http:\/\/www.sporthiva.com\/index.php\/wp-json\/wp\/v2\/categories?post=152189"},{"taxonomy":"post_tag","embeddable":true,"href":"http:\/\/www.sporthiva.com\/index.php\/wp-json\/wp\/v2\/tags?post=152189"}],"curies":[{"name":"wp","href":"https:\/\/api.w.org\/{rel}","templated":true}]}}