{"id":154877,"date":"2023-12-12T22:05:21","date_gmt":"2023-12-13T04:05:21","guid":{"rendered":"http:\/\/www.sporthiva.com\/?p=154877"},"modified":"2023-12-12T22:05:21","modified_gmt":"2023-12-13T04:05:21","slug":"lafc-de-la-mls-no-comprara-a-denil-maldonado","status":"publish","type":"post","link":"http:\/\/www.sporthiva.com\/index.php\/2023\/12\/12\/lafc-de-la-mls-no-comprara-a-denil-maldonado\/","title":{"rendered":"LAFC de la MLS no comprar\u00e1 a Denil Maldonado"},"content":{"rendered":"<p><strong>Los \u00c1ngeles, Estados Unidos<\/strong><\/p>\n<div id=\"mvp-content-main\" class=\"left relative\">\n<p>Los \u00c1ngeles FC de la MLS ha lanzado un comunicado oficial este martes sobre el futuro de varios de sus jugadores de cara a la temporada 2024.\u00a0 El equipo estadounidense anunci\u00f3 que no van a ejercer la opci\u00f3n de compra del defensa hondure\u00f1o Denil Maldonado.<\/p>\n<p>\u201cEl Club rechaz\u00f3 las opciones de contrato sobre los mediocampistas Christian Torres y Danny Crisostomo, los defensores Julian Gaines, Tony Leone, Mohamed Traore, Denil Maldonado, Diego Rosales y los porteros John McCarthy y Eldin Jakupovic\u201d, inform\u00f3 LAFC.<\/p>\n<p><strong>Vea adem\u00e1s: <\/strong><a href=\"http:\/\/www.sporthiva.com\/index.php\/2023\/12\/12\/luis-garrido-es-presentado-como-nuevo-jugador-del-perez-zeledon-de-costa-rica\/\"><strong>Luis Garrido es presentado como nuevo jugador del P\u00e9rez Zeled\u00f3n de Costa Rica<\/strong><\/a><\/p>\n<p>A pesar de no comprar la ficha deportiva del futbolista\u00a0 catracho, el equipo angelino detall\u00f3 que lo pondr\u00e1n junto a Jakupovic y Crisostomo para ser elegibles para el proceso de Draft de Reingreso a la MLS.<\/p>\n<p>El equipo californiano si decidi\u00f3 ejercer las opciones de compras del defensa Jes\u00fas Murillo, los mediocampistas Ilie S\u00e1nchez y Erik Due\u00f1as, y el portero Abraham Romero.<\/p>\n<p><strong>Le interesa tambi\u00e9n: <\/strong><a href=\"http:\/\/www.sporthiva.com\/index.php\/2023\/12\/12\/melissa-borjas-pastrana-candidata-a-arbitra-del-ano-2023\/\"><strong>Melissa Borjas Pastrana, candidata a \u00e1rbitra del a\u00f1o 2023<\/strong><\/a><\/p>\n<\/div>\n<p>Ahora bien, pese que Los \u00c1ngeles FC anunciaron que no van a comprar a Denil Maldonado, el club estadounidense quiere que el hondure\u00f1o siga, pero con un nuevo contrato y y no con la opci\u00f3n de comprar la ficha deportiva, lo que deja abierta la posibilidad que el jugador que pertenece a Motagua, siga en el equipo de la MLS.<\/p>\n<div id=\"mvp-content-main\" class=\"left relative\">\n<p>Maldonado, termin\u00f3 suplente la temporada, donde jug\u00f3 21 partidos, 19 de titular, acumul\u00f3 1,672 minutos y anot\u00f3 un gol.<\/p>\n<\/div>\n","protected":false},"excerpt":{"rendered":"<p>Los \u00c1ngeles, Estados Unidos Los \u00c1ngeles FC de la MLS ha lanzado un comunicado oficial este martes sobre el futuro de varios de sus jugadores de cara a la temporada 2024.\u00a0 El equipo estadounidense anunci\u00f3 que no van a ejercer la opci\u00f3n de compra del defensa hondure\u00f1o Denil Maldonado. \u201cEl Club rechaz\u00f3 las opciones de&nbsp;<\/p>\n<p><a class=\"btn btn-style\" href=\"http:\/\/www.sporthiva.com\/index.php\/2023\/12\/12\/lafc-de-la-mls-no-comprara-a-denil-maldonado\/\">Continuar leyendo<\/a><\/p>\n","protected":false},"author":7,"featured_media":154880,"comment_status":"open","ping_status":"open","sticky":false,"template":"","format":"standard","meta":{"qubely_global_settings":"","qubely_interactions":""},"categories":[12],"tags":[1218,4706,208],"qubely_featured_image_url":{"full":["http:\/\/www.sporthiva.com\/wp-content\/uploads\/2023\/12\/denil-maldonado.jpg",1280,720,false],"landscape":["http:\/\/www.sporthiva.com\/wp-content\/uploads\/2023\/12\/denil-maldonado-1200x720.jpg",1200,720,true],"portraits":["http:\/\/www.sporthiva.com\/wp-content\/uploads\/2023\/12\/denil-maldonado-540x320.jpg",540,320,true],"thumbnail":["http:\/\/www.sporthiva.com\/wp-content\/uploads\/2023\/12\/denil-maldonado-150x150.jpg",150,150,true],"medium":["http:\/\/www.sporthiva.com\/wp-content\/uploads\/2023\/12\/denil-maldonado-675x379.jpg",675,379,true],"medium_large":["http:\/\/www.sporthiva.com\/wp-content\/uploads\/2023\/12\/denil-maldonado-768x432.jpg",768,432,true],"large":["http:\/\/www.sporthiva.com\/wp-content\/uploads\/2023\/12\/denil-maldonado.jpg",1280,720,false],"1536x1536":["http:\/\/www.sporthiva.com\/wp-content\/uploads\/2023\/12\/denil-maldonado.jpg",1280,720,false],"2048x2048":["http:\/\/www.sporthiva.com\/wp-content\/uploads\/2023\/12\/denil-maldonado.jpg",1280,720,false],"alm-thumbnail":["http:\/\/www.sporthiva.com\/wp-content\/uploads\/2023\/12\/denil-maldonado-150x150.jpg",150,150,true],"qubely_landscape":["http:\/\/www.sporthiva.com\/wp-content\/uploads\/2023\/12\/denil-maldonado-1200x720.jpg",1200,720,true],"qubely_portrait":["http:\/\/www.sporthiva.com\/wp-content\/uploads\/2023\/12\/denil-maldonado-540x320.jpg",540,320,true],"qubely_thumbnail":["http:\/\/www.sporthiva.com\/wp-content\/uploads\/2023\/12\/denil-maldonado-140x100.jpg",140,100,true],"sportspress-crop-medium":["http:\/\/www.sporthiva.com\/wp-content\/uploads\/2023\/12\/denil-maldonado-300x300.jpg",300,300,true],"sportspress-fit-medium":["http:\/\/www.sporthiva.com\/wp-content\/uploads\/2023\/12\/denil-maldonado-300x169.jpg",300,169,true],"sportspress-fit-icon":["http:\/\/www.sporthiva.com\/wp-content\/uploads\/2023\/12\/denil-maldonado-128x72.jpg",128,72,true],"sportspress-fit-mini":["http:\/\/www.sporthiva.com\/wp-content\/uploads\/2023\/12\/denil-maldonado-32x18.jpg",32,18,true],"heighlights":["http:\/\/www.sporthiva.com\/wp-content\/uploads\/2023\/12\/denil-maldonado-460x500.jpg",460,500,true],"video-thumb":["http:\/\/www.sporthiva.com\/wp-content\/uploads\/2023\/12\/denil-maldonado-360x235.jpg",360,235,true],"video-thumb2":["http:\/\/www.sporthiva.com\/wp-content\/uploads\/2023\/12\/denil-maldonado-360x422.jpg",360,422,true],"blog-thumb":["http:\/\/www.sporthiva.com\/wp-content\/uploads\/2023\/12\/denil-maldonado-175x150.jpg",175,150,true],"blog-medium":["http:\/\/www.sporthiva.com\/wp-content\/uploads\/2023\/12\/denil-maldonado-750x350.jpg",750,350,true],"blog-full":["http:\/\/www.sporthiva.com\/wp-content\/uploads\/2023\/12\/denil-maldonado-1140x550.jpg",1140,550,true],"popular-post":["http:\/\/www.sporthiva.com\/wp-content\/uploads\/2023\/12\/denil-maldonado-560x510.jpg",560,510,true],"heighlights-post":["http:\/\/www.sporthiva.com\/wp-content\/uploads\/2023\/12\/denil-maldonado-262x236.jpg",262,236,true],"player-thumb":["http:\/\/www.sporthiva.com\/wp-content\/uploads\/2023\/12\/denil-maldonado-270x150.jpg",270,150,true],"wp_rp_thumbnail":["http:\/\/www.sporthiva.com\/wp-content\/uploads\/2023\/12\/denil-maldonado-150x150.jpg",150,150,true]},"qubely_author":{"display_name":"Evelyn Pineda","author_link":"http:\/\/www.sporthiva.com\/index.php\/author\/epineda\/"},"qubely_comment":0,"qubely_category":"<a href=\"http:\/\/www.sporthiva.com\/index.php\/category\/noticias\/\" rel=\"category tag\">Noticias<\/a>","qubely_excerpt":"Los \u00c1ngeles, Estados Unidos Los \u00c1ngeles FC de la MLS ha lanzado un comunicado oficial este martes sobre el futuro de varios de sus jugadores de cara a la temporada 2024.\u00a0 El equipo estadounidense anunci\u00f3 que no van a ejercer la opci\u00f3n de compra del defensa hondure\u00f1o Denil Maldonado. \u201cEl Club rechaz\u00f3 las opciones de&nbsp;Continuar&hellip;","yoast_head":"<!-- This site is optimized with the Yoast SEO plugin v17.8 - https:\/\/yoast.com\/wordpress\/plugins\/seo\/ -->\n<title>LAFC de la MLS no comprar\u00e1 a Denil Maldonado - Sporthiva Online<\/title>\n<meta name=\"robots\" content=\"index, follow, max-snippet:-1, max-image-preview:large, max-video-preview:-1\" \/>\n<link rel=\"canonical\" href=\"http:\/\/www.sporthiva.com\/index.php\/2023\/12\/12\/lafc-de-la-mls-no-comprara-a-denil-maldonado\/\" \/>\n<meta property=\"og:locale\" content=\"es_ES\" \/>\n<meta property=\"og:type\" content=\"article\" \/>\n<meta property=\"og:title\" content=\"LAFC de la MLS no comprar\u00e1 a Denil Maldonado - Sporthiva Online\" \/>\n<meta property=\"og:description\" content=\"Los \u00c1ngeles, Estados Unidos Los \u00c1ngeles FC de la MLS ha lanzado un comunicado oficial este martes sobre el futuro de varios de sus jugadores de cara a la temporada 2024.\u00a0 El equipo estadounidense anunci\u00f3 que no van a ejercer la opci\u00f3n de compra del defensa hondure\u00f1o Denil Maldonado. \u201cEl Club rechaz\u00f3 las opciones de&nbsp;Continuar leyendo\" \/>\n<meta property=\"og:url\" content=\"http:\/\/www.sporthiva.com\/index.php\/2023\/12\/12\/lafc-de-la-mls-no-comprara-a-denil-maldonado\/\" \/>\n<meta property=\"og:site_name\" content=\"Sporthiva Online\" \/>\n<meta property=\"article:published_time\" content=\"2023-12-13T04:05:21+00:00\" \/>\n<meta property=\"og:image\" content=\"http:\/\/www.sporthiva.com\/wp-content\/uploads\/2023\/12\/denil-maldonado.jpg\" \/>\n\t<meta property=\"og:image:width\" content=\"1280\" \/>\n\t<meta property=\"og:image:height\" content=\"720\" \/>\n<meta name=\"twitter:card\" content=\"summary\" \/>\n<meta name=\"twitter:label1\" content=\"Escrito por\" \/>\n\t<meta name=\"twitter:data1\" content=\"Evelyn Pineda\" \/>\n\t<meta name=\"twitter:label2\" content=\"Tiempo de lectura\" \/>\n\t<meta name=\"twitter:data2\" content=\"1 minuto\" \/>\n<script type=\"application\/ld+json\" class=\"yoast-schema-graph\">{\"@context\":\"https:\/\/schema.org\",\"@graph\":[{\"@type\":\"WebSite\",\"@id\":\"http:\/\/www.sporthiva.com\/#website\",\"url\":\"http:\/\/www.sporthiva.com\/\",\"name\":\"Sporthiva Online\",\"description\":\"Sporthiva Online\",\"potentialAction\":[{\"@type\":\"SearchAction\",\"target\":{\"@type\":\"EntryPoint\",\"urlTemplate\":\"http:\/\/www.sporthiva.com\/?s={search_term_string}\"},\"query-input\":\"required name=search_term_string\"}],\"inLanguage\":\"es\"},{\"@type\":\"ImageObject\",\"@id\":\"http:\/\/www.sporthiva.com\/index.php\/2023\/12\/12\/lafc-de-la-mls-no-comprara-a-denil-maldonado\/#primaryimage\",\"inLanguage\":\"es\",\"url\":\"http:\/\/www.sporthiva.com\/wp-content\/uploads\/2023\/12\/denil-maldonado.jpg\",\"contentUrl\":\"http:\/\/www.sporthiva.com\/wp-content\/uploads\/2023\/12\/denil-maldonado.jpg\",\"width\":1280,\"height\":720},{\"@type\":\"WebPage\",\"@id\":\"http:\/\/www.sporthiva.com\/index.php\/2023\/12\/12\/lafc-de-la-mls-no-comprara-a-denil-maldonado\/#webpage\",\"url\":\"http:\/\/www.sporthiva.com\/index.php\/2023\/12\/12\/lafc-de-la-mls-no-comprara-a-denil-maldonado\/\",\"name\":\"LAFC de la MLS no comprar\\u00e1 a Denil Maldonado - Sporthiva Online\",\"isPartOf\":{\"@id\":\"http:\/\/www.sporthiva.com\/#website\"},\"primaryImageOfPage\":{\"@id\":\"http:\/\/www.sporthiva.com\/index.php\/2023\/12\/12\/lafc-de-la-mls-no-comprara-a-denil-maldonado\/#primaryimage\"},\"datePublished\":\"2023-12-13T04:05:21+00:00\",\"dateModified\":\"2023-12-13T04:05:21+00:00\",\"author\":{\"@id\":\"http:\/\/www.sporthiva.com\/#\/schema\/person\/551718db343e60bf7d707f9085b1e611\"},\"breadcrumb\":{\"@id\":\"http:\/\/www.sporthiva.com\/index.php\/2023\/12\/12\/lafc-de-la-mls-no-comprara-a-denil-maldonado\/#breadcrumb\"},\"inLanguage\":\"es\",\"potentialAction\":[{\"@type\":\"ReadAction\",\"target\":[\"http:\/\/www.sporthiva.com\/index.php\/2023\/12\/12\/lafc-de-la-mls-no-comprara-a-denil-maldonado\/\"]}]},{\"@type\":\"BreadcrumbList\",\"@id\":\"http:\/\/www.sporthiva.com\/index.php\/2023\/12\/12\/lafc-de-la-mls-no-comprara-a-denil-maldonado\/#breadcrumb\",\"itemListElement\":[{\"@type\":\"ListItem\",\"position\":1,\"name\":\"Portada\",\"item\":\"http:\/\/www.sporthiva.com\/\"},{\"@type\":\"ListItem\",\"position\":2,\"name\":\"LAFC de la MLS no comprar\\u00e1 a Denil Maldonado\"}]},{\"@type\":\"Person\",\"@id\":\"http:\/\/www.sporthiva.com\/#\/schema\/person\/551718db343e60bf7d707f9085b1e611\",\"name\":\"Evelyn Pineda\",\"image\":{\"@type\":\"ImageObject\",\"@id\":\"http:\/\/www.sporthiva.com\/#personlogo\",\"inLanguage\":\"es\",\"url\":\"http:\/\/1.gravatar.com\/avatar\/73932ff8109aee94864b4504adf4d91e?s=96&d=mm&r=g\",\"contentUrl\":\"http:\/\/1.gravatar.com\/avatar\/73932ff8109aee94864b4504adf4d91e?s=96&d=mm&r=g\",\"caption\":\"Evelyn Pineda\"},\"sameAs\":[\"http:\/\/www.sporthiva.com\/\"],\"url\":\"http:\/\/www.sporthiva.com\/index.php\/author\/epineda\/\"}]}<\/script>\n<!-- \/ Yoast SEO plugin. -->","yoast_head_json":{"title":"LAFC de la MLS no comprar\u00e1 a Denil Maldonado - Sporthiva Online","robots":{"index":"index","follow":"follow","max-snippet":"max-snippet:-1","max-image-preview":"max-image-preview:large","max-video-preview":"max-video-preview:-1"},"canonical":"http:\/\/www.sporthiva.com\/index.php\/2023\/12\/12\/lafc-de-la-mls-no-comprara-a-denil-maldonado\/","og_locale":"es_ES","og_type":"article","og_title":"LAFC de la MLS no comprar\u00e1 a Denil Maldonado - Sporthiva Online","og_description":"Los \u00c1ngeles, Estados Unidos Los \u00c1ngeles FC de la MLS ha lanzado un comunicado oficial este martes sobre el futuro de varios de sus jugadores de cara a la temporada 2024.\u00a0 El equipo estadounidense anunci\u00f3 que no van a ejercer la opci\u00f3n de compra del defensa hondure\u00f1o Denil Maldonado. \u201cEl Club rechaz\u00f3 las opciones de&nbsp;Continuar leyendo","og_url":"http:\/\/www.sporthiva.com\/index.php\/2023\/12\/12\/lafc-de-la-mls-no-comprara-a-denil-maldonado\/","og_site_name":"Sporthiva Online","article_published_time":"2023-12-13T04:05:21+00:00","og_image":[{"width":1280,"height":720,"url":"http:\/\/www.sporthiva.com\/wp-content\/uploads\/2023\/12\/denil-maldonado.jpg","type":"image\/jpeg"}],"twitter_card":"summary","twitter_misc":{"Escrito por":"Evelyn Pineda","Tiempo de lectura":"1 minuto"},"schema":{"@context":"https:\/\/schema.org","@graph":[{"@type":"WebSite","@id":"http:\/\/www.sporthiva.com\/#website","url":"http:\/\/www.sporthiva.com\/","name":"Sporthiva Online","description":"Sporthiva Online","potentialAction":[{"@type":"SearchAction","target":{"@type":"EntryPoint","urlTemplate":"http:\/\/www.sporthiva.com\/?s={search_term_string}"},"query-input":"required name=search_term_string"}],"inLanguage":"es"},{"@type":"ImageObject","@id":"http:\/\/www.sporthiva.com\/index.php\/2023\/12\/12\/lafc-de-la-mls-no-comprara-a-denil-maldonado\/#primaryimage","inLanguage":"es","url":"http:\/\/www.sporthiva.com\/wp-content\/uploads\/2023\/12\/denil-maldonado.jpg","contentUrl":"http:\/\/www.sporthiva.com\/wp-content\/uploads\/2023\/12\/denil-maldonado.jpg","width":1280,"height":720},{"@type":"WebPage","@id":"http:\/\/www.sporthiva.com\/index.php\/2023\/12\/12\/lafc-de-la-mls-no-comprara-a-denil-maldonado\/#webpage","url":"http:\/\/www.sporthiva.com\/index.php\/2023\/12\/12\/lafc-de-la-mls-no-comprara-a-denil-maldonado\/","name":"LAFC de la MLS no comprar\u00e1 a Denil Maldonado - Sporthiva Online","isPartOf":{"@id":"http:\/\/www.sporthiva.com\/#website"},"primaryImageOfPage":{"@id":"http:\/\/www.sporthiva.com\/index.php\/2023\/12\/12\/lafc-de-la-mls-no-comprara-a-denil-maldonado\/#primaryimage"},"datePublished":"2023-12-13T04:05:21+00:00","dateModified":"2023-12-13T04:05:21+00:00","author":{"@id":"http:\/\/www.sporthiva.com\/#\/schema\/person\/551718db343e60bf7d707f9085b1e611"},"breadcrumb":{"@id":"http:\/\/www.sporthiva.com\/index.php\/2023\/12\/12\/lafc-de-la-mls-no-comprara-a-denil-maldonado\/#breadcrumb"},"inLanguage":"es","potentialAction":[{"@type":"ReadAction","target":["http:\/\/www.sporthiva.com\/index.php\/2023\/12\/12\/lafc-de-la-mls-no-comprara-a-denil-maldonado\/"]}]},{"@type":"BreadcrumbList","@id":"http:\/\/www.sporthiva.com\/index.php\/2023\/12\/12\/lafc-de-la-mls-no-comprara-a-denil-maldonado\/#breadcrumb","itemListElement":[{"@type":"ListItem","position":1,"name":"Portada","item":"http:\/\/www.sporthiva.com\/"},{"@type":"ListItem","position":2,"name":"LAFC de la MLS no comprar\u00e1 a Denil Maldonado"}]},{"@type":"Person","@id":"http:\/\/www.sporthiva.com\/#\/schema\/person\/551718db343e60bf7d707f9085b1e611","name":"Evelyn Pineda","image":{"@type":"ImageObject","@id":"http:\/\/www.sporthiva.com\/#personlogo","inLanguage":"es","url":"http:\/\/1.gravatar.com\/avatar\/73932ff8109aee94864b4504adf4d91e?s=96&d=mm&r=g","contentUrl":"http:\/\/1.gravatar.com\/avatar\/73932ff8109aee94864b4504adf4d91e?s=96&d=mm&r=g","caption":"Evelyn Pineda"},"sameAs":["http:\/\/www.sporthiva.com\/"],"url":"http:\/\/www.sporthiva.com\/index.php\/author\/epineda\/"}]}},"_links":{"self":[{"href":"http:\/\/www.sporthiva.com\/index.php\/wp-json\/wp\/v2\/posts\/154877"}],"collection":[{"href":"http:\/\/www.sporthiva.com\/index.php\/wp-json\/wp\/v2\/posts"}],"about":[{"href":"http:\/\/www.sporthiva.com\/index.php\/wp-json\/wp\/v2\/types\/post"}],"author":[{"embeddable":true,"href":"http:\/\/www.sporthiva.com\/index.php\/wp-json\/wp\/v2\/users\/7"}],"replies":[{"embeddable":true,"href":"http:\/\/www.sporthiva.com\/index.php\/wp-json\/wp\/v2\/comments?post=154877"}],"version-history":[{"count":1,"href":"http:\/\/www.sporthiva.com\/index.php\/wp-json\/wp\/v2\/posts\/154877\/revisions"}],"predecessor-version":[{"id":154879,"href":"http:\/\/www.sporthiva.com\/index.php\/wp-json\/wp\/v2\/posts\/154877\/revisions\/154879"}],"wp:featuredmedia":[{"embeddable":true,"href":"http:\/\/www.sporthiva.com\/index.php\/wp-json\/wp\/v2\/media\/154880"}],"wp:attachment":[{"href":"http:\/\/www.sporthiva.com\/index.php\/wp-json\/wp\/v2\/media?parent=154877"}],"wp:term":[{"taxonomy":"category","embeddable":true,"href":"http:\/\/www.sporthiva.com\/index.php\/wp-json\/wp\/v2\/categories?post=154877"},{"taxonomy":"post_tag","embeddable":true,"href":"http:\/\/www.sporthiva.com\/index.php\/wp-json\/wp\/v2\/tags?post=154877"}],"curies":[{"name":"wp","href":"https:\/\/api.w.org\/{rel}","templated":true}]}}