{"id":157956,"date":"2024-02-02T15:23:27","date_gmt":"2024-02-02T21:23:27","guid":{"rendered":"http:\/\/www.sporthiva.com\/?p=157956"},"modified":"2024-02-02T15:23:27","modified_gmt":"2024-02-02T21:23:27","slug":"robert-prosinecki-nombrado-seleccionador-de-montenegro","status":"publish","type":"post","link":"http:\/\/www.sporthiva.com\/index.php\/2024\/02\/02\/robert-prosinecki-nombrado-seleccionador-de-montenegro\/","title":{"rendered":"Robert Prosinecki, nombrado seleccionador de Montenegro"},"content":{"rendered":"<p><strong>Podgorica, Montenegro<\/strong><\/p>\n<p>El exinternacional croata Robert Prosinecki fue nombrado seleccionador de Montenegro, anunci\u00f3 la federaci\u00f3n de f\u00fatbol del peque\u00f1o pa\u00eds balc\u00e1nico (FISC).<\/p>\n<p>Prosinecki, cuyo nombramiento fue aprobado por unanimidad por el comit\u00e9 ejecutivo de la Federaci\u00f3n, debe firmar un contrato de un a\u00f1o el domingo, indic\u00f3 la FISC en un comunicado.<\/p>\n<p>El excentrocampista, que jug\u00f3 para Croacia durante el Mundial-1998, sucede a Miodrag Radulovic, que no renov\u00f3 su contrato en diciembre. Prosinecki es el s\u00e9ptimo entrenador de Montenegro desde la independencia del pa\u00eds en 2006.<\/p>\n<p><strong>Vea adem\u00e1s: <\/strong><a href=\"http:\/\/www.sporthiva.com\/index.php\/2024\/02\/02\/la-salernitana-ficha-al-defensa-aleman-jerome-boateng\/\"><strong>La Salernitana ficha al defensa alem\u00e1n Jerome Boateng<\/strong><\/a><\/p>\n<p>De 55 a\u00f1os, debutar\u00e1 en su nuevo cargo durante un amistoso contra Bielorrusia el 21 de marzo.<\/p>\n<p>Prosinecki ya ha sido segundo entrenador de Croacia y seleccionador de Azerbaiy\u00e1n y Bosnia, despu\u00e9s de una brillante carrera como jugador en Espa\u00f1a, donde milit\u00f3 en el Real Madrid, el FC Barcelona y el Sevilla.<\/p>\n<p>En 1991, form\u00f3 parte de la plantilla que gan\u00f3 la Copa de Europa con el Estrella Roja de Belgrado.<\/p>\n","protected":false},"excerpt":{"rendered":"<p>Podgorica, Montenegro El exinternacional croata Robert Prosinecki fue nombrado seleccionador de Montenegro, anunci\u00f3 la federaci\u00f3n de f\u00fatbol del peque\u00f1o pa\u00eds balc\u00e1nico (FISC). Prosinecki, cuyo nombramiento fue aprobado por unanimidad por el comit\u00e9 ejecutivo de la Federaci\u00f3n, debe firmar un contrato de un a\u00f1o el domingo, indic\u00f3 la FISC en un comunicado. El excentrocampista, que jug\u00f3&nbsp;<\/p>\n<p><a class=\"btn btn-style\" href=\"http:\/\/www.sporthiva.com\/index.php\/2024\/02\/02\/robert-prosinecki-nombrado-seleccionador-de-montenegro\/\">Continuar leyendo<\/a><\/p>\n","protected":false},"author":7,"featured_media":157957,"comment_status":"open","ping_status":"open","sticky":false,"template":"","format":"standard","meta":{"qubely_global_settings":"","qubely_interactions":""},"categories":[563],"tags":[8555,8554],"qubely_featured_image_url":{"full":["http:\/\/www.sporthiva.com\/wp-content\/uploads\/2024\/02\/Robert-Prosinecki.jpeg",1200,675,false],"landscape":["http:\/\/www.sporthiva.com\/wp-content\/uploads\/2024\/02\/Robert-Prosinecki.jpeg",1200,675,false],"portraits":["http:\/\/www.sporthiva.com\/wp-content\/uploads\/2024\/02\/Robert-Prosinecki-540x320.jpeg",540,320,true],"thumbnail":["http:\/\/www.sporthiva.com\/wp-content\/uploads\/2024\/02\/Robert-Prosinecki-150x150.jpeg",150,150,true],"medium":["http:\/\/www.sporthiva.com\/wp-content\/uploads\/2024\/02\/Robert-Prosinecki-675x379.jpeg",675,379,true],"medium_large":["http:\/\/www.sporthiva.com\/wp-content\/uploads\/2024\/02\/Robert-Prosinecki-768x432.jpeg",768,432,true],"large":["http:\/\/www.sporthiva.com\/wp-content\/uploads\/2024\/02\/Robert-Prosinecki.jpeg",1200,675,false],"1536x1536":["http:\/\/www.sporthiva.com\/wp-content\/uploads\/2024\/02\/Robert-Prosinecki.jpeg",1200,675,false],"2048x2048":["http:\/\/www.sporthiva.com\/wp-content\/uploads\/2024\/02\/Robert-Prosinecki.jpeg",1200,675,false],"alm-thumbnail":["http:\/\/www.sporthiva.com\/wp-content\/uploads\/2024\/02\/Robert-Prosinecki-150x150.jpeg",150,150,true],"qubely_landscape":["http:\/\/www.sporthiva.com\/wp-content\/uploads\/2024\/02\/Robert-Prosinecki.jpeg",1200,675,false],"qubely_portrait":["http:\/\/www.sporthiva.com\/wp-content\/uploads\/2024\/02\/Robert-Prosinecki-540x320.jpeg",540,320,true],"qubely_thumbnail":["http:\/\/www.sporthiva.com\/wp-content\/uploads\/2024\/02\/Robert-Prosinecki-140x100.jpeg",140,100,true],"sportspress-crop-medium":["http:\/\/www.sporthiva.com\/wp-content\/uploads\/2024\/02\/Robert-Prosinecki-300x300.jpeg",300,300,true],"sportspress-fit-medium":["http:\/\/www.sporthiva.com\/wp-content\/uploads\/2024\/02\/Robert-Prosinecki-300x169.jpeg",300,169,true],"sportspress-fit-icon":["http:\/\/www.sporthiva.com\/wp-content\/uploads\/2024\/02\/Robert-Prosinecki-128x72.jpeg",128,72,true],"sportspress-fit-mini":["http:\/\/www.sporthiva.com\/wp-content\/uploads\/2024\/02\/Robert-Prosinecki-32x18.jpeg",32,18,true],"heighlights":["http:\/\/www.sporthiva.com\/wp-content\/uploads\/2024\/02\/Robert-Prosinecki-460x500.jpeg",460,500,true],"video-thumb":["http:\/\/www.sporthiva.com\/wp-content\/uploads\/2024\/02\/Robert-Prosinecki-360x235.jpeg",360,235,true],"video-thumb2":["http:\/\/www.sporthiva.com\/wp-content\/uploads\/2024\/02\/Robert-Prosinecki-360x422.jpeg",360,422,true],"blog-thumb":["http:\/\/www.sporthiva.com\/wp-content\/uploads\/2024\/02\/Robert-Prosinecki-175x150.jpeg",175,150,true],"blog-medium":["http:\/\/www.sporthiva.com\/wp-content\/uploads\/2024\/02\/Robert-Prosinecki-750x350.jpeg",750,350,true],"blog-full":["http:\/\/www.sporthiva.com\/wp-content\/uploads\/2024\/02\/Robert-Prosinecki-1140x550.jpeg",1140,550,true],"popular-post":["http:\/\/www.sporthiva.com\/wp-content\/uploads\/2024\/02\/Robert-Prosinecki-560x510.jpeg",560,510,true],"heighlights-post":["http:\/\/www.sporthiva.com\/wp-content\/uploads\/2024\/02\/Robert-Prosinecki-262x236.jpeg",262,236,true],"player-thumb":["http:\/\/www.sporthiva.com\/wp-content\/uploads\/2024\/02\/Robert-Prosinecki-270x150.jpeg",270,150,true],"wp_rp_thumbnail":["http:\/\/www.sporthiva.com\/wp-content\/uploads\/2024\/02\/Robert-Prosinecki-150x150.jpeg",150,150,true]},"qubely_author":{"display_name":"Evelyn Pineda","author_link":"http:\/\/www.sporthiva.com\/index.php\/author\/epineda\/"},"qubely_comment":0,"qubely_category":"<a href=\"http:\/\/www.sporthiva.com\/index.php\/category\/internacionales\/\" rel=\"category tag\">Internacionales<\/a>","qubely_excerpt":"Podgorica, Montenegro El exinternacional croata Robert Prosinecki fue nombrado seleccionador de Montenegro, anunci\u00f3 la federaci\u00f3n de f\u00fatbol del peque\u00f1o pa\u00eds balc\u00e1nico (FISC). Prosinecki, cuyo nombramiento fue aprobado por unanimidad por el comit\u00e9 ejecutivo de la Federaci\u00f3n, debe firmar un contrato de un a\u00f1o el domingo, indic\u00f3 la FISC en un comunicado. El excentrocampista, que jug\u00f3&nbsp;Continuar&hellip;","yoast_head":"<!-- This site is optimized with the Yoast SEO plugin v17.8 - https:\/\/yoast.com\/wordpress\/plugins\/seo\/ -->\n<title>Robert Prosinecki, nombrado seleccionador de Montenegro - Sporthiva Online<\/title>\n<meta name=\"robots\" content=\"index, follow, max-snippet:-1, max-image-preview:large, max-video-preview:-1\" \/>\n<link rel=\"canonical\" href=\"http:\/\/www.sporthiva.com\/index.php\/2024\/02\/02\/robert-prosinecki-nombrado-seleccionador-de-montenegro\/\" \/>\n<meta property=\"og:locale\" content=\"es_ES\" \/>\n<meta property=\"og:type\" content=\"article\" \/>\n<meta property=\"og:title\" content=\"Robert Prosinecki, nombrado seleccionador de Montenegro - Sporthiva Online\" \/>\n<meta property=\"og:description\" content=\"Podgorica, Montenegro El exinternacional croata Robert Prosinecki fue nombrado seleccionador de Montenegro, anunci\u00f3 la federaci\u00f3n de f\u00fatbol del peque\u00f1o pa\u00eds balc\u00e1nico (FISC). Prosinecki, cuyo nombramiento fue aprobado por unanimidad por el comit\u00e9 ejecutivo de la Federaci\u00f3n, debe firmar un contrato de un a\u00f1o el domingo, indic\u00f3 la FISC en un comunicado. El excentrocampista, que jug\u00f3&nbsp;Continuar leyendo\" \/>\n<meta property=\"og:url\" content=\"http:\/\/www.sporthiva.com\/index.php\/2024\/02\/02\/robert-prosinecki-nombrado-seleccionador-de-montenegro\/\" \/>\n<meta property=\"og:site_name\" content=\"Sporthiva Online\" \/>\n<meta property=\"article:published_time\" content=\"2024-02-02T21:23:27+00:00\" \/>\n<meta property=\"og:image\" content=\"http:\/\/www.sporthiva.com\/wp-content\/uploads\/2024\/02\/Robert-Prosinecki.jpeg\" \/>\n\t<meta property=\"og:image:width\" content=\"1200\" \/>\n\t<meta property=\"og:image:height\" content=\"675\" \/>\n<meta name=\"twitter:card\" content=\"summary\" \/>\n<meta name=\"twitter:label1\" content=\"Escrito por\" \/>\n\t<meta name=\"twitter:data1\" content=\"Evelyn Pineda\" \/>\n\t<meta name=\"twitter:label2\" content=\"Tiempo de lectura\" \/>\n\t<meta name=\"twitter:data2\" content=\"1 minuto\" \/>\n<script type=\"application\/ld+json\" class=\"yoast-schema-graph\">{\"@context\":\"https:\/\/schema.org\",\"@graph\":[{\"@type\":\"WebSite\",\"@id\":\"http:\/\/www.sporthiva.com\/#website\",\"url\":\"http:\/\/www.sporthiva.com\/\",\"name\":\"Sporthiva Online\",\"description\":\"Sporthiva Online\",\"potentialAction\":[{\"@type\":\"SearchAction\",\"target\":{\"@type\":\"EntryPoint\",\"urlTemplate\":\"http:\/\/www.sporthiva.com\/?s={search_term_string}\"},\"query-input\":\"required name=search_term_string\"}],\"inLanguage\":\"es\"},{\"@type\":\"ImageObject\",\"@id\":\"http:\/\/www.sporthiva.com\/index.php\/2024\/02\/02\/robert-prosinecki-nombrado-seleccionador-de-montenegro\/#primaryimage\",\"inLanguage\":\"es\",\"url\":\"http:\/\/www.sporthiva.com\/wp-content\/uploads\/2024\/02\/Robert-Prosinecki.jpeg\",\"contentUrl\":\"http:\/\/www.sporthiva.com\/wp-content\/uploads\/2024\/02\/Robert-Prosinecki.jpeg\",\"width\":1200,\"height\":675},{\"@type\":\"WebPage\",\"@id\":\"http:\/\/www.sporthiva.com\/index.php\/2024\/02\/02\/robert-prosinecki-nombrado-seleccionador-de-montenegro\/#webpage\",\"url\":\"http:\/\/www.sporthiva.com\/index.php\/2024\/02\/02\/robert-prosinecki-nombrado-seleccionador-de-montenegro\/\",\"name\":\"Robert Prosinecki, nombrado seleccionador de Montenegro - Sporthiva Online\",\"isPartOf\":{\"@id\":\"http:\/\/www.sporthiva.com\/#website\"},\"primaryImageOfPage\":{\"@id\":\"http:\/\/www.sporthiva.com\/index.php\/2024\/02\/02\/robert-prosinecki-nombrado-seleccionador-de-montenegro\/#primaryimage\"},\"datePublished\":\"2024-02-02T21:23:27+00:00\",\"dateModified\":\"2024-02-02T21:23:27+00:00\",\"author\":{\"@id\":\"http:\/\/www.sporthiva.com\/#\/schema\/person\/551718db343e60bf7d707f9085b1e611\"},\"breadcrumb\":{\"@id\":\"http:\/\/www.sporthiva.com\/index.php\/2024\/02\/02\/robert-prosinecki-nombrado-seleccionador-de-montenegro\/#breadcrumb\"},\"inLanguage\":\"es\",\"potentialAction\":[{\"@type\":\"ReadAction\",\"target\":[\"http:\/\/www.sporthiva.com\/index.php\/2024\/02\/02\/robert-prosinecki-nombrado-seleccionador-de-montenegro\/\"]}]},{\"@type\":\"BreadcrumbList\",\"@id\":\"http:\/\/www.sporthiva.com\/index.php\/2024\/02\/02\/robert-prosinecki-nombrado-seleccionador-de-montenegro\/#breadcrumb\",\"itemListElement\":[{\"@type\":\"ListItem\",\"position\":1,\"name\":\"Portada\",\"item\":\"http:\/\/www.sporthiva.com\/\"},{\"@type\":\"ListItem\",\"position\":2,\"name\":\"Robert Prosinecki, nombrado seleccionador de Montenegro\"}]},{\"@type\":\"Person\",\"@id\":\"http:\/\/www.sporthiva.com\/#\/schema\/person\/551718db343e60bf7d707f9085b1e611\",\"name\":\"Evelyn Pineda\",\"image\":{\"@type\":\"ImageObject\",\"@id\":\"http:\/\/www.sporthiva.com\/#personlogo\",\"inLanguage\":\"es\",\"url\":\"http:\/\/1.gravatar.com\/avatar\/73932ff8109aee94864b4504adf4d91e?s=96&d=mm&r=g\",\"contentUrl\":\"http:\/\/1.gravatar.com\/avatar\/73932ff8109aee94864b4504adf4d91e?s=96&d=mm&r=g\",\"caption\":\"Evelyn Pineda\"},\"sameAs\":[\"http:\/\/www.sporthiva.com\/\"],\"url\":\"http:\/\/www.sporthiva.com\/index.php\/author\/epineda\/\"}]}<\/script>\n<!-- \/ Yoast SEO plugin. -->","yoast_head_json":{"title":"Robert Prosinecki, nombrado seleccionador de Montenegro - Sporthiva Online","robots":{"index":"index","follow":"follow","max-snippet":"max-snippet:-1","max-image-preview":"max-image-preview:large","max-video-preview":"max-video-preview:-1"},"canonical":"http:\/\/www.sporthiva.com\/index.php\/2024\/02\/02\/robert-prosinecki-nombrado-seleccionador-de-montenegro\/","og_locale":"es_ES","og_type":"article","og_title":"Robert Prosinecki, nombrado seleccionador de Montenegro - Sporthiva Online","og_description":"Podgorica, Montenegro El exinternacional croata Robert Prosinecki fue nombrado seleccionador de Montenegro, anunci\u00f3 la federaci\u00f3n de f\u00fatbol del peque\u00f1o pa\u00eds balc\u00e1nico (FISC). Prosinecki, cuyo nombramiento fue aprobado por unanimidad por el comit\u00e9 ejecutivo de la Federaci\u00f3n, debe firmar un contrato de un a\u00f1o el domingo, indic\u00f3 la FISC en un comunicado. El excentrocampista, que jug\u00f3&nbsp;Continuar leyendo","og_url":"http:\/\/www.sporthiva.com\/index.php\/2024\/02\/02\/robert-prosinecki-nombrado-seleccionador-de-montenegro\/","og_site_name":"Sporthiva Online","article_published_time":"2024-02-02T21:23:27+00:00","og_image":[{"width":1200,"height":675,"url":"http:\/\/www.sporthiva.com\/wp-content\/uploads\/2024\/02\/Robert-Prosinecki.jpeg","type":"image\/jpeg"}],"twitter_card":"summary","twitter_misc":{"Escrito por":"Evelyn Pineda","Tiempo de lectura":"1 minuto"},"schema":{"@context":"https:\/\/schema.org","@graph":[{"@type":"WebSite","@id":"http:\/\/www.sporthiva.com\/#website","url":"http:\/\/www.sporthiva.com\/","name":"Sporthiva Online","description":"Sporthiva Online","potentialAction":[{"@type":"SearchAction","target":{"@type":"EntryPoint","urlTemplate":"http:\/\/www.sporthiva.com\/?s={search_term_string}"},"query-input":"required name=search_term_string"}],"inLanguage":"es"},{"@type":"ImageObject","@id":"http:\/\/www.sporthiva.com\/index.php\/2024\/02\/02\/robert-prosinecki-nombrado-seleccionador-de-montenegro\/#primaryimage","inLanguage":"es","url":"http:\/\/www.sporthiva.com\/wp-content\/uploads\/2024\/02\/Robert-Prosinecki.jpeg","contentUrl":"http:\/\/www.sporthiva.com\/wp-content\/uploads\/2024\/02\/Robert-Prosinecki.jpeg","width":1200,"height":675},{"@type":"WebPage","@id":"http:\/\/www.sporthiva.com\/index.php\/2024\/02\/02\/robert-prosinecki-nombrado-seleccionador-de-montenegro\/#webpage","url":"http:\/\/www.sporthiva.com\/index.php\/2024\/02\/02\/robert-prosinecki-nombrado-seleccionador-de-montenegro\/","name":"Robert Prosinecki, nombrado seleccionador de Montenegro - Sporthiva Online","isPartOf":{"@id":"http:\/\/www.sporthiva.com\/#website"},"primaryImageOfPage":{"@id":"http:\/\/www.sporthiva.com\/index.php\/2024\/02\/02\/robert-prosinecki-nombrado-seleccionador-de-montenegro\/#primaryimage"},"datePublished":"2024-02-02T21:23:27+00:00","dateModified":"2024-02-02T21:23:27+00:00","author":{"@id":"http:\/\/www.sporthiva.com\/#\/schema\/person\/551718db343e60bf7d707f9085b1e611"},"breadcrumb":{"@id":"http:\/\/www.sporthiva.com\/index.php\/2024\/02\/02\/robert-prosinecki-nombrado-seleccionador-de-montenegro\/#breadcrumb"},"inLanguage":"es","potentialAction":[{"@type":"ReadAction","target":["http:\/\/www.sporthiva.com\/index.php\/2024\/02\/02\/robert-prosinecki-nombrado-seleccionador-de-montenegro\/"]}]},{"@type":"BreadcrumbList","@id":"http:\/\/www.sporthiva.com\/index.php\/2024\/02\/02\/robert-prosinecki-nombrado-seleccionador-de-montenegro\/#breadcrumb","itemListElement":[{"@type":"ListItem","position":1,"name":"Portada","item":"http:\/\/www.sporthiva.com\/"},{"@type":"ListItem","position":2,"name":"Robert Prosinecki, nombrado seleccionador de Montenegro"}]},{"@type":"Person","@id":"http:\/\/www.sporthiva.com\/#\/schema\/person\/551718db343e60bf7d707f9085b1e611","name":"Evelyn Pineda","image":{"@type":"ImageObject","@id":"http:\/\/www.sporthiva.com\/#personlogo","inLanguage":"es","url":"http:\/\/1.gravatar.com\/avatar\/73932ff8109aee94864b4504adf4d91e?s=96&d=mm&r=g","contentUrl":"http:\/\/1.gravatar.com\/avatar\/73932ff8109aee94864b4504adf4d91e?s=96&d=mm&r=g","caption":"Evelyn Pineda"},"sameAs":["http:\/\/www.sporthiva.com\/"],"url":"http:\/\/www.sporthiva.com\/index.php\/author\/epineda\/"}]}},"_links":{"self":[{"href":"http:\/\/www.sporthiva.com\/index.php\/wp-json\/wp\/v2\/posts\/157956"}],"collection":[{"href":"http:\/\/www.sporthiva.com\/index.php\/wp-json\/wp\/v2\/posts"}],"about":[{"href":"http:\/\/www.sporthiva.com\/index.php\/wp-json\/wp\/v2\/types\/post"}],"author":[{"embeddable":true,"href":"http:\/\/www.sporthiva.com\/index.php\/wp-json\/wp\/v2\/users\/7"}],"replies":[{"embeddable":true,"href":"http:\/\/www.sporthiva.com\/index.php\/wp-json\/wp\/v2\/comments?post=157956"}],"version-history":[{"count":1,"href":"http:\/\/www.sporthiva.com\/index.php\/wp-json\/wp\/v2\/posts\/157956\/revisions"}],"predecessor-version":[{"id":157958,"href":"http:\/\/www.sporthiva.com\/index.php\/wp-json\/wp\/v2\/posts\/157956\/revisions\/157958"}],"wp:featuredmedia":[{"embeddable":true,"href":"http:\/\/www.sporthiva.com\/index.php\/wp-json\/wp\/v2\/media\/157957"}],"wp:attachment":[{"href":"http:\/\/www.sporthiva.com\/index.php\/wp-json\/wp\/v2\/media?parent=157956"}],"wp:term":[{"taxonomy":"category","embeddable":true,"href":"http:\/\/www.sporthiva.com\/index.php\/wp-json\/wp\/v2\/categories?post=157956"},{"taxonomy":"post_tag","embeddable":true,"href":"http:\/\/www.sporthiva.com\/index.php\/wp-json\/wp\/v2\/tags?post=157956"}],"curies":[{"name":"wp","href":"https:\/\/api.w.org\/{rel}","templated":true}]}}