{"id":159029,"date":"2024-02-18T08:29:59","date_gmt":"2024-02-18T14:29:59","guid":{"rendered":"http:\/\/www.sporthiva.com\/?p=159029"},"modified":"2024-02-18T08:29:59","modified_gmt":"2024-02-18T14:29:59","slug":"no-habra-milagro-olimpico-para-manny-pacquiao","status":"publish","type":"post","link":"http:\/\/www.sporthiva.com\/index.php\/2024\/02\/18\/no-habra-milagro-olimpico-para-manny-pacquiao\/","title":{"rendered":"No habr\u00e1 milagro ol\u00edmpico para Manny Pacquiao"},"content":{"rendered":"<p><strong>Manila, Filipinas<\/strong><\/p>\n<p>La candidatura de la leyenda del boxeo filipino Manny Pacquiao a los Juegos Ol\u00edmpicos de Par\u00eds (26 de julio al 11 de agosto) ha sido rechazada por el Comit\u00e9 Ol\u00edmpico Internacional (COI), anunci\u00f3 el domingo el patr\u00f3n del comit\u00e9 filipino.<\/p>\n<p>El pasado mes de octubre Manila envi\u00f3 una \u00abpetici\u00f3n especial\u00bb al COI para que Pacquiao, de 45 a\u00f1os, vencedor de numerosos t\u00edtulos mundiales en seis categor\u00edas de peso diferentes, pudiera volver a ponerse los guantes pese a estar retirado y participar en los Juegos, si bien una regla fija en 40 a\u00f1os el l\u00edmite de edad de los boxeadores ol\u00edmpicos.<\/p>\n<p><strong>Vea adem\u00e1s: <a href=\"http:\/\/www.sporthiva.com\/index.php\/2024\/02\/18\/bolonia-saco-el-triunfo-en-casa-de-lazio\/\">Bolonia sac\u00f3 el triunfo en casa de Lazio<\/a><\/strong><\/p>\n<p>El domingo, el presidente del Comit\u00e9 Ol\u00edmpico Filipino (POC), Abraham Tolentino, declar\u00f3 a la AFP que la petici\u00f3n hab\u00eda sido rechazada, y que el COI hab\u00eda preferido mantenerse en sus \u00abreglas\u00bb.<\/p>\n<p>El POC esperaba conceder a Pacquiao una \u00abplaza de universalidad\u00bb, acordadas a atletas de pa\u00edses que tienen complicado acceder a los Juegos Ol\u00edmpicos por las v\u00edas de clasificaci\u00f3n normales.<\/p>\n<p>El COI declar\u00f3 que hay nueve de esas plazas para el boxeo de los JJOO de Par\u00eds, cinco en categor\u00eda femenina y cuatro en masculina.<\/p>\n<p><strong>Le interesa tambi\u00e9n: <\/strong><a href=\"http:\/\/www.sporthiva.com\/index.php\/2024\/02\/17\/aficionados-protestan-en-alemania-lanzando-a-la-cancha-vehiculos-a-control-remoto-con-bengalas\/\"><strong>Aficionados protestan en Alemania lanzando a la cancha veh\u00edculos a control remoto con bengalas<\/strong><\/a><\/p>\n<p>\u00abPodr\u00eda haber logrado el podio o ser la primera medalla de oro del pa\u00eds\u00bb, en boxeo ol\u00edmpico, lament\u00f3 Tolentino, quien a\u00f1adi\u00f3 que sin embargo ten\u00edan que \u00abseguir las reglas establecidas por el COI\u00bb.<\/p>\n<p>Pacquiao se retir\u00f3 profesionalmente del boxeo en 2021 para intentar en vano ser elegido presidente de Filipinas.<\/p>\n<p>El pasado mes de octubre, el campe\u00f3n, que no particip\u00f3 nunca en unos Juegos, declar\u00f3 a la AFP que no era \u00abdemasiado viejo\u00bb para enfrentarse a boxeadores m\u00e1s j\u00f3venes, declarando que se sent\u00eda como si tuviera \u00ab30 o 28 a\u00f1os\u00bb. (Tomado de AFP).<\/p>\n","protected":false},"excerpt":{"rendered":"<p>Manila, Filipinas La candidatura de la leyenda del boxeo filipino Manny Pacquiao a los Juegos Ol\u00edmpicos de Par\u00eds (26 de julio al 11 de agosto) ha sido rechazada por el Comit\u00e9 Ol\u00edmpico Internacional (COI), anunci\u00f3 el domingo el patr\u00f3n del comit\u00e9 filipino. El pasado mes de octubre Manila envi\u00f3 una \u00abpetici\u00f3n especial\u00bb al COI para&nbsp;<\/p>\n<p><a class=\"btn btn-style\" href=\"http:\/\/www.sporthiva.com\/index.php\/2024\/02\/18\/no-habra-milagro-olimpico-para-manny-pacquiao\/\">Continuar leyendo<\/a><\/p>\n","protected":false},"author":7,"featured_media":159030,"comment_status":"open","ping_status":"open","sticky":false,"template":"","format":"standard","meta":{"qubely_global_settings":"","qubely_interactions":""},"categories":[561],"tags":[5972,1982],"qubely_featured_image_url":{"full":["http:\/\/www.sporthiva.com\/wp-content\/uploads\/2024\/02\/PACQUIAO.jpg",1920,1080,false],"landscape":["http:\/\/www.sporthiva.com\/wp-content\/uploads\/2024\/02\/PACQUIAO-1200x750.jpg",1200,750,true],"portraits":["http:\/\/www.sporthiva.com\/wp-content\/uploads\/2024\/02\/PACQUIAO-540x320.jpg",540,320,true],"thumbnail":["http:\/\/www.sporthiva.com\/wp-content\/uploads\/2024\/02\/PACQUIAO-150x150.jpg",150,150,true],"medium":["http:\/\/www.sporthiva.com\/wp-content\/uploads\/2024\/02\/PACQUIAO-675x379.jpg",675,379,true],"medium_large":["http:\/\/www.sporthiva.com\/wp-content\/uploads\/2024\/02\/PACQUIAO-768x432.jpg",768,432,true],"large":["http:\/\/www.sporthiva.com\/wp-content\/uploads\/2024\/02\/PACQUIAO-1280x720.jpg",1280,720,true],"1536x1536":["http:\/\/www.sporthiva.com\/wp-content\/uploads\/2024\/02\/PACQUIAO-1536x864.jpg",1536,864,true],"2048x2048":["http:\/\/www.sporthiva.com\/wp-content\/uploads\/2024\/02\/PACQUIAO.jpg",1920,1080,false],"alm-thumbnail":["http:\/\/www.sporthiva.com\/wp-content\/uploads\/2024\/02\/PACQUIAO-150x150.jpg",150,150,true],"qubely_landscape":["http:\/\/www.sporthiva.com\/wp-content\/uploads\/2024\/02\/PACQUIAO-1200x750.jpg",1200,750,true],"qubely_portrait":["http:\/\/www.sporthiva.com\/wp-content\/uploads\/2024\/02\/PACQUIAO-540x320.jpg",540,320,true],"qubely_thumbnail":["http:\/\/www.sporthiva.com\/wp-content\/uploads\/2024\/02\/PACQUIAO-140x100.jpg",140,100,true],"sportspress-crop-medium":["http:\/\/www.sporthiva.com\/wp-content\/uploads\/2024\/02\/PACQUIAO-300x300.jpg",300,300,true],"sportspress-fit-medium":["http:\/\/www.sporthiva.com\/wp-content\/uploads\/2024\/02\/PACQUIAO-300x169.jpg",300,169,true],"sportspress-fit-icon":["http:\/\/www.sporthiva.com\/wp-content\/uploads\/2024\/02\/PACQUIAO-128x72.jpg",128,72,true],"sportspress-fit-mini":["http:\/\/www.sporthiva.com\/wp-content\/uploads\/2024\/02\/PACQUIAO-32x18.jpg",32,18,true],"heighlights":["http:\/\/www.sporthiva.com\/wp-content\/uploads\/2024\/02\/PACQUIAO-460x500.jpg",460,500,true],"video-thumb":["http:\/\/www.sporthiva.com\/wp-content\/uploads\/2024\/02\/PACQUIAO-360x235.jpg",360,235,true],"video-thumb2":["http:\/\/www.sporthiva.com\/wp-content\/uploads\/2024\/02\/PACQUIAO-360x422.jpg",360,422,true],"blog-thumb":["http:\/\/www.sporthiva.com\/wp-content\/uploads\/2024\/02\/PACQUIAO-175x150.jpg",175,150,true],"blog-medium":["http:\/\/www.sporthiva.com\/wp-content\/uploads\/2024\/02\/PACQUIAO-750x350.jpg",750,350,true],"blog-full":["http:\/\/www.sporthiva.com\/wp-content\/uploads\/2024\/02\/PACQUIAO-1140x550.jpg",1140,550,true],"popular-post":["http:\/\/www.sporthiva.com\/wp-content\/uploads\/2024\/02\/PACQUIAO-560x510.jpg",560,510,true],"heighlights-post":["http:\/\/www.sporthiva.com\/wp-content\/uploads\/2024\/02\/PACQUIAO-262x236.jpg",262,236,true],"player-thumb":["http:\/\/www.sporthiva.com\/wp-content\/uploads\/2024\/02\/PACQUIAO-270x150.jpg",270,150,true],"wp_rp_thumbnail":["http:\/\/www.sporthiva.com\/wp-content\/uploads\/2024\/02\/PACQUIAO-150x150.jpg",150,150,true]},"qubely_author":{"display_name":"Evelyn Pineda","author_link":"http:\/\/www.sporthiva.com\/index.php\/author\/epineda\/"},"qubely_comment":0,"qubely_category":"<a href=\"http:\/\/www.sporthiva.com\/index.php\/category\/otros-deportes\/\" rel=\"category tag\">Otros deportes<\/a>","qubely_excerpt":"Manila, Filipinas La candidatura de la leyenda del boxeo filipino Manny Pacquiao a los Juegos Ol\u00edmpicos de Par\u00eds (26 de julio al 11 de agosto) ha sido rechazada por el Comit\u00e9 Ol\u00edmpico Internacional (COI), anunci\u00f3 el domingo el patr\u00f3n del comit\u00e9 filipino. El pasado mes de octubre Manila envi\u00f3 una \u00abpetici\u00f3n especial\u00bb al COI para&nbsp;Continuar&hellip;","yoast_head":"<!-- This site is optimized with the Yoast SEO plugin v17.8 - https:\/\/yoast.com\/wordpress\/plugins\/seo\/ -->\n<title>No habr\u00e1 milagro ol\u00edmpico para Manny Pacquiao - Sporthiva Online<\/title>\n<meta name=\"robots\" content=\"index, follow, max-snippet:-1, max-image-preview:large, max-video-preview:-1\" \/>\n<link rel=\"canonical\" href=\"http:\/\/www.sporthiva.com\/index.php\/2024\/02\/18\/no-habra-milagro-olimpico-para-manny-pacquiao\/\" \/>\n<meta property=\"og:locale\" content=\"es_ES\" \/>\n<meta property=\"og:type\" content=\"article\" \/>\n<meta property=\"og:title\" content=\"No habr\u00e1 milagro ol\u00edmpico para Manny Pacquiao - Sporthiva Online\" \/>\n<meta property=\"og:description\" content=\"Manila, Filipinas La candidatura de la leyenda del boxeo filipino Manny Pacquiao a los Juegos Ol\u00edmpicos de Par\u00eds (26 de julio al 11 de agosto) ha sido rechazada por el Comit\u00e9 Ol\u00edmpico Internacional (COI), anunci\u00f3 el domingo el patr\u00f3n del comit\u00e9 filipino. El pasado mes de octubre Manila envi\u00f3 una \u00abpetici\u00f3n especial\u00bb al COI para&nbsp;Continuar leyendo\" \/>\n<meta property=\"og:url\" content=\"http:\/\/www.sporthiva.com\/index.php\/2024\/02\/18\/no-habra-milagro-olimpico-para-manny-pacquiao\/\" \/>\n<meta property=\"og:site_name\" content=\"Sporthiva Online\" \/>\n<meta property=\"article:published_time\" content=\"2024-02-18T14:29:59+00:00\" \/>\n<meta property=\"og:image\" content=\"http:\/\/www.sporthiva.com\/wp-content\/uploads\/2024\/02\/PACQUIAO.jpg\" \/>\n\t<meta property=\"og:image:width\" content=\"1920\" \/>\n\t<meta property=\"og:image:height\" content=\"1080\" \/>\n<meta name=\"twitter:card\" content=\"summary\" \/>\n<meta name=\"twitter:label1\" content=\"Escrito por\" \/>\n\t<meta name=\"twitter:data1\" content=\"Evelyn Pineda\" \/>\n\t<meta name=\"twitter:label2\" content=\"Tiempo de lectura\" \/>\n\t<meta name=\"twitter:data2\" content=\"2 minutos\" \/>\n<script type=\"application\/ld+json\" class=\"yoast-schema-graph\">{\"@context\":\"https:\/\/schema.org\",\"@graph\":[{\"@type\":\"WebSite\",\"@id\":\"http:\/\/www.sporthiva.com\/#website\",\"url\":\"http:\/\/www.sporthiva.com\/\",\"name\":\"Sporthiva Online\",\"description\":\"Sporthiva Online\",\"potentialAction\":[{\"@type\":\"SearchAction\",\"target\":{\"@type\":\"EntryPoint\",\"urlTemplate\":\"http:\/\/www.sporthiva.com\/?s={search_term_string}\"},\"query-input\":\"required name=search_term_string\"}],\"inLanguage\":\"es\"},{\"@type\":\"ImageObject\",\"@id\":\"http:\/\/www.sporthiva.com\/index.php\/2024\/02\/18\/no-habra-milagro-olimpico-para-manny-pacquiao\/#primaryimage\",\"inLanguage\":\"es\",\"url\":\"http:\/\/www.sporthiva.com\/wp-content\/uploads\/2024\/02\/PACQUIAO.jpg\",\"contentUrl\":\"http:\/\/www.sporthiva.com\/wp-content\/uploads\/2024\/02\/PACQUIAO.jpg\",\"width\":1920,\"height\":1080},{\"@type\":\"WebPage\",\"@id\":\"http:\/\/www.sporthiva.com\/index.php\/2024\/02\/18\/no-habra-milagro-olimpico-para-manny-pacquiao\/#webpage\",\"url\":\"http:\/\/www.sporthiva.com\/index.php\/2024\/02\/18\/no-habra-milagro-olimpico-para-manny-pacquiao\/\",\"name\":\"No habr\\u00e1 milagro ol\\u00edmpico para Manny Pacquiao - Sporthiva Online\",\"isPartOf\":{\"@id\":\"http:\/\/www.sporthiva.com\/#website\"},\"primaryImageOfPage\":{\"@id\":\"http:\/\/www.sporthiva.com\/index.php\/2024\/02\/18\/no-habra-milagro-olimpico-para-manny-pacquiao\/#primaryimage\"},\"datePublished\":\"2024-02-18T14:29:59+00:00\",\"dateModified\":\"2024-02-18T14:29:59+00:00\",\"author\":{\"@id\":\"http:\/\/www.sporthiva.com\/#\/schema\/person\/551718db343e60bf7d707f9085b1e611\"},\"breadcrumb\":{\"@id\":\"http:\/\/www.sporthiva.com\/index.php\/2024\/02\/18\/no-habra-milagro-olimpico-para-manny-pacquiao\/#breadcrumb\"},\"inLanguage\":\"es\",\"potentialAction\":[{\"@type\":\"ReadAction\",\"target\":[\"http:\/\/www.sporthiva.com\/index.php\/2024\/02\/18\/no-habra-milagro-olimpico-para-manny-pacquiao\/\"]}]},{\"@type\":\"BreadcrumbList\",\"@id\":\"http:\/\/www.sporthiva.com\/index.php\/2024\/02\/18\/no-habra-milagro-olimpico-para-manny-pacquiao\/#breadcrumb\",\"itemListElement\":[{\"@type\":\"ListItem\",\"position\":1,\"name\":\"Portada\",\"item\":\"http:\/\/www.sporthiva.com\/\"},{\"@type\":\"ListItem\",\"position\":2,\"name\":\"No habr\\u00e1 milagro ol\\u00edmpico para Manny Pacquiao\"}]},{\"@type\":\"Person\",\"@id\":\"http:\/\/www.sporthiva.com\/#\/schema\/person\/551718db343e60bf7d707f9085b1e611\",\"name\":\"Evelyn Pineda\",\"image\":{\"@type\":\"ImageObject\",\"@id\":\"http:\/\/www.sporthiva.com\/#personlogo\",\"inLanguage\":\"es\",\"url\":\"http:\/\/1.gravatar.com\/avatar\/73932ff8109aee94864b4504adf4d91e?s=96&d=mm&r=g\",\"contentUrl\":\"http:\/\/1.gravatar.com\/avatar\/73932ff8109aee94864b4504adf4d91e?s=96&d=mm&r=g\",\"caption\":\"Evelyn Pineda\"},\"sameAs\":[\"http:\/\/www.sporthiva.com\/\"],\"url\":\"http:\/\/www.sporthiva.com\/index.php\/author\/epineda\/\"}]}<\/script>\n<!-- \/ Yoast SEO plugin. -->","yoast_head_json":{"title":"No habr\u00e1 milagro ol\u00edmpico para Manny Pacquiao - Sporthiva Online","robots":{"index":"index","follow":"follow","max-snippet":"max-snippet:-1","max-image-preview":"max-image-preview:large","max-video-preview":"max-video-preview:-1"},"canonical":"http:\/\/www.sporthiva.com\/index.php\/2024\/02\/18\/no-habra-milagro-olimpico-para-manny-pacquiao\/","og_locale":"es_ES","og_type":"article","og_title":"No habr\u00e1 milagro ol\u00edmpico para Manny Pacquiao - Sporthiva Online","og_description":"Manila, Filipinas La candidatura de la leyenda del boxeo filipino Manny Pacquiao a los Juegos Ol\u00edmpicos de Par\u00eds (26 de julio al 11 de agosto) ha sido rechazada por el Comit\u00e9 Ol\u00edmpico Internacional (COI), anunci\u00f3 el domingo el patr\u00f3n del comit\u00e9 filipino. El pasado mes de octubre Manila envi\u00f3 una \u00abpetici\u00f3n especial\u00bb al COI para&nbsp;Continuar leyendo","og_url":"http:\/\/www.sporthiva.com\/index.php\/2024\/02\/18\/no-habra-milagro-olimpico-para-manny-pacquiao\/","og_site_name":"Sporthiva Online","article_published_time":"2024-02-18T14:29:59+00:00","og_image":[{"width":1920,"height":1080,"url":"http:\/\/www.sporthiva.com\/wp-content\/uploads\/2024\/02\/PACQUIAO.jpg","type":"image\/jpeg"}],"twitter_card":"summary","twitter_misc":{"Escrito por":"Evelyn Pineda","Tiempo de lectura":"2 minutos"},"schema":{"@context":"https:\/\/schema.org","@graph":[{"@type":"WebSite","@id":"http:\/\/www.sporthiva.com\/#website","url":"http:\/\/www.sporthiva.com\/","name":"Sporthiva Online","description":"Sporthiva Online","potentialAction":[{"@type":"SearchAction","target":{"@type":"EntryPoint","urlTemplate":"http:\/\/www.sporthiva.com\/?s={search_term_string}"},"query-input":"required name=search_term_string"}],"inLanguage":"es"},{"@type":"ImageObject","@id":"http:\/\/www.sporthiva.com\/index.php\/2024\/02\/18\/no-habra-milagro-olimpico-para-manny-pacquiao\/#primaryimage","inLanguage":"es","url":"http:\/\/www.sporthiva.com\/wp-content\/uploads\/2024\/02\/PACQUIAO.jpg","contentUrl":"http:\/\/www.sporthiva.com\/wp-content\/uploads\/2024\/02\/PACQUIAO.jpg","width":1920,"height":1080},{"@type":"WebPage","@id":"http:\/\/www.sporthiva.com\/index.php\/2024\/02\/18\/no-habra-milagro-olimpico-para-manny-pacquiao\/#webpage","url":"http:\/\/www.sporthiva.com\/index.php\/2024\/02\/18\/no-habra-milagro-olimpico-para-manny-pacquiao\/","name":"No habr\u00e1 milagro ol\u00edmpico para Manny Pacquiao - Sporthiva Online","isPartOf":{"@id":"http:\/\/www.sporthiva.com\/#website"},"primaryImageOfPage":{"@id":"http:\/\/www.sporthiva.com\/index.php\/2024\/02\/18\/no-habra-milagro-olimpico-para-manny-pacquiao\/#primaryimage"},"datePublished":"2024-02-18T14:29:59+00:00","dateModified":"2024-02-18T14:29:59+00:00","author":{"@id":"http:\/\/www.sporthiva.com\/#\/schema\/person\/551718db343e60bf7d707f9085b1e611"},"breadcrumb":{"@id":"http:\/\/www.sporthiva.com\/index.php\/2024\/02\/18\/no-habra-milagro-olimpico-para-manny-pacquiao\/#breadcrumb"},"inLanguage":"es","potentialAction":[{"@type":"ReadAction","target":["http:\/\/www.sporthiva.com\/index.php\/2024\/02\/18\/no-habra-milagro-olimpico-para-manny-pacquiao\/"]}]},{"@type":"BreadcrumbList","@id":"http:\/\/www.sporthiva.com\/index.php\/2024\/02\/18\/no-habra-milagro-olimpico-para-manny-pacquiao\/#breadcrumb","itemListElement":[{"@type":"ListItem","position":1,"name":"Portada","item":"http:\/\/www.sporthiva.com\/"},{"@type":"ListItem","position":2,"name":"No habr\u00e1 milagro ol\u00edmpico para Manny Pacquiao"}]},{"@type":"Person","@id":"http:\/\/www.sporthiva.com\/#\/schema\/person\/551718db343e60bf7d707f9085b1e611","name":"Evelyn Pineda","image":{"@type":"ImageObject","@id":"http:\/\/www.sporthiva.com\/#personlogo","inLanguage":"es","url":"http:\/\/1.gravatar.com\/avatar\/73932ff8109aee94864b4504adf4d91e?s=96&d=mm&r=g","contentUrl":"http:\/\/1.gravatar.com\/avatar\/73932ff8109aee94864b4504adf4d91e?s=96&d=mm&r=g","caption":"Evelyn Pineda"},"sameAs":["http:\/\/www.sporthiva.com\/"],"url":"http:\/\/www.sporthiva.com\/index.php\/author\/epineda\/"}]}},"_links":{"self":[{"href":"http:\/\/www.sporthiva.com\/index.php\/wp-json\/wp\/v2\/posts\/159029"}],"collection":[{"href":"http:\/\/www.sporthiva.com\/index.php\/wp-json\/wp\/v2\/posts"}],"about":[{"href":"http:\/\/www.sporthiva.com\/index.php\/wp-json\/wp\/v2\/types\/post"}],"author":[{"embeddable":true,"href":"http:\/\/www.sporthiva.com\/index.php\/wp-json\/wp\/v2\/users\/7"}],"replies":[{"embeddable":true,"href":"http:\/\/www.sporthiva.com\/index.php\/wp-json\/wp\/v2\/comments?post=159029"}],"version-history":[{"count":2,"href":"http:\/\/www.sporthiva.com\/index.php\/wp-json\/wp\/v2\/posts\/159029\/revisions"}],"predecessor-version":[{"id":159032,"href":"http:\/\/www.sporthiva.com\/index.php\/wp-json\/wp\/v2\/posts\/159029\/revisions\/159032"}],"wp:featuredmedia":[{"embeddable":true,"href":"http:\/\/www.sporthiva.com\/index.php\/wp-json\/wp\/v2\/media\/159030"}],"wp:attachment":[{"href":"http:\/\/www.sporthiva.com\/index.php\/wp-json\/wp\/v2\/media?parent=159029"}],"wp:term":[{"taxonomy":"category","embeddable":true,"href":"http:\/\/www.sporthiva.com\/index.php\/wp-json\/wp\/v2\/categories?post=159029"},{"taxonomy":"post_tag","embeddable":true,"href":"http:\/\/www.sporthiva.com\/index.php\/wp-json\/wp\/v2\/tags?post=159029"}],"curies":[{"name":"wp","href":"https:\/\/api.w.org\/{rel}","templated":true}]}}