{"id":162043,"date":"2024-04-02T09:19:07","date_gmt":"2024-04-02T15:19:07","guid":{"rendered":"http:\/\/www.sporthiva.com\/?p=162043"},"modified":"2024-04-02T09:19:07","modified_gmt":"2024-04-02T15:19:07","slug":"pep-guardiola-sarcastico-por-su-incidente-con-grealish-soy-el-mas-famoso-del-equipo","status":"publish","type":"post","link":"http:\/\/www.sporthiva.com\/index.php\/2024\/04\/02\/pep-guardiola-sarcastico-por-su-incidente-con-grealish-soy-el-mas-famoso-del-equipo\/","title":{"rendered":"Pep Guardiola, sarc\u00e1stico por su incidente con Grealish: \u00abSoy el m\u00e1s famoso del equipo\u00bb"},"content":{"rendered":"<p><strong>Londres, Inglaterra<\/strong><\/p>\n<p>El entrenador del Manchester City, Pep Guardiola, respondi\u00f3 de forma sarc\u00e1stica, a las acusaciones de que se enfad\u00f3 con Jack Grealish por dar show ante las c\u00e1maras y asegur\u00f3 que lo hace por su ego y porque es \u00abla persona m\u00e1s famosa del equipo\u00bb.<\/p>\n<p>El t\u00e9cnico espa\u00f1ol ech\u00f3 la bronca a Grealish en el terreno de juego tras el empate a cero contra el Arsenal del pasado domingo, lo que le vali\u00f3 las cr\u00edticas de que eso hay que hacerlo en el vestuario y no de forma p\u00fablica.<\/p>\n<p><strong>Vea adem\u00e1s: <\/strong><a href=\"http:\/\/www.sporthiva.com\/index.php\/2024\/04\/02\/el-defensa-frances-raphael-varane-alerta-sobre-las-conmociones-cerebrales-en-el-futbol\/\"><strong>El defensa franc\u00e9s Rapha\u00ebl Varane alerta sobre las conmociones cerebrales en el f\u00fatbol<\/strong><\/a><\/p>\n<p>\u00abLo hago para las c\u00e1maras, por mi ego. Soy la personas m\u00e1s famosa del equipo y si queda grabado puedo dormir tranquilo porque me voy satisfecho\u00bb, dijo Guardiola en claro tono de sorna.<\/p>\n<p>\u00abSiempre trato de criticar a los jugadores y hacerles sentir lo malos que son y, si hay alg\u00fan cumplido, que sea para m\u00ed, no para los jugadores\u00bb, a\u00f1adi\u00f3 este lunes en rueda de prensa antes de enfrentarse al Aston Villa.<\/p>\n<p><strong>Le interesa tambi\u00e9n: <\/strong><a href=\"http:\/\/www.sporthiva.com\/index.php\/2024\/04\/02\/el-hermano-de-paul-pogba-se-considera-una-marioneta-en-el-caso-de-secuestro-en-francia\/\"><strong>El hermano de Paul Pogba se considera una \u00abmarioneta\u00bb en el caso de secuestro en Francia<\/strong><\/a><\/p>\n<p>Las palabras de Guardiola coinciden con el estreno del documental en la plataforma Netflix que repasa el triplete conseguido por el Manchester City la temporada pasada.<\/p>\n","protected":false},"excerpt":{"rendered":"<p>Londres, Inglaterra El entrenador del Manchester City, Pep Guardiola, respondi\u00f3 de forma sarc\u00e1stica, a las acusaciones de que se enfad\u00f3 con Jack Grealish por dar show ante las c\u00e1maras y asegur\u00f3 que lo hace por su ego y porque es \u00abla persona m\u00e1s famosa del equipo\u00bb. El t\u00e9cnico espa\u00f1ol ech\u00f3 la bronca a Grealish en&nbsp;<\/p>\n<p><a class=\"btn btn-style\" href=\"http:\/\/www.sporthiva.com\/index.php\/2024\/04\/02\/pep-guardiola-sarcastico-por-su-incidente-con-grealish-soy-el-mas-famoso-del-equipo\/\">Continuar leyendo<\/a><\/p>\n","protected":false},"author":7,"featured_media":162044,"comment_status":"open","ping_status":"open","sticky":false,"template":"","format":"standard","meta":{"qubely_global_settings":"","qubely_interactions":""},"categories":[563],"tags":[2613,182,177],"qubely_featured_image_url":{"full":["http:\/\/www.sporthiva.com\/wp-content\/uploads\/2024\/04\/Pep-Guardiola-Grealish.jpeg",1200,675,false],"landscape":["http:\/\/www.sporthiva.com\/wp-content\/uploads\/2024\/04\/Pep-Guardiola-Grealish.jpeg",1200,675,false],"portraits":["http:\/\/www.sporthiva.com\/wp-content\/uploads\/2024\/04\/Pep-Guardiola-Grealish-540x320.jpeg",540,320,true],"thumbnail":["http:\/\/www.sporthiva.com\/wp-content\/uploads\/2024\/04\/Pep-Guardiola-Grealish-150x150.jpeg",150,150,true],"medium":["http:\/\/www.sporthiva.com\/wp-content\/uploads\/2024\/04\/Pep-Guardiola-Grealish-675x379.jpeg",675,379,true],"medium_large":["http:\/\/www.sporthiva.com\/wp-content\/uploads\/2024\/04\/Pep-Guardiola-Grealish-768x432.jpeg",768,432,true],"large":["http:\/\/www.sporthiva.com\/wp-content\/uploads\/2024\/04\/Pep-Guardiola-Grealish.jpeg",1200,675,false],"1536x1536":["http:\/\/www.sporthiva.com\/wp-content\/uploads\/2024\/04\/Pep-Guardiola-Grealish.jpeg",1200,675,false],"2048x2048":["http:\/\/www.sporthiva.com\/wp-content\/uploads\/2024\/04\/Pep-Guardiola-Grealish.jpeg",1200,675,false],"alm-thumbnail":["http:\/\/www.sporthiva.com\/wp-content\/uploads\/2024\/04\/Pep-Guardiola-Grealish-150x150.jpeg",150,150,true],"qubely_landscape":["http:\/\/www.sporthiva.com\/wp-content\/uploads\/2024\/04\/Pep-Guardiola-Grealish.jpeg",1200,675,false],"qubely_portrait":["http:\/\/www.sporthiva.com\/wp-content\/uploads\/2024\/04\/Pep-Guardiola-Grealish-540x320.jpeg",540,320,true],"qubely_thumbnail":["http:\/\/www.sporthiva.com\/wp-content\/uploads\/2024\/04\/Pep-Guardiola-Grealish-140x100.jpeg",140,100,true],"sportspress-crop-medium":["http:\/\/www.sporthiva.com\/wp-content\/uploads\/2024\/04\/Pep-Guardiola-Grealish-300x300.jpeg",300,300,true],"sportspress-fit-medium":["http:\/\/www.sporthiva.com\/wp-content\/uploads\/2024\/04\/Pep-Guardiola-Grealish-300x169.jpeg",300,169,true],"sportspress-fit-icon":["http:\/\/www.sporthiva.com\/wp-content\/uploads\/2024\/04\/Pep-Guardiola-Grealish-128x72.jpeg",128,72,true],"sportspress-fit-mini":["http:\/\/www.sporthiva.com\/wp-content\/uploads\/2024\/04\/Pep-Guardiola-Grealish-32x18.jpeg",32,18,true],"heighlights":["http:\/\/www.sporthiva.com\/wp-content\/uploads\/2024\/04\/Pep-Guardiola-Grealish-460x500.jpeg",460,500,true],"video-thumb":["http:\/\/www.sporthiva.com\/wp-content\/uploads\/2024\/04\/Pep-Guardiola-Grealish-360x235.jpeg",360,235,true],"video-thumb2":["http:\/\/www.sporthiva.com\/wp-content\/uploads\/2024\/04\/Pep-Guardiola-Grealish-360x422.jpeg",360,422,true],"blog-thumb":["http:\/\/www.sporthiva.com\/wp-content\/uploads\/2024\/04\/Pep-Guardiola-Grealish-175x150.jpeg",175,150,true],"blog-medium":["http:\/\/www.sporthiva.com\/wp-content\/uploads\/2024\/04\/Pep-Guardiola-Grealish-750x350.jpeg",750,350,true],"blog-full":["http:\/\/www.sporthiva.com\/wp-content\/uploads\/2024\/04\/Pep-Guardiola-Grealish-1140x550.jpeg",1140,550,true],"popular-post":["http:\/\/www.sporthiva.com\/wp-content\/uploads\/2024\/04\/Pep-Guardiola-Grealish-560x510.jpeg",560,510,true],"heighlights-post":["http:\/\/www.sporthiva.com\/wp-content\/uploads\/2024\/04\/Pep-Guardiola-Grealish-262x236.jpeg",262,236,true],"player-thumb":["http:\/\/www.sporthiva.com\/wp-content\/uploads\/2024\/04\/Pep-Guardiola-Grealish-270x150.jpeg",270,150,true],"wp_rp_thumbnail":["http:\/\/www.sporthiva.com\/wp-content\/uploads\/2024\/04\/Pep-Guardiola-Grealish-150x150.jpeg",150,150,true]},"qubely_author":{"display_name":"Evelyn Pineda","author_link":"http:\/\/www.sporthiva.com\/index.php\/author\/epineda\/"},"qubely_comment":0,"qubely_category":"<a href=\"http:\/\/www.sporthiva.com\/index.php\/category\/internacionales\/\" rel=\"category tag\">Internacionales<\/a>","qubely_excerpt":"Londres, Inglaterra El entrenador del Manchester City, Pep Guardiola, respondi\u00f3 de forma sarc\u00e1stica, a las acusaciones de que se enfad\u00f3 con Jack Grealish por dar show ante las c\u00e1maras y asegur\u00f3 que lo hace por su ego y porque es \u00abla persona m\u00e1s famosa del equipo\u00bb. El t\u00e9cnico espa\u00f1ol ech\u00f3 la bronca a Grealish en&nbsp;Continuar&hellip;","yoast_head":"<!-- This site is optimized with the Yoast SEO plugin v17.8 - https:\/\/yoast.com\/wordpress\/plugins\/seo\/ -->\n<title>Pep Guardiola, sarc\u00e1stico por su incidente con Grealish: &quot;Soy el m\u00e1s famoso del equipo&quot; - Sporthiva Online<\/title>\n<meta name=\"robots\" content=\"index, follow, max-snippet:-1, max-image-preview:large, max-video-preview:-1\" \/>\n<link rel=\"canonical\" href=\"http:\/\/www.sporthiva.com\/index.php\/2024\/04\/02\/pep-guardiola-sarcastico-por-su-incidente-con-grealish-soy-el-mas-famoso-del-equipo\/\" \/>\n<meta property=\"og:locale\" content=\"es_ES\" \/>\n<meta property=\"og:type\" content=\"article\" \/>\n<meta property=\"og:title\" content=\"Pep Guardiola, sarc\u00e1stico por su incidente con Grealish: &quot;Soy el m\u00e1s famoso del equipo&quot; - Sporthiva Online\" \/>\n<meta property=\"og:description\" content=\"Londres, Inglaterra El entrenador del Manchester City, Pep Guardiola, respondi\u00f3 de forma sarc\u00e1stica, a las acusaciones de que se enfad\u00f3 con Jack Grealish por dar show ante las c\u00e1maras y asegur\u00f3 que lo hace por su ego y porque es \u00abla persona m\u00e1s famosa del equipo\u00bb. El t\u00e9cnico espa\u00f1ol ech\u00f3 la bronca a Grealish en&nbsp;Continuar leyendo\" \/>\n<meta property=\"og:url\" content=\"http:\/\/www.sporthiva.com\/index.php\/2024\/04\/02\/pep-guardiola-sarcastico-por-su-incidente-con-grealish-soy-el-mas-famoso-del-equipo\/\" \/>\n<meta property=\"og:site_name\" content=\"Sporthiva Online\" \/>\n<meta property=\"article:published_time\" content=\"2024-04-02T15:19:07+00:00\" \/>\n<meta property=\"og:image\" content=\"http:\/\/www.sporthiva.com\/wp-content\/uploads\/2024\/04\/Pep-Guardiola-Grealish.jpeg\" \/>\n\t<meta property=\"og:image:width\" content=\"1200\" \/>\n\t<meta property=\"og:image:height\" content=\"675\" \/>\n<meta name=\"twitter:card\" content=\"summary\" \/>\n<meta name=\"twitter:label1\" content=\"Escrito por\" \/>\n\t<meta name=\"twitter:data1\" content=\"Evelyn Pineda\" \/>\n\t<meta name=\"twitter:label2\" content=\"Tiempo de lectura\" \/>\n\t<meta name=\"twitter:data2\" content=\"2 minutos\" \/>\n<script type=\"application\/ld+json\" class=\"yoast-schema-graph\">{\"@context\":\"https:\/\/schema.org\",\"@graph\":[{\"@type\":\"WebSite\",\"@id\":\"https:\/\/www.sporthiva.com\/#website\",\"url\":\"https:\/\/www.sporthiva.com\/\",\"name\":\"Sporthiva Online\",\"description\":\"Sporthiva Online\",\"potentialAction\":[{\"@type\":\"SearchAction\",\"target\":{\"@type\":\"EntryPoint\",\"urlTemplate\":\"https:\/\/www.sporthiva.com\/?s={search_term_string}\"},\"query-input\":\"required name=search_term_string\"}],\"inLanguage\":\"es\"},{\"@type\":\"ImageObject\",\"@id\":\"http:\/\/www.sporthiva.com\/index.php\/2024\/04\/02\/pep-guardiola-sarcastico-por-su-incidente-con-grealish-soy-el-mas-famoso-del-equipo\/#primaryimage\",\"inLanguage\":\"es\",\"url\":\"http:\/\/www.sporthiva.com\/wp-content\/uploads\/2024\/04\/Pep-Guardiola-Grealish.jpeg\",\"contentUrl\":\"http:\/\/www.sporthiva.com\/wp-content\/uploads\/2024\/04\/Pep-Guardiola-Grealish.jpeg\",\"width\":1200,\"height\":675},{\"@type\":\"WebPage\",\"@id\":\"http:\/\/www.sporthiva.com\/index.php\/2024\/04\/02\/pep-guardiola-sarcastico-por-su-incidente-con-grealish-soy-el-mas-famoso-del-equipo\/#webpage\",\"url\":\"http:\/\/www.sporthiva.com\/index.php\/2024\/04\/02\/pep-guardiola-sarcastico-por-su-incidente-con-grealish-soy-el-mas-famoso-del-equipo\/\",\"name\":\"Pep Guardiola, sarc\\u00e1stico por su incidente con Grealish: \\\"Soy el m\\u00e1s famoso del equipo\\\" - Sporthiva Online\",\"isPartOf\":{\"@id\":\"https:\/\/www.sporthiva.com\/#website\"},\"primaryImageOfPage\":{\"@id\":\"http:\/\/www.sporthiva.com\/index.php\/2024\/04\/02\/pep-guardiola-sarcastico-por-su-incidente-con-grealish-soy-el-mas-famoso-del-equipo\/#primaryimage\"},\"datePublished\":\"2024-04-02T15:19:07+00:00\",\"dateModified\":\"2024-04-02T15:19:07+00:00\",\"author\":{\"@id\":\"https:\/\/www.sporthiva.com\/#\/schema\/person\/551718db343e60bf7d707f9085b1e611\"},\"breadcrumb\":{\"@id\":\"http:\/\/www.sporthiva.com\/index.php\/2024\/04\/02\/pep-guardiola-sarcastico-por-su-incidente-con-grealish-soy-el-mas-famoso-del-equipo\/#breadcrumb\"},\"inLanguage\":\"es\",\"potentialAction\":[{\"@type\":\"ReadAction\",\"target\":[\"http:\/\/www.sporthiva.com\/index.php\/2024\/04\/02\/pep-guardiola-sarcastico-por-su-incidente-con-grealish-soy-el-mas-famoso-del-equipo\/\"]}]},{\"@type\":\"BreadcrumbList\",\"@id\":\"http:\/\/www.sporthiva.com\/index.php\/2024\/04\/02\/pep-guardiola-sarcastico-por-su-incidente-con-grealish-soy-el-mas-famoso-del-equipo\/#breadcrumb\",\"itemListElement\":[{\"@type\":\"ListItem\",\"position\":1,\"name\":\"Portada\",\"item\":\"https:\/\/www.sporthiva.com\/\"},{\"@type\":\"ListItem\",\"position\":2,\"name\":\"Pep Guardiola, sarc\\u00e1stico por su incidente con Grealish: \\u00abSoy el m\\u00e1s famoso del equipo\\u00bb\"}]},{\"@type\":\"Person\",\"@id\":\"https:\/\/www.sporthiva.com\/#\/schema\/person\/551718db343e60bf7d707f9085b1e611\",\"name\":\"Evelyn Pineda\",\"image\":{\"@type\":\"ImageObject\",\"@id\":\"https:\/\/www.sporthiva.com\/#personlogo\",\"inLanguage\":\"es\",\"url\":\"http:\/\/1.gravatar.com\/avatar\/73932ff8109aee94864b4504adf4d91e?s=96&d=mm&r=g\",\"contentUrl\":\"http:\/\/1.gravatar.com\/avatar\/73932ff8109aee94864b4504adf4d91e?s=96&d=mm&r=g\",\"caption\":\"Evelyn Pineda\"},\"sameAs\":[\"http:\/\/www.sporthiva.com\/\"],\"url\":\"http:\/\/www.sporthiva.com\/index.php\/author\/epineda\/\"}]}<\/script>\n<!-- \/ Yoast SEO plugin. -->","yoast_head_json":{"title":"Pep Guardiola, sarc\u00e1stico por su incidente con Grealish: \"Soy el m\u00e1s famoso del equipo\" - Sporthiva Online","robots":{"index":"index","follow":"follow","max-snippet":"max-snippet:-1","max-image-preview":"max-image-preview:large","max-video-preview":"max-video-preview:-1"},"canonical":"http:\/\/www.sporthiva.com\/index.php\/2024\/04\/02\/pep-guardiola-sarcastico-por-su-incidente-con-grealish-soy-el-mas-famoso-del-equipo\/","og_locale":"es_ES","og_type":"article","og_title":"Pep Guardiola, sarc\u00e1stico por su incidente con Grealish: \"Soy el m\u00e1s famoso del equipo\" - Sporthiva Online","og_description":"Londres, Inglaterra El entrenador del Manchester City, Pep Guardiola, respondi\u00f3 de forma sarc\u00e1stica, a las acusaciones de que se enfad\u00f3 con Jack Grealish por dar show ante las c\u00e1maras y asegur\u00f3 que lo hace por su ego y porque es \u00abla persona m\u00e1s famosa del equipo\u00bb. El t\u00e9cnico espa\u00f1ol ech\u00f3 la bronca a Grealish en&nbsp;Continuar leyendo","og_url":"http:\/\/www.sporthiva.com\/index.php\/2024\/04\/02\/pep-guardiola-sarcastico-por-su-incidente-con-grealish-soy-el-mas-famoso-del-equipo\/","og_site_name":"Sporthiva Online","article_published_time":"2024-04-02T15:19:07+00:00","og_image":[{"width":1200,"height":675,"url":"http:\/\/www.sporthiva.com\/wp-content\/uploads\/2024\/04\/Pep-Guardiola-Grealish.jpeg","type":"image\/jpeg"}],"twitter_card":"summary","twitter_misc":{"Escrito por":"Evelyn Pineda","Tiempo de lectura":"2 minutos"},"schema":{"@context":"https:\/\/schema.org","@graph":[{"@type":"WebSite","@id":"https:\/\/www.sporthiva.com\/#website","url":"https:\/\/www.sporthiva.com\/","name":"Sporthiva Online","description":"Sporthiva Online","potentialAction":[{"@type":"SearchAction","target":{"@type":"EntryPoint","urlTemplate":"https:\/\/www.sporthiva.com\/?s={search_term_string}"},"query-input":"required name=search_term_string"}],"inLanguage":"es"},{"@type":"ImageObject","@id":"http:\/\/www.sporthiva.com\/index.php\/2024\/04\/02\/pep-guardiola-sarcastico-por-su-incidente-con-grealish-soy-el-mas-famoso-del-equipo\/#primaryimage","inLanguage":"es","url":"http:\/\/www.sporthiva.com\/wp-content\/uploads\/2024\/04\/Pep-Guardiola-Grealish.jpeg","contentUrl":"http:\/\/www.sporthiva.com\/wp-content\/uploads\/2024\/04\/Pep-Guardiola-Grealish.jpeg","width":1200,"height":675},{"@type":"WebPage","@id":"http:\/\/www.sporthiva.com\/index.php\/2024\/04\/02\/pep-guardiola-sarcastico-por-su-incidente-con-grealish-soy-el-mas-famoso-del-equipo\/#webpage","url":"http:\/\/www.sporthiva.com\/index.php\/2024\/04\/02\/pep-guardiola-sarcastico-por-su-incidente-con-grealish-soy-el-mas-famoso-del-equipo\/","name":"Pep Guardiola, sarc\u00e1stico por su incidente con Grealish: \"Soy el m\u00e1s famoso del equipo\" - Sporthiva Online","isPartOf":{"@id":"https:\/\/www.sporthiva.com\/#website"},"primaryImageOfPage":{"@id":"http:\/\/www.sporthiva.com\/index.php\/2024\/04\/02\/pep-guardiola-sarcastico-por-su-incidente-con-grealish-soy-el-mas-famoso-del-equipo\/#primaryimage"},"datePublished":"2024-04-02T15:19:07+00:00","dateModified":"2024-04-02T15:19:07+00:00","author":{"@id":"https:\/\/www.sporthiva.com\/#\/schema\/person\/551718db343e60bf7d707f9085b1e611"},"breadcrumb":{"@id":"http:\/\/www.sporthiva.com\/index.php\/2024\/04\/02\/pep-guardiola-sarcastico-por-su-incidente-con-grealish-soy-el-mas-famoso-del-equipo\/#breadcrumb"},"inLanguage":"es","potentialAction":[{"@type":"ReadAction","target":["http:\/\/www.sporthiva.com\/index.php\/2024\/04\/02\/pep-guardiola-sarcastico-por-su-incidente-con-grealish-soy-el-mas-famoso-del-equipo\/"]}]},{"@type":"BreadcrumbList","@id":"http:\/\/www.sporthiva.com\/index.php\/2024\/04\/02\/pep-guardiola-sarcastico-por-su-incidente-con-grealish-soy-el-mas-famoso-del-equipo\/#breadcrumb","itemListElement":[{"@type":"ListItem","position":1,"name":"Portada","item":"https:\/\/www.sporthiva.com\/"},{"@type":"ListItem","position":2,"name":"Pep Guardiola, sarc\u00e1stico por su incidente con Grealish: \u00abSoy el m\u00e1s famoso del equipo\u00bb"}]},{"@type":"Person","@id":"https:\/\/www.sporthiva.com\/#\/schema\/person\/551718db343e60bf7d707f9085b1e611","name":"Evelyn Pineda","image":{"@type":"ImageObject","@id":"https:\/\/www.sporthiva.com\/#personlogo","inLanguage":"es","url":"http:\/\/1.gravatar.com\/avatar\/73932ff8109aee94864b4504adf4d91e?s=96&d=mm&r=g","contentUrl":"http:\/\/1.gravatar.com\/avatar\/73932ff8109aee94864b4504adf4d91e?s=96&d=mm&r=g","caption":"Evelyn Pineda"},"sameAs":["http:\/\/www.sporthiva.com\/"],"url":"http:\/\/www.sporthiva.com\/index.php\/author\/epineda\/"}]}},"_links":{"self":[{"href":"http:\/\/www.sporthiva.com\/index.php\/wp-json\/wp\/v2\/posts\/162043"}],"collection":[{"href":"http:\/\/www.sporthiva.com\/index.php\/wp-json\/wp\/v2\/posts"}],"about":[{"href":"http:\/\/www.sporthiva.com\/index.php\/wp-json\/wp\/v2\/types\/post"}],"author":[{"embeddable":true,"href":"http:\/\/www.sporthiva.com\/index.php\/wp-json\/wp\/v2\/users\/7"}],"replies":[{"embeddable":true,"href":"http:\/\/www.sporthiva.com\/index.php\/wp-json\/wp\/v2\/comments?post=162043"}],"version-history":[{"count":1,"href":"http:\/\/www.sporthiva.com\/index.php\/wp-json\/wp\/v2\/posts\/162043\/revisions"}],"predecessor-version":[{"id":162045,"href":"http:\/\/www.sporthiva.com\/index.php\/wp-json\/wp\/v2\/posts\/162043\/revisions\/162045"}],"wp:featuredmedia":[{"embeddable":true,"href":"http:\/\/www.sporthiva.com\/index.php\/wp-json\/wp\/v2\/media\/162044"}],"wp:attachment":[{"href":"http:\/\/www.sporthiva.com\/index.php\/wp-json\/wp\/v2\/media?parent=162043"}],"wp:term":[{"taxonomy":"category","embeddable":true,"href":"http:\/\/www.sporthiva.com\/index.php\/wp-json\/wp\/v2\/categories?post=162043"},{"taxonomy":"post_tag","embeddable":true,"href":"http:\/\/www.sporthiva.com\/index.php\/wp-json\/wp\/v2\/tags?post=162043"}],"curies":[{"name":"wp","href":"https:\/\/api.w.org\/{rel}","templated":true}]}}