{"id":162061,"date":"2024-04-02T10:46:20","date_gmt":"2024-04-02T16:46:20","guid":{"rendered":"http:\/\/www.sporthiva.com\/?p=162061"},"modified":"2024-04-02T10:46:20","modified_gmt":"2024-04-02T16:46:20","slug":"el-portero-cheikh-sarr-pide-perdon-al-mundo-del-futbol-pero-dice-que-se-siente-la-victima","status":"publish","type":"post","link":"http:\/\/www.sporthiva.com\/index.php\/2024\/04\/02\/el-portero-cheikh-sarr-pide-perdon-al-mundo-del-futbol-pero-dice-que-se-siente-la-victima\/","title":{"rendered":"El portero Cheikh Sarr pide \u00abperd\u00f3n al mundo del f\u00fatbol\u00bb pero dice que se siente la v\u00edctima"},"content":{"rendered":"<p><strong>Majadahonda, Espa\u00f1a<br \/>\n<\/strong><\/p>\n<p>El senegal\u00e9s Cheikh Sarr, portero del Rayo Majadahonda, de la Primera RFEF dijo este martes que pide \u00abperd\u00f3n al mundo del f\u00fatbol\u00bb, pero no a la persona que le grit\u00f3 insultos racistas y que aunque \u00able jode much\u00edsimo\u00bb hacerlo, hay que \u00abser respetuosos\u00bb.<\/p>\n<p>\u00abPedir disculpas al mundo del f\u00fatbol por c\u00f3mo he actuado y, si me vuelve a pasar, no voy a reaccionar tal cual y voy a saber c\u00f3mo comportarme\u00bb, declar\u00f3 el portero que no obstante remarc\u00f3, este martes en la sala de prensa de su equipo, que le \u00abjode much\u00edsimo\u00bb pedir perd\u00f3n por ser la v\u00edctima.<\/p>\n<p><strong>Vea adem\u00e1s: <\/strong><a href=\"http:\/\/www.sporthiva.com\/index.php\/2024\/04\/02\/el-dueno-del-chelsea-pide-paciencia-ante-la-debacle-de-resultados\/\"><strong>El due\u00f1o del Chelsea pide paciencia ante la debacle de resultados<\/strong><\/a><\/p>\n<p>\u00abEsto me jode much\u00edsimo y lo hago porque hay que ser respetuoso y es lo m\u00e1s correcto. Aunque seas la victima, hay que pedir perd\u00f3n al mundo del f\u00fatbol. No lo hago por este chico (quien le insult\u00f3), sino por la imagen del f\u00fatbol\u00bb, indic\u00f3 el guardameta senegal\u00e9s.<\/p>\n<p>El pasado s\u00e1bado, Cheikh Sarr fue expulsado por encararse con aficionados del Sestao situados detr\u00e1s de su porter\u00eda que profer\u00edan insultos racistas contra \u00e9l. Su equipo, el Rayo Majadahonda, decidi\u00f3 por este motivo abandonar el terreno de juego en el minuto 84 y fue suspendido el partido disputado en Las Llanas.<\/p>\n","protected":false},"excerpt":{"rendered":"<p>Majadahonda, Espa\u00f1a El senegal\u00e9s Cheikh Sarr, portero del Rayo Majadahonda, de la Primera RFEF dijo este martes que pide \u00abperd\u00f3n al mundo del f\u00fatbol\u00bb, pero no a la persona que le grit\u00f3 insultos racistas y que aunque \u00able jode much\u00edsimo\u00bb hacerlo, hay que \u00abser respetuosos\u00bb. \u00abPedir disculpas al mundo del f\u00fatbol por c\u00f3mo he actuado&nbsp;<\/p>\n<p><a class=\"btn btn-style\" href=\"http:\/\/www.sporthiva.com\/index.php\/2024\/04\/02\/el-portero-cheikh-sarr-pide-perdon-al-mundo-del-futbol-pero-dice-que-se-siente-la-victima\/\">Continuar leyendo<\/a><\/p>\n","protected":false},"author":7,"featured_media":162062,"comment_status":"open","ping_status":"open","sticky":false,"template":"","format":"standard","meta":{"qubely_global_settings":"","qubely_interactions":""},"categories":[563],"tags":[8928],"qubely_featured_image_url":{"full":["http:\/\/www.sporthiva.com\/wp-content\/uploads\/2024\/04\/Cheikh-Sarr-.jpg",1000,600,false],"landscape":["http:\/\/www.sporthiva.com\/wp-content\/uploads\/2024\/04\/Cheikh-Sarr-.jpg",1000,600,false],"portraits":["http:\/\/www.sporthiva.com\/wp-content\/uploads\/2024\/04\/Cheikh-Sarr--540x320.jpg",540,320,true],"thumbnail":["http:\/\/www.sporthiva.com\/wp-content\/uploads\/2024\/04\/Cheikh-Sarr--150x150.jpg",150,150,true],"medium":["http:\/\/www.sporthiva.com\/wp-content\/uploads\/2024\/04\/Cheikh-Sarr--632x379.jpg",632,379,true],"medium_large":["http:\/\/www.sporthiva.com\/wp-content\/uploads\/2024\/04\/Cheikh-Sarr--768x461.jpg",768,461,true],"large":["http:\/\/www.sporthiva.com\/wp-content\/uploads\/2024\/04\/Cheikh-Sarr-.jpg",1000,600,false],"1536x1536":["http:\/\/www.sporthiva.com\/wp-content\/uploads\/2024\/04\/Cheikh-Sarr-.jpg",1000,600,false],"2048x2048":["http:\/\/www.sporthiva.com\/wp-content\/uploads\/2024\/04\/Cheikh-Sarr-.jpg",1000,600,false],"alm-thumbnail":["http:\/\/www.sporthiva.com\/wp-content\/uploads\/2024\/04\/Cheikh-Sarr--150x150.jpg",150,150,true],"qubely_landscape":["http:\/\/www.sporthiva.com\/wp-content\/uploads\/2024\/04\/Cheikh-Sarr-.jpg",1000,600,false],"qubely_portrait":["http:\/\/www.sporthiva.com\/wp-content\/uploads\/2024\/04\/Cheikh-Sarr--540x320.jpg",540,320,true],"qubely_thumbnail":["http:\/\/www.sporthiva.com\/wp-content\/uploads\/2024\/04\/Cheikh-Sarr--140x100.jpg",140,100,true],"sportspress-crop-medium":["http:\/\/www.sporthiva.com\/wp-content\/uploads\/2024\/04\/Cheikh-Sarr--300x300.jpg",300,300,true],"sportspress-fit-medium":["http:\/\/www.sporthiva.com\/wp-content\/uploads\/2024\/04\/Cheikh-Sarr--300x180.jpg",300,180,true],"sportspress-fit-icon":["http:\/\/www.sporthiva.com\/wp-content\/uploads\/2024\/04\/Cheikh-Sarr--128x77.jpg",128,77,true],"sportspress-fit-mini":["http:\/\/www.sporthiva.com\/wp-content\/uploads\/2024\/04\/Cheikh-Sarr--32x19.jpg",32,19,true],"heighlights":["http:\/\/www.sporthiva.com\/wp-content\/uploads\/2024\/04\/Cheikh-Sarr--460x500.jpg",460,500,true],"video-thumb":["http:\/\/www.sporthiva.com\/wp-content\/uploads\/2024\/04\/Cheikh-Sarr--360x235.jpg",360,235,true],"video-thumb2":["http:\/\/www.sporthiva.com\/wp-content\/uploads\/2024\/04\/Cheikh-Sarr--360x422.jpg",360,422,true],"blog-thumb":["http:\/\/www.sporthiva.com\/wp-content\/uploads\/2024\/04\/Cheikh-Sarr--175x150.jpg",175,150,true],"blog-medium":["http:\/\/www.sporthiva.com\/wp-content\/uploads\/2024\/04\/Cheikh-Sarr--750x350.jpg",750,350,true],"blog-full":["http:\/\/www.sporthiva.com\/wp-content\/uploads\/2024\/04\/Cheikh-Sarr--1000x550.jpg",1000,550,true],"popular-post":["http:\/\/www.sporthiva.com\/wp-content\/uploads\/2024\/04\/Cheikh-Sarr--560x510.jpg",560,510,true],"heighlights-post":["http:\/\/www.sporthiva.com\/wp-content\/uploads\/2024\/04\/Cheikh-Sarr--262x236.jpg",262,236,true],"player-thumb":["http:\/\/www.sporthiva.com\/wp-content\/uploads\/2024\/04\/Cheikh-Sarr--270x150.jpg",270,150,true],"wp_rp_thumbnail":["http:\/\/www.sporthiva.com\/wp-content\/uploads\/2024\/04\/Cheikh-Sarr--150x150.jpg",150,150,true]},"qubely_author":{"display_name":"Evelyn Pineda","author_link":"http:\/\/www.sporthiva.com\/index.php\/author\/epineda\/"},"qubely_comment":0,"qubely_category":"<a href=\"http:\/\/www.sporthiva.com\/index.php\/category\/internacionales\/\" rel=\"category tag\">Internacionales<\/a>","qubely_excerpt":"Majadahonda, Espa\u00f1a El senegal\u00e9s Cheikh Sarr, portero del Rayo Majadahonda, de la Primera RFEF dijo este martes que pide \u00abperd\u00f3n al mundo del f\u00fatbol\u00bb, pero no a la persona que le grit\u00f3 insultos racistas y que aunque \u00able jode much\u00edsimo\u00bb hacerlo, hay que \u00abser respetuosos\u00bb. \u00abPedir disculpas al mundo del f\u00fatbol por c\u00f3mo he actuado&nbsp;Continuar&hellip;","yoast_head":"<!-- This site is optimized with the Yoast SEO plugin v17.8 - https:\/\/yoast.com\/wordpress\/plugins\/seo\/ -->\n<title>El portero Cheikh Sarr pide \u00abperd\u00f3n al mundo del f\u00fatbol\u00bb pero dice que se siente la v\u00edctima - Sporthiva Online<\/title>\n<meta name=\"robots\" content=\"index, follow, max-snippet:-1, max-image-preview:large, max-video-preview:-1\" \/>\n<link rel=\"canonical\" href=\"http:\/\/www.sporthiva.com\/index.php\/2024\/04\/02\/el-portero-cheikh-sarr-pide-perdon-al-mundo-del-futbol-pero-dice-que-se-siente-la-victima\/\" \/>\n<meta property=\"og:locale\" content=\"es_ES\" \/>\n<meta property=\"og:type\" content=\"article\" \/>\n<meta property=\"og:title\" content=\"El portero Cheikh Sarr pide \u00abperd\u00f3n al mundo del f\u00fatbol\u00bb pero dice que se siente la v\u00edctima - Sporthiva Online\" \/>\n<meta property=\"og:description\" content=\"Majadahonda, Espa\u00f1a El senegal\u00e9s Cheikh Sarr, portero del Rayo Majadahonda, de la Primera RFEF dijo este martes que pide \u00abperd\u00f3n al mundo del f\u00fatbol\u00bb, pero no a la persona que le grit\u00f3 insultos racistas y que aunque \u00able jode much\u00edsimo\u00bb hacerlo, hay que \u00abser respetuosos\u00bb. \u00abPedir disculpas al mundo del f\u00fatbol por c\u00f3mo he actuado&nbsp;Continuar leyendo\" \/>\n<meta property=\"og:url\" content=\"http:\/\/www.sporthiva.com\/index.php\/2024\/04\/02\/el-portero-cheikh-sarr-pide-perdon-al-mundo-del-futbol-pero-dice-que-se-siente-la-victima\/\" \/>\n<meta property=\"og:site_name\" content=\"Sporthiva Online\" \/>\n<meta property=\"article:published_time\" content=\"2024-04-02T16:46:20+00:00\" \/>\n<meta property=\"og:image\" content=\"http:\/\/www.sporthiva.com\/wp-content\/uploads\/2024\/04\/Cheikh-Sarr-.jpg\" \/>\n\t<meta property=\"og:image:width\" content=\"1000\" \/>\n\t<meta property=\"og:image:height\" content=\"600\" \/>\n<meta name=\"twitter:card\" content=\"summary\" \/>\n<meta name=\"twitter:label1\" content=\"Escrito por\" \/>\n\t<meta name=\"twitter:data1\" content=\"Evelyn Pineda\" \/>\n\t<meta name=\"twitter:label2\" content=\"Tiempo de lectura\" \/>\n\t<meta name=\"twitter:data2\" content=\"1 minuto\" \/>\n<script type=\"application\/ld+json\" class=\"yoast-schema-graph\">{\"@context\":\"https:\/\/schema.org\",\"@graph\":[{\"@type\":\"WebSite\",\"@id\":\"http:\/\/www.sporthiva.com\/#website\",\"url\":\"http:\/\/www.sporthiva.com\/\",\"name\":\"Sporthiva Online\",\"description\":\"Sporthiva Online\",\"potentialAction\":[{\"@type\":\"SearchAction\",\"target\":{\"@type\":\"EntryPoint\",\"urlTemplate\":\"http:\/\/www.sporthiva.com\/?s={search_term_string}\"},\"query-input\":\"required name=search_term_string\"}],\"inLanguage\":\"es\"},{\"@type\":\"ImageObject\",\"@id\":\"http:\/\/www.sporthiva.com\/index.php\/2024\/04\/02\/el-portero-cheikh-sarr-pide-perdon-al-mundo-del-futbol-pero-dice-que-se-siente-la-victima\/#primaryimage\",\"inLanguage\":\"es\",\"url\":\"http:\/\/www.sporthiva.com\/wp-content\/uploads\/2024\/04\/Cheikh-Sarr-.jpg\",\"contentUrl\":\"http:\/\/www.sporthiva.com\/wp-content\/uploads\/2024\/04\/Cheikh-Sarr-.jpg\",\"width\":1000,\"height\":600},{\"@type\":\"WebPage\",\"@id\":\"http:\/\/www.sporthiva.com\/index.php\/2024\/04\/02\/el-portero-cheikh-sarr-pide-perdon-al-mundo-del-futbol-pero-dice-que-se-siente-la-victima\/#webpage\",\"url\":\"http:\/\/www.sporthiva.com\/index.php\/2024\/04\/02\/el-portero-cheikh-sarr-pide-perdon-al-mundo-del-futbol-pero-dice-que-se-siente-la-victima\/\",\"name\":\"El portero Cheikh Sarr pide \\u00abperd\\u00f3n al mundo del f\\u00fatbol\\u00bb pero dice que se siente la v\\u00edctima - Sporthiva Online\",\"isPartOf\":{\"@id\":\"http:\/\/www.sporthiva.com\/#website\"},\"primaryImageOfPage\":{\"@id\":\"http:\/\/www.sporthiva.com\/index.php\/2024\/04\/02\/el-portero-cheikh-sarr-pide-perdon-al-mundo-del-futbol-pero-dice-que-se-siente-la-victima\/#primaryimage\"},\"datePublished\":\"2024-04-02T16:46:20+00:00\",\"dateModified\":\"2024-04-02T16:46:20+00:00\",\"author\":{\"@id\":\"http:\/\/www.sporthiva.com\/#\/schema\/person\/551718db343e60bf7d707f9085b1e611\"},\"breadcrumb\":{\"@id\":\"http:\/\/www.sporthiva.com\/index.php\/2024\/04\/02\/el-portero-cheikh-sarr-pide-perdon-al-mundo-del-futbol-pero-dice-que-se-siente-la-victima\/#breadcrumb\"},\"inLanguage\":\"es\",\"potentialAction\":[{\"@type\":\"ReadAction\",\"target\":[\"http:\/\/www.sporthiva.com\/index.php\/2024\/04\/02\/el-portero-cheikh-sarr-pide-perdon-al-mundo-del-futbol-pero-dice-que-se-siente-la-victima\/\"]}]},{\"@type\":\"BreadcrumbList\",\"@id\":\"http:\/\/www.sporthiva.com\/index.php\/2024\/04\/02\/el-portero-cheikh-sarr-pide-perdon-al-mundo-del-futbol-pero-dice-que-se-siente-la-victima\/#breadcrumb\",\"itemListElement\":[{\"@type\":\"ListItem\",\"position\":1,\"name\":\"Portada\",\"item\":\"http:\/\/www.sporthiva.com\/\"},{\"@type\":\"ListItem\",\"position\":2,\"name\":\"El portero Cheikh Sarr pide \\u00abperd\\u00f3n al mundo del f\\u00fatbol\\u00bb pero dice que se siente la v\\u00edctima\"}]},{\"@type\":\"Person\",\"@id\":\"http:\/\/www.sporthiva.com\/#\/schema\/person\/551718db343e60bf7d707f9085b1e611\",\"name\":\"Evelyn Pineda\",\"image\":{\"@type\":\"ImageObject\",\"@id\":\"http:\/\/www.sporthiva.com\/#personlogo\",\"inLanguage\":\"es\",\"url\":\"http:\/\/1.gravatar.com\/avatar\/73932ff8109aee94864b4504adf4d91e?s=96&d=mm&r=g\",\"contentUrl\":\"http:\/\/1.gravatar.com\/avatar\/73932ff8109aee94864b4504adf4d91e?s=96&d=mm&r=g\",\"caption\":\"Evelyn Pineda\"},\"sameAs\":[\"http:\/\/www.sporthiva.com\/\"],\"url\":\"http:\/\/www.sporthiva.com\/index.php\/author\/epineda\/\"}]}<\/script>\n<!-- \/ Yoast SEO plugin. -->","yoast_head_json":{"title":"El portero Cheikh Sarr pide \u00abperd\u00f3n al mundo del f\u00fatbol\u00bb pero dice que se siente la v\u00edctima - Sporthiva Online","robots":{"index":"index","follow":"follow","max-snippet":"max-snippet:-1","max-image-preview":"max-image-preview:large","max-video-preview":"max-video-preview:-1"},"canonical":"http:\/\/www.sporthiva.com\/index.php\/2024\/04\/02\/el-portero-cheikh-sarr-pide-perdon-al-mundo-del-futbol-pero-dice-que-se-siente-la-victima\/","og_locale":"es_ES","og_type":"article","og_title":"El portero Cheikh Sarr pide \u00abperd\u00f3n al mundo del f\u00fatbol\u00bb pero dice que se siente la v\u00edctima - Sporthiva Online","og_description":"Majadahonda, Espa\u00f1a El senegal\u00e9s Cheikh Sarr, portero del Rayo Majadahonda, de la Primera RFEF dijo este martes que pide \u00abperd\u00f3n al mundo del f\u00fatbol\u00bb, pero no a la persona que le grit\u00f3 insultos racistas y que aunque \u00able jode much\u00edsimo\u00bb hacerlo, hay que \u00abser respetuosos\u00bb. \u00abPedir disculpas al mundo del f\u00fatbol por c\u00f3mo he actuado&nbsp;Continuar leyendo","og_url":"http:\/\/www.sporthiva.com\/index.php\/2024\/04\/02\/el-portero-cheikh-sarr-pide-perdon-al-mundo-del-futbol-pero-dice-que-se-siente-la-victima\/","og_site_name":"Sporthiva Online","article_published_time":"2024-04-02T16:46:20+00:00","og_image":[{"width":1000,"height":600,"url":"http:\/\/www.sporthiva.com\/wp-content\/uploads\/2024\/04\/Cheikh-Sarr-.jpg","type":"image\/jpeg"}],"twitter_card":"summary","twitter_misc":{"Escrito por":"Evelyn Pineda","Tiempo de lectura":"1 minuto"},"schema":{"@context":"https:\/\/schema.org","@graph":[{"@type":"WebSite","@id":"http:\/\/www.sporthiva.com\/#website","url":"http:\/\/www.sporthiva.com\/","name":"Sporthiva Online","description":"Sporthiva Online","potentialAction":[{"@type":"SearchAction","target":{"@type":"EntryPoint","urlTemplate":"http:\/\/www.sporthiva.com\/?s={search_term_string}"},"query-input":"required name=search_term_string"}],"inLanguage":"es"},{"@type":"ImageObject","@id":"http:\/\/www.sporthiva.com\/index.php\/2024\/04\/02\/el-portero-cheikh-sarr-pide-perdon-al-mundo-del-futbol-pero-dice-que-se-siente-la-victima\/#primaryimage","inLanguage":"es","url":"http:\/\/www.sporthiva.com\/wp-content\/uploads\/2024\/04\/Cheikh-Sarr-.jpg","contentUrl":"http:\/\/www.sporthiva.com\/wp-content\/uploads\/2024\/04\/Cheikh-Sarr-.jpg","width":1000,"height":600},{"@type":"WebPage","@id":"http:\/\/www.sporthiva.com\/index.php\/2024\/04\/02\/el-portero-cheikh-sarr-pide-perdon-al-mundo-del-futbol-pero-dice-que-se-siente-la-victima\/#webpage","url":"http:\/\/www.sporthiva.com\/index.php\/2024\/04\/02\/el-portero-cheikh-sarr-pide-perdon-al-mundo-del-futbol-pero-dice-que-se-siente-la-victima\/","name":"El portero Cheikh Sarr pide \u00abperd\u00f3n al mundo del f\u00fatbol\u00bb pero dice que se siente la v\u00edctima - Sporthiva Online","isPartOf":{"@id":"http:\/\/www.sporthiva.com\/#website"},"primaryImageOfPage":{"@id":"http:\/\/www.sporthiva.com\/index.php\/2024\/04\/02\/el-portero-cheikh-sarr-pide-perdon-al-mundo-del-futbol-pero-dice-que-se-siente-la-victima\/#primaryimage"},"datePublished":"2024-04-02T16:46:20+00:00","dateModified":"2024-04-02T16:46:20+00:00","author":{"@id":"http:\/\/www.sporthiva.com\/#\/schema\/person\/551718db343e60bf7d707f9085b1e611"},"breadcrumb":{"@id":"http:\/\/www.sporthiva.com\/index.php\/2024\/04\/02\/el-portero-cheikh-sarr-pide-perdon-al-mundo-del-futbol-pero-dice-que-se-siente-la-victima\/#breadcrumb"},"inLanguage":"es","potentialAction":[{"@type":"ReadAction","target":["http:\/\/www.sporthiva.com\/index.php\/2024\/04\/02\/el-portero-cheikh-sarr-pide-perdon-al-mundo-del-futbol-pero-dice-que-se-siente-la-victima\/"]}]},{"@type":"BreadcrumbList","@id":"http:\/\/www.sporthiva.com\/index.php\/2024\/04\/02\/el-portero-cheikh-sarr-pide-perdon-al-mundo-del-futbol-pero-dice-que-se-siente-la-victima\/#breadcrumb","itemListElement":[{"@type":"ListItem","position":1,"name":"Portada","item":"http:\/\/www.sporthiva.com\/"},{"@type":"ListItem","position":2,"name":"El portero Cheikh Sarr pide \u00abperd\u00f3n al mundo del f\u00fatbol\u00bb pero dice que se siente la v\u00edctima"}]},{"@type":"Person","@id":"http:\/\/www.sporthiva.com\/#\/schema\/person\/551718db343e60bf7d707f9085b1e611","name":"Evelyn Pineda","image":{"@type":"ImageObject","@id":"http:\/\/www.sporthiva.com\/#personlogo","inLanguage":"es","url":"http:\/\/1.gravatar.com\/avatar\/73932ff8109aee94864b4504adf4d91e?s=96&d=mm&r=g","contentUrl":"http:\/\/1.gravatar.com\/avatar\/73932ff8109aee94864b4504adf4d91e?s=96&d=mm&r=g","caption":"Evelyn Pineda"},"sameAs":["http:\/\/www.sporthiva.com\/"],"url":"http:\/\/www.sporthiva.com\/index.php\/author\/epineda\/"}]}},"_links":{"self":[{"href":"http:\/\/www.sporthiva.com\/index.php\/wp-json\/wp\/v2\/posts\/162061"}],"collection":[{"href":"http:\/\/www.sporthiva.com\/index.php\/wp-json\/wp\/v2\/posts"}],"about":[{"href":"http:\/\/www.sporthiva.com\/index.php\/wp-json\/wp\/v2\/types\/post"}],"author":[{"embeddable":true,"href":"http:\/\/www.sporthiva.com\/index.php\/wp-json\/wp\/v2\/users\/7"}],"replies":[{"embeddable":true,"href":"http:\/\/www.sporthiva.com\/index.php\/wp-json\/wp\/v2\/comments?post=162061"}],"version-history":[{"count":1,"href":"http:\/\/www.sporthiva.com\/index.php\/wp-json\/wp\/v2\/posts\/162061\/revisions"}],"predecessor-version":[{"id":162063,"href":"http:\/\/www.sporthiva.com\/index.php\/wp-json\/wp\/v2\/posts\/162061\/revisions\/162063"}],"wp:featuredmedia":[{"embeddable":true,"href":"http:\/\/www.sporthiva.com\/index.php\/wp-json\/wp\/v2\/media\/162062"}],"wp:attachment":[{"href":"http:\/\/www.sporthiva.com\/index.php\/wp-json\/wp\/v2\/media?parent=162061"}],"wp:term":[{"taxonomy":"category","embeddable":true,"href":"http:\/\/www.sporthiva.com\/index.php\/wp-json\/wp\/v2\/categories?post=162061"},{"taxonomy":"post_tag","embeddable":true,"href":"http:\/\/www.sporthiva.com\/index.php\/wp-json\/wp\/v2\/tags?post=162061"}],"curies":[{"name":"wp","href":"https:\/\/api.w.org\/{rel}","templated":true}]}}