{"id":162215,"date":"2024-04-04T09:13:20","date_gmt":"2024-04-04T15:13:20","guid":{"rendered":"http:\/\/www.sporthiva.com\/?p=162215"},"modified":"2024-04-04T09:13:20","modified_gmt":"2024-04-04T15:13:20","slug":"javier-aguirre-disputara-una-final-de-copa-del-rey-19-anos-despues","status":"publish","type":"post","link":"http:\/\/www.sporthiva.com\/index.php\/2024\/04\/04\/javier-aguirre-disputara-una-final-de-copa-del-rey-19-anos-despues\/","title":{"rendered":"Javier Aguirre disputar\u00e1 una final de Copa del Rey 19 a\u00f1os despu\u00e9s"},"content":{"rendered":"<p><strong>Espa\u00f1a<\/strong><\/p>\n<p>Javier Aguirre ha manejado con precisi\u00f3n el tim\u00f3n del Mallorca hasta conducirlo a la cuarta final de su historia en la Copa del Rey ante el Athletic Club de Bilbao, segunda para el t\u00e9cnico mexicano tras la que perdi\u00f3 hace 19 a\u00f1os, en 2005, con Osasuna en la pr\u00f3rroga (2-1) ante el Betis.<\/p>\n<p>El \u201cVasco\u201d sigue la estela de los colegas que le precedieron en el banquillo bermell\u00f3n en el reto de llegar al choque clave del torneo copero, los espa\u00f1oles Lorenzo Serra Ferrer, Gregorio Manzano y el argentino H\u00e9ctor C\u00faper.<\/p>\n<p>Solo Manzano alcanz\u00f3 la gloria con la victoria mallorquinista frente al Recreativo de Huelva en Elche (2003); Serra Ferrer y C\u00faper vieron como el trofeo se les escapaba ante el Atl\u00e9tico de Madrid (1991) y el Barcelona (1998), respectivamente.<\/p>\n<p><strong>Vea adem\u00e1s: <a href=\"http:\/\/www.sporthiva.com\/index.php\/2024\/04\/03\/david-ruiz-fue-expulsado-en-la-derrota-del-inter-miami-contra-monterrey-en-concacaf\/\">David Ruiz fue expulsado en la derrota del Inter Miami contra Monterrey en Concacaf<\/a><\/strong><\/p>\n<p>El Mallorca afrontar\u00e1 la final el s\u00e1bado en el estadio de La Cartuja ante el Athletic, uno de los \u201creyes de Copas\u201d -suma 23 t\u00edtulos- junto al Bar\u00e7a, que tiene 31.<\/p>\n<p>El club balear no llegar\u00e1 a la capital hispalense con la condici\u00f3n de favorito, como lo demuestra la historia de la competici\u00f3n copera. Pero tampoco lo ten\u00eda todas consigo hace dos a\u00f1os en LaLiga, amenazado por el descenso a Segunda, hasta que Aguirre asumi\u00f3 la direcci\u00f3n t\u00e9cnica de los bermellones en marzo de 2022 a falta de 9 jornadas para el final del campeonato.<\/p>\n<p>Tras un dram\u00e1tico esprint final, el Mallorca no solo salv\u00f3 la categor\u00eda, sino que adem\u00e1s, en la temporada siguiente, acab\u00f3 el campeonato en la novena posici\u00f3n sumando 50 puntos. Con Aguirre en el banquillo los bermellones han disputado 77 partidos en la m\u00e1xima categor\u00eda del f\u00fatbol espa\u00f1ol; de ellos ha ganado 24, empatados 22 y perdidos 31.<\/p>\n<p><strong>Le interesa tambi\u00e9n: <a href=\"http:\/\/www.sporthiva.com\/index.php\/2024\/04\/03\/foden-con-un-hat-trick-impulsa-al-manchester-city-en-su-goleada-ante-el-aston-villa\/\">Manchester City golea al Aston Villa con hat-trick de Foden y sue\u00f1a con la Premier League<\/a><\/strong><\/p>\n<p>El equipo encadena 79 jornadas sin caer en la zona de descenso y, hasta ahora, sigue sin enlazar tres derrotas consecutivas. No obstante, esta temporada le est\u00e1 costando poner tierra de por medio con el descenso. Es su asignatura pendiente. En la trig\u00e9sima jornada solo seis puntos (suma 31) le separan del abismo.<\/p>\n<p>En la Copa del Rey de esta temporada, en cambio, los n\u00fameros del t\u00e9cnico de Ciudad de M\u00e9xico han sido espectaculares. Tras superar cuatro rondas ante rivales de menor entidad (Boiro, Valle de Eg\u00fces, Burgos y Tenerife), el Mallorca elimin\u00f3 al Girona,el equipo de moda este a\u00f1o en Primera, y a la Real Sociedad para plantarse en la final del torneo del KO. (Con informaci\u00f3n de EFE).<\/p>\n","protected":false},"excerpt":{"rendered":"<p>Espa\u00f1a Javier Aguirre ha manejado con precisi\u00f3n el tim\u00f3n del Mallorca hasta conducirlo a la cuarta final de su historia en la Copa del Rey ante el Athletic Club de Bilbao, segunda para el t\u00e9cnico mexicano tras la que perdi\u00f3 hace 19 a\u00f1os, en 2005, con Osasuna en la pr\u00f3rroga (2-1) ante el Betis. El&nbsp;<\/p>\n<p><a class=\"btn btn-style\" href=\"http:\/\/www.sporthiva.com\/index.php\/2024\/04\/04\/javier-aguirre-disputara-una-final-de-copa-del-rey-19-anos-despues\/\">Continuar leyendo<\/a><\/p>\n","protected":false},"author":7,"featured_media":162216,"comment_status":"open","ping_status":"open","sticky":false,"template":"","format":"standard","meta":{"qubely_global_settings":"","qubely_interactions":""},"categories":[563],"tags":[1774,163,1760,2930],"qubely_featured_image_url":{"full":["http:\/\/www.sporthiva.com\/wp-content\/uploads\/2024\/04\/208c4a47-0339-491f-8f44-469ac0e2091f_1200x680.jpeg",1200,680,false],"landscape":["http:\/\/www.sporthiva.com\/wp-content\/uploads\/2024\/04\/208c4a47-0339-491f-8f44-469ac0e2091f_1200x680.jpeg",1200,680,false],"portraits":["http:\/\/www.sporthiva.com\/wp-content\/uploads\/2024\/04\/208c4a47-0339-491f-8f44-469ac0e2091f_1200x680-540x320.jpeg",540,320,true],"thumbnail":["http:\/\/www.sporthiva.com\/wp-content\/uploads\/2024\/04\/208c4a47-0339-491f-8f44-469ac0e2091f_1200x680-150x150.jpeg",150,150,true],"medium":["http:\/\/www.sporthiva.com\/wp-content\/uploads\/2024\/04\/208c4a47-0339-491f-8f44-469ac0e2091f_1200x680-669x379.jpeg",669,379,true],"medium_large":["http:\/\/www.sporthiva.com\/wp-content\/uploads\/2024\/04\/208c4a47-0339-491f-8f44-469ac0e2091f_1200x680-768x435.jpeg",768,435,true],"large":["http:\/\/www.sporthiva.com\/wp-content\/uploads\/2024\/04\/208c4a47-0339-491f-8f44-469ac0e2091f_1200x680.jpeg",1200,680,false],"1536x1536":["http:\/\/www.sporthiva.com\/wp-content\/uploads\/2024\/04\/208c4a47-0339-491f-8f44-469ac0e2091f_1200x680.jpeg",1200,680,false],"2048x2048":["http:\/\/www.sporthiva.com\/wp-content\/uploads\/2024\/04\/208c4a47-0339-491f-8f44-469ac0e2091f_1200x680.jpeg",1200,680,false],"alm-thumbnail":["http:\/\/www.sporthiva.com\/wp-content\/uploads\/2024\/04\/208c4a47-0339-491f-8f44-469ac0e2091f_1200x680-150x150.jpeg",150,150,true],"qubely_landscape":["http:\/\/www.sporthiva.com\/wp-content\/uploads\/2024\/04\/208c4a47-0339-491f-8f44-469ac0e2091f_1200x680.jpeg",1200,680,false],"qubely_portrait":["http:\/\/www.sporthiva.com\/wp-content\/uploads\/2024\/04\/208c4a47-0339-491f-8f44-469ac0e2091f_1200x680-540x320.jpeg",540,320,true],"qubely_thumbnail":["http:\/\/www.sporthiva.com\/wp-content\/uploads\/2024\/04\/208c4a47-0339-491f-8f44-469ac0e2091f_1200x680-140x100.jpeg",140,100,true],"sportspress-crop-medium":["http:\/\/www.sporthiva.com\/wp-content\/uploads\/2024\/04\/208c4a47-0339-491f-8f44-469ac0e2091f_1200x680-300x300.jpeg",300,300,true],"sportspress-fit-medium":["http:\/\/www.sporthiva.com\/wp-content\/uploads\/2024\/04\/208c4a47-0339-491f-8f44-469ac0e2091f_1200x680-300x170.jpeg",300,170,true],"sportspress-fit-icon":["http:\/\/www.sporthiva.com\/wp-content\/uploads\/2024\/04\/208c4a47-0339-491f-8f44-469ac0e2091f_1200x680-128x73.jpeg",128,73,true],"sportspress-fit-mini":["http:\/\/www.sporthiva.com\/wp-content\/uploads\/2024\/04\/208c4a47-0339-491f-8f44-469ac0e2091f_1200x680-32x18.jpeg",32,18,true],"heighlights":["http:\/\/www.sporthiva.com\/wp-content\/uploads\/2024\/04\/208c4a47-0339-491f-8f44-469ac0e2091f_1200x680-460x500.jpeg",460,500,true],"video-thumb":["http:\/\/www.sporthiva.com\/wp-content\/uploads\/2024\/04\/208c4a47-0339-491f-8f44-469ac0e2091f_1200x680-360x235.jpeg",360,235,true],"video-thumb2":["http:\/\/www.sporthiva.com\/wp-content\/uploads\/2024\/04\/208c4a47-0339-491f-8f44-469ac0e2091f_1200x680-360x422.jpeg",360,422,true],"blog-thumb":["http:\/\/www.sporthiva.com\/wp-content\/uploads\/2024\/04\/208c4a47-0339-491f-8f44-469ac0e2091f_1200x680-175x150.jpeg",175,150,true],"blog-medium":["http:\/\/www.sporthiva.com\/wp-content\/uploads\/2024\/04\/208c4a47-0339-491f-8f44-469ac0e2091f_1200x680-750x350.jpeg",750,350,true],"blog-full":["http:\/\/www.sporthiva.com\/wp-content\/uploads\/2024\/04\/208c4a47-0339-491f-8f44-469ac0e2091f_1200x680-1140x550.jpeg",1140,550,true],"popular-post":["http:\/\/www.sporthiva.com\/wp-content\/uploads\/2024\/04\/208c4a47-0339-491f-8f44-469ac0e2091f_1200x680-560x510.jpeg",560,510,true],"heighlights-post":["http:\/\/www.sporthiva.com\/wp-content\/uploads\/2024\/04\/208c4a47-0339-491f-8f44-469ac0e2091f_1200x680-262x236.jpeg",262,236,true],"player-thumb":["http:\/\/www.sporthiva.com\/wp-content\/uploads\/2024\/04\/208c4a47-0339-491f-8f44-469ac0e2091f_1200x680-270x150.jpeg",270,150,true],"wp_rp_thumbnail":["http:\/\/www.sporthiva.com\/wp-content\/uploads\/2024\/04\/208c4a47-0339-491f-8f44-469ac0e2091f_1200x680-150x150.jpeg",150,150,true]},"qubely_author":{"display_name":"Evelyn Pineda","author_link":"http:\/\/www.sporthiva.com\/index.php\/author\/epineda\/"},"qubely_comment":0,"qubely_category":"<a href=\"http:\/\/www.sporthiva.com\/index.php\/category\/internacionales\/\" rel=\"category tag\">Internacionales<\/a>","qubely_excerpt":"Espa\u00f1a Javier Aguirre ha manejado con precisi\u00f3n el tim\u00f3n del Mallorca hasta conducirlo a la cuarta final de su historia en la Copa del Rey ante el Athletic Club de Bilbao, segunda para el t\u00e9cnico mexicano tras la que perdi\u00f3 hace 19 a\u00f1os, en 2005, con Osasuna en la pr\u00f3rroga (2-1) ante el Betis. El&nbsp;Continuar&hellip;","yoast_head":"<!-- This site is optimized with the Yoast SEO plugin v17.8 - https:\/\/yoast.com\/wordpress\/plugins\/seo\/ -->\n<title>Javier Aguirre disputar\u00e1 una final de Copa del Rey 19 a\u00f1os despu\u00e9s - Sporthiva Online<\/title>\n<meta name=\"robots\" content=\"index, follow, max-snippet:-1, max-image-preview:large, max-video-preview:-1\" \/>\n<link rel=\"canonical\" href=\"http:\/\/www.sporthiva.com\/index.php\/2024\/04\/04\/javier-aguirre-disputara-una-final-de-copa-del-rey-19-anos-despues\/\" \/>\n<meta property=\"og:locale\" content=\"es_ES\" \/>\n<meta property=\"og:type\" content=\"article\" \/>\n<meta property=\"og:title\" content=\"Javier Aguirre disputar\u00e1 una final de Copa del Rey 19 a\u00f1os despu\u00e9s - Sporthiva Online\" \/>\n<meta property=\"og:description\" content=\"Espa\u00f1a Javier Aguirre ha manejado con precisi\u00f3n el tim\u00f3n del Mallorca hasta conducirlo a la cuarta final de su historia en la Copa del Rey ante el Athletic Club de Bilbao, segunda para el t\u00e9cnico mexicano tras la que perdi\u00f3 hace 19 a\u00f1os, en 2005, con Osasuna en la pr\u00f3rroga (2-1) ante el Betis. El&nbsp;Continuar leyendo\" \/>\n<meta property=\"og:url\" content=\"http:\/\/www.sporthiva.com\/index.php\/2024\/04\/04\/javier-aguirre-disputara-una-final-de-copa-del-rey-19-anos-despues\/\" \/>\n<meta property=\"og:site_name\" content=\"Sporthiva Online\" \/>\n<meta property=\"article:published_time\" content=\"2024-04-04T15:13:20+00:00\" \/>\n<meta property=\"og:image\" content=\"http:\/\/www.sporthiva.com\/wp-content\/uploads\/2024\/04\/208c4a47-0339-491f-8f44-469ac0e2091f_1200x680.jpeg\" \/>\n\t<meta property=\"og:image:width\" content=\"1200\" \/>\n\t<meta property=\"og:image:height\" content=\"680\" \/>\n<meta name=\"twitter:card\" content=\"summary\" \/>\n<meta name=\"twitter:label1\" content=\"Escrito por\" \/>\n\t<meta name=\"twitter:data1\" content=\"Evelyn Pineda\" \/>\n\t<meta name=\"twitter:label2\" content=\"Tiempo de lectura\" \/>\n\t<meta name=\"twitter:data2\" content=\"3 minutos\" \/>\n<script type=\"application\/ld+json\" class=\"yoast-schema-graph\">{\"@context\":\"https:\/\/schema.org\",\"@graph\":[{\"@type\":\"WebSite\",\"@id\":\"http:\/\/www.sporthiva.com\/#website\",\"url\":\"http:\/\/www.sporthiva.com\/\",\"name\":\"Sporthiva Online\",\"description\":\"Sporthiva Online\",\"potentialAction\":[{\"@type\":\"SearchAction\",\"target\":{\"@type\":\"EntryPoint\",\"urlTemplate\":\"http:\/\/www.sporthiva.com\/?s={search_term_string}\"},\"query-input\":\"required name=search_term_string\"}],\"inLanguage\":\"es\"},{\"@type\":\"ImageObject\",\"@id\":\"http:\/\/www.sporthiva.com\/index.php\/2024\/04\/04\/javier-aguirre-disputara-una-final-de-copa-del-rey-19-anos-despues\/#primaryimage\",\"inLanguage\":\"es\",\"url\":\"http:\/\/www.sporthiva.com\/wp-content\/uploads\/2024\/04\/208c4a47-0339-491f-8f44-469ac0e2091f_1200x680.jpeg\",\"contentUrl\":\"http:\/\/www.sporthiva.com\/wp-content\/uploads\/2024\/04\/208c4a47-0339-491f-8f44-469ac0e2091f_1200x680.jpeg\",\"width\":1200,\"height\":680},{\"@type\":\"WebPage\",\"@id\":\"http:\/\/www.sporthiva.com\/index.php\/2024\/04\/04\/javier-aguirre-disputara-una-final-de-copa-del-rey-19-anos-despues\/#webpage\",\"url\":\"http:\/\/www.sporthiva.com\/index.php\/2024\/04\/04\/javier-aguirre-disputara-una-final-de-copa-del-rey-19-anos-despues\/\",\"name\":\"Javier Aguirre disputar\\u00e1 una final de Copa del Rey 19 a\\u00f1os despu\\u00e9s - Sporthiva Online\",\"isPartOf\":{\"@id\":\"http:\/\/www.sporthiva.com\/#website\"},\"primaryImageOfPage\":{\"@id\":\"http:\/\/www.sporthiva.com\/index.php\/2024\/04\/04\/javier-aguirre-disputara-una-final-de-copa-del-rey-19-anos-despues\/#primaryimage\"},\"datePublished\":\"2024-04-04T15:13:20+00:00\",\"dateModified\":\"2024-04-04T15:13:20+00:00\",\"author\":{\"@id\":\"http:\/\/www.sporthiva.com\/#\/schema\/person\/551718db343e60bf7d707f9085b1e611\"},\"breadcrumb\":{\"@id\":\"http:\/\/www.sporthiva.com\/index.php\/2024\/04\/04\/javier-aguirre-disputara-una-final-de-copa-del-rey-19-anos-despues\/#breadcrumb\"},\"inLanguage\":\"es\",\"potentialAction\":[{\"@type\":\"ReadAction\",\"target\":[\"http:\/\/www.sporthiva.com\/index.php\/2024\/04\/04\/javier-aguirre-disputara-una-final-de-copa-del-rey-19-anos-despues\/\"]}]},{\"@type\":\"BreadcrumbList\",\"@id\":\"http:\/\/www.sporthiva.com\/index.php\/2024\/04\/04\/javier-aguirre-disputara-una-final-de-copa-del-rey-19-anos-despues\/#breadcrumb\",\"itemListElement\":[{\"@type\":\"ListItem\",\"position\":1,\"name\":\"Portada\",\"item\":\"http:\/\/www.sporthiva.com\/\"},{\"@type\":\"ListItem\",\"position\":2,\"name\":\"Javier Aguirre disputar\\u00e1 una final de Copa del Rey 19 a\\u00f1os despu\\u00e9s\"}]},{\"@type\":\"Person\",\"@id\":\"http:\/\/www.sporthiva.com\/#\/schema\/person\/551718db343e60bf7d707f9085b1e611\",\"name\":\"Evelyn Pineda\",\"image\":{\"@type\":\"ImageObject\",\"@id\":\"http:\/\/www.sporthiva.com\/#personlogo\",\"inLanguage\":\"es\",\"url\":\"http:\/\/1.gravatar.com\/avatar\/73932ff8109aee94864b4504adf4d91e?s=96&d=mm&r=g\",\"contentUrl\":\"http:\/\/1.gravatar.com\/avatar\/73932ff8109aee94864b4504adf4d91e?s=96&d=mm&r=g\",\"caption\":\"Evelyn Pineda\"},\"sameAs\":[\"http:\/\/www.sporthiva.com\/\"],\"url\":\"http:\/\/www.sporthiva.com\/index.php\/author\/epineda\/\"}]}<\/script>\n<!-- \/ Yoast SEO plugin. -->","yoast_head_json":{"title":"Javier Aguirre disputar\u00e1 una final de Copa del Rey 19 a\u00f1os despu\u00e9s - Sporthiva Online","robots":{"index":"index","follow":"follow","max-snippet":"max-snippet:-1","max-image-preview":"max-image-preview:large","max-video-preview":"max-video-preview:-1"},"canonical":"http:\/\/www.sporthiva.com\/index.php\/2024\/04\/04\/javier-aguirre-disputara-una-final-de-copa-del-rey-19-anos-despues\/","og_locale":"es_ES","og_type":"article","og_title":"Javier Aguirre disputar\u00e1 una final de Copa del Rey 19 a\u00f1os despu\u00e9s - Sporthiva Online","og_description":"Espa\u00f1a Javier Aguirre ha manejado con precisi\u00f3n el tim\u00f3n del Mallorca hasta conducirlo a la cuarta final de su historia en la Copa del Rey ante el Athletic Club de Bilbao, segunda para el t\u00e9cnico mexicano tras la que perdi\u00f3 hace 19 a\u00f1os, en 2005, con Osasuna en la pr\u00f3rroga (2-1) ante el Betis. El&nbsp;Continuar leyendo","og_url":"http:\/\/www.sporthiva.com\/index.php\/2024\/04\/04\/javier-aguirre-disputara-una-final-de-copa-del-rey-19-anos-despues\/","og_site_name":"Sporthiva Online","article_published_time":"2024-04-04T15:13:20+00:00","og_image":[{"width":1200,"height":680,"url":"http:\/\/www.sporthiva.com\/wp-content\/uploads\/2024\/04\/208c4a47-0339-491f-8f44-469ac0e2091f_1200x680.jpeg","type":"image\/jpeg"}],"twitter_card":"summary","twitter_misc":{"Escrito por":"Evelyn Pineda","Tiempo de lectura":"3 minutos"},"schema":{"@context":"https:\/\/schema.org","@graph":[{"@type":"WebSite","@id":"http:\/\/www.sporthiva.com\/#website","url":"http:\/\/www.sporthiva.com\/","name":"Sporthiva Online","description":"Sporthiva Online","potentialAction":[{"@type":"SearchAction","target":{"@type":"EntryPoint","urlTemplate":"http:\/\/www.sporthiva.com\/?s={search_term_string}"},"query-input":"required name=search_term_string"}],"inLanguage":"es"},{"@type":"ImageObject","@id":"http:\/\/www.sporthiva.com\/index.php\/2024\/04\/04\/javier-aguirre-disputara-una-final-de-copa-del-rey-19-anos-despues\/#primaryimage","inLanguage":"es","url":"http:\/\/www.sporthiva.com\/wp-content\/uploads\/2024\/04\/208c4a47-0339-491f-8f44-469ac0e2091f_1200x680.jpeg","contentUrl":"http:\/\/www.sporthiva.com\/wp-content\/uploads\/2024\/04\/208c4a47-0339-491f-8f44-469ac0e2091f_1200x680.jpeg","width":1200,"height":680},{"@type":"WebPage","@id":"http:\/\/www.sporthiva.com\/index.php\/2024\/04\/04\/javier-aguirre-disputara-una-final-de-copa-del-rey-19-anos-despues\/#webpage","url":"http:\/\/www.sporthiva.com\/index.php\/2024\/04\/04\/javier-aguirre-disputara-una-final-de-copa-del-rey-19-anos-despues\/","name":"Javier Aguirre disputar\u00e1 una final de Copa del Rey 19 a\u00f1os despu\u00e9s - Sporthiva Online","isPartOf":{"@id":"http:\/\/www.sporthiva.com\/#website"},"primaryImageOfPage":{"@id":"http:\/\/www.sporthiva.com\/index.php\/2024\/04\/04\/javier-aguirre-disputara-una-final-de-copa-del-rey-19-anos-despues\/#primaryimage"},"datePublished":"2024-04-04T15:13:20+00:00","dateModified":"2024-04-04T15:13:20+00:00","author":{"@id":"http:\/\/www.sporthiva.com\/#\/schema\/person\/551718db343e60bf7d707f9085b1e611"},"breadcrumb":{"@id":"http:\/\/www.sporthiva.com\/index.php\/2024\/04\/04\/javier-aguirre-disputara-una-final-de-copa-del-rey-19-anos-despues\/#breadcrumb"},"inLanguage":"es","potentialAction":[{"@type":"ReadAction","target":["http:\/\/www.sporthiva.com\/index.php\/2024\/04\/04\/javier-aguirre-disputara-una-final-de-copa-del-rey-19-anos-despues\/"]}]},{"@type":"BreadcrumbList","@id":"http:\/\/www.sporthiva.com\/index.php\/2024\/04\/04\/javier-aguirre-disputara-una-final-de-copa-del-rey-19-anos-despues\/#breadcrumb","itemListElement":[{"@type":"ListItem","position":1,"name":"Portada","item":"http:\/\/www.sporthiva.com\/"},{"@type":"ListItem","position":2,"name":"Javier Aguirre disputar\u00e1 una final de Copa del Rey 19 a\u00f1os despu\u00e9s"}]},{"@type":"Person","@id":"http:\/\/www.sporthiva.com\/#\/schema\/person\/551718db343e60bf7d707f9085b1e611","name":"Evelyn Pineda","image":{"@type":"ImageObject","@id":"http:\/\/www.sporthiva.com\/#personlogo","inLanguage":"es","url":"http:\/\/1.gravatar.com\/avatar\/73932ff8109aee94864b4504adf4d91e?s=96&d=mm&r=g","contentUrl":"http:\/\/1.gravatar.com\/avatar\/73932ff8109aee94864b4504adf4d91e?s=96&d=mm&r=g","caption":"Evelyn Pineda"},"sameAs":["http:\/\/www.sporthiva.com\/"],"url":"http:\/\/www.sporthiva.com\/index.php\/author\/epineda\/"}]}},"_links":{"self":[{"href":"http:\/\/www.sporthiva.com\/index.php\/wp-json\/wp\/v2\/posts\/162215"}],"collection":[{"href":"http:\/\/www.sporthiva.com\/index.php\/wp-json\/wp\/v2\/posts"}],"about":[{"href":"http:\/\/www.sporthiva.com\/index.php\/wp-json\/wp\/v2\/types\/post"}],"author":[{"embeddable":true,"href":"http:\/\/www.sporthiva.com\/index.php\/wp-json\/wp\/v2\/users\/7"}],"replies":[{"embeddable":true,"href":"http:\/\/www.sporthiva.com\/index.php\/wp-json\/wp\/v2\/comments?post=162215"}],"version-history":[{"count":1,"href":"http:\/\/www.sporthiva.com\/index.php\/wp-json\/wp\/v2\/posts\/162215\/revisions"}],"predecessor-version":[{"id":162217,"href":"http:\/\/www.sporthiva.com\/index.php\/wp-json\/wp\/v2\/posts\/162215\/revisions\/162217"}],"wp:featuredmedia":[{"embeddable":true,"href":"http:\/\/www.sporthiva.com\/index.php\/wp-json\/wp\/v2\/media\/162216"}],"wp:attachment":[{"href":"http:\/\/www.sporthiva.com\/index.php\/wp-json\/wp\/v2\/media?parent=162215"}],"wp:term":[{"taxonomy":"category","embeddable":true,"href":"http:\/\/www.sporthiva.com\/index.php\/wp-json\/wp\/v2\/categories?post=162215"},{"taxonomy":"post_tag","embeddable":true,"href":"http:\/\/www.sporthiva.com\/index.php\/wp-json\/wp\/v2\/tags?post=162215"}],"curies":[{"name":"wp","href":"https:\/\/api.w.org\/{rel}","templated":true}]}}