{"id":164434,"date":"2024-05-05T13:37:34","date_gmt":"2024-05-05T19:37:34","guid":{"rendered":"http:\/\/www.sporthiva.com\/?p=164434"},"modified":"2024-05-05T13:37:34","modified_gmt":"2024-05-05T19:37:34","slug":"vinicius-y-rodrygo-su-tercera-liga-ahora-como-lideres","status":"publish","type":"post","link":"http:\/\/www.sporthiva.com\/index.php\/2024\/05\/05\/vinicius-y-rodrygo-su-tercera-liga-ahora-como-lideres\/","title":{"rendered":"Vin\u00edcius y Rodrygo, su tercera Liga ahora como l\u00edderes"},"content":{"rendered":"<p><strong>Madrid, Espa\u00f1a<\/strong><\/p>\n<p>Vin\u00edcius Junior y Rodrygo Goes lograron el s\u00e1bado su tercera Liga. Su und\u00e9cimo y d\u00e9cimo t\u00edtulos, respectivamente, con el Real Madrid. La primera como l\u00edderes del ataque del equipo blanco. Con 23 a\u00f1os cada uno. 23 goles y 11 asistencias han aportado entre los dos para un t\u00edtulo liguero que ya lleva su nombre.<\/p>\n<p>La salida de Karim Benzema y el no fichaje de un \u20189\u2019 estrella para sustituirle dio galones a ambos para subir otro escal\u00f3n en su crecimiento en el Real Madrid. Vin\u00edcius lleg\u00f3 en 2018 y Rodrygo en 2019. Desde entonces han crecido juntos, pero a ritmos muy diferentes.<\/p>\n<p>\u2018Vini\u2019 pas\u00f3 de las cr\u00edticas por su falta de punter\u00eda a anotar m\u00e1s de 20 goles en tres temporadas consecutivas siendo extremo y convertirse en una referencia a nivel mundial. Y Rodrygo de revulsivo a ser un habitual en el ataque de Carlo Ancelotti, aunque tenga que ser alejado de esa banda izquierda que tanto anhela.<\/p>\n<p><strong>Vea adem\u00e1s: <\/strong><a href=\"http:\/\/www.sporthiva.com\/index.php\/2024\/05\/05\/tadej-pogacar-gana-la-segunda-etapa-del-giro-de-italia-2024\/\"><strong>Tadej Pogacar gana la segunda etapa del Giro de Italia 2024<\/strong><\/a><\/p>\n<p>Una posici\u00f3n que es propiedad de su compatriota, pero que han podido compartir en partidos grandes en este tramo final de temporada en el que \u2018Carletto\u2019 busc\u00f3 un acomodo mejor para Rodrygo y coloc\u00f3 a Vin\u00edcius jugando por dentro y altern\u00e1ndose ambos.<\/p>\n<p>\u201cEspero que siga as\u00ed\u201d, dijo Rodrygo recientemente sobre este cambio de esquema. Y es que el \u201811\u2019 del Real Madrid siempre ha querido alejarse en sus declaraciones de la posici\u00f3n de \u20189\u2019 referencia que ocup\u00f3 por momentos en el conjunto blanco esta temporada.<\/p>\n<p>Un lugar en el campo que le exig\u00eda m\u00e1s goles que los que por tramos aport\u00f3. Sobre todo en una fase inicial de campeonato en la que tras marcar el primer gol de LaLiga EA Sports, no volvi\u00f3 a ver puerta en 31 disparos.<\/p>\n<p><strong>Le interesa: <\/strong><a href=\"http:\/\/www.sporthiva.com\/index.php\/2024\/05\/05\/el-real-madrid-celebrara-la-liga-con-su-aficion-el-proximo-domingo-12-de-mayo\/\"><strong>El Real Madrid celebrar\u00e1 la Liga con su afici\u00f3n el pr\u00f3ximo domingo 12 de mayo<\/strong><\/a><\/p>\n<p>Una mala racha que no merm\u00f3 la confianza de Ancelotti en \u00e9l. Le cuid\u00f3, incluso teniendo que sentarle en el banquillo en contadas ocasiones, y acab\u00f3 recuperando la finura de cara a puerta. Y cuando lo hizo, se fue directo a abrazar a su entrenador que, como hizo con Bellingham, trabaj\u00f3 en darle la mejor posici\u00f3n posible para que explotara sus virtudes.<\/p>\n<p>De momento, Rodrygo suma 17 goles esta temporada -10 de ellos en Liga- y est\u00e1 a dos de igualar su mejor registro, de la anterior campa\u00f1a. Por delante, al menos, cinco partidos y uno m\u00e1s que podr\u00eda ser la final de la \u2018Champions\u2019; la competici\u00f3n en la que mejor se desenvuelve Rodrygo y de cuya aportaci\u00f3n depender\u00e1 de que el Real Madrid est\u00e9 un paso m\u00e1s cerca de su 15\u00aa \u2018orejona\u2019.<\/p>\n<p class=\"wp-block-heading\"><strong>Vin\u00edcius y la \u2018amenaza\u2019 de Mbapp\u00e9<\/strong><\/p>\n<p>Vin\u00edcius ha sufrido esta temporada las primeras lesiones musculares de su carrera. Llegaron tarde, por la cultura del entrenamiento diario que tiene en casa. Su gimnasio, alimentaci\u00f3n y trabajo de recuperaci\u00f3n es clave en su d\u00eda a d\u00eda. Cuenta con un equipo que le ayuda en ello y que ha aportado en su crecimiento hasta colocarse entre los mejores del mundo.<\/p>\n<p>\u2018Vini\u2019 sufri\u00f3 dos lesiones esta temporada que le mantuvieron alejado de los terrenos de juego 75 d\u00edas. Desde la campa\u00f1a 2019-2020 no hab\u00eda jugado tan pocos partidos a estas alturas de campeonato: 35.<\/p>\n<p>Encuentros en los que ha anotado 21 goles -13 en Liga- y 11 asistencias -6 en Liga-. Casi una aportaci\u00f3n a gol por encuentro. Siendo letal en la banda izquierda, con el cl\u00e1sico frente al Barcelona de Supercopa en enero, en el que marc\u00f3 un triplete, como m\u00e1ximo exponente; y tambi\u00e9n por dentro, con su reciente doblete al Bayern M\u00fanich.<\/p>\n<p>Esta \u00faltima posici\u00f3n en la que le ha colocado Ancelotti es un paso m\u00e1s en su crecimiento continuo. Ha a\u00f1adido a su cat\u00e1logo jugar de espaldas a porter\u00eda, atraer al defensa para \u2018matarle\u2019 al espacio. Y es letal.<\/p>\n<p><strong>Lea tambi\u00e9n: <\/strong><a href=\"http:\/\/www.sporthiva.com\/index.php\/2024\/05\/05\/el-psv-campeon-de-la-liga-holandesa-por-vigesimo-quinta-vez\/\"><strong>El PSV, campe\u00f3n de la liga holandesa por vig\u00e9simo quinta vez<\/strong><\/a><\/p>\n<p>Dos posiciones sobre el campo, extremo izquierdo y falso delantero, que comparte con Kylian Mbapp\u00e9. De nuevo, su nombre vuelve a estar sobre la mesa del Real Madrid.<\/p>\n<p>Por cuarto verano consecutivo y ahora con el debate de c\u00f3mo casar\u00e1 en el campo con Vin\u00edcius al actuar en las mismas posiciones, aunque, eso s\u00ed, Ancelotti ha demostrado, de nuevo, con Bellingham y con Rodrygo que saca lo mejor de sus futbolistas y que el sistema no es ni mucho menos r\u00edgido.<\/p>\n<p>En todo caso, ser\u00e1 un debate a futuro entre dos posibles futuros compa\u00f1eros. Y rivales. Ya que ambos podr\u00edan disputar la final de la Liga de Campeones del pr\u00f3ximo 1 de junio en Londres, en caso de que Real Madrid y Par\u00eds Saint-Germain logren superar sus respectivas eliminatorias. (Con informaci\u00f3n de EFE).<\/p>\n","protected":false},"excerpt":{"rendered":"<p>Madrid, Espa\u00f1a Vin\u00edcius Junior y Rodrygo Goes lograron el s\u00e1bado su tercera Liga. Su und\u00e9cimo y d\u00e9cimo t\u00edtulos, respectivamente, con el Real Madrid. La primera como l\u00edderes del ataque del equipo blanco. Con 23 a\u00f1os cada uno. 23 goles y 11 asistencias han aportado entre los dos para un t\u00edtulo liguero que ya lleva su&nbsp;<\/p>\n<p><a class=\"btn btn-style\" href=\"http:\/\/www.sporthiva.com\/index.php\/2024\/05\/05\/vinicius-y-rodrygo-su-tercera-liga-ahora-como-lideres\/\">Continuar leyendo<\/a><\/p>\n","protected":false},"author":7,"featured_media":164435,"comment_status":"open","ping_status":"open","sticky":false,"template":"","format":"standard","meta":{"qubely_global_settings":"","qubely_interactions":""},"categories":[563],"tags":[52,6187,3113],"qubely_featured_image_url":{"full":["http:\/\/www.sporthiva.com\/wp-content\/uploads\/2024\/05\/16989404938141.jpg",1980,1320,false],"landscape":["http:\/\/www.sporthiva.com\/wp-content\/uploads\/2024\/05\/16989404938141-1200x750.jpg",1200,750,true],"portraits":["http:\/\/www.sporthiva.com\/wp-content\/uploads\/2024\/05\/16989404938141-540x320.jpg",540,320,true],"thumbnail":["http:\/\/www.sporthiva.com\/wp-content\/uploads\/2024\/05\/16989404938141-150x150.jpg",150,150,true],"medium":["http:\/\/www.sporthiva.com\/wp-content\/uploads\/2024\/05\/16989404938141-569x379.jpg",569,379,true],"medium_large":["http:\/\/www.sporthiva.com\/wp-content\/uploads\/2024\/05\/16989404938141-768x512.jpg",768,512,true],"large":["http:\/\/www.sporthiva.com\/wp-content\/uploads\/2024\/05\/16989404938141-1080x720.jpg",1080,720,true],"1536x1536":["http:\/\/www.sporthiva.com\/wp-content\/uploads\/2024\/05\/16989404938141-1536x1024.jpg",1536,1024,true],"2048x2048":["http:\/\/www.sporthiva.com\/wp-content\/uploads\/2024\/05\/16989404938141.jpg",1980,1320,false],"alm-thumbnail":["http:\/\/www.sporthiva.com\/wp-content\/uploads\/2024\/05\/16989404938141-150x150.jpg",150,150,true],"qubely_landscape":["http:\/\/www.sporthiva.com\/wp-content\/uploads\/2024\/05\/16989404938141-1200x750.jpg",1200,750,true],"qubely_portrait":["http:\/\/www.sporthiva.com\/wp-content\/uploads\/2024\/05\/16989404938141-540x320.jpg",540,320,true],"qubely_thumbnail":["http:\/\/www.sporthiva.com\/wp-content\/uploads\/2024\/05\/16989404938141-140x100.jpg",140,100,true],"sportspress-crop-medium":["http:\/\/www.sporthiva.com\/wp-content\/uploads\/2024\/05\/16989404938141-300x300.jpg",300,300,true],"sportspress-fit-medium":["http:\/\/www.sporthiva.com\/wp-content\/uploads\/2024\/05\/16989404938141-300x200.jpg",300,200,true],"sportspress-fit-icon":["http:\/\/www.sporthiva.com\/wp-content\/uploads\/2024\/05\/16989404938141-128x85.jpg",128,85,true],"sportspress-fit-mini":["http:\/\/www.sporthiva.com\/wp-content\/uploads\/2024\/05\/16989404938141-32x21.jpg",32,21,true],"heighlights":["http:\/\/www.sporthiva.com\/wp-content\/uploads\/2024\/05\/16989404938141-460x500.jpg",460,500,true],"video-thumb":["http:\/\/www.sporthiva.com\/wp-content\/uploads\/2024\/05\/16989404938141-360x235.jpg",360,235,true],"video-thumb2":["http:\/\/www.sporthiva.com\/wp-content\/uploads\/2024\/05\/16989404938141-360x422.jpg",360,422,true],"blog-thumb":["http:\/\/www.sporthiva.com\/wp-content\/uploads\/2024\/05\/16989404938141-175x150.jpg",175,150,true],"blog-medium":["http:\/\/www.sporthiva.com\/wp-content\/uploads\/2024\/05\/16989404938141-750x350.jpg",750,350,true],"blog-full":["http:\/\/www.sporthiva.com\/wp-content\/uploads\/2024\/05\/16989404938141-1140x550.jpg",1140,550,true],"popular-post":["http:\/\/www.sporthiva.com\/wp-content\/uploads\/2024\/05\/16989404938141-560x510.jpg",560,510,true],"heighlights-post":["http:\/\/www.sporthiva.com\/wp-content\/uploads\/2024\/05\/16989404938141-262x236.jpg",262,236,true],"player-thumb":["http:\/\/www.sporthiva.com\/wp-content\/uploads\/2024\/05\/16989404938141-270x150.jpg",270,150,true],"wp_rp_thumbnail":["http:\/\/www.sporthiva.com\/wp-content\/uploads\/2024\/05\/16989404938141-150x150.jpg",150,150,true]},"qubely_author":{"display_name":"Evelyn Pineda","author_link":"http:\/\/www.sporthiva.com\/index.php\/author\/epineda\/"},"qubely_comment":0,"qubely_category":"<a href=\"http:\/\/www.sporthiva.com\/index.php\/category\/internacionales\/\" rel=\"category tag\">Internacionales<\/a>","qubely_excerpt":"Madrid, Espa\u00f1a Vin\u00edcius Junior y Rodrygo Goes lograron el s\u00e1bado su tercera Liga. Su und\u00e9cimo y d\u00e9cimo t\u00edtulos, respectivamente, con el Real Madrid. La primera como l\u00edderes del ataque del equipo blanco. Con 23 a\u00f1os cada uno. 23 goles y 11 asistencias han aportado entre los dos para un t\u00edtulo liguero que ya lleva su&nbsp;Continuar&hellip;","yoast_head":"<!-- This site is optimized with the Yoast SEO plugin v17.8 - https:\/\/yoast.com\/wordpress\/plugins\/seo\/ -->\n<title>Vin\u00edcius y Rodrygo, su tercera Liga ahora como l\u00edderes - Sporthiva Online<\/title>\n<meta name=\"robots\" content=\"index, follow, max-snippet:-1, max-image-preview:large, max-video-preview:-1\" \/>\n<link rel=\"canonical\" href=\"http:\/\/www.sporthiva.com\/index.php\/2024\/05\/05\/vinicius-y-rodrygo-su-tercera-liga-ahora-como-lideres\/\" \/>\n<meta property=\"og:locale\" content=\"es_ES\" \/>\n<meta property=\"og:type\" content=\"article\" \/>\n<meta property=\"og:title\" content=\"Vin\u00edcius y Rodrygo, su tercera Liga ahora como l\u00edderes - Sporthiva Online\" \/>\n<meta property=\"og:description\" content=\"Madrid, Espa\u00f1a Vin\u00edcius Junior y Rodrygo Goes lograron el s\u00e1bado su tercera Liga. Su und\u00e9cimo y d\u00e9cimo t\u00edtulos, respectivamente, con el Real Madrid. La primera como l\u00edderes del ataque del equipo blanco. Con 23 a\u00f1os cada uno. 23 goles y 11 asistencias han aportado entre los dos para un t\u00edtulo liguero que ya lleva su&nbsp;Continuar leyendo\" \/>\n<meta property=\"og:url\" content=\"http:\/\/www.sporthiva.com\/index.php\/2024\/05\/05\/vinicius-y-rodrygo-su-tercera-liga-ahora-como-lideres\/\" \/>\n<meta property=\"og:site_name\" content=\"Sporthiva Online\" \/>\n<meta property=\"article:published_time\" content=\"2024-05-05T19:37:34+00:00\" \/>\n<meta property=\"og:image\" content=\"http:\/\/www.sporthiva.com\/wp-content\/uploads\/2024\/05\/16989404938141.jpg\" \/>\n\t<meta property=\"og:image:width\" content=\"1980\" \/>\n\t<meta property=\"og:image:height\" content=\"1320\" \/>\n<meta name=\"twitter:card\" content=\"summary\" \/>\n<meta name=\"twitter:label1\" content=\"Escrito por\" \/>\n\t<meta name=\"twitter:data1\" content=\"Evelyn Pineda\" \/>\n\t<meta name=\"twitter:label2\" content=\"Tiempo de lectura\" \/>\n\t<meta name=\"twitter:data2\" content=\"4 minutos\" \/>\n<script type=\"application\/ld+json\" class=\"yoast-schema-graph\">{\"@context\":\"https:\/\/schema.org\",\"@graph\":[{\"@type\":\"WebSite\",\"@id\":\"http:\/\/www.sporthiva.com\/#website\",\"url\":\"http:\/\/www.sporthiva.com\/\",\"name\":\"Sporthiva Online\",\"description\":\"Sporthiva Online\",\"potentialAction\":[{\"@type\":\"SearchAction\",\"target\":{\"@type\":\"EntryPoint\",\"urlTemplate\":\"http:\/\/www.sporthiva.com\/?s={search_term_string}\"},\"query-input\":\"required name=search_term_string\"}],\"inLanguage\":\"es\"},{\"@type\":\"ImageObject\",\"@id\":\"http:\/\/www.sporthiva.com\/index.php\/2024\/05\/05\/vinicius-y-rodrygo-su-tercera-liga-ahora-como-lideres\/#primaryimage\",\"inLanguage\":\"es\",\"url\":\"http:\/\/www.sporthiva.com\/wp-content\/uploads\/2024\/05\/16989404938141.jpg\",\"contentUrl\":\"http:\/\/www.sporthiva.com\/wp-content\/uploads\/2024\/05\/16989404938141.jpg\",\"width\":1980,\"height\":1320},{\"@type\":\"WebPage\",\"@id\":\"http:\/\/www.sporthiva.com\/index.php\/2024\/05\/05\/vinicius-y-rodrygo-su-tercera-liga-ahora-como-lideres\/#webpage\",\"url\":\"http:\/\/www.sporthiva.com\/index.php\/2024\/05\/05\/vinicius-y-rodrygo-su-tercera-liga-ahora-como-lideres\/\",\"name\":\"Vin\\u00edcius y Rodrygo, su tercera Liga ahora como l\\u00edderes - Sporthiva Online\",\"isPartOf\":{\"@id\":\"http:\/\/www.sporthiva.com\/#website\"},\"primaryImageOfPage\":{\"@id\":\"http:\/\/www.sporthiva.com\/index.php\/2024\/05\/05\/vinicius-y-rodrygo-su-tercera-liga-ahora-como-lideres\/#primaryimage\"},\"datePublished\":\"2024-05-05T19:37:34+00:00\",\"dateModified\":\"2024-05-05T19:37:34+00:00\",\"author\":{\"@id\":\"http:\/\/www.sporthiva.com\/#\/schema\/person\/551718db343e60bf7d707f9085b1e611\"},\"breadcrumb\":{\"@id\":\"http:\/\/www.sporthiva.com\/index.php\/2024\/05\/05\/vinicius-y-rodrygo-su-tercera-liga-ahora-como-lideres\/#breadcrumb\"},\"inLanguage\":\"es\",\"potentialAction\":[{\"@type\":\"ReadAction\",\"target\":[\"http:\/\/www.sporthiva.com\/index.php\/2024\/05\/05\/vinicius-y-rodrygo-su-tercera-liga-ahora-como-lideres\/\"]}]},{\"@type\":\"BreadcrumbList\",\"@id\":\"http:\/\/www.sporthiva.com\/index.php\/2024\/05\/05\/vinicius-y-rodrygo-su-tercera-liga-ahora-como-lideres\/#breadcrumb\",\"itemListElement\":[{\"@type\":\"ListItem\",\"position\":1,\"name\":\"Portada\",\"item\":\"http:\/\/www.sporthiva.com\/\"},{\"@type\":\"ListItem\",\"position\":2,\"name\":\"Vin\\u00edcius y Rodrygo, su tercera Liga ahora como l\\u00edderes\"}]},{\"@type\":\"Person\",\"@id\":\"http:\/\/www.sporthiva.com\/#\/schema\/person\/551718db343e60bf7d707f9085b1e611\",\"name\":\"Evelyn Pineda\",\"image\":{\"@type\":\"ImageObject\",\"@id\":\"http:\/\/www.sporthiva.com\/#personlogo\",\"inLanguage\":\"es\",\"url\":\"http:\/\/1.gravatar.com\/avatar\/73932ff8109aee94864b4504adf4d91e?s=96&d=mm&r=g\",\"contentUrl\":\"http:\/\/1.gravatar.com\/avatar\/73932ff8109aee94864b4504adf4d91e?s=96&d=mm&r=g\",\"caption\":\"Evelyn Pineda\"},\"sameAs\":[\"http:\/\/www.sporthiva.com\/\"],\"url\":\"http:\/\/www.sporthiva.com\/index.php\/author\/epineda\/\"}]}<\/script>\n<!-- \/ Yoast SEO plugin. -->","yoast_head_json":{"title":"Vin\u00edcius y Rodrygo, su tercera Liga ahora como l\u00edderes - Sporthiva Online","robots":{"index":"index","follow":"follow","max-snippet":"max-snippet:-1","max-image-preview":"max-image-preview:large","max-video-preview":"max-video-preview:-1"},"canonical":"http:\/\/www.sporthiva.com\/index.php\/2024\/05\/05\/vinicius-y-rodrygo-su-tercera-liga-ahora-como-lideres\/","og_locale":"es_ES","og_type":"article","og_title":"Vin\u00edcius y Rodrygo, su tercera Liga ahora como l\u00edderes - Sporthiva Online","og_description":"Madrid, Espa\u00f1a Vin\u00edcius Junior y Rodrygo Goes lograron el s\u00e1bado su tercera Liga. Su und\u00e9cimo y d\u00e9cimo t\u00edtulos, respectivamente, con el Real Madrid. La primera como l\u00edderes del ataque del equipo blanco. Con 23 a\u00f1os cada uno. 23 goles y 11 asistencias han aportado entre los dos para un t\u00edtulo liguero que ya lleva su&nbsp;Continuar leyendo","og_url":"http:\/\/www.sporthiva.com\/index.php\/2024\/05\/05\/vinicius-y-rodrygo-su-tercera-liga-ahora-como-lideres\/","og_site_name":"Sporthiva Online","article_published_time":"2024-05-05T19:37:34+00:00","og_image":[{"width":1980,"height":1320,"url":"http:\/\/www.sporthiva.com\/wp-content\/uploads\/2024\/05\/16989404938141.jpg","type":"image\/jpeg"}],"twitter_card":"summary","twitter_misc":{"Escrito por":"Evelyn Pineda","Tiempo de lectura":"4 minutos"},"schema":{"@context":"https:\/\/schema.org","@graph":[{"@type":"WebSite","@id":"http:\/\/www.sporthiva.com\/#website","url":"http:\/\/www.sporthiva.com\/","name":"Sporthiva Online","description":"Sporthiva Online","potentialAction":[{"@type":"SearchAction","target":{"@type":"EntryPoint","urlTemplate":"http:\/\/www.sporthiva.com\/?s={search_term_string}"},"query-input":"required name=search_term_string"}],"inLanguage":"es"},{"@type":"ImageObject","@id":"http:\/\/www.sporthiva.com\/index.php\/2024\/05\/05\/vinicius-y-rodrygo-su-tercera-liga-ahora-como-lideres\/#primaryimage","inLanguage":"es","url":"http:\/\/www.sporthiva.com\/wp-content\/uploads\/2024\/05\/16989404938141.jpg","contentUrl":"http:\/\/www.sporthiva.com\/wp-content\/uploads\/2024\/05\/16989404938141.jpg","width":1980,"height":1320},{"@type":"WebPage","@id":"http:\/\/www.sporthiva.com\/index.php\/2024\/05\/05\/vinicius-y-rodrygo-su-tercera-liga-ahora-como-lideres\/#webpage","url":"http:\/\/www.sporthiva.com\/index.php\/2024\/05\/05\/vinicius-y-rodrygo-su-tercera-liga-ahora-como-lideres\/","name":"Vin\u00edcius y Rodrygo, su tercera Liga ahora como l\u00edderes - Sporthiva Online","isPartOf":{"@id":"http:\/\/www.sporthiva.com\/#website"},"primaryImageOfPage":{"@id":"http:\/\/www.sporthiva.com\/index.php\/2024\/05\/05\/vinicius-y-rodrygo-su-tercera-liga-ahora-como-lideres\/#primaryimage"},"datePublished":"2024-05-05T19:37:34+00:00","dateModified":"2024-05-05T19:37:34+00:00","author":{"@id":"http:\/\/www.sporthiva.com\/#\/schema\/person\/551718db343e60bf7d707f9085b1e611"},"breadcrumb":{"@id":"http:\/\/www.sporthiva.com\/index.php\/2024\/05\/05\/vinicius-y-rodrygo-su-tercera-liga-ahora-como-lideres\/#breadcrumb"},"inLanguage":"es","potentialAction":[{"@type":"ReadAction","target":["http:\/\/www.sporthiva.com\/index.php\/2024\/05\/05\/vinicius-y-rodrygo-su-tercera-liga-ahora-como-lideres\/"]}]},{"@type":"BreadcrumbList","@id":"http:\/\/www.sporthiva.com\/index.php\/2024\/05\/05\/vinicius-y-rodrygo-su-tercera-liga-ahora-como-lideres\/#breadcrumb","itemListElement":[{"@type":"ListItem","position":1,"name":"Portada","item":"http:\/\/www.sporthiva.com\/"},{"@type":"ListItem","position":2,"name":"Vin\u00edcius y Rodrygo, su tercera Liga ahora como l\u00edderes"}]},{"@type":"Person","@id":"http:\/\/www.sporthiva.com\/#\/schema\/person\/551718db343e60bf7d707f9085b1e611","name":"Evelyn Pineda","image":{"@type":"ImageObject","@id":"http:\/\/www.sporthiva.com\/#personlogo","inLanguage":"es","url":"http:\/\/1.gravatar.com\/avatar\/73932ff8109aee94864b4504adf4d91e?s=96&d=mm&r=g","contentUrl":"http:\/\/1.gravatar.com\/avatar\/73932ff8109aee94864b4504adf4d91e?s=96&d=mm&r=g","caption":"Evelyn Pineda"},"sameAs":["http:\/\/www.sporthiva.com\/"],"url":"http:\/\/www.sporthiva.com\/index.php\/author\/epineda\/"}]}},"_links":{"self":[{"href":"http:\/\/www.sporthiva.com\/index.php\/wp-json\/wp\/v2\/posts\/164434"}],"collection":[{"href":"http:\/\/www.sporthiva.com\/index.php\/wp-json\/wp\/v2\/posts"}],"about":[{"href":"http:\/\/www.sporthiva.com\/index.php\/wp-json\/wp\/v2\/types\/post"}],"author":[{"embeddable":true,"href":"http:\/\/www.sporthiva.com\/index.php\/wp-json\/wp\/v2\/users\/7"}],"replies":[{"embeddable":true,"href":"http:\/\/www.sporthiva.com\/index.php\/wp-json\/wp\/v2\/comments?post=164434"}],"version-history":[{"count":2,"href":"http:\/\/www.sporthiva.com\/index.php\/wp-json\/wp\/v2\/posts\/164434\/revisions"}],"predecessor-version":[{"id":164437,"href":"http:\/\/www.sporthiva.com\/index.php\/wp-json\/wp\/v2\/posts\/164434\/revisions\/164437"}],"wp:featuredmedia":[{"embeddable":true,"href":"http:\/\/www.sporthiva.com\/index.php\/wp-json\/wp\/v2\/media\/164435"}],"wp:attachment":[{"href":"http:\/\/www.sporthiva.com\/index.php\/wp-json\/wp\/v2\/media?parent=164434"}],"wp:term":[{"taxonomy":"category","embeddable":true,"href":"http:\/\/www.sporthiva.com\/index.php\/wp-json\/wp\/v2\/categories?post=164434"},{"taxonomy":"post_tag","embeddable":true,"href":"http:\/\/www.sporthiva.com\/index.php\/wp-json\/wp\/v2\/tags?post=164434"}],"curies":[{"name":"wp","href":"https:\/\/api.w.org\/{rel}","templated":true}]}}