{"id":166061,"date":"2024-05-30T10:20:27","date_gmt":"2024-05-30T16:20:27","guid":{"rendered":"http:\/\/www.sporthiva.com\/?p=166061"},"modified":"2024-05-30T10:20:27","modified_gmt":"2024-05-30T16:20:27","slug":"mbappe-lo-que-vivi-en-2022-hasta-que-renove-no-se-lo-deseo-a-nadie","status":"publish","type":"post","link":"http:\/\/www.sporthiva.com\/index.php\/2024\/05\/30\/mbappe-lo-que-vivi-en-2022-hasta-que-renove-no-se-lo-deseo-a-nadie\/","title":{"rendered":"Mbapp\u00e9: \u201cLo que viv\u00ed en 2022 hasta que renov\u00e9 no se lo deseo a nadie\u00bb"},"content":{"rendered":"<p><strong>Par\u00eds, Francia<\/strong><\/p>\n<p>Tras recoger el premio a mejor jugador en los Globe Soccer Awards en Cerde\u00f1a, Kylian Mbapp\u00e9 concedi\u00f3 una entrevista a la &#8216;CNN&#8217; en la que, adem\u00e1s de hablar sobre su futuro, record\u00f3 su renovaci\u00f3n con el Par\u00eds Saint Germain en 2022.<\/p>\n<p>Entonces, el franc\u00e9s era agente libre y pod\u00eda recalar en el Real Madrid sin necesidad de que el conjunto blanco hiciera frente a un multimillonario fichaje. Sin embargo, el galo termin\u00f3 aceptando la oferta de Al-Khelaifi y prolong\u00f3 su v\u00ednculo con el PSG hasta 2024, con opci\u00f3n de prolongarlo hasta 2025.<\/p>\n<p><strong>Vea adem\u00e1s: <\/strong><a href=\"http:\/\/www.sporthiva.com\/index.php\/2024\/05\/30\/rodrygo-aclara-su-futuro-no-se-me-pasa-por-la-cabeza-dejar-el-club-de-mi-vida-el-real-madrid\/\"><strong>Rodrygo aclara su futuro: \u00abNo se me pasa por la cabeza dejar el club de mi vida, el Real Madrid\u00bb<\/strong><\/a><\/p>\n<p>Su &#8216;no&#8217; al Real Madrid fue muy pol\u00e9mico, y ahora, a las puertas de llegar al Santiago Bernab\u00e9u, ha explicado sus motivos.<\/p>\n<p>\u00abEra m\u00e1s que quedarse en el PSG. Era el Mundial de Qatar. Hab\u00eda muchas cosas en torno a la situaci\u00f3n. Fue una gran decisi\u00f3n, una decisi\u00f3n dif\u00edcil&#8230; pero no me arrepiento de nada\u00bb, ha se\u00f1alado.<\/p>\n<p><strong>Le interesa tambi\u00e9n: <\/strong><a href=\"http:\/\/www.sporthiva.com\/index.php\/2024\/05\/30\/un-tribunal-de-francia-aprobo-subastar-el-balon-de-oro-de-maradona\/\"><strong>Un tribunal de Francia aprob\u00f3 subastar el Bal\u00f3n de Oro de Maradona<\/strong><\/a><\/p>\n<p>Llama la atenci\u00f3n que Mbapp\u00e9 asegura que no desea que \u00abnadie viva eso\u00bb: \u00abPor supuesto, en una carrera hay que tomar decisiones dif\u00edciles y eso es lo que hice, pero me convert\u00ed en el m\u00e1ximo goleador de todos los tiempos con el PSG. S\u00f3lo quiero recordar las mejores cosas&#8230; No fue una situaci\u00f3n f\u00e1cil y no deseo que nadie viva eso\u00bb.<\/p>\n<p>\u00abFue incre\u00edble. Soy franc\u00e9s, soy parisino, as\u00ed que fue algo especial. Siete a\u00f1os&#8230; eso es mucho en una carrera, a\u00fan m\u00e1s en el f\u00fatbol moderno. Ha sido especial para m\u00ed ser parte del PSG\u00bb, ha zanjado.<\/p>\n","protected":false},"excerpt":{"rendered":"<p>Par\u00eds, Francia Tras recoger el premio a mejor jugador en los Globe Soccer Awards en Cerde\u00f1a, Kylian Mbapp\u00e9 concedi\u00f3 una entrevista a la &#8216;CNN&#8217; en la que, adem\u00e1s de hablar sobre su futuro, record\u00f3 su renovaci\u00f3n con el Par\u00eds Saint Germain en 2022. Entonces, el franc\u00e9s era agente libre y pod\u00eda recalar en el Real&nbsp;<\/p>\n<p><a class=\"btn btn-style\" href=\"http:\/\/www.sporthiva.com\/index.php\/2024\/05\/30\/mbappe-lo-que-vivi-en-2022-hasta-que-renove-no-se-lo-deseo-a-nadie\/\">Continuar leyendo<\/a><\/p>\n","protected":false},"author":7,"featured_media":0,"comment_status":"open","ping_status":"open","sticky":false,"template":"","format":"standard","meta":{"qubely_global_settings":"","qubely_interactions":""},"categories":[563],"tags":[1282,213],"qubely_featured_image_url":null,"qubely_author":{"display_name":"Evelyn Pineda","author_link":"http:\/\/www.sporthiva.com\/index.php\/author\/epineda\/"},"qubely_comment":0,"qubely_category":"<a href=\"http:\/\/www.sporthiva.com\/index.php\/category\/internacionales\/\" rel=\"category tag\">Internacionales<\/a>","qubely_excerpt":"Par\u00eds, Francia Tras recoger el premio a mejor jugador en los Globe Soccer Awards en Cerde\u00f1a, Kylian Mbapp\u00e9 concedi\u00f3 una entrevista a la &#8216;CNN&#8217; en la que, adem\u00e1s de hablar sobre su futuro, record\u00f3 su renovaci\u00f3n con el Par\u00eds Saint Germain en 2022. Entonces, el franc\u00e9s era agente libre y pod\u00eda recalar en el Real&nbsp;Continuar&hellip;","yoast_head":"<!-- This site is optimized with the Yoast SEO plugin v17.8 - https:\/\/yoast.com\/wordpress\/plugins\/seo\/ -->\n<title>Mbapp\u00e9: \u201cLo que viv\u00ed en 2022 hasta que renov\u00e9 no se lo deseo a nadie&quot; - Sporthiva Online<\/title>\n<meta name=\"robots\" content=\"index, follow, max-snippet:-1, max-image-preview:large, max-video-preview:-1\" \/>\n<link rel=\"canonical\" href=\"https:\/\/www.sporthiva.com\/index.php\/2024\/05\/30\/mbappe-lo-que-vivi-en-2022-hasta-que-renove-no-se-lo-deseo-a-nadie\/\" \/>\n<meta property=\"og:locale\" content=\"es_ES\" \/>\n<meta property=\"og:type\" content=\"article\" \/>\n<meta property=\"og:title\" content=\"Mbapp\u00e9: \u201cLo que viv\u00ed en 2022 hasta que renov\u00e9 no se lo deseo a nadie&quot; - Sporthiva Online\" \/>\n<meta property=\"og:description\" content=\"Par\u00eds, Francia Tras recoger el premio a mejor jugador en los Globe Soccer Awards en Cerde\u00f1a, Kylian Mbapp\u00e9 concedi\u00f3 una entrevista a la &#8216;CNN&#8217; en la que, adem\u00e1s de hablar sobre su futuro, record\u00f3 su renovaci\u00f3n con el Par\u00eds Saint Germain en 2022. Entonces, el franc\u00e9s era agente libre y pod\u00eda recalar en el Real&nbsp;Continuar leyendo\" \/>\n<meta property=\"og:url\" content=\"https:\/\/www.sporthiva.com\/index.php\/2024\/05\/30\/mbappe-lo-que-vivi-en-2022-hasta-que-renove-no-se-lo-deseo-a-nadie\/\" \/>\n<meta property=\"og:site_name\" content=\"Sporthiva Online\" \/>\n<meta property=\"article:published_time\" content=\"2024-05-30T16:20:27+00:00\" \/>\n<meta name=\"twitter:card\" content=\"summary\" \/>\n<meta name=\"twitter:label1\" content=\"Escrito por\" \/>\n\t<meta name=\"twitter:data1\" content=\"Evelyn Pineda\" \/>\n\t<meta name=\"twitter:label2\" content=\"Tiempo de lectura\" \/>\n\t<meta name=\"twitter:data2\" content=\"2 minutos\" \/>\n<script type=\"application\/ld+json\" class=\"yoast-schema-graph\">{\"@context\":\"https:\/\/schema.org\",\"@graph\":[{\"@type\":\"WebSite\",\"@id\":\"https:\/\/www.sporthiva.com\/#website\",\"url\":\"https:\/\/www.sporthiva.com\/\",\"name\":\"Sporthiva Online\",\"description\":\"Sporthiva Online\",\"potentialAction\":[{\"@type\":\"SearchAction\",\"target\":{\"@type\":\"EntryPoint\",\"urlTemplate\":\"https:\/\/www.sporthiva.com\/?s={search_term_string}\"},\"query-input\":\"required name=search_term_string\"}],\"inLanguage\":\"es\"},{\"@type\":\"WebPage\",\"@id\":\"https:\/\/www.sporthiva.com\/index.php\/2024\/05\/30\/mbappe-lo-que-vivi-en-2022-hasta-que-renove-no-se-lo-deseo-a-nadie\/#webpage\",\"url\":\"https:\/\/www.sporthiva.com\/index.php\/2024\/05\/30\/mbappe-lo-que-vivi-en-2022-hasta-que-renove-no-se-lo-deseo-a-nadie\/\",\"name\":\"Mbapp\\u00e9: \\u201cLo que viv\\u00ed en 2022 hasta que renov\\u00e9 no se lo deseo a nadie\\\" - Sporthiva Online\",\"isPartOf\":{\"@id\":\"https:\/\/www.sporthiva.com\/#website\"},\"datePublished\":\"2024-05-30T16:20:27+00:00\",\"dateModified\":\"2024-05-30T16:20:27+00:00\",\"author\":{\"@id\":\"https:\/\/www.sporthiva.com\/#\/schema\/person\/551718db343e60bf7d707f9085b1e611\"},\"breadcrumb\":{\"@id\":\"https:\/\/www.sporthiva.com\/index.php\/2024\/05\/30\/mbappe-lo-que-vivi-en-2022-hasta-que-renove-no-se-lo-deseo-a-nadie\/#breadcrumb\"},\"inLanguage\":\"es\",\"potentialAction\":[{\"@type\":\"ReadAction\",\"target\":[\"https:\/\/www.sporthiva.com\/index.php\/2024\/05\/30\/mbappe-lo-que-vivi-en-2022-hasta-que-renove-no-se-lo-deseo-a-nadie\/\"]}]},{\"@type\":\"BreadcrumbList\",\"@id\":\"https:\/\/www.sporthiva.com\/index.php\/2024\/05\/30\/mbappe-lo-que-vivi-en-2022-hasta-que-renove-no-se-lo-deseo-a-nadie\/#breadcrumb\",\"itemListElement\":[{\"@type\":\"ListItem\",\"position\":1,\"name\":\"Portada\",\"item\":\"https:\/\/www.sporthiva.com\/\"},{\"@type\":\"ListItem\",\"position\":2,\"name\":\"Mbapp\\u00e9: \\u201cLo que viv\\u00ed en 2022 hasta que renov\\u00e9 no se lo deseo a nadie\\u00bb\"}]},{\"@type\":\"Person\",\"@id\":\"https:\/\/www.sporthiva.com\/#\/schema\/person\/551718db343e60bf7d707f9085b1e611\",\"name\":\"Evelyn Pineda\",\"image\":{\"@type\":\"ImageObject\",\"@id\":\"https:\/\/www.sporthiva.com\/#personlogo\",\"inLanguage\":\"es\",\"url\":\"http:\/\/1.gravatar.com\/avatar\/73932ff8109aee94864b4504adf4d91e?s=96&d=mm&r=g\",\"contentUrl\":\"http:\/\/1.gravatar.com\/avatar\/73932ff8109aee94864b4504adf4d91e?s=96&d=mm&r=g\",\"caption\":\"Evelyn Pineda\"},\"sameAs\":[\"http:\/\/www.sporthiva.com\/\"],\"url\":\"http:\/\/www.sporthiva.com\/index.php\/author\/epineda\/\"}]}<\/script>\n<!-- \/ Yoast SEO plugin. -->","yoast_head_json":{"title":"Mbapp\u00e9: \u201cLo que viv\u00ed en 2022 hasta que renov\u00e9 no se lo deseo a nadie\" - Sporthiva Online","robots":{"index":"index","follow":"follow","max-snippet":"max-snippet:-1","max-image-preview":"max-image-preview:large","max-video-preview":"max-video-preview:-1"},"canonical":"https:\/\/www.sporthiva.com\/index.php\/2024\/05\/30\/mbappe-lo-que-vivi-en-2022-hasta-que-renove-no-se-lo-deseo-a-nadie\/","og_locale":"es_ES","og_type":"article","og_title":"Mbapp\u00e9: \u201cLo que viv\u00ed en 2022 hasta que renov\u00e9 no se lo deseo a nadie\" - Sporthiva Online","og_description":"Par\u00eds, Francia Tras recoger el premio a mejor jugador en los Globe Soccer Awards en Cerde\u00f1a, Kylian Mbapp\u00e9 concedi\u00f3 una entrevista a la &#8216;CNN&#8217; en la que, adem\u00e1s de hablar sobre su futuro, record\u00f3 su renovaci\u00f3n con el Par\u00eds Saint Germain en 2022. Entonces, el franc\u00e9s era agente libre y pod\u00eda recalar en el Real&nbsp;Continuar leyendo","og_url":"https:\/\/www.sporthiva.com\/index.php\/2024\/05\/30\/mbappe-lo-que-vivi-en-2022-hasta-que-renove-no-se-lo-deseo-a-nadie\/","og_site_name":"Sporthiva Online","article_published_time":"2024-05-30T16:20:27+00:00","twitter_card":"summary","twitter_misc":{"Escrito por":"Evelyn Pineda","Tiempo de lectura":"2 minutos"},"schema":{"@context":"https:\/\/schema.org","@graph":[{"@type":"WebSite","@id":"https:\/\/www.sporthiva.com\/#website","url":"https:\/\/www.sporthiva.com\/","name":"Sporthiva Online","description":"Sporthiva Online","potentialAction":[{"@type":"SearchAction","target":{"@type":"EntryPoint","urlTemplate":"https:\/\/www.sporthiva.com\/?s={search_term_string}"},"query-input":"required name=search_term_string"}],"inLanguage":"es"},{"@type":"WebPage","@id":"https:\/\/www.sporthiva.com\/index.php\/2024\/05\/30\/mbappe-lo-que-vivi-en-2022-hasta-que-renove-no-se-lo-deseo-a-nadie\/#webpage","url":"https:\/\/www.sporthiva.com\/index.php\/2024\/05\/30\/mbappe-lo-que-vivi-en-2022-hasta-que-renove-no-se-lo-deseo-a-nadie\/","name":"Mbapp\u00e9: \u201cLo que viv\u00ed en 2022 hasta que renov\u00e9 no se lo deseo a nadie\" - Sporthiva Online","isPartOf":{"@id":"https:\/\/www.sporthiva.com\/#website"},"datePublished":"2024-05-30T16:20:27+00:00","dateModified":"2024-05-30T16:20:27+00:00","author":{"@id":"https:\/\/www.sporthiva.com\/#\/schema\/person\/551718db343e60bf7d707f9085b1e611"},"breadcrumb":{"@id":"https:\/\/www.sporthiva.com\/index.php\/2024\/05\/30\/mbappe-lo-que-vivi-en-2022-hasta-que-renove-no-se-lo-deseo-a-nadie\/#breadcrumb"},"inLanguage":"es","potentialAction":[{"@type":"ReadAction","target":["https:\/\/www.sporthiva.com\/index.php\/2024\/05\/30\/mbappe-lo-que-vivi-en-2022-hasta-que-renove-no-se-lo-deseo-a-nadie\/"]}]},{"@type":"BreadcrumbList","@id":"https:\/\/www.sporthiva.com\/index.php\/2024\/05\/30\/mbappe-lo-que-vivi-en-2022-hasta-que-renove-no-se-lo-deseo-a-nadie\/#breadcrumb","itemListElement":[{"@type":"ListItem","position":1,"name":"Portada","item":"https:\/\/www.sporthiva.com\/"},{"@type":"ListItem","position":2,"name":"Mbapp\u00e9: \u201cLo que viv\u00ed en 2022 hasta que renov\u00e9 no se lo deseo a nadie\u00bb"}]},{"@type":"Person","@id":"https:\/\/www.sporthiva.com\/#\/schema\/person\/551718db343e60bf7d707f9085b1e611","name":"Evelyn Pineda","image":{"@type":"ImageObject","@id":"https:\/\/www.sporthiva.com\/#personlogo","inLanguage":"es","url":"http:\/\/1.gravatar.com\/avatar\/73932ff8109aee94864b4504adf4d91e?s=96&d=mm&r=g","contentUrl":"http:\/\/1.gravatar.com\/avatar\/73932ff8109aee94864b4504adf4d91e?s=96&d=mm&r=g","caption":"Evelyn Pineda"},"sameAs":["http:\/\/www.sporthiva.com\/"],"url":"http:\/\/www.sporthiva.com\/index.php\/author\/epineda\/"}]}},"_links":{"self":[{"href":"http:\/\/www.sporthiva.com\/index.php\/wp-json\/wp\/v2\/posts\/166061"}],"collection":[{"href":"http:\/\/www.sporthiva.com\/index.php\/wp-json\/wp\/v2\/posts"}],"about":[{"href":"http:\/\/www.sporthiva.com\/index.php\/wp-json\/wp\/v2\/types\/post"}],"author":[{"embeddable":true,"href":"http:\/\/www.sporthiva.com\/index.php\/wp-json\/wp\/v2\/users\/7"}],"replies":[{"embeddable":true,"href":"http:\/\/www.sporthiva.com\/index.php\/wp-json\/wp\/v2\/comments?post=166061"}],"version-history":[{"count":1,"href":"http:\/\/www.sporthiva.com\/index.php\/wp-json\/wp\/v2\/posts\/166061\/revisions"}],"predecessor-version":[{"id":166062,"href":"http:\/\/www.sporthiva.com\/index.php\/wp-json\/wp\/v2\/posts\/166061\/revisions\/166062"}],"wp:attachment":[{"href":"http:\/\/www.sporthiva.com\/index.php\/wp-json\/wp\/v2\/media?parent=166061"}],"wp:term":[{"taxonomy":"category","embeddable":true,"href":"http:\/\/www.sporthiva.com\/index.php\/wp-json\/wp\/v2\/categories?post=166061"},{"taxonomy":"post_tag","embeddable":true,"href":"http:\/\/www.sporthiva.com\/index.php\/wp-json\/wp\/v2\/tags?post=166061"}],"curies":[{"name":"wp","href":"https:\/\/api.w.org\/{rel}","templated":true}]}}