{"id":167086,"date":"2024-06-10T15:02:07","date_gmt":"2024-06-10T21:02:07","guid":{"rendered":"http:\/\/www.sporthiva.com\/?p=167086"},"modified":"2024-06-10T15:02:07","modified_gmt":"2024-06-10T21:02:07","slug":"vinicius-esa-condena-no-es-por-mi-es-por-todos-los-negros","status":"publish","type":"post","link":"http:\/\/www.sporthiva.com\/index.php\/2024\/06\/10\/vinicius-esa-condena-no-es-por-mi-es-por-todos-los-negros\/","title":{"rendered":"Vin\u00edcius: \u00abesa condena no es por m\u00ed, es por todos los negros\u00bb"},"content":{"rendered":"<p><strong>Madrid, Espa\u00f1a<\/strong><\/p>\n<p>Vin\u00edcius J\u00fanior celebr\u00f3 este lunes la imposici\u00f3n de una condena de ocho meses de prisi\u00f3n a tres aficionados por los insultos racistas proferidos contra el delantero del Real Madrid en un partido de la liga espa\u00f1ola.<\/p>\n<p>\u00abEsta primera condena penal de la historia de Espa\u00f1a no es por m\u00ed. Es por todos los negros. Que los otros racistas tengan miedo, verg\u00fcenza y se escondan en las sombras. En el caso contrario, estar\u00e9 aqu\u00ed para exigir\u00bb, dijo Vin\u00edcius en un mensaje en la red social X.<\/p>\n<p><strong>Vea adem\u00e1s: <\/strong><a href=\"http:\/\/www.sporthiva.com\/index.php\/2024\/06\/10\/la-10-de-messi-en-el-inter-miami-es-la-camiseta-mas-vendida-en-la-mls\/\"><strong>La 10 de Messi en el Inter Miami es la camiseta m\u00e1s vendida en la MLS<\/strong><\/a><\/p>\n<p>Vin\u00edcius, que se encuentra en Estados Unidos concentrado con la selecci\u00f3n brasile\u00f1a, dijo que no se siente v\u00edctima del racismo, sino \u00abverdugo de racistas\u00bb y record\u00f3 las voces en contra y los apoyos que recibi\u00f3 a ra\u00edz de los casos de ofensas racistas que sufri\u00f3 en varios estadios espa\u00f1oles, citando al Real Madrid y a LaLiga.<\/p>\n<p>\u00abMuchos pidieron que ignorase, otros tantos dijeron que mi lucha era en vano y que solo deber\u00eda &#8216;jugar al f\u00fatbol&#8217;. Pero, como siempre dije, no soy v\u00edctima de racismo. Soy verdugo de racistas\u00bb, coment\u00f3.<\/p>\n<p>La sentencia es la primera sanci\u00f3n penal que se aplica en Espa\u00f1a por ese tipo de comportamientos en campos de f\u00fatbol.<\/p>\n<p><strong>Le interesa tambi\u00e9n: <a href=\"http:\/\/www.sporthiva.com\/index.php\/2024\/06\/10\/el-tas-alarga-veredicto-al-platense-que-suena-con-regresar-a-primera-division\/\">El TAS alarga veredicto al Platense, que sue\u00f1a con regresar a primera divisi\u00f3n<\/a><\/strong><\/p>\n<p>Se trata de un acuerdo de conformidad alcanzado entre la Fiscal\u00eda, las acusaciones y las defensas, ratificado este lunes en un juzgado de Valencia pero que se ha fraguado durante meses y que implica que los acusados no entrar\u00e1n en prisi\u00f3n al haber incluido en el pacto la suspensi\u00f3n de la pena de c\u00e1rcel.<\/p>\n<p>Los hechos ocurrieron el 21 de mayo de 2023 durante un partido entre el Valencia y el Real Madrid.<\/p>\n<p>El encuentro se par\u00f3 unos minutos, el jugador identific\u00f3 a uno de los acusados y, tras la denuncia de LaLiga esa misma noche, se identific\u00f3 a otros dos con las c\u00e1maras internas del Valencia. (Con informaci\u00f3n de EFE).<\/p>\n","protected":false},"excerpt":{"rendered":"<p>Madrid, Espa\u00f1a Vin\u00edcius J\u00fanior celebr\u00f3 este lunes la imposici\u00f3n de una condena de ocho meses de prisi\u00f3n a tres aficionados por los insultos racistas proferidos contra el delantero del Real Madrid en un partido de la liga espa\u00f1ola. \u00abEsta primera condena penal de la historia de Espa\u00f1a no es por m\u00ed. Es por todos los&nbsp;<\/p>\n<p><a class=\"btn btn-style\" href=\"http:\/\/www.sporthiva.com\/index.php\/2024\/06\/10\/vinicius-esa-condena-no-es-por-mi-es-por-todos-los-negros\/\">Continuar leyendo<\/a><\/p>\n","protected":false},"author":7,"featured_media":167087,"comment_status":"open","ping_status":"open","sticky":false,"template":"","format":"standard","meta":{"qubely_global_settings":"","qubely_interactions":""},"categories":[563],"tags":[814,1322],"qubely_featured_image_url":{"full":["http:\/\/www.sporthiva.com\/wp-content\/uploads\/2024\/06\/2677842313_45876505_1300x731.png",1300,731,false],"landscape":["http:\/\/www.sporthiva.com\/wp-content\/uploads\/2024\/06\/2677842313_45876505_1300x731-1200x731.png",1200,731,true],"portraits":["http:\/\/www.sporthiva.com\/wp-content\/uploads\/2024\/06\/2677842313_45876505_1300x731-540x320.png",540,320,true],"thumbnail":["http:\/\/www.sporthiva.com\/wp-content\/uploads\/2024\/06\/2677842313_45876505_1300x731-150x150.png",150,150,true],"medium":["http:\/\/www.sporthiva.com\/wp-content\/uploads\/2024\/06\/2677842313_45876505_1300x731-675x379.png",675,379,true],"medium_large":["http:\/\/www.sporthiva.com\/wp-content\/uploads\/2024\/06\/2677842313_45876505_1300x731-768x432.png",768,432,true],"large":["http:\/\/www.sporthiva.com\/wp-content\/uploads\/2024\/06\/2677842313_45876505_1300x731-1280x720.png",1280,720,true],"1536x1536":["http:\/\/www.sporthiva.com\/wp-content\/uploads\/2024\/06\/2677842313_45876505_1300x731.png",1300,731,false],"2048x2048":["http:\/\/www.sporthiva.com\/wp-content\/uploads\/2024\/06\/2677842313_45876505_1300x731.png",1300,731,false],"alm-thumbnail":["http:\/\/www.sporthiva.com\/wp-content\/uploads\/2024\/06\/2677842313_45876505_1300x731-150x150.png",150,150,true],"qubely_landscape":["http:\/\/www.sporthiva.com\/wp-content\/uploads\/2024\/06\/2677842313_45876505_1300x731-1200x731.png",1200,731,true],"qubely_portrait":["http:\/\/www.sporthiva.com\/wp-content\/uploads\/2024\/06\/2677842313_45876505_1300x731-540x320.png",540,320,true],"qubely_thumbnail":["http:\/\/www.sporthiva.com\/wp-content\/uploads\/2024\/06\/2677842313_45876505_1300x731-140x100.png",140,100,true],"sportspress-crop-medium":["http:\/\/www.sporthiva.com\/wp-content\/uploads\/2024\/06\/2677842313_45876505_1300x731-300x300.png",300,300,true],"sportspress-fit-medium":["http:\/\/www.sporthiva.com\/wp-content\/uploads\/2024\/06\/2677842313_45876505_1300x731-300x169.png",300,169,true],"sportspress-fit-icon":["http:\/\/www.sporthiva.com\/wp-content\/uploads\/2024\/06\/2677842313_45876505_1300x731-128x72.png",128,72,true],"sportspress-fit-mini":["http:\/\/www.sporthiva.com\/wp-content\/uploads\/2024\/06\/2677842313_45876505_1300x731-32x18.png",32,18,true],"heighlights":["http:\/\/www.sporthiva.com\/wp-content\/uploads\/2024\/06\/2677842313_45876505_1300x731-460x500.png",460,500,true],"video-thumb":["http:\/\/www.sporthiva.com\/wp-content\/uploads\/2024\/06\/2677842313_45876505_1300x731-360x235.png",360,235,true],"video-thumb2":["http:\/\/www.sporthiva.com\/wp-content\/uploads\/2024\/06\/2677842313_45876505_1300x731-360x422.png",360,422,true],"blog-thumb":["http:\/\/www.sporthiva.com\/wp-content\/uploads\/2024\/06\/2677842313_45876505_1300x731-175x150.png",175,150,true],"blog-medium":["http:\/\/www.sporthiva.com\/wp-content\/uploads\/2024\/06\/2677842313_45876505_1300x731-750x350.png",750,350,true],"blog-full":["http:\/\/www.sporthiva.com\/wp-content\/uploads\/2024\/06\/2677842313_45876505_1300x731-1140x550.png",1140,550,true],"popular-post":["http:\/\/www.sporthiva.com\/wp-content\/uploads\/2024\/06\/2677842313_45876505_1300x731-560x510.png",560,510,true],"heighlights-post":["http:\/\/www.sporthiva.com\/wp-content\/uploads\/2024\/06\/2677842313_45876505_1300x731-262x236.png",262,236,true],"player-thumb":["http:\/\/www.sporthiva.com\/wp-content\/uploads\/2024\/06\/2677842313_45876505_1300x731-270x150.png",270,150,true],"wp_rp_thumbnail":["http:\/\/www.sporthiva.com\/wp-content\/uploads\/2024\/06\/2677842313_45876505_1300x731-150x150.png",150,150,true]},"qubely_author":{"display_name":"Evelyn Pineda","author_link":"http:\/\/www.sporthiva.com\/index.php\/author\/epineda\/"},"qubely_comment":0,"qubely_category":"<a href=\"http:\/\/www.sporthiva.com\/index.php\/category\/internacionales\/\" rel=\"category tag\">Internacionales<\/a>","qubely_excerpt":"Madrid, Espa\u00f1a Vin\u00edcius J\u00fanior celebr\u00f3 este lunes la imposici\u00f3n de una condena de ocho meses de prisi\u00f3n a tres aficionados por los insultos racistas proferidos contra el delantero del Real Madrid en un partido de la liga espa\u00f1ola. \u00abEsta primera condena penal de la historia de Espa\u00f1a no es por m\u00ed. Es por todos los&nbsp;Continuar&hellip;","yoast_head":"<!-- This site is optimized with the Yoast SEO plugin v17.8 - https:\/\/yoast.com\/wordpress\/plugins\/seo\/ -->\n<title>Vin\u00edcius: &quot;esa condena no es por m\u00ed, es por todos los negros&quot; - Sporthiva Online<\/title>\n<meta name=\"robots\" content=\"index, follow, max-snippet:-1, max-image-preview:large, max-video-preview:-1\" \/>\n<link rel=\"canonical\" href=\"http:\/\/www.sporthiva.com\/index.php\/2024\/06\/10\/vinicius-esa-condena-no-es-por-mi-es-por-todos-los-negros\/\" \/>\n<meta property=\"og:locale\" content=\"es_ES\" \/>\n<meta property=\"og:type\" content=\"article\" \/>\n<meta property=\"og:title\" content=\"Vin\u00edcius: &quot;esa condena no es por m\u00ed, es por todos los negros&quot; - Sporthiva Online\" \/>\n<meta property=\"og:description\" content=\"Madrid, Espa\u00f1a Vin\u00edcius J\u00fanior celebr\u00f3 este lunes la imposici\u00f3n de una condena de ocho meses de prisi\u00f3n a tres aficionados por los insultos racistas proferidos contra el delantero del Real Madrid en un partido de la liga espa\u00f1ola. \u00abEsta primera condena penal de la historia de Espa\u00f1a no es por m\u00ed. Es por todos los&nbsp;Continuar leyendo\" \/>\n<meta property=\"og:url\" content=\"http:\/\/www.sporthiva.com\/index.php\/2024\/06\/10\/vinicius-esa-condena-no-es-por-mi-es-por-todos-los-negros\/\" \/>\n<meta property=\"og:site_name\" content=\"Sporthiva Online\" \/>\n<meta property=\"article:published_time\" content=\"2024-06-10T21:02:07+00:00\" \/>\n<meta property=\"og:image\" content=\"http:\/\/www.sporthiva.com\/wp-content\/uploads\/2024\/06\/2677842313_45876505_1300x731.png\" \/>\n\t<meta property=\"og:image:width\" content=\"1300\" \/>\n\t<meta property=\"og:image:height\" content=\"731\" \/>\n<meta name=\"twitter:card\" content=\"summary\" \/>\n<meta name=\"twitter:label1\" content=\"Escrito por\" \/>\n\t<meta name=\"twitter:data1\" content=\"Evelyn Pineda\" \/>\n\t<meta name=\"twitter:label2\" content=\"Tiempo de lectura\" \/>\n\t<meta name=\"twitter:data2\" content=\"2 minutos\" \/>\n<script type=\"application\/ld+json\" class=\"yoast-schema-graph\">{\"@context\":\"https:\/\/schema.org\",\"@graph\":[{\"@type\":\"WebSite\",\"@id\":\"http:\/\/www.sporthiva.com\/#website\",\"url\":\"http:\/\/www.sporthiva.com\/\",\"name\":\"Sporthiva Online\",\"description\":\"Sporthiva Online\",\"potentialAction\":[{\"@type\":\"SearchAction\",\"target\":{\"@type\":\"EntryPoint\",\"urlTemplate\":\"http:\/\/www.sporthiva.com\/?s={search_term_string}\"},\"query-input\":\"required name=search_term_string\"}],\"inLanguage\":\"es\"},{\"@type\":\"ImageObject\",\"@id\":\"http:\/\/www.sporthiva.com\/index.php\/2024\/06\/10\/vinicius-esa-condena-no-es-por-mi-es-por-todos-los-negros\/#primaryimage\",\"inLanguage\":\"es\",\"url\":\"http:\/\/www.sporthiva.com\/wp-content\/uploads\/2024\/06\/2677842313_45876505_1300x731.png\",\"contentUrl\":\"http:\/\/www.sporthiva.com\/wp-content\/uploads\/2024\/06\/2677842313_45876505_1300x731.png\",\"width\":1300,\"height\":731},{\"@type\":\"WebPage\",\"@id\":\"http:\/\/www.sporthiva.com\/index.php\/2024\/06\/10\/vinicius-esa-condena-no-es-por-mi-es-por-todos-los-negros\/#webpage\",\"url\":\"http:\/\/www.sporthiva.com\/index.php\/2024\/06\/10\/vinicius-esa-condena-no-es-por-mi-es-por-todos-los-negros\/\",\"name\":\"Vin\\u00edcius: \\\"esa condena no es por m\\u00ed, es por todos los negros\\\" - Sporthiva Online\",\"isPartOf\":{\"@id\":\"http:\/\/www.sporthiva.com\/#website\"},\"primaryImageOfPage\":{\"@id\":\"http:\/\/www.sporthiva.com\/index.php\/2024\/06\/10\/vinicius-esa-condena-no-es-por-mi-es-por-todos-los-negros\/#primaryimage\"},\"datePublished\":\"2024-06-10T21:02:07+00:00\",\"dateModified\":\"2024-06-10T21:02:07+00:00\",\"author\":{\"@id\":\"http:\/\/www.sporthiva.com\/#\/schema\/person\/551718db343e60bf7d707f9085b1e611\"},\"breadcrumb\":{\"@id\":\"http:\/\/www.sporthiva.com\/index.php\/2024\/06\/10\/vinicius-esa-condena-no-es-por-mi-es-por-todos-los-negros\/#breadcrumb\"},\"inLanguage\":\"es\",\"potentialAction\":[{\"@type\":\"ReadAction\",\"target\":[\"http:\/\/www.sporthiva.com\/index.php\/2024\/06\/10\/vinicius-esa-condena-no-es-por-mi-es-por-todos-los-negros\/\"]}]},{\"@type\":\"BreadcrumbList\",\"@id\":\"http:\/\/www.sporthiva.com\/index.php\/2024\/06\/10\/vinicius-esa-condena-no-es-por-mi-es-por-todos-los-negros\/#breadcrumb\",\"itemListElement\":[{\"@type\":\"ListItem\",\"position\":1,\"name\":\"Portada\",\"item\":\"http:\/\/www.sporthiva.com\/\"},{\"@type\":\"ListItem\",\"position\":2,\"name\":\"Vin\\u00edcius: \\u00abesa condena no es por m\\u00ed, es por todos los negros\\u00bb\"}]},{\"@type\":\"Person\",\"@id\":\"http:\/\/www.sporthiva.com\/#\/schema\/person\/551718db343e60bf7d707f9085b1e611\",\"name\":\"Evelyn Pineda\",\"image\":{\"@type\":\"ImageObject\",\"@id\":\"http:\/\/www.sporthiva.com\/#personlogo\",\"inLanguage\":\"es\",\"url\":\"http:\/\/1.gravatar.com\/avatar\/73932ff8109aee94864b4504adf4d91e?s=96&d=mm&r=g\",\"contentUrl\":\"http:\/\/1.gravatar.com\/avatar\/73932ff8109aee94864b4504adf4d91e?s=96&d=mm&r=g\",\"caption\":\"Evelyn Pineda\"},\"sameAs\":[\"http:\/\/www.sporthiva.com\/\"],\"url\":\"http:\/\/www.sporthiva.com\/index.php\/author\/epineda\/\"}]}<\/script>\n<!-- \/ Yoast SEO plugin. -->","yoast_head_json":{"title":"Vin\u00edcius: \"esa condena no es por m\u00ed, es por todos los negros\" - Sporthiva Online","robots":{"index":"index","follow":"follow","max-snippet":"max-snippet:-1","max-image-preview":"max-image-preview:large","max-video-preview":"max-video-preview:-1"},"canonical":"http:\/\/www.sporthiva.com\/index.php\/2024\/06\/10\/vinicius-esa-condena-no-es-por-mi-es-por-todos-los-negros\/","og_locale":"es_ES","og_type":"article","og_title":"Vin\u00edcius: \"esa condena no es por m\u00ed, es por todos los negros\" - Sporthiva Online","og_description":"Madrid, Espa\u00f1a Vin\u00edcius J\u00fanior celebr\u00f3 este lunes la imposici\u00f3n de una condena de ocho meses de prisi\u00f3n a tres aficionados por los insultos racistas proferidos contra el delantero del Real Madrid en un partido de la liga espa\u00f1ola. \u00abEsta primera condena penal de la historia de Espa\u00f1a no es por m\u00ed. Es por todos los&nbsp;Continuar leyendo","og_url":"http:\/\/www.sporthiva.com\/index.php\/2024\/06\/10\/vinicius-esa-condena-no-es-por-mi-es-por-todos-los-negros\/","og_site_name":"Sporthiva Online","article_published_time":"2024-06-10T21:02:07+00:00","og_image":[{"width":1300,"height":731,"url":"http:\/\/www.sporthiva.com\/wp-content\/uploads\/2024\/06\/2677842313_45876505_1300x731.png","type":"image\/png"}],"twitter_card":"summary","twitter_misc":{"Escrito por":"Evelyn Pineda","Tiempo de lectura":"2 minutos"},"schema":{"@context":"https:\/\/schema.org","@graph":[{"@type":"WebSite","@id":"http:\/\/www.sporthiva.com\/#website","url":"http:\/\/www.sporthiva.com\/","name":"Sporthiva Online","description":"Sporthiva Online","potentialAction":[{"@type":"SearchAction","target":{"@type":"EntryPoint","urlTemplate":"http:\/\/www.sporthiva.com\/?s={search_term_string}"},"query-input":"required name=search_term_string"}],"inLanguage":"es"},{"@type":"ImageObject","@id":"http:\/\/www.sporthiva.com\/index.php\/2024\/06\/10\/vinicius-esa-condena-no-es-por-mi-es-por-todos-los-negros\/#primaryimage","inLanguage":"es","url":"http:\/\/www.sporthiva.com\/wp-content\/uploads\/2024\/06\/2677842313_45876505_1300x731.png","contentUrl":"http:\/\/www.sporthiva.com\/wp-content\/uploads\/2024\/06\/2677842313_45876505_1300x731.png","width":1300,"height":731},{"@type":"WebPage","@id":"http:\/\/www.sporthiva.com\/index.php\/2024\/06\/10\/vinicius-esa-condena-no-es-por-mi-es-por-todos-los-negros\/#webpage","url":"http:\/\/www.sporthiva.com\/index.php\/2024\/06\/10\/vinicius-esa-condena-no-es-por-mi-es-por-todos-los-negros\/","name":"Vin\u00edcius: \"esa condena no es por m\u00ed, es por todos los negros\" - Sporthiva Online","isPartOf":{"@id":"http:\/\/www.sporthiva.com\/#website"},"primaryImageOfPage":{"@id":"http:\/\/www.sporthiva.com\/index.php\/2024\/06\/10\/vinicius-esa-condena-no-es-por-mi-es-por-todos-los-negros\/#primaryimage"},"datePublished":"2024-06-10T21:02:07+00:00","dateModified":"2024-06-10T21:02:07+00:00","author":{"@id":"http:\/\/www.sporthiva.com\/#\/schema\/person\/551718db343e60bf7d707f9085b1e611"},"breadcrumb":{"@id":"http:\/\/www.sporthiva.com\/index.php\/2024\/06\/10\/vinicius-esa-condena-no-es-por-mi-es-por-todos-los-negros\/#breadcrumb"},"inLanguage":"es","potentialAction":[{"@type":"ReadAction","target":["http:\/\/www.sporthiva.com\/index.php\/2024\/06\/10\/vinicius-esa-condena-no-es-por-mi-es-por-todos-los-negros\/"]}]},{"@type":"BreadcrumbList","@id":"http:\/\/www.sporthiva.com\/index.php\/2024\/06\/10\/vinicius-esa-condena-no-es-por-mi-es-por-todos-los-negros\/#breadcrumb","itemListElement":[{"@type":"ListItem","position":1,"name":"Portada","item":"http:\/\/www.sporthiva.com\/"},{"@type":"ListItem","position":2,"name":"Vin\u00edcius: \u00abesa condena no es por m\u00ed, es por todos los negros\u00bb"}]},{"@type":"Person","@id":"http:\/\/www.sporthiva.com\/#\/schema\/person\/551718db343e60bf7d707f9085b1e611","name":"Evelyn Pineda","image":{"@type":"ImageObject","@id":"http:\/\/www.sporthiva.com\/#personlogo","inLanguage":"es","url":"http:\/\/1.gravatar.com\/avatar\/73932ff8109aee94864b4504adf4d91e?s=96&d=mm&r=g","contentUrl":"http:\/\/1.gravatar.com\/avatar\/73932ff8109aee94864b4504adf4d91e?s=96&d=mm&r=g","caption":"Evelyn Pineda"},"sameAs":["http:\/\/www.sporthiva.com\/"],"url":"http:\/\/www.sporthiva.com\/index.php\/author\/epineda\/"}]}},"_links":{"self":[{"href":"http:\/\/www.sporthiva.com\/index.php\/wp-json\/wp\/v2\/posts\/167086"}],"collection":[{"href":"http:\/\/www.sporthiva.com\/index.php\/wp-json\/wp\/v2\/posts"}],"about":[{"href":"http:\/\/www.sporthiva.com\/index.php\/wp-json\/wp\/v2\/types\/post"}],"author":[{"embeddable":true,"href":"http:\/\/www.sporthiva.com\/index.php\/wp-json\/wp\/v2\/users\/7"}],"replies":[{"embeddable":true,"href":"http:\/\/www.sporthiva.com\/index.php\/wp-json\/wp\/v2\/comments?post=167086"}],"version-history":[{"count":1,"href":"http:\/\/www.sporthiva.com\/index.php\/wp-json\/wp\/v2\/posts\/167086\/revisions"}],"predecessor-version":[{"id":167088,"href":"http:\/\/www.sporthiva.com\/index.php\/wp-json\/wp\/v2\/posts\/167086\/revisions\/167088"}],"wp:featuredmedia":[{"embeddable":true,"href":"http:\/\/www.sporthiva.com\/index.php\/wp-json\/wp\/v2\/media\/167087"}],"wp:attachment":[{"href":"http:\/\/www.sporthiva.com\/index.php\/wp-json\/wp\/v2\/media?parent=167086"}],"wp:term":[{"taxonomy":"category","embeddable":true,"href":"http:\/\/www.sporthiva.com\/index.php\/wp-json\/wp\/v2\/categories?post=167086"},{"taxonomy":"post_tag","embeddable":true,"href":"http:\/\/www.sporthiva.com\/index.php\/wp-json\/wp\/v2\/tags?post=167086"}],"curies":[{"name":"wp","href":"https:\/\/api.w.org\/{rel}","templated":true}]}}