{"id":168668,"date":"2024-07-03T16:35:52","date_gmt":"2024-07-03T22:35:52","guid":{"rendered":"http:\/\/www.sporthiva.com\/?p=168668"},"modified":"2024-07-03T16:35:52","modified_gmt":"2024-07-03T22:35:52","slug":"victoria-confirma-la-contratacion-de-jose-mendoza-y-maynor-arzu","status":"publish","type":"post","link":"http:\/\/www.sporthiva.com\/index.php\/2024\/07\/03\/victoria-confirma-la-contratacion-de-jose-mendoza-y-maynor-arzu\/","title":{"rendered":"Victoria confirma la contrataci\u00f3n de Jos\u00e9 Mendoza y Maynor Arz\u00fa"},"content":{"rendered":"<p><strong>La Ceiba, Honduras<\/strong><\/p>\n<div id=\"mvp-content-main\" class=\"left relative\">\n<p>El equipo Victoria de La Ceiba se est\u00e1 armando para competir en el pr\u00f3ximo torneo Apertura 2024-2025 de la Liga Nacional de Honduras al anunciar este mi\u00e9rcoles la llegada de dos refuerzos m\u00e1s.<\/p>\n<p>Los \u201cjaibos\u201d, con el visto bueno del entrenador Salom\u00f3n Nazar, contrataron al portero Jos\u00e9 Mendoza, y al lateral derecho Maynor Arz\u00fa, quienes llegan procedentes de Olimpia, pero el\u00a0 zaguero viene de tener dos a\u00f1os prol\u00edficos en el Real Sociedad de Tocoa.<\/p>\n<p><strong>Vea adem\u00e1s: <\/strong><a href=\"http:\/\/www.sporthiva.com\/index.php\/2024\/07\/03\/oficial-kervin-arriaga-debuta-con-el-partizan-de-serbia\/\"><strong>Oficial: Kervin Arriaga debuta con el Partiz\u00e1n de Serbia<\/strong><\/a><\/p>\n<p>Con estas dos altas, los ceibe\u00f1os suman seis altas,los ceibe\u00f1os ya hab\u00edan fichado con anterioridad a los paname\u00f1os Diego Ospina, Aldair McKenzie y al delantero Rolando Blackburn, tambi\u00e9n al atacante hondure\u00f1o Kemsie Abott.<\/p>\n<\/div>\n<div id=\"mvp-content-main\" class=\"left relative\">\n<p>La dirigencia del club ceibe\u00f1o todav\u00eda no cierra las contrataciones, y se espera que en los pr\u00f3ximos d\u00edas se pueda unir el volante Selvin \u201cPibe\u201d Guevara, quien ha sido descartado por el t\u00e9cnico argentino de Marath\u00f3n, Hern\u00e1n \u00abLa Tota\u00bb Medina.<\/p>\n<p><strong>Le interesa tambi\u00e9n: <\/strong><a href=\"http:\/\/www.sporthiva.com\/index.php\/2024\/07\/03\/36-anos-de-alemania-sin-ganar-en-partido-oficial-a-espana\/\"><strong>36 a\u00f1os de Alemania sin ganar en partido oficial a Espa\u00f1a<\/strong><\/a><\/p>\n<p>Nazar ha pasado la escoba en el equipo, donde destacan 12 bajas, la de Geovanny Mart\u00ednez, Jeffry Miranda, Axel Moti\u00f1o, Denilson Castillo, Fabricio Galindo, Geovanny Bueso, Frelys L\u00f3pez, Elder Torres. Marath\u00f3n tambi\u00e9n pidi\u00f3 el regreso de \u00d3scar Barrios Loteto, Axel Moti\u00f1o y Jeffry Miranda.<\/p>\n<\/div>\n","protected":false},"excerpt":{"rendered":"<p>La Ceiba, Honduras El equipo Victoria de La Ceiba se est\u00e1 armando para competir en el pr\u00f3ximo torneo Apertura 2024-2025 de la Liga Nacional de Honduras al anunciar este mi\u00e9rcoles la llegada de dos refuerzos m\u00e1s. Los \u201cjaibos\u201d, con el visto bueno del entrenador Salom\u00f3n Nazar, contrataron al portero Jos\u00e9 Mendoza, y al lateral derecho&nbsp;<\/p>\n<p><a class=\"btn btn-style\" href=\"http:\/\/www.sporthiva.com\/index.php\/2024\/07\/03\/victoria-confirma-la-contratacion-de-jose-mendoza-y-maynor-arzu\/\">Continuar leyendo<\/a><\/p>\n","protected":false},"author":7,"featured_media":168669,"comment_status":"open","ping_status":"open","sticky":false,"template":"","format":"standard","meta":{"qubely_global_settings":"","qubely_interactions":""},"categories":[562],"tags":[7239,9479,736],"qubely_featured_image_url":{"full":["http:\/\/www.sporthiva.com\/wp-content\/uploads\/2024\/07\/mendoza-y-maynor-arzu-Victoria.jpg",1000,600,false],"landscape":["http:\/\/www.sporthiva.com\/wp-content\/uploads\/2024\/07\/mendoza-y-maynor-arzu-Victoria.jpg",1000,600,false],"portraits":["http:\/\/www.sporthiva.com\/wp-content\/uploads\/2024\/07\/mendoza-y-maynor-arzu-Victoria-540x320.jpg",540,320,true],"thumbnail":["http:\/\/www.sporthiva.com\/wp-content\/uploads\/2024\/07\/mendoza-y-maynor-arzu-Victoria-150x150.jpg",150,150,true],"medium":["http:\/\/www.sporthiva.com\/wp-content\/uploads\/2024\/07\/mendoza-y-maynor-arzu-Victoria-632x379.jpg",632,379,true],"medium_large":["http:\/\/www.sporthiva.com\/wp-content\/uploads\/2024\/07\/mendoza-y-maynor-arzu-Victoria-768x461.jpg",768,461,true],"large":["http:\/\/www.sporthiva.com\/wp-content\/uploads\/2024\/07\/mendoza-y-maynor-arzu-Victoria.jpg",1000,600,false],"1536x1536":["http:\/\/www.sporthiva.com\/wp-content\/uploads\/2024\/07\/mendoza-y-maynor-arzu-Victoria.jpg",1000,600,false],"2048x2048":["http:\/\/www.sporthiva.com\/wp-content\/uploads\/2024\/07\/mendoza-y-maynor-arzu-Victoria.jpg",1000,600,false],"alm-thumbnail":["http:\/\/www.sporthiva.com\/wp-content\/uploads\/2024\/07\/mendoza-y-maynor-arzu-Victoria-150x150.jpg",150,150,true],"qubely_landscape":["http:\/\/www.sporthiva.com\/wp-content\/uploads\/2024\/07\/mendoza-y-maynor-arzu-Victoria.jpg",1000,600,false],"qubely_portrait":["http:\/\/www.sporthiva.com\/wp-content\/uploads\/2024\/07\/mendoza-y-maynor-arzu-Victoria-540x320.jpg",540,320,true],"qubely_thumbnail":["http:\/\/www.sporthiva.com\/wp-content\/uploads\/2024\/07\/mendoza-y-maynor-arzu-Victoria-140x100.jpg",140,100,true],"sportspress-crop-medium":["http:\/\/www.sporthiva.com\/wp-content\/uploads\/2024\/07\/mendoza-y-maynor-arzu-Victoria-300x300.jpg",300,300,true],"sportspress-fit-medium":["http:\/\/www.sporthiva.com\/wp-content\/uploads\/2024\/07\/mendoza-y-maynor-arzu-Victoria-300x180.jpg",300,180,true],"sportspress-fit-icon":["http:\/\/www.sporthiva.com\/wp-content\/uploads\/2024\/07\/mendoza-y-maynor-arzu-Victoria-128x77.jpg",128,77,true],"sportspress-fit-mini":["http:\/\/www.sporthiva.com\/wp-content\/uploads\/2024\/07\/mendoza-y-maynor-arzu-Victoria-32x19.jpg",32,19,true],"heighlights":["http:\/\/www.sporthiva.com\/wp-content\/uploads\/2024\/07\/mendoza-y-maynor-arzu-Victoria-460x500.jpg",460,500,true],"video-thumb":["http:\/\/www.sporthiva.com\/wp-content\/uploads\/2024\/07\/mendoza-y-maynor-arzu-Victoria-360x235.jpg",360,235,true],"video-thumb2":["http:\/\/www.sporthiva.com\/wp-content\/uploads\/2024\/07\/mendoza-y-maynor-arzu-Victoria-360x422.jpg",360,422,true],"blog-thumb":["http:\/\/www.sporthiva.com\/wp-content\/uploads\/2024\/07\/mendoza-y-maynor-arzu-Victoria-175x150.jpg",175,150,true],"blog-medium":["http:\/\/www.sporthiva.com\/wp-content\/uploads\/2024\/07\/mendoza-y-maynor-arzu-Victoria-750x350.jpg",750,350,true],"blog-full":["http:\/\/www.sporthiva.com\/wp-content\/uploads\/2024\/07\/mendoza-y-maynor-arzu-Victoria-1000x550.jpg",1000,550,true],"popular-post":["http:\/\/www.sporthiva.com\/wp-content\/uploads\/2024\/07\/mendoza-y-maynor-arzu-Victoria-560x510.jpg",560,510,true],"heighlights-post":["http:\/\/www.sporthiva.com\/wp-content\/uploads\/2024\/07\/mendoza-y-maynor-arzu-Victoria-262x236.jpg",262,236,true],"player-thumb":["http:\/\/www.sporthiva.com\/wp-content\/uploads\/2024\/07\/mendoza-y-maynor-arzu-Victoria-270x150.jpg",270,150,true],"wp_rp_thumbnail":["http:\/\/www.sporthiva.com\/wp-content\/uploads\/2024\/07\/mendoza-y-maynor-arzu-Victoria-150x150.jpg",150,150,true]},"qubely_author":{"display_name":"Evelyn Pineda","author_link":"http:\/\/www.sporthiva.com\/index.php\/author\/epineda\/"},"qubely_comment":0,"qubely_category":"<a href=\"http:\/\/www.sporthiva.com\/index.php\/category\/nacionales\/\" rel=\"category tag\">Nacionales<\/a>","qubely_excerpt":"La Ceiba, Honduras El equipo Victoria de La Ceiba se est\u00e1 armando para competir en el pr\u00f3ximo torneo Apertura 2024-2025 de la Liga Nacional de Honduras al anunciar este mi\u00e9rcoles la llegada de dos refuerzos m\u00e1s. Los \u201cjaibos\u201d, con el visto bueno del entrenador Salom\u00f3n Nazar, contrataron al portero Jos\u00e9 Mendoza, y al lateral derecho&nbsp;Continuar&hellip;","yoast_head":"<!-- This site is optimized with the Yoast SEO plugin v17.8 - https:\/\/yoast.com\/wordpress\/plugins\/seo\/ -->\n<title>Victoria confirma la contrataci\u00f3n de Jos\u00e9 Mendoza y Maynor Arz\u00fa - Sporthiva Online<\/title>\n<meta name=\"robots\" content=\"index, follow, max-snippet:-1, max-image-preview:large, max-video-preview:-1\" \/>\n<link rel=\"canonical\" href=\"http:\/\/www.sporthiva.com\/index.php\/2024\/07\/03\/victoria-confirma-la-contratacion-de-jose-mendoza-y-maynor-arzu\/\" \/>\n<meta property=\"og:locale\" content=\"es_ES\" \/>\n<meta property=\"og:type\" content=\"article\" \/>\n<meta property=\"og:title\" content=\"Victoria confirma la contrataci\u00f3n de Jos\u00e9 Mendoza y Maynor Arz\u00fa - Sporthiva Online\" \/>\n<meta property=\"og:description\" content=\"La Ceiba, Honduras El equipo Victoria de La Ceiba se est\u00e1 armando para competir en el pr\u00f3ximo torneo Apertura 2024-2025 de la Liga Nacional de Honduras al anunciar este mi\u00e9rcoles la llegada de dos refuerzos m\u00e1s. Los \u201cjaibos\u201d, con el visto bueno del entrenador Salom\u00f3n Nazar, contrataron al portero Jos\u00e9 Mendoza, y al lateral derecho&nbsp;Continuar leyendo\" \/>\n<meta property=\"og:url\" content=\"http:\/\/www.sporthiva.com\/index.php\/2024\/07\/03\/victoria-confirma-la-contratacion-de-jose-mendoza-y-maynor-arzu\/\" \/>\n<meta property=\"og:site_name\" content=\"Sporthiva Online\" \/>\n<meta property=\"article:published_time\" content=\"2024-07-03T22:35:52+00:00\" \/>\n<meta property=\"og:image\" content=\"http:\/\/www.sporthiva.com\/wp-content\/uploads\/2024\/07\/mendoza-y-maynor-arzu-Victoria.jpg\" \/>\n\t<meta property=\"og:image:width\" content=\"1000\" \/>\n\t<meta property=\"og:image:height\" content=\"600\" \/>\n<meta name=\"twitter:card\" content=\"summary\" \/>\n<meta name=\"twitter:label1\" content=\"Escrito por\" \/>\n\t<meta name=\"twitter:data1\" content=\"Evelyn Pineda\" \/>\n\t<meta name=\"twitter:label2\" content=\"Tiempo de lectura\" \/>\n\t<meta name=\"twitter:data2\" content=\"1 minuto\" \/>\n<script type=\"application\/ld+json\" class=\"yoast-schema-graph\">{\"@context\":\"https:\/\/schema.org\",\"@graph\":[{\"@type\":\"WebSite\",\"@id\":\"http:\/\/www.sporthiva.com\/#website\",\"url\":\"http:\/\/www.sporthiva.com\/\",\"name\":\"Sporthiva Online\",\"description\":\"Sporthiva Online\",\"potentialAction\":[{\"@type\":\"SearchAction\",\"target\":{\"@type\":\"EntryPoint\",\"urlTemplate\":\"http:\/\/www.sporthiva.com\/?s={search_term_string}\"},\"query-input\":\"required name=search_term_string\"}],\"inLanguage\":\"es\"},{\"@type\":\"ImageObject\",\"@id\":\"http:\/\/www.sporthiva.com\/index.php\/2024\/07\/03\/victoria-confirma-la-contratacion-de-jose-mendoza-y-maynor-arzu\/#primaryimage\",\"inLanguage\":\"es\",\"url\":\"http:\/\/www.sporthiva.com\/wp-content\/uploads\/2024\/07\/mendoza-y-maynor-arzu-Victoria.jpg\",\"contentUrl\":\"http:\/\/www.sporthiva.com\/wp-content\/uploads\/2024\/07\/mendoza-y-maynor-arzu-Victoria.jpg\",\"width\":1000,\"height\":600},{\"@type\":\"WebPage\",\"@id\":\"http:\/\/www.sporthiva.com\/index.php\/2024\/07\/03\/victoria-confirma-la-contratacion-de-jose-mendoza-y-maynor-arzu\/#webpage\",\"url\":\"http:\/\/www.sporthiva.com\/index.php\/2024\/07\/03\/victoria-confirma-la-contratacion-de-jose-mendoza-y-maynor-arzu\/\",\"name\":\"Victoria confirma la contrataci\\u00f3n de Jos\\u00e9 Mendoza y Maynor Arz\\u00fa - Sporthiva Online\",\"isPartOf\":{\"@id\":\"http:\/\/www.sporthiva.com\/#website\"},\"primaryImageOfPage\":{\"@id\":\"http:\/\/www.sporthiva.com\/index.php\/2024\/07\/03\/victoria-confirma-la-contratacion-de-jose-mendoza-y-maynor-arzu\/#primaryimage\"},\"datePublished\":\"2024-07-03T22:35:52+00:00\",\"dateModified\":\"2024-07-03T22:35:52+00:00\",\"author\":{\"@id\":\"http:\/\/www.sporthiva.com\/#\/schema\/person\/551718db343e60bf7d707f9085b1e611\"},\"breadcrumb\":{\"@id\":\"http:\/\/www.sporthiva.com\/index.php\/2024\/07\/03\/victoria-confirma-la-contratacion-de-jose-mendoza-y-maynor-arzu\/#breadcrumb\"},\"inLanguage\":\"es\",\"potentialAction\":[{\"@type\":\"ReadAction\",\"target\":[\"http:\/\/www.sporthiva.com\/index.php\/2024\/07\/03\/victoria-confirma-la-contratacion-de-jose-mendoza-y-maynor-arzu\/\"]}]},{\"@type\":\"BreadcrumbList\",\"@id\":\"http:\/\/www.sporthiva.com\/index.php\/2024\/07\/03\/victoria-confirma-la-contratacion-de-jose-mendoza-y-maynor-arzu\/#breadcrumb\",\"itemListElement\":[{\"@type\":\"ListItem\",\"position\":1,\"name\":\"Portada\",\"item\":\"http:\/\/www.sporthiva.com\/\"},{\"@type\":\"ListItem\",\"position\":2,\"name\":\"Victoria confirma la contrataci\\u00f3n de Jos\\u00e9 Mendoza y Maynor Arz\\u00fa\"}]},{\"@type\":\"Person\",\"@id\":\"http:\/\/www.sporthiva.com\/#\/schema\/person\/551718db343e60bf7d707f9085b1e611\",\"name\":\"Evelyn Pineda\",\"image\":{\"@type\":\"ImageObject\",\"@id\":\"http:\/\/www.sporthiva.com\/#personlogo\",\"inLanguage\":\"es\",\"url\":\"http:\/\/1.gravatar.com\/avatar\/73932ff8109aee94864b4504adf4d91e?s=96&d=mm&r=g\",\"contentUrl\":\"http:\/\/1.gravatar.com\/avatar\/73932ff8109aee94864b4504adf4d91e?s=96&d=mm&r=g\",\"caption\":\"Evelyn Pineda\"},\"sameAs\":[\"http:\/\/www.sporthiva.com\/\"],\"url\":\"http:\/\/www.sporthiva.com\/index.php\/author\/epineda\/\"}]}<\/script>\n<!-- \/ Yoast SEO plugin. -->","yoast_head_json":{"title":"Victoria confirma la contrataci\u00f3n de Jos\u00e9 Mendoza y Maynor Arz\u00fa - Sporthiva Online","robots":{"index":"index","follow":"follow","max-snippet":"max-snippet:-1","max-image-preview":"max-image-preview:large","max-video-preview":"max-video-preview:-1"},"canonical":"http:\/\/www.sporthiva.com\/index.php\/2024\/07\/03\/victoria-confirma-la-contratacion-de-jose-mendoza-y-maynor-arzu\/","og_locale":"es_ES","og_type":"article","og_title":"Victoria confirma la contrataci\u00f3n de Jos\u00e9 Mendoza y Maynor Arz\u00fa - Sporthiva Online","og_description":"La Ceiba, Honduras El equipo Victoria de La Ceiba se est\u00e1 armando para competir en el pr\u00f3ximo torneo Apertura 2024-2025 de la Liga Nacional de Honduras al anunciar este mi\u00e9rcoles la llegada de dos refuerzos m\u00e1s. Los \u201cjaibos\u201d, con el visto bueno del entrenador Salom\u00f3n Nazar, contrataron al portero Jos\u00e9 Mendoza, y al lateral derecho&nbsp;Continuar leyendo","og_url":"http:\/\/www.sporthiva.com\/index.php\/2024\/07\/03\/victoria-confirma-la-contratacion-de-jose-mendoza-y-maynor-arzu\/","og_site_name":"Sporthiva Online","article_published_time":"2024-07-03T22:35:52+00:00","og_image":[{"width":1000,"height":600,"url":"http:\/\/www.sporthiva.com\/wp-content\/uploads\/2024\/07\/mendoza-y-maynor-arzu-Victoria.jpg","type":"image\/jpeg"}],"twitter_card":"summary","twitter_misc":{"Escrito por":"Evelyn Pineda","Tiempo de lectura":"1 minuto"},"schema":{"@context":"https:\/\/schema.org","@graph":[{"@type":"WebSite","@id":"http:\/\/www.sporthiva.com\/#website","url":"http:\/\/www.sporthiva.com\/","name":"Sporthiva Online","description":"Sporthiva Online","potentialAction":[{"@type":"SearchAction","target":{"@type":"EntryPoint","urlTemplate":"http:\/\/www.sporthiva.com\/?s={search_term_string}"},"query-input":"required name=search_term_string"}],"inLanguage":"es"},{"@type":"ImageObject","@id":"http:\/\/www.sporthiva.com\/index.php\/2024\/07\/03\/victoria-confirma-la-contratacion-de-jose-mendoza-y-maynor-arzu\/#primaryimage","inLanguage":"es","url":"http:\/\/www.sporthiva.com\/wp-content\/uploads\/2024\/07\/mendoza-y-maynor-arzu-Victoria.jpg","contentUrl":"http:\/\/www.sporthiva.com\/wp-content\/uploads\/2024\/07\/mendoza-y-maynor-arzu-Victoria.jpg","width":1000,"height":600},{"@type":"WebPage","@id":"http:\/\/www.sporthiva.com\/index.php\/2024\/07\/03\/victoria-confirma-la-contratacion-de-jose-mendoza-y-maynor-arzu\/#webpage","url":"http:\/\/www.sporthiva.com\/index.php\/2024\/07\/03\/victoria-confirma-la-contratacion-de-jose-mendoza-y-maynor-arzu\/","name":"Victoria confirma la contrataci\u00f3n de Jos\u00e9 Mendoza y Maynor Arz\u00fa - Sporthiva Online","isPartOf":{"@id":"http:\/\/www.sporthiva.com\/#website"},"primaryImageOfPage":{"@id":"http:\/\/www.sporthiva.com\/index.php\/2024\/07\/03\/victoria-confirma-la-contratacion-de-jose-mendoza-y-maynor-arzu\/#primaryimage"},"datePublished":"2024-07-03T22:35:52+00:00","dateModified":"2024-07-03T22:35:52+00:00","author":{"@id":"http:\/\/www.sporthiva.com\/#\/schema\/person\/551718db343e60bf7d707f9085b1e611"},"breadcrumb":{"@id":"http:\/\/www.sporthiva.com\/index.php\/2024\/07\/03\/victoria-confirma-la-contratacion-de-jose-mendoza-y-maynor-arzu\/#breadcrumb"},"inLanguage":"es","potentialAction":[{"@type":"ReadAction","target":["http:\/\/www.sporthiva.com\/index.php\/2024\/07\/03\/victoria-confirma-la-contratacion-de-jose-mendoza-y-maynor-arzu\/"]}]},{"@type":"BreadcrumbList","@id":"http:\/\/www.sporthiva.com\/index.php\/2024\/07\/03\/victoria-confirma-la-contratacion-de-jose-mendoza-y-maynor-arzu\/#breadcrumb","itemListElement":[{"@type":"ListItem","position":1,"name":"Portada","item":"http:\/\/www.sporthiva.com\/"},{"@type":"ListItem","position":2,"name":"Victoria confirma la contrataci\u00f3n de Jos\u00e9 Mendoza y Maynor Arz\u00fa"}]},{"@type":"Person","@id":"http:\/\/www.sporthiva.com\/#\/schema\/person\/551718db343e60bf7d707f9085b1e611","name":"Evelyn Pineda","image":{"@type":"ImageObject","@id":"http:\/\/www.sporthiva.com\/#personlogo","inLanguage":"es","url":"http:\/\/1.gravatar.com\/avatar\/73932ff8109aee94864b4504adf4d91e?s=96&d=mm&r=g","contentUrl":"http:\/\/1.gravatar.com\/avatar\/73932ff8109aee94864b4504adf4d91e?s=96&d=mm&r=g","caption":"Evelyn Pineda"},"sameAs":["http:\/\/www.sporthiva.com\/"],"url":"http:\/\/www.sporthiva.com\/index.php\/author\/epineda\/"}]}},"_links":{"self":[{"href":"http:\/\/www.sporthiva.com\/index.php\/wp-json\/wp\/v2\/posts\/168668"}],"collection":[{"href":"http:\/\/www.sporthiva.com\/index.php\/wp-json\/wp\/v2\/posts"}],"about":[{"href":"http:\/\/www.sporthiva.com\/index.php\/wp-json\/wp\/v2\/types\/post"}],"author":[{"embeddable":true,"href":"http:\/\/www.sporthiva.com\/index.php\/wp-json\/wp\/v2\/users\/7"}],"replies":[{"embeddable":true,"href":"http:\/\/www.sporthiva.com\/index.php\/wp-json\/wp\/v2\/comments?post=168668"}],"version-history":[{"count":1,"href":"http:\/\/www.sporthiva.com\/index.php\/wp-json\/wp\/v2\/posts\/168668\/revisions"}],"predecessor-version":[{"id":168670,"href":"http:\/\/www.sporthiva.com\/index.php\/wp-json\/wp\/v2\/posts\/168668\/revisions\/168670"}],"wp:featuredmedia":[{"embeddable":true,"href":"http:\/\/www.sporthiva.com\/index.php\/wp-json\/wp\/v2\/media\/168669"}],"wp:attachment":[{"href":"http:\/\/www.sporthiva.com\/index.php\/wp-json\/wp\/v2\/media?parent=168668"}],"wp:term":[{"taxonomy":"category","embeddable":true,"href":"http:\/\/www.sporthiva.com\/index.php\/wp-json\/wp\/v2\/categories?post=168668"},{"taxonomy":"post_tag","embeddable":true,"href":"http:\/\/www.sporthiva.com\/index.php\/wp-json\/wp\/v2\/tags?post=168668"}],"curies":[{"name":"wp","href":"https:\/\/api.w.org\/{rel}","templated":true}]}}