{"id":173742,"date":"2024-09-09T12:44:47","date_gmt":"2024-09-09T18:44:47","guid":{"rendered":"http:\/\/www.sporthiva.com\/?p=173742"},"modified":"2024-09-09T12:45:55","modified_gmt":"2024-09-09T18:45:55","slug":"la-juventus-cede-a-kostic-al-fenerbahce","status":"publish","type":"post","link":"http:\/\/www.sporthiva.com\/index.php\/2024\/09\/09\/la-juventus-cede-a-kostic-al-fenerbahce\/","title":{"rendered":"La Juventus cede a Kostic al Fenerbah\u00e7e"},"content":{"rendered":"<p><strong>Roma, Italia<\/strong><\/p>\n<p>La Juventus de Tur\u00edn anunci\u00f3 este lunes que el delantero serbio Filip Kostic jugar\u00e1 como cedido en el Fenerbah\u00e7e turco hasta el 30 de junio de 2025.<\/p>\n<p>\u00abDespu\u00e9s de dos temporadas, el Juventus y Filip Kostic, que vestir\u00e1 la camiseta del Fenerbah\u00e7e, se separan\u00bb, comunic\u00f3 el club italiano. El extremo serbio de 31 a\u00f1os llega a Turqu\u00eda con la f\u00f3rmula de cesi\u00f3n por una temporada, hasta el 30 de junio de 2025.<\/p>\n<p><strong>Vea adem\u00e1s: <\/strong><a href=\"http:\/\/www.sporthiva.com\/index.php\/2024\/09\/09\/jamal-murray-renueva-con-los-denver-nuggets-por-208-millones\/\"><strong>Jamal Murray renueva con los Denver Nuggets por 208 millones<\/strong><\/a><\/p>\n<p class=\"ft-text\">Kostic, desde su llegada en 2022, disput\u00f3 87 partidos como juventino entre todas las competiciones, siendo el tercer jugador con m\u00e1s presencia de la plantilla. Dio 15 asistencias marcando un r\u00e9cord de la &#8216;Juve&#8217; entre las temporadas 2022-23 y la 2023-24.<\/p>\n<p class=\"ft-text\">El serbio no entraba en los planes de la directiva para le nuevo proyecto que lidera el italobrasile\u00f1o Thiago Motta desde el banquillo y no tuvo minutos ni en la pretemporada.<\/p>\n<p>Su salida se une a la del italiano Federico Chiesa, ahora en el Liverpool, o a la del franc\u00e9s Adrien Rabiot, agente libre, como las m\u00e1s sonadas del mercado estival de la &#8216;Vecchia Signora&#8217;.<\/p>\n","protected":false},"excerpt":{"rendered":"<p>Roma, Italia La Juventus de Tur\u00edn anunci\u00f3 este lunes que el delantero serbio Filip Kostic jugar\u00e1 como cedido en el Fenerbah\u00e7e turco hasta el 30 de junio de 2025. \u00abDespu\u00e9s de dos temporadas, el Juventus y Filip Kostic, que vestir\u00e1 la camiseta del Fenerbah\u00e7e, se separan\u00bb, comunic\u00f3 el club italiano. El extremo serbio de 31&nbsp;<\/p>\n<p><a class=\"btn btn-style\" href=\"http:\/\/www.sporthiva.com\/index.php\/2024\/09\/09\/la-juventus-cede-a-kostic-al-fenerbahce\/\">Continuar leyendo<\/a><\/p>\n","protected":false},"author":7,"featured_media":173745,"comment_status":"open","ping_status":"open","sticky":false,"template":"","format":"standard","meta":{"qubely_global_settings":"","qubely_interactions":""},"categories":[563],"tags":[716,9877,178,717],"qubely_featured_image_url":{"full":["http:\/\/www.sporthiva.com\/wp-content\/uploads\/2024\/09\/kostic-5.jpg",1000,600,false],"landscape":["http:\/\/www.sporthiva.com\/wp-content\/uploads\/2024\/09\/kostic-5.jpg",1000,600,false],"portraits":["http:\/\/www.sporthiva.com\/wp-content\/uploads\/2024\/09\/kostic-5-540x320.jpg",540,320,true],"thumbnail":["http:\/\/www.sporthiva.com\/wp-content\/uploads\/2024\/09\/kostic-5-150x150.jpg",150,150,true],"medium":["http:\/\/www.sporthiva.com\/wp-content\/uploads\/2024\/09\/kostic-5-632x379.jpg",632,379,true],"medium_large":["http:\/\/www.sporthiva.com\/wp-content\/uploads\/2024\/09\/kostic-5-768x461.jpg",768,461,true],"large":["http:\/\/www.sporthiva.com\/wp-content\/uploads\/2024\/09\/kostic-5.jpg",1000,600,false],"1536x1536":["http:\/\/www.sporthiva.com\/wp-content\/uploads\/2024\/09\/kostic-5.jpg",1000,600,false],"2048x2048":["http:\/\/www.sporthiva.com\/wp-content\/uploads\/2024\/09\/kostic-5.jpg",1000,600,false],"alm-thumbnail":["http:\/\/www.sporthiva.com\/wp-content\/uploads\/2024\/09\/kostic-5-150x150.jpg",150,150,true],"qubely_landscape":["http:\/\/www.sporthiva.com\/wp-content\/uploads\/2024\/09\/kostic-5.jpg",1000,600,false],"qubely_portrait":["http:\/\/www.sporthiva.com\/wp-content\/uploads\/2024\/09\/kostic-5-540x320.jpg",540,320,true],"qubely_thumbnail":["http:\/\/www.sporthiva.com\/wp-content\/uploads\/2024\/09\/kostic-5-140x100.jpg",140,100,true],"sportspress-crop-medium":["http:\/\/www.sporthiva.com\/wp-content\/uploads\/2024\/09\/kostic-5-300x300.jpg",300,300,true],"sportspress-fit-medium":["http:\/\/www.sporthiva.com\/wp-content\/uploads\/2024\/09\/kostic-5-300x180.jpg",300,180,true],"sportspress-fit-icon":["http:\/\/www.sporthiva.com\/wp-content\/uploads\/2024\/09\/kostic-5-128x77.jpg",128,77,true],"sportspress-fit-mini":["http:\/\/www.sporthiva.com\/wp-content\/uploads\/2024\/09\/kostic-5-32x19.jpg",32,19,true],"heighlights":["http:\/\/www.sporthiva.com\/wp-content\/uploads\/2024\/09\/kostic-5-460x500.jpg",460,500,true],"video-thumb":["http:\/\/www.sporthiva.com\/wp-content\/uploads\/2024\/09\/kostic-5-360x235.jpg",360,235,true],"video-thumb2":["http:\/\/www.sporthiva.com\/wp-content\/uploads\/2024\/09\/kostic-5-360x422.jpg",360,422,true],"blog-thumb":["http:\/\/www.sporthiva.com\/wp-content\/uploads\/2024\/09\/kostic-5-175x150.jpg",175,150,true],"blog-medium":["http:\/\/www.sporthiva.com\/wp-content\/uploads\/2024\/09\/kostic-5-750x350.jpg",750,350,true],"blog-full":["http:\/\/www.sporthiva.com\/wp-content\/uploads\/2024\/09\/kostic-5-1000x550.jpg",1000,550,true],"popular-post":["http:\/\/www.sporthiva.com\/wp-content\/uploads\/2024\/09\/kostic-5-560x510.jpg",560,510,true],"heighlights-post":["http:\/\/www.sporthiva.com\/wp-content\/uploads\/2024\/09\/kostic-5-262x236.jpg",262,236,true],"player-thumb":["http:\/\/www.sporthiva.com\/wp-content\/uploads\/2024\/09\/kostic-5-270x150.jpg",270,150,true],"wp_rp_thumbnail":["http:\/\/www.sporthiva.com\/wp-content\/uploads\/2024\/09\/kostic-5-150x150.jpg",150,150,true]},"qubely_author":{"display_name":"Evelyn Pineda","author_link":"http:\/\/www.sporthiva.com\/index.php\/author\/epineda\/"},"qubely_comment":0,"qubely_category":"<a href=\"http:\/\/www.sporthiva.com\/index.php\/category\/internacionales\/\" rel=\"category tag\">Internacionales<\/a>","qubely_excerpt":"Roma, Italia La Juventus de Tur\u00edn anunci\u00f3 este lunes que el delantero serbio Filip Kostic jugar\u00e1 como cedido en el Fenerbah\u00e7e turco hasta el 30 de junio de 2025. \u00abDespu\u00e9s de dos temporadas, el Juventus y Filip Kostic, que vestir\u00e1 la camiseta del Fenerbah\u00e7e, se separan\u00bb, comunic\u00f3 el club italiano. El extremo serbio de 31&nbsp;Continuar&hellip;","yoast_head":"<!-- This site is optimized with the Yoast SEO plugin v17.8 - https:\/\/yoast.com\/wordpress\/plugins\/seo\/ -->\n<title>La Juventus cede a Kostic al Fenerbah\u00e7e - Sporthiva Online<\/title>\n<meta name=\"robots\" content=\"index, follow, max-snippet:-1, max-image-preview:large, max-video-preview:-1\" \/>\n<link rel=\"canonical\" href=\"https:\/\/www.sporthiva.com\/index.php\/2024\/09\/09\/la-juventus-cede-a-kostic-al-fenerbahce\/\" \/>\n<meta property=\"og:locale\" content=\"es_ES\" \/>\n<meta property=\"og:type\" content=\"article\" \/>\n<meta property=\"og:title\" content=\"La Juventus cede a Kostic al Fenerbah\u00e7e - Sporthiva Online\" \/>\n<meta property=\"og:description\" content=\"Roma, Italia La Juventus de Tur\u00edn anunci\u00f3 este lunes que el delantero serbio Filip Kostic jugar\u00e1 como cedido en el Fenerbah\u00e7e turco hasta el 30 de junio de 2025. \u00abDespu\u00e9s de dos temporadas, el Juventus y Filip Kostic, que vestir\u00e1 la camiseta del Fenerbah\u00e7e, se separan\u00bb, comunic\u00f3 el club italiano. El extremo serbio de 31&nbsp;Continuar leyendo\" \/>\n<meta property=\"og:url\" content=\"https:\/\/www.sporthiva.com\/index.php\/2024\/09\/09\/la-juventus-cede-a-kostic-al-fenerbahce\/\" \/>\n<meta property=\"og:site_name\" content=\"Sporthiva Online\" \/>\n<meta property=\"article:published_time\" content=\"2024-09-09T18:44:47+00:00\" \/>\n<meta property=\"article:modified_time\" content=\"2024-09-09T18:45:55+00:00\" \/>\n<meta property=\"og:image\" content=\"https:\/\/www.sporthiva.com\/wp-content\/uploads\/2024\/09\/kostic-5.jpg\" \/>\n\t<meta property=\"og:image:width\" content=\"1000\" \/>\n\t<meta property=\"og:image:height\" content=\"600\" \/>\n<meta name=\"twitter:card\" content=\"summary\" \/>\n<meta name=\"twitter:label1\" content=\"Escrito por\" \/>\n\t<meta name=\"twitter:data1\" content=\"Evelyn Pineda\" \/>\n\t<meta name=\"twitter:label2\" content=\"Tiempo de lectura\" \/>\n\t<meta name=\"twitter:data2\" content=\"1 minuto\" \/>\n<script type=\"application\/ld+json\" class=\"yoast-schema-graph\">{\"@context\":\"https:\/\/schema.org\",\"@graph\":[{\"@type\":\"WebSite\",\"@id\":\"https:\/\/www.sporthiva.com\/#website\",\"url\":\"https:\/\/www.sporthiva.com\/\",\"name\":\"Sporthiva Online\",\"description\":\"Sporthiva Online\",\"potentialAction\":[{\"@type\":\"SearchAction\",\"target\":{\"@type\":\"EntryPoint\",\"urlTemplate\":\"https:\/\/www.sporthiva.com\/?s={search_term_string}\"},\"query-input\":\"required name=search_term_string\"}],\"inLanguage\":\"es\"},{\"@type\":\"ImageObject\",\"@id\":\"https:\/\/www.sporthiva.com\/index.php\/2024\/09\/09\/la-juventus-cede-a-kostic-al-fenerbahce\/#primaryimage\",\"inLanguage\":\"es\",\"url\":\"http:\/\/www.sporthiva.com\/wp-content\/uploads\/2024\/09\/kostic-5.jpg\",\"contentUrl\":\"http:\/\/www.sporthiva.com\/wp-content\/uploads\/2024\/09\/kostic-5.jpg\",\"width\":1000,\"height\":600},{\"@type\":\"WebPage\",\"@id\":\"https:\/\/www.sporthiva.com\/index.php\/2024\/09\/09\/la-juventus-cede-a-kostic-al-fenerbahce\/#webpage\",\"url\":\"https:\/\/www.sporthiva.com\/index.php\/2024\/09\/09\/la-juventus-cede-a-kostic-al-fenerbahce\/\",\"name\":\"La Juventus cede a Kostic al Fenerbah\\u00e7e - Sporthiva Online\",\"isPartOf\":{\"@id\":\"https:\/\/www.sporthiva.com\/#website\"},\"primaryImageOfPage\":{\"@id\":\"https:\/\/www.sporthiva.com\/index.php\/2024\/09\/09\/la-juventus-cede-a-kostic-al-fenerbahce\/#primaryimage\"},\"datePublished\":\"2024-09-09T18:44:47+00:00\",\"dateModified\":\"2024-09-09T18:45:55+00:00\",\"author\":{\"@id\":\"https:\/\/www.sporthiva.com\/#\/schema\/person\/551718db343e60bf7d707f9085b1e611\"},\"breadcrumb\":{\"@id\":\"https:\/\/www.sporthiva.com\/index.php\/2024\/09\/09\/la-juventus-cede-a-kostic-al-fenerbahce\/#breadcrumb\"},\"inLanguage\":\"es\",\"potentialAction\":[{\"@type\":\"ReadAction\",\"target\":[\"https:\/\/www.sporthiva.com\/index.php\/2024\/09\/09\/la-juventus-cede-a-kostic-al-fenerbahce\/\"]}]},{\"@type\":\"BreadcrumbList\",\"@id\":\"https:\/\/www.sporthiva.com\/index.php\/2024\/09\/09\/la-juventus-cede-a-kostic-al-fenerbahce\/#breadcrumb\",\"itemListElement\":[{\"@type\":\"ListItem\",\"position\":1,\"name\":\"Portada\",\"item\":\"https:\/\/www.sporthiva.com\/\"},{\"@type\":\"ListItem\",\"position\":2,\"name\":\"La Juventus cede a Kostic al Fenerbah\\u00e7e\"}]},{\"@type\":\"Person\",\"@id\":\"https:\/\/www.sporthiva.com\/#\/schema\/person\/551718db343e60bf7d707f9085b1e611\",\"name\":\"Evelyn Pineda\",\"image\":{\"@type\":\"ImageObject\",\"@id\":\"https:\/\/www.sporthiva.com\/#personlogo\",\"inLanguage\":\"es\",\"url\":\"http:\/\/1.gravatar.com\/avatar\/73932ff8109aee94864b4504adf4d91e?s=96&d=mm&r=g\",\"contentUrl\":\"http:\/\/1.gravatar.com\/avatar\/73932ff8109aee94864b4504adf4d91e?s=96&d=mm&r=g\",\"caption\":\"Evelyn Pineda\"},\"sameAs\":[\"http:\/\/www.sporthiva.com\/\"],\"url\":\"http:\/\/www.sporthiva.com\/index.php\/author\/epineda\/\"}]}<\/script>\n<!-- \/ Yoast SEO plugin. -->","yoast_head_json":{"title":"La Juventus cede a Kostic al Fenerbah\u00e7e - Sporthiva Online","robots":{"index":"index","follow":"follow","max-snippet":"max-snippet:-1","max-image-preview":"max-image-preview:large","max-video-preview":"max-video-preview:-1"},"canonical":"https:\/\/www.sporthiva.com\/index.php\/2024\/09\/09\/la-juventus-cede-a-kostic-al-fenerbahce\/","og_locale":"es_ES","og_type":"article","og_title":"La Juventus cede a Kostic al Fenerbah\u00e7e - Sporthiva Online","og_description":"Roma, Italia La Juventus de Tur\u00edn anunci\u00f3 este lunes que el delantero serbio Filip Kostic jugar\u00e1 como cedido en el Fenerbah\u00e7e turco hasta el 30 de junio de 2025. \u00abDespu\u00e9s de dos temporadas, el Juventus y Filip Kostic, que vestir\u00e1 la camiseta del Fenerbah\u00e7e, se separan\u00bb, comunic\u00f3 el club italiano. El extremo serbio de 31&nbsp;Continuar leyendo","og_url":"https:\/\/www.sporthiva.com\/index.php\/2024\/09\/09\/la-juventus-cede-a-kostic-al-fenerbahce\/","og_site_name":"Sporthiva Online","article_published_time":"2024-09-09T18:44:47+00:00","article_modified_time":"2024-09-09T18:45:55+00:00","og_image":[{"width":1000,"height":600,"url":"https:\/\/www.sporthiva.com\/wp-content\/uploads\/2024\/09\/kostic-5.jpg","type":"image\/jpeg"}],"twitter_card":"summary","twitter_misc":{"Escrito por":"Evelyn Pineda","Tiempo de lectura":"1 minuto"},"schema":{"@context":"https:\/\/schema.org","@graph":[{"@type":"WebSite","@id":"https:\/\/www.sporthiva.com\/#website","url":"https:\/\/www.sporthiva.com\/","name":"Sporthiva Online","description":"Sporthiva Online","potentialAction":[{"@type":"SearchAction","target":{"@type":"EntryPoint","urlTemplate":"https:\/\/www.sporthiva.com\/?s={search_term_string}"},"query-input":"required name=search_term_string"}],"inLanguage":"es"},{"@type":"ImageObject","@id":"https:\/\/www.sporthiva.com\/index.php\/2024\/09\/09\/la-juventus-cede-a-kostic-al-fenerbahce\/#primaryimage","inLanguage":"es","url":"http:\/\/www.sporthiva.com\/wp-content\/uploads\/2024\/09\/kostic-5.jpg","contentUrl":"http:\/\/www.sporthiva.com\/wp-content\/uploads\/2024\/09\/kostic-5.jpg","width":1000,"height":600},{"@type":"WebPage","@id":"https:\/\/www.sporthiva.com\/index.php\/2024\/09\/09\/la-juventus-cede-a-kostic-al-fenerbahce\/#webpage","url":"https:\/\/www.sporthiva.com\/index.php\/2024\/09\/09\/la-juventus-cede-a-kostic-al-fenerbahce\/","name":"La Juventus cede a Kostic al Fenerbah\u00e7e - Sporthiva Online","isPartOf":{"@id":"https:\/\/www.sporthiva.com\/#website"},"primaryImageOfPage":{"@id":"https:\/\/www.sporthiva.com\/index.php\/2024\/09\/09\/la-juventus-cede-a-kostic-al-fenerbahce\/#primaryimage"},"datePublished":"2024-09-09T18:44:47+00:00","dateModified":"2024-09-09T18:45:55+00:00","author":{"@id":"https:\/\/www.sporthiva.com\/#\/schema\/person\/551718db343e60bf7d707f9085b1e611"},"breadcrumb":{"@id":"https:\/\/www.sporthiva.com\/index.php\/2024\/09\/09\/la-juventus-cede-a-kostic-al-fenerbahce\/#breadcrumb"},"inLanguage":"es","potentialAction":[{"@type":"ReadAction","target":["https:\/\/www.sporthiva.com\/index.php\/2024\/09\/09\/la-juventus-cede-a-kostic-al-fenerbahce\/"]}]},{"@type":"BreadcrumbList","@id":"https:\/\/www.sporthiva.com\/index.php\/2024\/09\/09\/la-juventus-cede-a-kostic-al-fenerbahce\/#breadcrumb","itemListElement":[{"@type":"ListItem","position":1,"name":"Portada","item":"https:\/\/www.sporthiva.com\/"},{"@type":"ListItem","position":2,"name":"La Juventus cede a Kostic al Fenerbah\u00e7e"}]},{"@type":"Person","@id":"https:\/\/www.sporthiva.com\/#\/schema\/person\/551718db343e60bf7d707f9085b1e611","name":"Evelyn Pineda","image":{"@type":"ImageObject","@id":"https:\/\/www.sporthiva.com\/#personlogo","inLanguage":"es","url":"http:\/\/1.gravatar.com\/avatar\/73932ff8109aee94864b4504adf4d91e?s=96&d=mm&r=g","contentUrl":"http:\/\/1.gravatar.com\/avatar\/73932ff8109aee94864b4504adf4d91e?s=96&d=mm&r=g","caption":"Evelyn Pineda"},"sameAs":["http:\/\/www.sporthiva.com\/"],"url":"http:\/\/www.sporthiva.com\/index.php\/author\/epineda\/"}]}},"_links":{"self":[{"href":"http:\/\/www.sporthiva.com\/index.php\/wp-json\/wp\/v2\/posts\/173742"}],"collection":[{"href":"http:\/\/www.sporthiva.com\/index.php\/wp-json\/wp\/v2\/posts"}],"about":[{"href":"http:\/\/www.sporthiva.com\/index.php\/wp-json\/wp\/v2\/types\/post"}],"author":[{"embeddable":true,"href":"http:\/\/www.sporthiva.com\/index.php\/wp-json\/wp\/v2\/users\/7"}],"replies":[{"embeddable":true,"href":"http:\/\/www.sporthiva.com\/index.php\/wp-json\/wp\/v2\/comments?post=173742"}],"version-history":[{"count":1,"href":"http:\/\/www.sporthiva.com\/index.php\/wp-json\/wp\/v2\/posts\/173742\/revisions"}],"predecessor-version":[{"id":173744,"href":"http:\/\/www.sporthiva.com\/index.php\/wp-json\/wp\/v2\/posts\/173742\/revisions\/173744"}],"wp:featuredmedia":[{"embeddable":true,"href":"http:\/\/www.sporthiva.com\/index.php\/wp-json\/wp\/v2\/media\/173745"}],"wp:attachment":[{"href":"http:\/\/www.sporthiva.com\/index.php\/wp-json\/wp\/v2\/media?parent=173742"}],"wp:term":[{"taxonomy":"category","embeddable":true,"href":"http:\/\/www.sporthiva.com\/index.php\/wp-json\/wp\/v2\/categories?post=173742"},{"taxonomy":"post_tag","embeddable":true,"href":"http:\/\/www.sporthiva.com\/index.php\/wp-json\/wp\/v2\/tags?post=173742"}],"curies":[{"name":"wp","href":"https:\/\/api.w.org\/{rel}","templated":true}]}}