{"id":173958,"date":"2024-09-13T15:53:05","date_gmt":"2024-09-13T21:53:05","guid":{"rendered":"http:\/\/www.sporthiva.com\/?p=173958"},"modified":"2024-09-13T15:53:05","modified_gmt":"2024-09-13T21:53:05","slug":"enzo-fernandez-no-sera-sancionado-por-la-fa-por-su-cantico-racista","status":"publish","type":"post","link":"http:\/\/www.sporthiva.com\/index.php\/2024\/09\/13\/enzo-fernandez-no-sera-sancionado-por-la-fa-por-su-cantico-racista\/","title":{"rendered":"Enzo Fern\u00e1ndez no ser\u00e1 sancionado por la FA por su c\u00e1ntico racista"},"content":{"rendered":"<p><strong>Londres, Inglaterra<\/strong><\/p>\n<p>El argentino Enzo Fern\u00e1ndez no recibir\u00e1 ninguna sanci\u00f3n por parte de la federaci\u00f3n inglesa (FA, por sus siglas en ingl\u00e9s) por el c\u00e1ntico racista contra los franceses que realiz\u00f3 durante la celebraci\u00f3n de la Copa Am\u00e9rica.<\/p>\n<p>El jugador del Chelsea cant\u00f3 unos segundos de un c\u00e1ntico con contenido racista contra los franceses en un directo en redes sociales, lo que provoc\u00f3 reacciones negativas por parte de sus compa\u00f1eros de equipo, que tacharon el acto de racista y le dejaron de seguir en redes sociales.<\/p>\n<p><strong>Vea adem\u00e1s: <a href=\"http:\/\/www.sporthiva.com\/index.php\/2024\/09\/13\/tata-martino-anuncia-el-regreso-de-messi\/\">\u2018Tata\u2019 Martino anuncia el regreso de Messi<\/a><\/strong><\/p>\n<p>Enzo se disculp\u00f3 con sus compa\u00f1eros y don\u00f3 dinero a una asociaci\u00f3n contra el racismo, por lo que no fue suspendido por el Chelsea.<\/p>\n<p>Al ocurrir los hechos cuando el jugador estaba con Argentina, no ser\u00e1 investigado por la FA, mismo caso que el de Rodrigo Hern\u00e1ndez, que fue sancionado con un partido a nivel internacional por sus c\u00e1nticos junto a \u00c1lvaro Morata sobre Gibraltar.<\/p>\n<p><strong>Le interesa tambi\u00e9n: <\/strong><a href=\"http:\/\/www.sporthiva.com\/index.php\/2024\/09\/13\/haaland-esta-en-duda-este-sabado-por-la-muerte-de-un-amigo-cercano\/\"><strong>Haaland, est\u00e1 en duda este s\u00e1bado por la muerte de un amigo cercano<\/strong><\/a><\/p>\n<p>Sin embargo, Rodrigo Bentancur, que podr\u00eda enfrentar hasta doce partidos de sanci\u00f3n por una referencia racista hacia Heung-min Son, s\u00ed est\u00e1 siendo investigado por la FA ya que sus declaraciones en un programa uruguayo se produjeron antes de que fuera reclutado por Uruguay.<\/p>\n","protected":false},"excerpt":{"rendered":"<p>Londres, Inglaterra El argentino Enzo Fern\u00e1ndez no recibir\u00e1 ninguna sanci\u00f3n por parte de la federaci\u00f3n inglesa (FA, por sus siglas en ingl\u00e9s) por el c\u00e1ntico racista contra los franceses que realiz\u00f3 durante la celebraci\u00f3n de la Copa Am\u00e9rica. El jugador del Chelsea cant\u00f3 unos segundos de un c\u00e1ntico con contenido racista contra los franceses en&nbsp;<\/p>\n<p><a class=\"btn btn-style\" href=\"http:\/\/www.sporthiva.com\/index.php\/2024\/09\/13\/enzo-fernandez-no-sera-sancionado-por-la-fa-por-su-cantico-racista\/\">Continuar leyendo<\/a><\/p>\n","protected":false},"author":7,"featured_media":173960,"comment_status":"open","ping_status":"open","sticky":false,"template":"","format":"standard","meta":{"qubely_global_settings":"","qubely_interactions":""},"categories":[563],"tags":[5628,2118],"qubely_featured_image_url":{"full":["http:\/\/www.sporthiva.com\/wp-content\/uploads\/2024\/09\/GXYU12xbwAE6FCR.jpg",1200,720,false],"landscape":["http:\/\/www.sporthiva.com\/wp-content\/uploads\/2024\/09\/GXYU12xbwAE6FCR.jpg",1200,720,false],"portraits":["http:\/\/www.sporthiva.com\/wp-content\/uploads\/2024\/09\/GXYU12xbwAE6FCR-540x320.jpg",540,320,true],"thumbnail":["http:\/\/www.sporthiva.com\/wp-content\/uploads\/2024\/09\/GXYU12xbwAE6FCR-150x150.jpg",150,150,true],"medium":["http:\/\/www.sporthiva.com\/wp-content\/uploads\/2024\/09\/GXYU12xbwAE6FCR-632x379.jpg",632,379,true],"medium_large":["http:\/\/www.sporthiva.com\/wp-content\/uploads\/2024\/09\/GXYU12xbwAE6FCR-768x461.jpg",768,461,true],"large":["http:\/\/www.sporthiva.com\/wp-content\/uploads\/2024\/09\/GXYU12xbwAE6FCR.jpg",1200,720,false],"1536x1536":["http:\/\/www.sporthiva.com\/wp-content\/uploads\/2024\/09\/GXYU12xbwAE6FCR.jpg",1200,720,false],"2048x2048":["http:\/\/www.sporthiva.com\/wp-content\/uploads\/2024\/09\/GXYU12xbwAE6FCR.jpg",1200,720,false],"alm-thumbnail":["http:\/\/www.sporthiva.com\/wp-content\/uploads\/2024\/09\/GXYU12xbwAE6FCR-150x150.jpg",150,150,true],"qubely_landscape":["http:\/\/www.sporthiva.com\/wp-content\/uploads\/2024\/09\/GXYU12xbwAE6FCR.jpg",1200,720,false],"qubely_portrait":["http:\/\/www.sporthiva.com\/wp-content\/uploads\/2024\/09\/GXYU12xbwAE6FCR-540x320.jpg",540,320,true],"qubely_thumbnail":["http:\/\/www.sporthiva.com\/wp-content\/uploads\/2024\/09\/GXYU12xbwAE6FCR-140x100.jpg",140,100,true],"sportspress-crop-medium":["http:\/\/www.sporthiva.com\/wp-content\/uploads\/2024\/09\/GXYU12xbwAE6FCR-300x300.jpg",300,300,true],"sportspress-fit-medium":["http:\/\/www.sporthiva.com\/wp-content\/uploads\/2024\/09\/GXYU12xbwAE6FCR-300x180.jpg",300,180,true],"sportspress-fit-icon":["http:\/\/www.sporthiva.com\/wp-content\/uploads\/2024\/09\/GXYU12xbwAE6FCR-128x77.jpg",128,77,true],"sportspress-fit-mini":["http:\/\/www.sporthiva.com\/wp-content\/uploads\/2024\/09\/GXYU12xbwAE6FCR-32x19.jpg",32,19,true],"heighlights":["http:\/\/www.sporthiva.com\/wp-content\/uploads\/2024\/09\/GXYU12xbwAE6FCR-460x500.jpg",460,500,true],"video-thumb":["http:\/\/www.sporthiva.com\/wp-content\/uploads\/2024\/09\/GXYU12xbwAE6FCR-360x235.jpg",360,235,true],"video-thumb2":["http:\/\/www.sporthiva.com\/wp-content\/uploads\/2024\/09\/GXYU12xbwAE6FCR-360x422.jpg",360,422,true],"blog-thumb":["http:\/\/www.sporthiva.com\/wp-content\/uploads\/2024\/09\/GXYU12xbwAE6FCR-175x150.jpg",175,150,true],"blog-medium":["http:\/\/www.sporthiva.com\/wp-content\/uploads\/2024\/09\/GXYU12xbwAE6FCR-750x350.jpg",750,350,true],"blog-full":["http:\/\/www.sporthiva.com\/wp-content\/uploads\/2024\/09\/GXYU12xbwAE6FCR-1140x550.jpg",1140,550,true],"popular-post":["http:\/\/www.sporthiva.com\/wp-content\/uploads\/2024\/09\/GXYU12xbwAE6FCR-560x510.jpg",560,510,true],"heighlights-post":["http:\/\/www.sporthiva.com\/wp-content\/uploads\/2024\/09\/GXYU12xbwAE6FCR-262x236.jpg",262,236,true],"player-thumb":["http:\/\/www.sporthiva.com\/wp-content\/uploads\/2024\/09\/GXYU12xbwAE6FCR-270x150.jpg",270,150,true],"wp_rp_thumbnail":["http:\/\/www.sporthiva.com\/wp-content\/uploads\/2024\/09\/GXYU12xbwAE6FCR-150x150.jpg",150,150,true]},"qubely_author":{"display_name":"Evelyn Pineda","author_link":"http:\/\/www.sporthiva.com\/index.php\/author\/epineda\/"},"qubely_comment":0,"qubely_category":"<a href=\"http:\/\/www.sporthiva.com\/index.php\/category\/internacionales\/\" rel=\"category tag\">Internacionales<\/a>","qubely_excerpt":"Londres, Inglaterra El argentino Enzo Fern\u00e1ndez no recibir\u00e1 ninguna sanci\u00f3n por parte de la federaci\u00f3n inglesa (FA, por sus siglas en ingl\u00e9s) por el c\u00e1ntico racista contra los franceses que realiz\u00f3 durante la celebraci\u00f3n de la Copa Am\u00e9rica. El jugador del Chelsea cant\u00f3 unos segundos de un c\u00e1ntico con contenido racista contra los franceses en&nbsp;Continuar&hellip;","yoast_head":"<!-- This site is optimized with the Yoast SEO plugin v17.8 - https:\/\/yoast.com\/wordpress\/plugins\/seo\/ -->\n<title>Enzo Fern\u00e1ndez no ser\u00e1 sancionado por la FA por su c\u00e1ntico racista - Sporthiva Online<\/title>\n<meta name=\"robots\" content=\"index, follow, max-snippet:-1, max-image-preview:large, max-video-preview:-1\" \/>\n<link rel=\"canonical\" href=\"http:\/\/www.sporthiva.com\/index.php\/2024\/09\/13\/enzo-fernandez-no-sera-sancionado-por-la-fa-por-su-cantico-racista\/\" \/>\n<meta property=\"og:locale\" content=\"es_ES\" \/>\n<meta property=\"og:type\" content=\"article\" \/>\n<meta property=\"og:title\" content=\"Enzo Fern\u00e1ndez no ser\u00e1 sancionado por la FA por su c\u00e1ntico racista - Sporthiva Online\" \/>\n<meta property=\"og:description\" content=\"Londres, Inglaterra El argentino Enzo Fern\u00e1ndez no recibir\u00e1 ninguna sanci\u00f3n por parte de la federaci\u00f3n inglesa (FA, por sus siglas en ingl\u00e9s) por el c\u00e1ntico racista contra los franceses que realiz\u00f3 durante la celebraci\u00f3n de la Copa Am\u00e9rica. El jugador del Chelsea cant\u00f3 unos segundos de un c\u00e1ntico con contenido racista contra los franceses en&nbsp;Continuar leyendo\" \/>\n<meta property=\"og:url\" content=\"http:\/\/www.sporthiva.com\/index.php\/2024\/09\/13\/enzo-fernandez-no-sera-sancionado-por-la-fa-por-su-cantico-racista\/\" \/>\n<meta property=\"og:site_name\" content=\"Sporthiva Online\" \/>\n<meta property=\"article:published_time\" content=\"2024-09-13T21:53:05+00:00\" \/>\n<meta property=\"og:image\" content=\"http:\/\/www.sporthiva.com\/wp-content\/uploads\/2024\/09\/GXYU12xbwAE6FCR.jpg\" \/>\n\t<meta property=\"og:image:width\" content=\"1200\" \/>\n\t<meta property=\"og:image:height\" content=\"720\" \/>\n<meta name=\"twitter:card\" content=\"summary\" \/>\n<meta name=\"twitter:label1\" content=\"Escrito por\" \/>\n\t<meta name=\"twitter:data1\" content=\"Evelyn Pineda\" \/>\n\t<meta name=\"twitter:label2\" content=\"Tiempo de lectura\" \/>\n\t<meta name=\"twitter:data2\" content=\"2 minutos\" \/>\n<script type=\"application\/ld+json\" class=\"yoast-schema-graph\">{\"@context\":\"https:\/\/schema.org\",\"@graph\":[{\"@type\":\"WebSite\",\"@id\":\"http:\/\/www.sporthiva.com\/#website\",\"url\":\"http:\/\/www.sporthiva.com\/\",\"name\":\"Sporthiva Online\",\"description\":\"Sporthiva Online\",\"potentialAction\":[{\"@type\":\"SearchAction\",\"target\":{\"@type\":\"EntryPoint\",\"urlTemplate\":\"http:\/\/www.sporthiva.com\/?s={search_term_string}\"},\"query-input\":\"required name=search_term_string\"}],\"inLanguage\":\"es\"},{\"@type\":\"ImageObject\",\"@id\":\"http:\/\/www.sporthiva.com\/index.php\/2024\/09\/13\/enzo-fernandez-no-sera-sancionado-por-la-fa-por-su-cantico-racista\/#primaryimage\",\"inLanguage\":\"es\",\"url\":\"http:\/\/www.sporthiva.com\/wp-content\/uploads\/2024\/09\/GXYU12xbwAE6FCR.jpg\",\"contentUrl\":\"http:\/\/www.sporthiva.com\/wp-content\/uploads\/2024\/09\/GXYU12xbwAE6FCR.jpg\",\"width\":1200,\"height\":720},{\"@type\":\"WebPage\",\"@id\":\"http:\/\/www.sporthiva.com\/index.php\/2024\/09\/13\/enzo-fernandez-no-sera-sancionado-por-la-fa-por-su-cantico-racista\/#webpage\",\"url\":\"http:\/\/www.sporthiva.com\/index.php\/2024\/09\/13\/enzo-fernandez-no-sera-sancionado-por-la-fa-por-su-cantico-racista\/\",\"name\":\"Enzo Fern\\u00e1ndez no ser\\u00e1 sancionado por la FA por su c\\u00e1ntico racista - Sporthiva Online\",\"isPartOf\":{\"@id\":\"http:\/\/www.sporthiva.com\/#website\"},\"primaryImageOfPage\":{\"@id\":\"http:\/\/www.sporthiva.com\/index.php\/2024\/09\/13\/enzo-fernandez-no-sera-sancionado-por-la-fa-por-su-cantico-racista\/#primaryimage\"},\"datePublished\":\"2024-09-13T21:53:05+00:00\",\"dateModified\":\"2024-09-13T21:53:05+00:00\",\"author\":{\"@id\":\"http:\/\/www.sporthiva.com\/#\/schema\/person\/551718db343e60bf7d707f9085b1e611\"},\"breadcrumb\":{\"@id\":\"http:\/\/www.sporthiva.com\/index.php\/2024\/09\/13\/enzo-fernandez-no-sera-sancionado-por-la-fa-por-su-cantico-racista\/#breadcrumb\"},\"inLanguage\":\"es\",\"potentialAction\":[{\"@type\":\"ReadAction\",\"target\":[\"http:\/\/www.sporthiva.com\/index.php\/2024\/09\/13\/enzo-fernandez-no-sera-sancionado-por-la-fa-por-su-cantico-racista\/\"]}]},{\"@type\":\"BreadcrumbList\",\"@id\":\"http:\/\/www.sporthiva.com\/index.php\/2024\/09\/13\/enzo-fernandez-no-sera-sancionado-por-la-fa-por-su-cantico-racista\/#breadcrumb\",\"itemListElement\":[{\"@type\":\"ListItem\",\"position\":1,\"name\":\"Portada\",\"item\":\"http:\/\/www.sporthiva.com\/\"},{\"@type\":\"ListItem\",\"position\":2,\"name\":\"Enzo Fern\\u00e1ndez no ser\\u00e1 sancionado por la FA por su c\\u00e1ntico racista\"}]},{\"@type\":\"Person\",\"@id\":\"http:\/\/www.sporthiva.com\/#\/schema\/person\/551718db343e60bf7d707f9085b1e611\",\"name\":\"Evelyn Pineda\",\"image\":{\"@type\":\"ImageObject\",\"@id\":\"http:\/\/www.sporthiva.com\/#personlogo\",\"inLanguage\":\"es\",\"url\":\"http:\/\/1.gravatar.com\/avatar\/73932ff8109aee94864b4504adf4d91e?s=96&d=mm&r=g\",\"contentUrl\":\"http:\/\/1.gravatar.com\/avatar\/73932ff8109aee94864b4504adf4d91e?s=96&d=mm&r=g\",\"caption\":\"Evelyn Pineda\"},\"sameAs\":[\"http:\/\/www.sporthiva.com\/\"],\"url\":\"http:\/\/www.sporthiva.com\/index.php\/author\/epineda\/\"}]}<\/script>\n<!-- \/ Yoast SEO plugin. -->","yoast_head_json":{"title":"Enzo Fern\u00e1ndez no ser\u00e1 sancionado por la FA por su c\u00e1ntico racista - Sporthiva Online","robots":{"index":"index","follow":"follow","max-snippet":"max-snippet:-1","max-image-preview":"max-image-preview:large","max-video-preview":"max-video-preview:-1"},"canonical":"http:\/\/www.sporthiva.com\/index.php\/2024\/09\/13\/enzo-fernandez-no-sera-sancionado-por-la-fa-por-su-cantico-racista\/","og_locale":"es_ES","og_type":"article","og_title":"Enzo Fern\u00e1ndez no ser\u00e1 sancionado por la FA por su c\u00e1ntico racista - Sporthiva Online","og_description":"Londres, Inglaterra El argentino Enzo Fern\u00e1ndez no recibir\u00e1 ninguna sanci\u00f3n por parte de la federaci\u00f3n inglesa (FA, por sus siglas en ingl\u00e9s) por el c\u00e1ntico racista contra los franceses que realiz\u00f3 durante la celebraci\u00f3n de la Copa Am\u00e9rica. El jugador del Chelsea cant\u00f3 unos segundos de un c\u00e1ntico con contenido racista contra los franceses en&nbsp;Continuar leyendo","og_url":"http:\/\/www.sporthiva.com\/index.php\/2024\/09\/13\/enzo-fernandez-no-sera-sancionado-por-la-fa-por-su-cantico-racista\/","og_site_name":"Sporthiva Online","article_published_time":"2024-09-13T21:53:05+00:00","og_image":[{"width":1200,"height":720,"url":"http:\/\/www.sporthiva.com\/wp-content\/uploads\/2024\/09\/GXYU12xbwAE6FCR.jpg","type":"image\/jpeg"}],"twitter_card":"summary","twitter_misc":{"Escrito por":"Evelyn Pineda","Tiempo de lectura":"2 minutos"},"schema":{"@context":"https:\/\/schema.org","@graph":[{"@type":"WebSite","@id":"http:\/\/www.sporthiva.com\/#website","url":"http:\/\/www.sporthiva.com\/","name":"Sporthiva Online","description":"Sporthiva Online","potentialAction":[{"@type":"SearchAction","target":{"@type":"EntryPoint","urlTemplate":"http:\/\/www.sporthiva.com\/?s={search_term_string}"},"query-input":"required name=search_term_string"}],"inLanguage":"es"},{"@type":"ImageObject","@id":"http:\/\/www.sporthiva.com\/index.php\/2024\/09\/13\/enzo-fernandez-no-sera-sancionado-por-la-fa-por-su-cantico-racista\/#primaryimage","inLanguage":"es","url":"http:\/\/www.sporthiva.com\/wp-content\/uploads\/2024\/09\/GXYU12xbwAE6FCR.jpg","contentUrl":"http:\/\/www.sporthiva.com\/wp-content\/uploads\/2024\/09\/GXYU12xbwAE6FCR.jpg","width":1200,"height":720},{"@type":"WebPage","@id":"http:\/\/www.sporthiva.com\/index.php\/2024\/09\/13\/enzo-fernandez-no-sera-sancionado-por-la-fa-por-su-cantico-racista\/#webpage","url":"http:\/\/www.sporthiva.com\/index.php\/2024\/09\/13\/enzo-fernandez-no-sera-sancionado-por-la-fa-por-su-cantico-racista\/","name":"Enzo Fern\u00e1ndez no ser\u00e1 sancionado por la FA por su c\u00e1ntico racista - Sporthiva Online","isPartOf":{"@id":"http:\/\/www.sporthiva.com\/#website"},"primaryImageOfPage":{"@id":"http:\/\/www.sporthiva.com\/index.php\/2024\/09\/13\/enzo-fernandez-no-sera-sancionado-por-la-fa-por-su-cantico-racista\/#primaryimage"},"datePublished":"2024-09-13T21:53:05+00:00","dateModified":"2024-09-13T21:53:05+00:00","author":{"@id":"http:\/\/www.sporthiva.com\/#\/schema\/person\/551718db343e60bf7d707f9085b1e611"},"breadcrumb":{"@id":"http:\/\/www.sporthiva.com\/index.php\/2024\/09\/13\/enzo-fernandez-no-sera-sancionado-por-la-fa-por-su-cantico-racista\/#breadcrumb"},"inLanguage":"es","potentialAction":[{"@type":"ReadAction","target":["http:\/\/www.sporthiva.com\/index.php\/2024\/09\/13\/enzo-fernandez-no-sera-sancionado-por-la-fa-por-su-cantico-racista\/"]}]},{"@type":"BreadcrumbList","@id":"http:\/\/www.sporthiva.com\/index.php\/2024\/09\/13\/enzo-fernandez-no-sera-sancionado-por-la-fa-por-su-cantico-racista\/#breadcrumb","itemListElement":[{"@type":"ListItem","position":1,"name":"Portada","item":"http:\/\/www.sporthiva.com\/"},{"@type":"ListItem","position":2,"name":"Enzo Fern\u00e1ndez no ser\u00e1 sancionado por la FA por su c\u00e1ntico racista"}]},{"@type":"Person","@id":"http:\/\/www.sporthiva.com\/#\/schema\/person\/551718db343e60bf7d707f9085b1e611","name":"Evelyn Pineda","image":{"@type":"ImageObject","@id":"http:\/\/www.sporthiva.com\/#personlogo","inLanguage":"es","url":"http:\/\/1.gravatar.com\/avatar\/73932ff8109aee94864b4504adf4d91e?s=96&d=mm&r=g","contentUrl":"http:\/\/1.gravatar.com\/avatar\/73932ff8109aee94864b4504adf4d91e?s=96&d=mm&r=g","caption":"Evelyn Pineda"},"sameAs":["http:\/\/www.sporthiva.com\/"],"url":"http:\/\/www.sporthiva.com\/index.php\/author\/epineda\/"}]}},"_links":{"self":[{"href":"http:\/\/www.sporthiva.com\/index.php\/wp-json\/wp\/v2\/posts\/173958"}],"collection":[{"href":"http:\/\/www.sporthiva.com\/index.php\/wp-json\/wp\/v2\/posts"}],"about":[{"href":"http:\/\/www.sporthiva.com\/index.php\/wp-json\/wp\/v2\/types\/post"}],"author":[{"embeddable":true,"href":"http:\/\/www.sporthiva.com\/index.php\/wp-json\/wp\/v2\/users\/7"}],"replies":[{"embeddable":true,"href":"http:\/\/www.sporthiva.com\/index.php\/wp-json\/wp\/v2\/comments?post=173958"}],"version-history":[{"count":1,"href":"http:\/\/www.sporthiva.com\/index.php\/wp-json\/wp\/v2\/posts\/173958\/revisions"}],"predecessor-version":[{"id":173961,"href":"http:\/\/www.sporthiva.com\/index.php\/wp-json\/wp\/v2\/posts\/173958\/revisions\/173961"}],"wp:featuredmedia":[{"embeddable":true,"href":"http:\/\/www.sporthiva.com\/index.php\/wp-json\/wp\/v2\/media\/173960"}],"wp:attachment":[{"href":"http:\/\/www.sporthiva.com\/index.php\/wp-json\/wp\/v2\/media?parent=173958"}],"wp:term":[{"taxonomy":"category","embeddable":true,"href":"http:\/\/www.sporthiva.com\/index.php\/wp-json\/wp\/v2\/categories?post=173958"},{"taxonomy":"post_tag","embeddable":true,"href":"http:\/\/www.sporthiva.com\/index.php\/wp-json\/wp\/v2\/tags?post=173958"}],"curies":[{"name":"wp","href":"https:\/\/api.w.org\/{rel}","templated":true}]}}