{"id":176036,"date":"2024-10-16T10:38:02","date_gmt":"2024-10-16T16:38:02","guid":{"rendered":"http:\/\/www.sporthiva.com\/?p=176036"},"modified":"2024-10-16T10:38:02","modified_gmt":"2024-10-16T16:38:02","slug":"la-abogada-de-mbappe-se-pregunta-si-el-caso-en-suecia-es-una-trampa","status":"publish","type":"post","link":"http:\/\/www.sporthiva.com\/index.php\/2024\/10\/16\/la-abogada-de-mbappe-se-pregunta-si-el-caso-en-suecia-es-una-trampa\/","title":{"rendered":"La abogada de Mbapp\u00e9 se pregunta si el caso en Suecia es una \u00abtrampa\u00bb"},"content":{"rendered":"<p><strong>Estocolmo, Suecia<\/strong><\/p>\n<p>En Suecia contin\u00faa la investigaci\u00f3n por una supuesta violaci\u00f3n en el hotel donde se hosped\u00f3 hace una semana Kylian Mbapp\u00e9 en su visita a Estocolmo. El jugador niega tener alguna relaci\u00f3n con ese hecho y su abogada ha salido al paso de las versiones que involucran al delantero del Real Madrid.<\/p>\n<p>Marie-Alix Canu-Bernard declar\u00f3 que su cliente podr\u00eda ser v\u00edctima de una \u201ctrampa\u201d, esto por la mediatizaci\u00f3n en tiempo real de una investigaci\u00f3n.<\/p>\n<p><strong>Vea adem\u00e1s: <\/strong><a href=\"http:\/\/www.sporthiva.com\/index.php\/2024\/10\/16\/la-millonaria-cifra-que-pagaron-los-beckham-por-una-casa-al-borde-del-mar-en-miami-beach\/\"><strong>La millonaria cifra que pagaron los Beckham por una casa al borde del mar en Miami Beach<\/strong><\/a><\/p>\n<p>\u201cCuando se presenta una denuncia tan grave, y los medios de comunicaci\u00f3n se hacen eco de ella en tiempo real, cuando se trata de una figura tan famosa en todo el mundo, surgen preguntas. \u00bfLe han tendido una trampa? No estoy sacando conclusiones, no lo s\u00e9. S\u00f3lo me pregunto sobre el momento y la forma en que se hizo\u201d, dijo a la cadena BFMTV.<\/p>\n<p class=\"\">Las declaraciones de la abogada llegaron despu\u00e9s de que Fiscal\u00eda sueca confirmara la apertura de una investigaci\u00f3n por una supuesta violaci\u00f3n cometida la semana pasada en Estocolmo, aunque sin mencionar a Mbapp\u00e9.<\/p>\n<p><strong>Le interesa tambi\u00e9n: <\/strong><a href=\"http:\/\/www.sporthiva.com\/index.php\/2024\/10\/16\/el-bayern-munich-se-ahorra-5-millones-de-indemnizacion-a-tuchel\/\"><strong>El Bayern M\u00fanich se ahorra 5 millones de indemnizaci\u00f3n a Tuchel<\/strong><\/a><\/p>\n<p class=\"\">\u201cAunque no sepamos si (la investigaci\u00f3n) va dirigida contra \u00e9l, los medios de comunicaci\u00f3n se apresuran a decir que s\u00ed, durante meses ha sido objeto de una campa\u00f1a de denigraci\u00f3n y ataques a su imagen\u201d, finaliz\u00f3 la abogada.<\/p>\n<p class=\"\">Por su parte, Mbapp\u00e9 ha negado tajantemente las versiones que lo involucran con la expresi\u00f3n de \u2018Fake news\u2019.<\/p>\n","protected":false},"excerpt":{"rendered":"<p>Estocolmo, Suecia En Suecia contin\u00faa la investigaci\u00f3n por una supuesta violaci\u00f3n en el hotel donde se hosped\u00f3 hace una semana Kylian Mbapp\u00e9 en su visita a Estocolmo. El jugador niega tener alguna relaci\u00f3n con ese hecho y su abogada ha salido al paso de las versiones que involucran al delantero del Real Madrid. Marie-Alix Canu-Bernard&nbsp;<\/p>\n<p><a class=\"btn btn-style\" href=\"http:\/\/www.sporthiva.com\/index.php\/2024\/10\/16\/la-abogada-de-mbappe-se-pregunta-si-el-caso-en-suecia-es-una-trampa\/\">Continuar leyendo<\/a><\/p>\n","protected":false},"author":7,"featured_media":176037,"comment_status":"open","ping_status":"open","sticky":false,"template":"","format":"standard","meta":{"qubely_global_settings":"","qubely_interactions":""},"categories":[563],"tags":[1282,10033],"qubely_featured_image_url":{"full":["http:\/\/www.sporthiva.com\/wp-content\/uploads\/2024\/10\/mbappe_denuncia_2-1024x683-1.jpg",1024,683,false],"landscape":["http:\/\/www.sporthiva.com\/wp-content\/uploads\/2024\/10\/mbappe_denuncia_2-1024x683-1.jpg",1024,683,false],"portraits":["http:\/\/www.sporthiva.com\/wp-content\/uploads\/2024\/10\/mbappe_denuncia_2-1024x683-1-540x320.jpg",540,320,true],"thumbnail":["http:\/\/www.sporthiva.com\/wp-content\/uploads\/2024\/10\/mbappe_denuncia_2-1024x683-1-150x150.jpg",150,150,true],"medium":["http:\/\/www.sporthiva.com\/wp-content\/uploads\/2024\/10\/mbappe_denuncia_2-1024x683-1-568x379.jpg",568,379,true],"medium_large":["http:\/\/www.sporthiva.com\/wp-content\/uploads\/2024\/10\/mbappe_denuncia_2-1024x683-1-768x512.jpg",768,512,true],"large":["http:\/\/www.sporthiva.com\/wp-content\/uploads\/2024\/10\/mbappe_denuncia_2-1024x683-1.jpg",1024,683,false],"1536x1536":["http:\/\/www.sporthiva.com\/wp-content\/uploads\/2024\/10\/mbappe_denuncia_2-1024x683-1.jpg",1024,683,false],"2048x2048":["http:\/\/www.sporthiva.com\/wp-content\/uploads\/2024\/10\/mbappe_denuncia_2-1024x683-1.jpg",1024,683,false],"alm-thumbnail":["http:\/\/www.sporthiva.com\/wp-content\/uploads\/2024\/10\/mbappe_denuncia_2-1024x683-1-150x150.jpg",150,150,true],"qubely_landscape":["http:\/\/www.sporthiva.com\/wp-content\/uploads\/2024\/10\/mbappe_denuncia_2-1024x683-1.jpg",1024,683,false],"qubely_portrait":["http:\/\/www.sporthiva.com\/wp-content\/uploads\/2024\/10\/mbappe_denuncia_2-1024x683-1-540x320.jpg",540,320,true],"qubely_thumbnail":["http:\/\/www.sporthiva.com\/wp-content\/uploads\/2024\/10\/mbappe_denuncia_2-1024x683-1-140x100.jpg",140,100,true],"sportspress-crop-medium":["http:\/\/www.sporthiva.com\/wp-content\/uploads\/2024\/10\/mbappe_denuncia_2-1024x683-1-300x300.jpg",300,300,true],"sportspress-fit-medium":["http:\/\/www.sporthiva.com\/wp-content\/uploads\/2024\/10\/mbappe_denuncia_2-1024x683-1-300x200.jpg",300,200,true],"sportspress-fit-icon":["http:\/\/www.sporthiva.com\/wp-content\/uploads\/2024\/10\/mbappe_denuncia_2-1024x683-1-128x85.jpg",128,85,true],"sportspress-fit-mini":["http:\/\/www.sporthiva.com\/wp-content\/uploads\/2024\/10\/mbappe_denuncia_2-1024x683-1-32x21.jpg",32,21,true],"heighlights":["http:\/\/www.sporthiva.com\/wp-content\/uploads\/2024\/10\/mbappe_denuncia_2-1024x683-1-460x500.jpg",460,500,true],"video-thumb":["http:\/\/www.sporthiva.com\/wp-content\/uploads\/2024\/10\/mbappe_denuncia_2-1024x683-1-360x235.jpg",360,235,true],"video-thumb2":["http:\/\/www.sporthiva.com\/wp-content\/uploads\/2024\/10\/mbappe_denuncia_2-1024x683-1-360x422.jpg",360,422,true],"blog-thumb":["http:\/\/www.sporthiva.com\/wp-content\/uploads\/2024\/10\/mbappe_denuncia_2-1024x683-1-175x150.jpg",175,150,true],"blog-medium":["http:\/\/www.sporthiva.com\/wp-content\/uploads\/2024\/10\/mbappe_denuncia_2-1024x683-1-750x350.jpg",750,350,true],"blog-full":["http:\/\/www.sporthiva.com\/wp-content\/uploads\/2024\/10\/mbappe_denuncia_2-1024x683-1-1024x550.jpg",1024,550,true],"popular-post":["http:\/\/www.sporthiva.com\/wp-content\/uploads\/2024\/10\/mbappe_denuncia_2-1024x683-1-560x510.jpg",560,510,true],"heighlights-post":["http:\/\/www.sporthiva.com\/wp-content\/uploads\/2024\/10\/mbappe_denuncia_2-1024x683-1-262x236.jpg",262,236,true],"player-thumb":["http:\/\/www.sporthiva.com\/wp-content\/uploads\/2024\/10\/mbappe_denuncia_2-1024x683-1-270x150.jpg",270,150,true],"wp_rp_thumbnail":["http:\/\/www.sporthiva.com\/wp-content\/uploads\/2024\/10\/mbappe_denuncia_2-1024x683-1-150x150.jpg",150,150,true]},"qubely_author":{"display_name":"Evelyn Pineda","author_link":"http:\/\/www.sporthiva.com\/index.php\/author\/epineda\/"},"qubely_comment":0,"qubely_category":"<a href=\"http:\/\/www.sporthiva.com\/index.php\/category\/internacionales\/\" rel=\"category tag\">Internacionales<\/a>","qubely_excerpt":"Estocolmo, Suecia En Suecia contin\u00faa la investigaci\u00f3n por una supuesta violaci\u00f3n en el hotel donde se hosped\u00f3 hace una semana Kylian Mbapp\u00e9 en su visita a Estocolmo. El jugador niega tener alguna relaci\u00f3n con ese hecho y su abogada ha salido al paso de las versiones que involucran al delantero del Real Madrid. Marie-Alix Canu-Bernard&nbsp;Continuar&hellip;","yoast_head":"<!-- This site is optimized with the Yoast SEO plugin v17.8 - https:\/\/yoast.com\/wordpress\/plugins\/seo\/ -->\n<title>La abogada de Mbapp\u00e9 se pregunta si el caso en Suecia es una \u00abtrampa\u00bb - Sporthiva Online<\/title>\n<meta name=\"robots\" content=\"index, follow, max-snippet:-1, max-image-preview:large, max-video-preview:-1\" \/>\n<link rel=\"canonical\" href=\"http:\/\/www.sporthiva.com\/index.php\/2024\/10\/16\/la-abogada-de-mbappe-se-pregunta-si-el-caso-en-suecia-es-una-trampa\/\" \/>\n<meta property=\"og:locale\" content=\"es_ES\" \/>\n<meta property=\"og:type\" content=\"article\" \/>\n<meta property=\"og:title\" content=\"La abogada de Mbapp\u00e9 se pregunta si el caso en Suecia es una \u00abtrampa\u00bb - Sporthiva Online\" \/>\n<meta property=\"og:description\" content=\"Estocolmo, Suecia En Suecia contin\u00faa la investigaci\u00f3n por una supuesta violaci\u00f3n en el hotel donde se hosped\u00f3 hace una semana Kylian Mbapp\u00e9 en su visita a Estocolmo. El jugador niega tener alguna relaci\u00f3n con ese hecho y su abogada ha salido al paso de las versiones que involucran al delantero del Real Madrid. Marie-Alix Canu-Bernard&nbsp;Continuar leyendo\" \/>\n<meta property=\"og:url\" content=\"http:\/\/www.sporthiva.com\/index.php\/2024\/10\/16\/la-abogada-de-mbappe-se-pregunta-si-el-caso-en-suecia-es-una-trampa\/\" \/>\n<meta property=\"og:site_name\" content=\"Sporthiva Online\" \/>\n<meta property=\"article:published_time\" content=\"2024-10-16T16:38:02+00:00\" \/>\n<meta property=\"og:image\" content=\"http:\/\/www.sporthiva.com\/wp-content\/uploads\/2024\/10\/mbappe_denuncia_2-1024x683-1.jpg\" \/>\n\t<meta property=\"og:image:width\" content=\"1024\" \/>\n\t<meta property=\"og:image:height\" content=\"683\" \/>\n<meta name=\"twitter:card\" content=\"summary\" \/>\n<meta name=\"twitter:label1\" content=\"Escrito por\" \/>\n\t<meta name=\"twitter:data1\" content=\"Evelyn Pineda\" \/>\n\t<meta name=\"twitter:label2\" content=\"Tiempo de lectura\" \/>\n\t<meta name=\"twitter:data2\" content=\"2 minutos\" \/>\n<script type=\"application\/ld+json\" class=\"yoast-schema-graph\">{\"@context\":\"https:\/\/schema.org\",\"@graph\":[{\"@type\":\"WebSite\",\"@id\":\"http:\/\/www.sporthiva.com\/#website\",\"url\":\"http:\/\/www.sporthiva.com\/\",\"name\":\"Sporthiva Online\",\"description\":\"Sporthiva Online\",\"potentialAction\":[{\"@type\":\"SearchAction\",\"target\":{\"@type\":\"EntryPoint\",\"urlTemplate\":\"http:\/\/www.sporthiva.com\/?s={search_term_string}\"},\"query-input\":\"required name=search_term_string\"}],\"inLanguage\":\"es\"},{\"@type\":\"ImageObject\",\"@id\":\"http:\/\/www.sporthiva.com\/index.php\/2024\/10\/16\/la-abogada-de-mbappe-se-pregunta-si-el-caso-en-suecia-es-una-trampa\/#primaryimage\",\"inLanguage\":\"es\",\"url\":\"http:\/\/www.sporthiva.com\/wp-content\/uploads\/2024\/10\/mbappe_denuncia_2-1024x683-1.jpg\",\"contentUrl\":\"http:\/\/www.sporthiva.com\/wp-content\/uploads\/2024\/10\/mbappe_denuncia_2-1024x683-1.jpg\",\"width\":1024,\"height\":683},{\"@type\":\"WebPage\",\"@id\":\"http:\/\/www.sporthiva.com\/index.php\/2024\/10\/16\/la-abogada-de-mbappe-se-pregunta-si-el-caso-en-suecia-es-una-trampa\/#webpage\",\"url\":\"http:\/\/www.sporthiva.com\/index.php\/2024\/10\/16\/la-abogada-de-mbappe-se-pregunta-si-el-caso-en-suecia-es-una-trampa\/\",\"name\":\"La abogada de Mbapp\\u00e9 se pregunta si el caso en Suecia es una \\u00abtrampa\\u00bb - Sporthiva Online\",\"isPartOf\":{\"@id\":\"http:\/\/www.sporthiva.com\/#website\"},\"primaryImageOfPage\":{\"@id\":\"http:\/\/www.sporthiva.com\/index.php\/2024\/10\/16\/la-abogada-de-mbappe-se-pregunta-si-el-caso-en-suecia-es-una-trampa\/#primaryimage\"},\"datePublished\":\"2024-10-16T16:38:02+00:00\",\"dateModified\":\"2024-10-16T16:38:02+00:00\",\"author\":{\"@id\":\"http:\/\/www.sporthiva.com\/#\/schema\/person\/551718db343e60bf7d707f9085b1e611\"},\"breadcrumb\":{\"@id\":\"http:\/\/www.sporthiva.com\/index.php\/2024\/10\/16\/la-abogada-de-mbappe-se-pregunta-si-el-caso-en-suecia-es-una-trampa\/#breadcrumb\"},\"inLanguage\":\"es\",\"potentialAction\":[{\"@type\":\"ReadAction\",\"target\":[\"http:\/\/www.sporthiva.com\/index.php\/2024\/10\/16\/la-abogada-de-mbappe-se-pregunta-si-el-caso-en-suecia-es-una-trampa\/\"]}]},{\"@type\":\"BreadcrumbList\",\"@id\":\"http:\/\/www.sporthiva.com\/index.php\/2024\/10\/16\/la-abogada-de-mbappe-se-pregunta-si-el-caso-en-suecia-es-una-trampa\/#breadcrumb\",\"itemListElement\":[{\"@type\":\"ListItem\",\"position\":1,\"name\":\"Portada\",\"item\":\"http:\/\/www.sporthiva.com\/\"},{\"@type\":\"ListItem\",\"position\":2,\"name\":\"La abogada de Mbapp\\u00e9 se pregunta si el caso en Suecia es una \\u00abtrampa\\u00bb\"}]},{\"@type\":\"Person\",\"@id\":\"http:\/\/www.sporthiva.com\/#\/schema\/person\/551718db343e60bf7d707f9085b1e611\",\"name\":\"Evelyn Pineda\",\"image\":{\"@type\":\"ImageObject\",\"@id\":\"http:\/\/www.sporthiva.com\/#personlogo\",\"inLanguage\":\"es\",\"url\":\"http:\/\/1.gravatar.com\/avatar\/73932ff8109aee94864b4504adf4d91e?s=96&d=mm&r=g\",\"contentUrl\":\"http:\/\/1.gravatar.com\/avatar\/73932ff8109aee94864b4504adf4d91e?s=96&d=mm&r=g\",\"caption\":\"Evelyn Pineda\"},\"sameAs\":[\"http:\/\/www.sporthiva.com\/\"],\"url\":\"http:\/\/www.sporthiva.com\/index.php\/author\/epineda\/\"}]}<\/script>\n<!-- \/ Yoast SEO plugin. -->","yoast_head_json":{"title":"La abogada de Mbapp\u00e9 se pregunta si el caso en Suecia es una \u00abtrampa\u00bb - Sporthiva Online","robots":{"index":"index","follow":"follow","max-snippet":"max-snippet:-1","max-image-preview":"max-image-preview:large","max-video-preview":"max-video-preview:-1"},"canonical":"http:\/\/www.sporthiva.com\/index.php\/2024\/10\/16\/la-abogada-de-mbappe-se-pregunta-si-el-caso-en-suecia-es-una-trampa\/","og_locale":"es_ES","og_type":"article","og_title":"La abogada de Mbapp\u00e9 se pregunta si el caso en Suecia es una \u00abtrampa\u00bb - Sporthiva Online","og_description":"Estocolmo, Suecia En Suecia contin\u00faa la investigaci\u00f3n por una supuesta violaci\u00f3n en el hotel donde se hosped\u00f3 hace una semana Kylian Mbapp\u00e9 en su visita a Estocolmo. El jugador niega tener alguna relaci\u00f3n con ese hecho y su abogada ha salido al paso de las versiones que involucran al delantero del Real Madrid. Marie-Alix Canu-Bernard&nbsp;Continuar leyendo","og_url":"http:\/\/www.sporthiva.com\/index.php\/2024\/10\/16\/la-abogada-de-mbappe-se-pregunta-si-el-caso-en-suecia-es-una-trampa\/","og_site_name":"Sporthiva Online","article_published_time":"2024-10-16T16:38:02+00:00","og_image":[{"width":1024,"height":683,"url":"http:\/\/www.sporthiva.com\/wp-content\/uploads\/2024\/10\/mbappe_denuncia_2-1024x683-1.jpg","type":"image\/jpeg"}],"twitter_card":"summary","twitter_misc":{"Escrito por":"Evelyn Pineda","Tiempo de lectura":"2 minutos"},"schema":{"@context":"https:\/\/schema.org","@graph":[{"@type":"WebSite","@id":"http:\/\/www.sporthiva.com\/#website","url":"http:\/\/www.sporthiva.com\/","name":"Sporthiva Online","description":"Sporthiva Online","potentialAction":[{"@type":"SearchAction","target":{"@type":"EntryPoint","urlTemplate":"http:\/\/www.sporthiva.com\/?s={search_term_string}"},"query-input":"required name=search_term_string"}],"inLanguage":"es"},{"@type":"ImageObject","@id":"http:\/\/www.sporthiva.com\/index.php\/2024\/10\/16\/la-abogada-de-mbappe-se-pregunta-si-el-caso-en-suecia-es-una-trampa\/#primaryimage","inLanguage":"es","url":"http:\/\/www.sporthiva.com\/wp-content\/uploads\/2024\/10\/mbappe_denuncia_2-1024x683-1.jpg","contentUrl":"http:\/\/www.sporthiva.com\/wp-content\/uploads\/2024\/10\/mbappe_denuncia_2-1024x683-1.jpg","width":1024,"height":683},{"@type":"WebPage","@id":"http:\/\/www.sporthiva.com\/index.php\/2024\/10\/16\/la-abogada-de-mbappe-se-pregunta-si-el-caso-en-suecia-es-una-trampa\/#webpage","url":"http:\/\/www.sporthiva.com\/index.php\/2024\/10\/16\/la-abogada-de-mbappe-se-pregunta-si-el-caso-en-suecia-es-una-trampa\/","name":"La abogada de Mbapp\u00e9 se pregunta si el caso en Suecia es una \u00abtrampa\u00bb - Sporthiva Online","isPartOf":{"@id":"http:\/\/www.sporthiva.com\/#website"},"primaryImageOfPage":{"@id":"http:\/\/www.sporthiva.com\/index.php\/2024\/10\/16\/la-abogada-de-mbappe-se-pregunta-si-el-caso-en-suecia-es-una-trampa\/#primaryimage"},"datePublished":"2024-10-16T16:38:02+00:00","dateModified":"2024-10-16T16:38:02+00:00","author":{"@id":"http:\/\/www.sporthiva.com\/#\/schema\/person\/551718db343e60bf7d707f9085b1e611"},"breadcrumb":{"@id":"http:\/\/www.sporthiva.com\/index.php\/2024\/10\/16\/la-abogada-de-mbappe-se-pregunta-si-el-caso-en-suecia-es-una-trampa\/#breadcrumb"},"inLanguage":"es","potentialAction":[{"@type":"ReadAction","target":["http:\/\/www.sporthiva.com\/index.php\/2024\/10\/16\/la-abogada-de-mbappe-se-pregunta-si-el-caso-en-suecia-es-una-trampa\/"]}]},{"@type":"BreadcrumbList","@id":"http:\/\/www.sporthiva.com\/index.php\/2024\/10\/16\/la-abogada-de-mbappe-se-pregunta-si-el-caso-en-suecia-es-una-trampa\/#breadcrumb","itemListElement":[{"@type":"ListItem","position":1,"name":"Portada","item":"http:\/\/www.sporthiva.com\/"},{"@type":"ListItem","position":2,"name":"La abogada de Mbapp\u00e9 se pregunta si el caso en Suecia es una \u00abtrampa\u00bb"}]},{"@type":"Person","@id":"http:\/\/www.sporthiva.com\/#\/schema\/person\/551718db343e60bf7d707f9085b1e611","name":"Evelyn Pineda","image":{"@type":"ImageObject","@id":"http:\/\/www.sporthiva.com\/#personlogo","inLanguage":"es","url":"http:\/\/1.gravatar.com\/avatar\/73932ff8109aee94864b4504adf4d91e?s=96&d=mm&r=g","contentUrl":"http:\/\/1.gravatar.com\/avatar\/73932ff8109aee94864b4504adf4d91e?s=96&d=mm&r=g","caption":"Evelyn Pineda"},"sameAs":["http:\/\/www.sporthiva.com\/"],"url":"http:\/\/www.sporthiva.com\/index.php\/author\/epineda\/"}]}},"_links":{"self":[{"href":"http:\/\/www.sporthiva.com\/index.php\/wp-json\/wp\/v2\/posts\/176036"}],"collection":[{"href":"http:\/\/www.sporthiva.com\/index.php\/wp-json\/wp\/v2\/posts"}],"about":[{"href":"http:\/\/www.sporthiva.com\/index.php\/wp-json\/wp\/v2\/types\/post"}],"author":[{"embeddable":true,"href":"http:\/\/www.sporthiva.com\/index.php\/wp-json\/wp\/v2\/users\/7"}],"replies":[{"embeddable":true,"href":"http:\/\/www.sporthiva.com\/index.php\/wp-json\/wp\/v2\/comments?post=176036"}],"version-history":[{"count":1,"href":"http:\/\/www.sporthiva.com\/index.php\/wp-json\/wp\/v2\/posts\/176036\/revisions"}],"predecessor-version":[{"id":176038,"href":"http:\/\/www.sporthiva.com\/index.php\/wp-json\/wp\/v2\/posts\/176036\/revisions\/176038"}],"wp:featuredmedia":[{"embeddable":true,"href":"http:\/\/www.sporthiva.com\/index.php\/wp-json\/wp\/v2\/media\/176037"}],"wp:attachment":[{"href":"http:\/\/www.sporthiva.com\/index.php\/wp-json\/wp\/v2\/media?parent=176036"}],"wp:term":[{"taxonomy":"category","embeddable":true,"href":"http:\/\/www.sporthiva.com\/index.php\/wp-json\/wp\/v2\/categories?post=176036"},{"taxonomy":"post_tag","embeddable":true,"href":"http:\/\/www.sporthiva.com\/index.php\/wp-json\/wp\/v2\/tags?post=176036"}],"curies":[{"name":"wp","href":"https:\/\/api.w.org\/{rel}","templated":true}]}}