{"id":177737,"date":"2024-12-05T10:05:48","date_gmt":"2024-12-05T16:05:48","guid":{"rendered":"http:\/\/www.sporthiva.com\/?p=177737"},"modified":"2024-12-05T10:05:48","modified_gmt":"2024-12-05T16:05:48","slug":"el-milan-conmemora-su-125-aniversario-con-una-coleccion-de-camisetas-retro","status":"publish","type":"post","link":"http:\/\/www.sporthiva.com\/index.php\/2024\/12\/05\/el-milan-conmemora-su-125-aniversario-con-una-coleccion-de-camisetas-retro\/","title":{"rendered":"El Milan conmemora su 125 aniversario con una colecci\u00f3n de camisetas retro"},"content":{"rendered":"<p><strong>Roma, Italia<\/strong><\/p>\n<p>El AC Milan present\u00f3 este jueves una colecci\u00f3n para conmemorar los 125 a\u00f1os de historia del club italiano con tres camisetas de manga larga estilo retro y el \u00abDiavoleto\u00bb, el s\u00edmbolo del equipo, para homenajear su fundaci\u00f3n en 1899.<\/p>\n<p>En su interior, la prenda tiene impreso el hist\u00f3rico diablo, s\u00edmbolo del Milan en los a\u00f1os 80, y la inscripci\u00f3n \u00abAC Milan 125\u00bb para conmemorar el aniversario. La camiseta, de rayas anchas, luce el escudo original del club.<\/p>\n<p><strong>Vea adem\u00e1s:\u00a0<a href=\"http:\/\/www.sporthiva.com\/index.php\/2024\/12\/05\/cuatro-dias-despues-de-perder-la-libertadores-atletico-mineiro-destituye-al-tecnico-argentino-gabriel-milito\/\">Cuatro d\u00edas despu\u00e9s de perder la Libertadores: Atl\u00e9tico Mineiro destituye al t\u00e9cnico argentino Gabriel Milito<\/a><\/strong><\/p>\n<p>Como parte de la colecci\u00f3n de aniversario, el club italiano tambi\u00e9n pondr\u00e1 a la venta una edici\u00f3n limitada de otra camiseta retro del club con una producci\u00f3n de solo 1.899 unidades, en honor a su a\u00f1o de fundaci\u00f3n.<\/p>\n<p>Adem\u00e1s de las prendas conmemorativas tambi\u00e9n presentaron la camiseta de portero y un bal\u00f3n cl\u00e1sico.<\/p>\n<p>Los aficionados poseedores de un Fan Token, activo digital mediante el que el aficionado puede participar de manera directa con el club, eligieron los elementos claves que quer\u00edan que llevase la camiseta y que remiten a momentos clave de la historia del equipo.<\/p>\n<p><strong>Le interesa tambi\u00e9n:\u00a0<a href=\"http:\/\/www.sporthiva.com\/index.php\/2024\/12\/04\/alajuelense-se-corona-bicampeon-de-la-copa-centroamericana-al-vencer-al-real-esteli\/\">Alajuelense se corona bicampe\u00f3n de la Copa Centroamericana al vencer al Real Estel\u00ed<\/a><\/strong><\/p>\n<p>\u00abEsta camiseta refleja el alma del Milan: su pasi\u00f3n, su historia y su visi\u00f3n de futuro. Estoy orgulloso de vivir este club durante 50 a\u00f1os, en diversos roles, por lo que este hito es especialmente especial y representa un momento de celebraci\u00f3n y unidad para toda la familia rossonera\u00bb, dijo la leyenda milanista y actual vicepresidente de honor del club, Franco Baresi.<\/p>\n<p>El combinado italiano estrenar\u00e1 la camiseta el pr\u00f3ximo 8 de diciembre en el derbi local de su equipo femenino contra el Inter de Mil\u00e1n, mientras que el combinado masculino har\u00e1 lo propio el 15 de diciembre en San Siro en su partido contra el G\u00e9nova.<\/p>\n","protected":false},"excerpt":{"rendered":"<p>Roma, Italia El AC Milan present\u00f3 este jueves una colecci\u00f3n para conmemorar los 125 a\u00f1os de historia del club italiano con tres camisetas de manga larga estilo retro y el \u00abDiavoleto\u00bb, el s\u00edmbolo del equipo, para homenajear su fundaci\u00f3n en 1899. En su interior, la prenda tiene impreso el hist\u00f3rico diablo, s\u00edmbolo del Milan en&nbsp;<\/p>\n<p><a class=\"btn btn-style\" href=\"http:\/\/www.sporthiva.com\/index.php\/2024\/12\/05\/el-milan-conmemora-su-125-aniversario-con-una-coleccion-de-camisetas-retro\/\">Continuar leyendo<\/a><\/p>\n","protected":false},"author":7,"featured_media":177738,"comment_status":"open","ping_status":"open","sticky":false,"template":"","format":"standard","meta":{"qubely_global_settings":"","qubely_interactions":""},"categories":[563],"tags":[10166,10167,420],"qubely_featured_image_url":{"full":["http:\/\/www.sporthiva.com\/wp-content\/uploads\/2024\/12\/GeC753DXQAAGJ8c.jpg",1130,636,false],"landscape":["http:\/\/www.sporthiva.com\/wp-content\/uploads\/2024\/12\/GeC753DXQAAGJ8c.jpg",1130,636,false],"portraits":["http:\/\/www.sporthiva.com\/wp-content\/uploads\/2024\/12\/GeC753DXQAAGJ8c-540x320.jpg",540,320,true],"thumbnail":["http:\/\/www.sporthiva.com\/wp-content\/uploads\/2024\/12\/GeC753DXQAAGJ8c-150x150.jpg",150,150,true],"medium":["http:\/\/www.sporthiva.com\/wp-content\/uploads\/2024\/12\/GeC753DXQAAGJ8c-673x379.jpg",673,379,true],"medium_large":["http:\/\/www.sporthiva.com\/wp-content\/uploads\/2024\/12\/GeC753DXQAAGJ8c-768x432.jpg",768,432,true],"large":["http:\/\/www.sporthiva.com\/wp-content\/uploads\/2024\/12\/GeC753DXQAAGJ8c.jpg",1130,636,false],"1536x1536":["http:\/\/www.sporthiva.com\/wp-content\/uploads\/2024\/12\/GeC753DXQAAGJ8c.jpg",1130,636,false],"2048x2048":["http:\/\/www.sporthiva.com\/wp-content\/uploads\/2024\/12\/GeC753DXQAAGJ8c.jpg",1130,636,false],"alm-thumbnail":["http:\/\/www.sporthiva.com\/wp-content\/uploads\/2024\/12\/GeC753DXQAAGJ8c-150x150.jpg",150,150,true],"qubely_landscape":["http:\/\/www.sporthiva.com\/wp-content\/uploads\/2024\/12\/GeC753DXQAAGJ8c.jpg",1130,636,false],"qubely_portrait":["http:\/\/www.sporthiva.com\/wp-content\/uploads\/2024\/12\/GeC753DXQAAGJ8c-540x320.jpg",540,320,true],"qubely_thumbnail":["http:\/\/www.sporthiva.com\/wp-content\/uploads\/2024\/12\/GeC753DXQAAGJ8c-140x100.jpg",140,100,true],"sportspress-crop-medium":["http:\/\/www.sporthiva.com\/wp-content\/uploads\/2024\/12\/GeC753DXQAAGJ8c-300x300.jpg",300,300,true],"sportspress-fit-medium":["http:\/\/www.sporthiva.com\/wp-content\/uploads\/2024\/12\/GeC753DXQAAGJ8c-300x169.jpg",300,169,true],"sportspress-fit-icon":["http:\/\/www.sporthiva.com\/wp-content\/uploads\/2024\/12\/GeC753DXQAAGJ8c-128x72.jpg",128,72,true],"sportspress-fit-mini":["http:\/\/www.sporthiva.com\/wp-content\/uploads\/2024\/12\/GeC753DXQAAGJ8c-32x18.jpg",32,18,true],"heighlights":["http:\/\/www.sporthiva.com\/wp-content\/uploads\/2024\/12\/GeC753DXQAAGJ8c-460x500.jpg",460,500,true],"video-thumb":["http:\/\/www.sporthiva.com\/wp-content\/uploads\/2024\/12\/GeC753DXQAAGJ8c-360x235.jpg",360,235,true],"video-thumb2":["http:\/\/www.sporthiva.com\/wp-content\/uploads\/2024\/12\/GeC753DXQAAGJ8c-360x422.jpg",360,422,true],"blog-thumb":["http:\/\/www.sporthiva.com\/wp-content\/uploads\/2024\/12\/GeC753DXQAAGJ8c-175x150.jpg",175,150,true],"blog-medium":["http:\/\/www.sporthiva.com\/wp-content\/uploads\/2024\/12\/GeC753DXQAAGJ8c-750x350.jpg",750,350,true],"blog-full":["http:\/\/www.sporthiva.com\/wp-content\/uploads\/2024\/12\/GeC753DXQAAGJ8c-1130x550.jpg",1130,550,true],"popular-post":["http:\/\/www.sporthiva.com\/wp-content\/uploads\/2024\/12\/GeC753DXQAAGJ8c-560x510.jpg",560,510,true],"heighlights-post":["http:\/\/www.sporthiva.com\/wp-content\/uploads\/2024\/12\/GeC753DXQAAGJ8c-262x236.jpg",262,236,true],"player-thumb":["http:\/\/www.sporthiva.com\/wp-content\/uploads\/2024\/12\/GeC753DXQAAGJ8c-270x150.jpg",270,150,true],"wp_rp_thumbnail":["http:\/\/www.sporthiva.com\/wp-content\/uploads\/2024\/12\/GeC753DXQAAGJ8c-150x150.jpg",150,150,true]},"qubely_author":{"display_name":"Evelyn Pineda","author_link":"http:\/\/www.sporthiva.com\/index.php\/author\/epineda\/"},"qubely_comment":0,"qubely_category":"<a href=\"http:\/\/www.sporthiva.com\/index.php\/category\/internacionales\/\" rel=\"category tag\">Internacionales<\/a>","qubely_excerpt":"Roma, Italia El AC Milan present\u00f3 este jueves una colecci\u00f3n para conmemorar los 125 a\u00f1os de historia del club italiano con tres camisetas de manga larga estilo retro y el \u00abDiavoleto\u00bb, el s\u00edmbolo del equipo, para homenajear su fundaci\u00f3n en 1899. En su interior, la prenda tiene impreso el hist\u00f3rico diablo, s\u00edmbolo del Milan en&nbsp;Continuar&hellip;","yoast_head":"<!-- This site is optimized with the Yoast SEO plugin v17.8 - https:\/\/yoast.com\/wordpress\/plugins\/seo\/ -->\n<title>El Milan conmemora su 125 aniversario con una colecci\u00f3n de camisetas retro - Sporthiva Online<\/title>\n<meta name=\"robots\" content=\"index, follow, max-snippet:-1, max-image-preview:large, max-video-preview:-1\" \/>\n<link rel=\"canonical\" href=\"http:\/\/www.sporthiva.com\/index.php\/2024\/12\/05\/el-milan-conmemora-su-125-aniversario-con-una-coleccion-de-camisetas-retro\/\" \/>\n<meta property=\"og:locale\" content=\"es_ES\" \/>\n<meta property=\"og:type\" content=\"article\" \/>\n<meta property=\"og:title\" content=\"El Milan conmemora su 125 aniversario con una colecci\u00f3n de camisetas retro - Sporthiva Online\" \/>\n<meta property=\"og:description\" content=\"Roma, Italia El AC Milan present\u00f3 este jueves una colecci\u00f3n para conmemorar los 125 a\u00f1os de historia del club italiano con tres camisetas de manga larga estilo retro y el \u00abDiavoleto\u00bb, el s\u00edmbolo del equipo, para homenajear su fundaci\u00f3n en 1899. En su interior, la prenda tiene impreso el hist\u00f3rico diablo, s\u00edmbolo del Milan en&nbsp;Continuar leyendo\" \/>\n<meta property=\"og:url\" content=\"http:\/\/www.sporthiva.com\/index.php\/2024\/12\/05\/el-milan-conmemora-su-125-aniversario-con-una-coleccion-de-camisetas-retro\/\" \/>\n<meta property=\"og:site_name\" content=\"Sporthiva Online\" \/>\n<meta property=\"article:published_time\" content=\"2024-12-05T16:05:48+00:00\" \/>\n<meta property=\"og:image\" content=\"http:\/\/www.sporthiva.com\/wp-content\/uploads\/2024\/12\/GeC753DXQAAGJ8c.jpg\" \/>\n\t<meta property=\"og:image:width\" content=\"1130\" \/>\n\t<meta property=\"og:image:height\" content=\"636\" \/>\n<meta name=\"twitter:card\" content=\"summary\" \/>\n<meta name=\"twitter:label1\" content=\"Escrito por\" \/>\n\t<meta name=\"twitter:data1\" content=\"Evelyn Pineda\" \/>\n\t<meta name=\"twitter:label2\" content=\"Tiempo de lectura\" \/>\n\t<meta name=\"twitter:data2\" content=\"2 minutos\" \/>\n<script type=\"application\/ld+json\" class=\"yoast-schema-graph\">{\"@context\":\"https:\/\/schema.org\",\"@graph\":[{\"@type\":\"WebSite\",\"@id\":\"http:\/\/www.sporthiva.com\/#website\",\"url\":\"http:\/\/www.sporthiva.com\/\",\"name\":\"Sporthiva Online\",\"description\":\"Sporthiva Online\",\"potentialAction\":[{\"@type\":\"SearchAction\",\"target\":{\"@type\":\"EntryPoint\",\"urlTemplate\":\"http:\/\/www.sporthiva.com\/?s={search_term_string}\"},\"query-input\":\"required name=search_term_string\"}],\"inLanguage\":\"es\"},{\"@type\":\"ImageObject\",\"@id\":\"http:\/\/www.sporthiva.com\/index.php\/2024\/12\/05\/el-milan-conmemora-su-125-aniversario-con-una-coleccion-de-camisetas-retro\/#primaryimage\",\"inLanguage\":\"es\",\"url\":\"http:\/\/www.sporthiva.com\/wp-content\/uploads\/2024\/12\/GeC753DXQAAGJ8c.jpg\",\"contentUrl\":\"http:\/\/www.sporthiva.com\/wp-content\/uploads\/2024\/12\/GeC753DXQAAGJ8c.jpg\",\"width\":1130,\"height\":636},{\"@type\":\"WebPage\",\"@id\":\"http:\/\/www.sporthiva.com\/index.php\/2024\/12\/05\/el-milan-conmemora-su-125-aniversario-con-una-coleccion-de-camisetas-retro\/#webpage\",\"url\":\"http:\/\/www.sporthiva.com\/index.php\/2024\/12\/05\/el-milan-conmemora-su-125-aniversario-con-una-coleccion-de-camisetas-retro\/\",\"name\":\"El Milan conmemora su 125 aniversario con una colecci\\u00f3n de camisetas retro - Sporthiva Online\",\"isPartOf\":{\"@id\":\"http:\/\/www.sporthiva.com\/#website\"},\"primaryImageOfPage\":{\"@id\":\"http:\/\/www.sporthiva.com\/index.php\/2024\/12\/05\/el-milan-conmemora-su-125-aniversario-con-una-coleccion-de-camisetas-retro\/#primaryimage\"},\"datePublished\":\"2024-12-05T16:05:48+00:00\",\"dateModified\":\"2024-12-05T16:05:48+00:00\",\"author\":{\"@id\":\"http:\/\/www.sporthiva.com\/#\/schema\/person\/551718db343e60bf7d707f9085b1e611\"},\"breadcrumb\":{\"@id\":\"http:\/\/www.sporthiva.com\/index.php\/2024\/12\/05\/el-milan-conmemora-su-125-aniversario-con-una-coleccion-de-camisetas-retro\/#breadcrumb\"},\"inLanguage\":\"es\",\"potentialAction\":[{\"@type\":\"ReadAction\",\"target\":[\"http:\/\/www.sporthiva.com\/index.php\/2024\/12\/05\/el-milan-conmemora-su-125-aniversario-con-una-coleccion-de-camisetas-retro\/\"]}]},{\"@type\":\"BreadcrumbList\",\"@id\":\"http:\/\/www.sporthiva.com\/index.php\/2024\/12\/05\/el-milan-conmemora-su-125-aniversario-con-una-coleccion-de-camisetas-retro\/#breadcrumb\",\"itemListElement\":[{\"@type\":\"ListItem\",\"position\":1,\"name\":\"Portada\",\"item\":\"http:\/\/www.sporthiva.com\/\"},{\"@type\":\"ListItem\",\"position\":2,\"name\":\"El Milan conmemora su 125 aniversario con una colecci\\u00f3n de camisetas retro\"}]},{\"@type\":\"Person\",\"@id\":\"http:\/\/www.sporthiva.com\/#\/schema\/person\/551718db343e60bf7d707f9085b1e611\",\"name\":\"Evelyn Pineda\",\"image\":{\"@type\":\"ImageObject\",\"@id\":\"http:\/\/www.sporthiva.com\/#personlogo\",\"inLanguage\":\"es\",\"url\":\"http:\/\/1.gravatar.com\/avatar\/73932ff8109aee94864b4504adf4d91e?s=96&d=mm&r=g\",\"contentUrl\":\"http:\/\/1.gravatar.com\/avatar\/73932ff8109aee94864b4504adf4d91e?s=96&d=mm&r=g\",\"caption\":\"Evelyn Pineda\"},\"sameAs\":[\"http:\/\/www.sporthiva.com\/\"],\"url\":\"http:\/\/www.sporthiva.com\/index.php\/author\/epineda\/\"}]}<\/script>\n<!-- \/ Yoast SEO plugin. -->","yoast_head_json":{"title":"El Milan conmemora su 125 aniversario con una colecci\u00f3n de camisetas retro - Sporthiva Online","robots":{"index":"index","follow":"follow","max-snippet":"max-snippet:-1","max-image-preview":"max-image-preview:large","max-video-preview":"max-video-preview:-1"},"canonical":"http:\/\/www.sporthiva.com\/index.php\/2024\/12\/05\/el-milan-conmemora-su-125-aniversario-con-una-coleccion-de-camisetas-retro\/","og_locale":"es_ES","og_type":"article","og_title":"El Milan conmemora su 125 aniversario con una colecci\u00f3n de camisetas retro - Sporthiva Online","og_description":"Roma, Italia El AC Milan present\u00f3 este jueves una colecci\u00f3n para conmemorar los 125 a\u00f1os de historia del club italiano con tres camisetas de manga larga estilo retro y el \u00abDiavoleto\u00bb, el s\u00edmbolo del equipo, para homenajear su fundaci\u00f3n en 1899. En su interior, la prenda tiene impreso el hist\u00f3rico diablo, s\u00edmbolo del Milan en&nbsp;Continuar leyendo","og_url":"http:\/\/www.sporthiva.com\/index.php\/2024\/12\/05\/el-milan-conmemora-su-125-aniversario-con-una-coleccion-de-camisetas-retro\/","og_site_name":"Sporthiva Online","article_published_time":"2024-12-05T16:05:48+00:00","og_image":[{"width":1130,"height":636,"url":"http:\/\/www.sporthiva.com\/wp-content\/uploads\/2024\/12\/GeC753DXQAAGJ8c.jpg","type":"image\/jpeg"}],"twitter_card":"summary","twitter_misc":{"Escrito por":"Evelyn Pineda","Tiempo de lectura":"2 minutos"},"schema":{"@context":"https:\/\/schema.org","@graph":[{"@type":"WebSite","@id":"http:\/\/www.sporthiva.com\/#website","url":"http:\/\/www.sporthiva.com\/","name":"Sporthiva Online","description":"Sporthiva Online","potentialAction":[{"@type":"SearchAction","target":{"@type":"EntryPoint","urlTemplate":"http:\/\/www.sporthiva.com\/?s={search_term_string}"},"query-input":"required name=search_term_string"}],"inLanguage":"es"},{"@type":"ImageObject","@id":"http:\/\/www.sporthiva.com\/index.php\/2024\/12\/05\/el-milan-conmemora-su-125-aniversario-con-una-coleccion-de-camisetas-retro\/#primaryimage","inLanguage":"es","url":"http:\/\/www.sporthiva.com\/wp-content\/uploads\/2024\/12\/GeC753DXQAAGJ8c.jpg","contentUrl":"http:\/\/www.sporthiva.com\/wp-content\/uploads\/2024\/12\/GeC753DXQAAGJ8c.jpg","width":1130,"height":636},{"@type":"WebPage","@id":"http:\/\/www.sporthiva.com\/index.php\/2024\/12\/05\/el-milan-conmemora-su-125-aniversario-con-una-coleccion-de-camisetas-retro\/#webpage","url":"http:\/\/www.sporthiva.com\/index.php\/2024\/12\/05\/el-milan-conmemora-su-125-aniversario-con-una-coleccion-de-camisetas-retro\/","name":"El Milan conmemora su 125 aniversario con una colecci\u00f3n de camisetas retro - Sporthiva Online","isPartOf":{"@id":"http:\/\/www.sporthiva.com\/#website"},"primaryImageOfPage":{"@id":"http:\/\/www.sporthiva.com\/index.php\/2024\/12\/05\/el-milan-conmemora-su-125-aniversario-con-una-coleccion-de-camisetas-retro\/#primaryimage"},"datePublished":"2024-12-05T16:05:48+00:00","dateModified":"2024-12-05T16:05:48+00:00","author":{"@id":"http:\/\/www.sporthiva.com\/#\/schema\/person\/551718db343e60bf7d707f9085b1e611"},"breadcrumb":{"@id":"http:\/\/www.sporthiva.com\/index.php\/2024\/12\/05\/el-milan-conmemora-su-125-aniversario-con-una-coleccion-de-camisetas-retro\/#breadcrumb"},"inLanguage":"es","potentialAction":[{"@type":"ReadAction","target":["http:\/\/www.sporthiva.com\/index.php\/2024\/12\/05\/el-milan-conmemora-su-125-aniversario-con-una-coleccion-de-camisetas-retro\/"]}]},{"@type":"BreadcrumbList","@id":"http:\/\/www.sporthiva.com\/index.php\/2024\/12\/05\/el-milan-conmemora-su-125-aniversario-con-una-coleccion-de-camisetas-retro\/#breadcrumb","itemListElement":[{"@type":"ListItem","position":1,"name":"Portada","item":"http:\/\/www.sporthiva.com\/"},{"@type":"ListItem","position":2,"name":"El Milan conmemora su 125 aniversario con una colecci\u00f3n de camisetas retro"}]},{"@type":"Person","@id":"http:\/\/www.sporthiva.com\/#\/schema\/person\/551718db343e60bf7d707f9085b1e611","name":"Evelyn Pineda","image":{"@type":"ImageObject","@id":"http:\/\/www.sporthiva.com\/#personlogo","inLanguage":"es","url":"http:\/\/1.gravatar.com\/avatar\/73932ff8109aee94864b4504adf4d91e?s=96&d=mm&r=g","contentUrl":"http:\/\/1.gravatar.com\/avatar\/73932ff8109aee94864b4504adf4d91e?s=96&d=mm&r=g","caption":"Evelyn Pineda"},"sameAs":["http:\/\/www.sporthiva.com\/"],"url":"http:\/\/www.sporthiva.com\/index.php\/author\/epineda\/"}]}},"_links":{"self":[{"href":"http:\/\/www.sporthiva.com\/index.php\/wp-json\/wp\/v2\/posts\/177737"}],"collection":[{"href":"http:\/\/www.sporthiva.com\/index.php\/wp-json\/wp\/v2\/posts"}],"about":[{"href":"http:\/\/www.sporthiva.com\/index.php\/wp-json\/wp\/v2\/types\/post"}],"author":[{"embeddable":true,"href":"http:\/\/www.sporthiva.com\/index.php\/wp-json\/wp\/v2\/users\/7"}],"replies":[{"embeddable":true,"href":"http:\/\/www.sporthiva.com\/index.php\/wp-json\/wp\/v2\/comments?post=177737"}],"version-history":[{"count":1,"href":"http:\/\/www.sporthiva.com\/index.php\/wp-json\/wp\/v2\/posts\/177737\/revisions"}],"predecessor-version":[{"id":177739,"href":"http:\/\/www.sporthiva.com\/index.php\/wp-json\/wp\/v2\/posts\/177737\/revisions\/177739"}],"wp:featuredmedia":[{"embeddable":true,"href":"http:\/\/www.sporthiva.com\/index.php\/wp-json\/wp\/v2\/media\/177738"}],"wp:attachment":[{"href":"http:\/\/www.sporthiva.com\/index.php\/wp-json\/wp\/v2\/media?parent=177737"}],"wp:term":[{"taxonomy":"category","embeddable":true,"href":"http:\/\/www.sporthiva.com\/index.php\/wp-json\/wp\/v2\/categories?post=177737"},{"taxonomy":"post_tag","embeddable":true,"href":"http:\/\/www.sporthiva.com\/index.php\/wp-json\/wp\/v2\/tags?post=177737"}],"curies":[{"name":"wp","href":"https:\/\/api.w.org\/{rel}","templated":true}]}}