{"id":181571,"date":"2025-02-02T09:47:57","date_gmt":"2025-02-02T15:47:57","guid":{"rendered":"http:\/\/www.sporthiva.com\/?p=181571"},"modified":"2025-02-02T09:47:57","modified_gmt":"2025-02-02T15:47:57","slug":"rudiger-estara-entre-dos-y-tres-semanas-de-baja-y-se-perdera-los-duelos-contra-atletico-y-manchester-city","status":"publish","type":"post","link":"http:\/\/www.sporthiva.com\/index.php\/2025\/02\/02\/rudiger-estara-entre-dos-y-tres-semanas-de-baja-y-se-perdera-los-duelos-contra-atletico-y-manchester-city\/","title":{"rendered":"R\u00fcdiger estar\u00e1 entre dos y tres semanas de baja y se perder\u00e1 los duelos contra Atl\u00e9tico y Manchester City"},"content":{"rendered":"<p><strong>Madrid, Espa\u00f1a<\/strong><\/p>\n<p>El defensa alem\u00e1n Antonio R\u00fcdiger sufre una \u00abuna lesi\u00f3n en el b\u00edceps femoral de la pierna derecha\u00bb, seg\u00fan informa el Real Madrid en un parte m\u00e9dico, y estar\u00e1 entre dos y tres semanas de baja, por lo que se perder\u00e1 duelos de la importancia del derbi madrile\u00f1o liguero y la visita al Manchester City en la Liga de Campeones.<\/p>\n<p>El duelo del Real Madrid ante el Espanyol deja una doble mala noticia para Carlo Ancelotti. Adem\u00e1s de la derrota que estrecha la clasificaci\u00f3n con el Atl\u00e9tico de Madrid a un punto, dej\u00f3 la lesi\u00f3n muscular de una defensa ya castigada por las lesiones con las bajas de larga duraci\u00f3n de Dani Carvajal y \u00c9der Militao.<\/p>\n<p><strong>Vea adem\u00e1s: <\/strong><a href=\"http:\/\/www.sporthiva.com\/index.php\/2025\/02\/02\/barcelona-vence-al-alaves-y-presiona-al-real-madrid-y-atletico-en-laliga\/\"><strong>Barcelona vence al Alav\u00e9s y presiona al Real Madrid y Atl\u00e9tico en LaLiga<\/strong><\/a><\/p>\n<p>A los quince minutos de partido R\u00fcdiger se tuvo que retirar del c\u00e9sped del RCDE Stadium tras sentir una molestia en la disputa de un bal\u00f3n en una jugada. El central alem\u00e1n se someti\u00f3 a primera hora de la ma\u00f1ana del domingo a una resonancia magn\u00e9tica que confirm\u00f3 la dolencia.<\/p>\n<p>\u00abTras las pruebas realizadas a nuestro jugador Antonio R\u00fcdiger por los Servicios M\u00e9dicos del Real Madrid se le ha diagnosticado una lesi\u00f3n en el b\u00edceps femoral de la pierna derecha\u00bb, inform\u00f3 el club blanco.<\/p>\n<p>El tiempo que los doctores madridistas consideran para una peque\u00f1a rotura muscular como la que sufre R\u00fcdiger abarca entre las dos y tres semanas, seg\u00fan informaron a EFE fuentes del club.<\/p>\n<p><strong>Le interesa tambi\u00e9n: <\/strong><a href=\"http:\/\/www.sporthiva.com\/index.php\/2025\/02\/01\/el-barcelona-femenino-sufre-su-primera-derrota-en-casa-en-seis-anos\/\"><strong>El Barcelona femenino sufre su primera derrota en casa en seis a\u00f1os<\/strong><\/a><\/p>\n<p>De esta manera, el jugador que se ha convertido en pilar defensivo de Ancelotti se perder\u00eda los cuartos de final de la Copa del Rey, ante el Legan\u00e9s, el derbi liguero del Santiago Bernab\u00e9u entre los dos primeros clasificados y la visita al Osasuna, adem\u00e1s de la ida de la fase previa a los octavos de final de la nueva Liga de Campeones, en la que el Real Madrid visita al Manchester City.<\/p>\n<p>El objetivo desde que R\u00fcdiger conoci\u00f3 el alcance exacto de su lesi\u00f3n muscular es estar recuperado para reaparecer en el partido de vuelta ante el equipo de Pep Guardiola, el 19 de febrero, ante el City en el Bernab\u00e9u.<\/p>\n","protected":false},"excerpt":{"rendered":"<p>Madrid, Espa\u00f1a El defensa alem\u00e1n Antonio R\u00fcdiger sufre una \u00abuna lesi\u00f3n en el b\u00edceps femoral de la pierna derecha\u00bb, seg\u00fan informa el Real Madrid en un parte m\u00e9dico, y estar\u00e1 entre dos y tres semanas de baja, por lo que se perder\u00e1 duelos de la importancia del derbi madrile\u00f1o liguero y la visita al Manchester&nbsp;<\/p>\n<p><a class=\"btn btn-style\" href=\"http:\/\/www.sporthiva.com\/index.php\/2025\/02\/02\/rudiger-estara-entre-dos-y-tres-semanas-de-baja-y-se-perdera-los-duelos-contra-atletico-y-manchester-city\/\">Continuar leyendo<\/a><\/p>\n","protected":false},"author":7,"featured_media":181572,"comment_status":"open","ping_status":"open","sticky":false,"template":"","format":"standard","meta":{"qubely_global_settings":"","qubely_interactions":""},"categories":[563],"tags":[1700,52],"qubely_featured_image_url":{"full":["http:\/\/www.sporthiva.com\/wp-content\/uploads\/2025\/02\/Real-madrid-rudiger-27.jpg",1200,675,false],"landscape":["http:\/\/www.sporthiva.com\/wp-content\/uploads\/2025\/02\/Real-madrid-rudiger-27.jpg",1200,675,false],"portraits":["http:\/\/www.sporthiva.com\/wp-content\/uploads\/2025\/02\/Real-madrid-rudiger-27-540x320.jpg",540,320,true],"thumbnail":["http:\/\/www.sporthiva.com\/wp-content\/uploads\/2025\/02\/Real-madrid-rudiger-27-150x150.jpg",150,150,true],"medium":["http:\/\/www.sporthiva.com\/wp-content\/uploads\/2025\/02\/Real-madrid-rudiger-27-675x379.jpg",675,379,true],"medium_large":["http:\/\/www.sporthiva.com\/wp-content\/uploads\/2025\/02\/Real-madrid-rudiger-27-768x432.jpg",768,432,true],"large":["http:\/\/www.sporthiva.com\/wp-content\/uploads\/2025\/02\/Real-madrid-rudiger-27.jpg",1200,675,false],"1536x1536":["http:\/\/www.sporthiva.com\/wp-content\/uploads\/2025\/02\/Real-madrid-rudiger-27.jpg",1200,675,false],"2048x2048":["http:\/\/www.sporthiva.com\/wp-content\/uploads\/2025\/02\/Real-madrid-rudiger-27.jpg",1200,675,false],"alm-thumbnail":["http:\/\/www.sporthiva.com\/wp-content\/uploads\/2025\/02\/Real-madrid-rudiger-27-150x150.jpg",150,150,true],"qubely_landscape":["http:\/\/www.sporthiva.com\/wp-content\/uploads\/2025\/02\/Real-madrid-rudiger-27.jpg",1200,675,false],"qubely_portrait":["http:\/\/www.sporthiva.com\/wp-content\/uploads\/2025\/02\/Real-madrid-rudiger-27-540x320.jpg",540,320,true],"qubely_thumbnail":["http:\/\/www.sporthiva.com\/wp-content\/uploads\/2025\/02\/Real-madrid-rudiger-27-140x100.jpg",140,100,true],"sportspress-crop-medium":["http:\/\/www.sporthiva.com\/wp-content\/uploads\/2025\/02\/Real-madrid-rudiger-27-300x300.jpg",300,300,true],"sportspress-fit-medium":["http:\/\/www.sporthiva.com\/wp-content\/uploads\/2025\/02\/Real-madrid-rudiger-27-300x169.jpg",300,169,true],"sportspress-fit-icon":["http:\/\/www.sporthiva.com\/wp-content\/uploads\/2025\/02\/Real-madrid-rudiger-27-128x72.jpg",128,72,true],"sportspress-fit-mini":["http:\/\/www.sporthiva.com\/wp-content\/uploads\/2025\/02\/Real-madrid-rudiger-27-32x18.jpg",32,18,true],"heighlights":["http:\/\/www.sporthiva.com\/wp-content\/uploads\/2025\/02\/Real-madrid-rudiger-27-460x500.jpg",460,500,true],"video-thumb":["http:\/\/www.sporthiva.com\/wp-content\/uploads\/2025\/02\/Real-madrid-rudiger-27-360x235.jpg",360,235,true],"video-thumb2":["http:\/\/www.sporthiva.com\/wp-content\/uploads\/2025\/02\/Real-madrid-rudiger-27-360x422.jpg",360,422,true],"blog-thumb":["http:\/\/www.sporthiva.com\/wp-content\/uploads\/2025\/02\/Real-madrid-rudiger-27-175x150.jpg",175,150,true],"blog-medium":["http:\/\/www.sporthiva.com\/wp-content\/uploads\/2025\/02\/Real-madrid-rudiger-27-750x350.jpg",750,350,true],"blog-full":["http:\/\/www.sporthiva.com\/wp-content\/uploads\/2025\/02\/Real-madrid-rudiger-27-1140x550.jpg",1140,550,true],"popular-post":["http:\/\/www.sporthiva.com\/wp-content\/uploads\/2025\/02\/Real-madrid-rudiger-27-560x510.jpg",560,510,true],"heighlights-post":["http:\/\/www.sporthiva.com\/wp-content\/uploads\/2025\/02\/Real-madrid-rudiger-27-262x236.jpg",262,236,true],"player-thumb":["http:\/\/www.sporthiva.com\/wp-content\/uploads\/2025\/02\/Real-madrid-rudiger-27-270x150.jpg",270,150,true],"wp_rp_thumbnail":["http:\/\/www.sporthiva.com\/wp-content\/uploads\/2025\/02\/Real-madrid-rudiger-27-150x150.jpg",150,150,true]},"qubely_author":{"display_name":"Evelyn Pineda","author_link":"http:\/\/www.sporthiva.com\/index.php\/author\/epineda\/"},"qubely_comment":1,"qubely_category":"<a href=\"http:\/\/www.sporthiva.com\/index.php\/category\/internacionales\/\" rel=\"category tag\">Internacionales<\/a>","qubely_excerpt":"Madrid, Espa\u00f1a El defensa alem\u00e1n Antonio R\u00fcdiger sufre una \u00abuna lesi\u00f3n en el b\u00edceps femoral de la pierna derecha\u00bb, seg\u00fan informa el Real Madrid en un parte m\u00e9dico, y estar\u00e1 entre dos y tres semanas de baja, por lo que se perder\u00e1 duelos de la importancia del derbi madrile\u00f1o liguero y la visita al Manchester&nbsp;Continuar&hellip;","yoast_head":"<!-- This site is optimized with the Yoast SEO plugin v17.8 - https:\/\/yoast.com\/wordpress\/plugins\/seo\/ -->\n<title>R\u00fcdiger estar\u00e1 entre dos y tres semanas de baja y se perder\u00e1 los duelos contra Atl\u00e9tico y Manchester City - Sporthiva Online<\/title>\n<meta name=\"robots\" content=\"index, follow, max-snippet:-1, max-image-preview:large, max-video-preview:-1\" \/>\n<link rel=\"canonical\" href=\"http:\/\/www.sporthiva.com\/index.php\/2025\/02\/02\/rudiger-estara-entre-dos-y-tres-semanas-de-baja-y-se-perdera-los-duelos-contra-atletico-y-manchester-city\/\" \/>\n<meta property=\"og:locale\" content=\"es_ES\" \/>\n<meta property=\"og:type\" content=\"article\" \/>\n<meta property=\"og:title\" content=\"R\u00fcdiger estar\u00e1 entre dos y tres semanas de baja y se perder\u00e1 los duelos contra Atl\u00e9tico y Manchester City - Sporthiva Online\" \/>\n<meta property=\"og:description\" content=\"Madrid, Espa\u00f1a El defensa alem\u00e1n Antonio R\u00fcdiger sufre una \u00abuna lesi\u00f3n en el b\u00edceps femoral de la pierna derecha\u00bb, seg\u00fan informa el Real Madrid en un parte m\u00e9dico, y estar\u00e1 entre dos y tres semanas de baja, por lo que se perder\u00e1 duelos de la importancia del derbi madrile\u00f1o liguero y la visita al Manchester&nbsp;Continuar leyendo\" \/>\n<meta property=\"og:url\" content=\"http:\/\/www.sporthiva.com\/index.php\/2025\/02\/02\/rudiger-estara-entre-dos-y-tres-semanas-de-baja-y-se-perdera-los-duelos-contra-atletico-y-manchester-city\/\" \/>\n<meta property=\"og:site_name\" content=\"Sporthiva Online\" \/>\n<meta property=\"article:published_time\" content=\"2025-02-02T15:47:57+00:00\" \/>\n<meta property=\"og:image\" content=\"http:\/\/www.sporthiva.com\/wp-content\/uploads\/2025\/02\/Real-madrid-rudiger-27.jpg\" \/>\n\t<meta property=\"og:image:width\" content=\"1200\" \/>\n\t<meta property=\"og:image:height\" content=\"675\" \/>\n<meta name=\"twitter:card\" content=\"summary\" \/>\n<meta name=\"twitter:label1\" content=\"Escrito por\" \/>\n\t<meta name=\"twitter:data1\" content=\"Evelyn Pineda\" \/>\n\t<meta name=\"twitter:label2\" content=\"Tiempo de lectura\" \/>\n\t<meta name=\"twitter:data2\" content=\"2 minutos\" \/>\n<script type=\"application\/ld+json\" class=\"yoast-schema-graph\">{\"@context\":\"https:\/\/schema.org\",\"@graph\":[{\"@type\":\"WebSite\",\"@id\":\"http:\/\/www.sporthiva.com\/#website\",\"url\":\"http:\/\/www.sporthiva.com\/\",\"name\":\"Sporthiva Online\",\"description\":\"Sporthiva Online\",\"potentialAction\":[{\"@type\":\"SearchAction\",\"target\":{\"@type\":\"EntryPoint\",\"urlTemplate\":\"http:\/\/www.sporthiva.com\/?s={search_term_string}\"},\"query-input\":\"required name=search_term_string\"}],\"inLanguage\":\"es\"},{\"@type\":\"ImageObject\",\"@id\":\"http:\/\/www.sporthiva.com\/index.php\/2025\/02\/02\/rudiger-estara-entre-dos-y-tres-semanas-de-baja-y-se-perdera-los-duelos-contra-atletico-y-manchester-city\/#primaryimage\",\"inLanguage\":\"es\",\"url\":\"http:\/\/www.sporthiva.com\/wp-content\/uploads\/2025\/02\/Real-madrid-rudiger-27.jpg\",\"contentUrl\":\"http:\/\/www.sporthiva.com\/wp-content\/uploads\/2025\/02\/Real-madrid-rudiger-27.jpg\",\"width\":1200,\"height\":675},{\"@type\":\"WebPage\",\"@id\":\"http:\/\/www.sporthiva.com\/index.php\/2025\/02\/02\/rudiger-estara-entre-dos-y-tres-semanas-de-baja-y-se-perdera-los-duelos-contra-atletico-y-manchester-city\/#webpage\",\"url\":\"http:\/\/www.sporthiva.com\/index.php\/2025\/02\/02\/rudiger-estara-entre-dos-y-tres-semanas-de-baja-y-se-perdera-los-duelos-contra-atletico-y-manchester-city\/\",\"name\":\"R\\u00fcdiger estar\\u00e1 entre dos y tres semanas de baja y se perder\\u00e1 los duelos contra Atl\\u00e9tico y Manchester City - Sporthiva Online\",\"isPartOf\":{\"@id\":\"http:\/\/www.sporthiva.com\/#website\"},\"primaryImageOfPage\":{\"@id\":\"http:\/\/www.sporthiva.com\/index.php\/2025\/02\/02\/rudiger-estara-entre-dos-y-tres-semanas-de-baja-y-se-perdera-los-duelos-contra-atletico-y-manchester-city\/#primaryimage\"},\"datePublished\":\"2025-02-02T15:47:57+00:00\",\"dateModified\":\"2025-02-02T15:47:57+00:00\",\"author\":{\"@id\":\"http:\/\/www.sporthiva.com\/#\/schema\/person\/551718db343e60bf7d707f9085b1e611\"},\"breadcrumb\":{\"@id\":\"http:\/\/www.sporthiva.com\/index.php\/2025\/02\/02\/rudiger-estara-entre-dos-y-tres-semanas-de-baja-y-se-perdera-los-duelos-contra-atletico-y-manchester-city\/#breadcrumb\"},\"inLanguage\":\"es\",\"potentialAction\":[{\"@type\":\"ReadAction\",\"target\":[\"http:\/\/www.sporthiva.com\/index.php\/2025\/02\/02\/rudiger-estara-entre-dos-y-tres-semanas-de-baja-y-se-perdera-los-duelos-contra-atletico-y-manchester-city\/\"]}]},{\"@type\":\"BreadcrumbList\",\"@id\":\"http:\/\/www.sporthiva.com\/index.php\/2025\/02\/02\/rudiger-estara-entre-dos-y-tres-semanas-de-baja-y-se-perdera-los-duelos-contra-atletico-y-manchester-city\/#breadcrumb\",\"itemListElement\":[{\"@type\":\"ListItem\",\"position\":1,\"name\":\"Portada\",\"item\":\"http:\/\/www.sporthiva.com\/\"},{\"@type\":\"ListItem\",\"position\":2,\"name\":\"R\\u00fcdiger estar\\u00e1 entre dos y tres semanas de baja y se perder\\u00e1 los duelos contra Atl\\u00e9tico y Manchester City\"}]},{\"@type\":\"Person\",\"@id\":\"http:\/\/www.sporthiva.com\/#\/schema\/person\/551718db343e60bf7d707f9085b1e611\",\"name\":\"Evelyn Pineda\",\"image\":{\"@type\":\"ImageObject\",\"@id\":\"http:\/\/www.sporthiva.com\/#personlogo\",\"inLanguage\":\"es\",\"url\":\"http:\/\/1.gravatar.com\/avatar\/73932ff8109aee94864b4504adf4d91e?s=96&d=mm&r=g\",\"contentUrl\":\"http:\/\/1.gravatar.com\/avatar\/73932ff8109aee94864b4504adf4d91e?s=96&d=mm&r=g\",\"caption\":\"Evelyn Pineda\"},\"sameAs\":[\"http:\/\/www.sporthiva.com\/\"],\"url\":\"http:\/\/www.sporthiva.com\/index.php\/author\/epineda\/\"}]}<\/script>\n<!-- \/ Yoast SEO plugin. -->","yoast_head_json":{"title":"R\u00fcdiger estar\u00e1 entre dos y tres semanas de baja y se perder\u00e1 los duelos contra Atl\u00e9tico y Manchester City - Sporthiva Online","robots":{"index":"index","follow":"follow","max-snippet":"max-snippet:-1","max-image-preview":"max-image-preview:large","max-video-preview":"max-video-preview:-1"},"canonical":"http:\/\/www.sporthiva.com\/index.php\/2025\/02\/02\/rudiger-estara-entre-dos-y-tres-semanas-de-baja-y-se-perdera-los-duelos-contra-atletico-y-manchester-city\/","og_locale":"es_ES","og_type":"article","og_title":"R\u00fcdiger estar\u00e1 entre dos y tres semanas de baja y se perder\u00e1 los duelos contra Atl\u00e9tico y Manchester City - Sporthiva Online","og_description":"Madrid, Espa\u00f1a El defensa alem\u00e1n Antonio R\u00fcdiger sufre una \u00abuna lesi\u00f3n en el b\u00edceps femoral de la pierna derecha\u00bb, seg\u00fan informa el Real Madrid en un parte m\u00e9dico, y estar\u00e1 entre dos y tres semanas de baja, por lo que se perder\u00e1 duelos de la importancia del derbi madrile\u00f1o liguero y la visita al Manchester&nbsp;Continuar leyendo","og_url":"http:\/\/www.sporthiva.com\/index.php\/2025\/02\/02\/rudiger-estara-entre-dos-y-tres-semanas-de-baja-y-se-perdera-los-duelos-contra-atletico-y-manchester-city\/","og_site_name":"Sporthiva Online","article_published_time":"2025-02-02T15:47:57+00:00","og_image":[{"width":1200,"height":675,"url":"http:\/\/www.sporthiva.com\/wp-content\/uploads\/2025\/02\/Real-madrid-rudiger-27.jpg","type":"image\/jpeg"}],"twitter_card":"summary","twitter_misc":{"Escrito por":"Evelyn Pineda","Tiempo de lectura":"2 minutos"},"schema":{"@context":"https:\/\/schema.org","@graph":[{"@type":"WebSite","@id":"http:\/\/www.sporthiva.com\/#website","url":"http:\/\/www.sporthiva.com\/","name":"Sporthiva Online","description":"Sporthiva Online","potentialAction":[{"@type":"SearchAction","target":{"@type":"EntryPoint","urlTemplate":"http:\/\/www.sporthiva.com\/?s={search_term_string}"},"query-input":"required name=search_term_string"}],"inLanguage":"es"},{"@type":"ImageObject","@id":"http:\/\/www.sporthiva.com\/index.php\/2025\/02\/02\/rudiger-estara-entre-dos-y-tres-semanas-de-baja-y-se-perdera-los-duelos-contra-atletico-y-manchester-city\/#primaryimage","inLanguage":"es","url":"http:\/\/www.sporthiva.com\/wp-content\/uploads\/2025\/02\/Real-madrid-rudiger-27.jpg","contentUrl":"http:\/\/www.sporthiva.com\/wp-content\/uploads\/2025\/02\/Real-madrid-rudiger-27.jpg","width":1200,"height":675},{"@type":"WebPage","@id":"http:\/\/www.sporthiva.com\/index.php\/2025\/02\/02\/rudiger-estara-entre-dos-y-tres-semanas-de-baja-y-se-perdera-los-duelos-contra-atletico-y-manchester-city\/#webpage","url":"http:\/\/www.sporthiva.com\/index.php\/2025\/02\/02\/rudiger-estara-entre-dos-y-tres-semanas-de-baja-y-se-perdera-los-duelos-contra-atletico-y-manchester-city\/","name":"R\u00fcdiger estar\u00e1 entre dos y tres semanas de baja y se perder\u00e1 los duelos contra Atl\u00e9tico y Manchester City - Sporthiva Online","isPartOf":{"@id":"http:\/\/www.sporthiva.com\/#website"},"primaryImageOfPage":{"@id":"http:\/\/www.sporthiva.com\/index.php\/2025\/02\/02\/rudiger-estara-entre-dos-y-tres-semanas-de-baja-y-se-perdera-los-duelos-contra-atletico-y-manchester-city\/#primaryimage"},"datePublished":"2025-02-02T15:47:57+00:00","dateModified":"2025-02-02T15:47:57+00:00","author":{"@id":"http:\/\/www.sporthiva.com\/#\/schema\/person\/551718db343e60bf7d707f9085b1e611"},"breadcrumb":{"@id":"http:\/\/www.sporthiva.com\/index.php\/2025\/02\/02\/rudiger-estara-entre-dos-y-tres-semanas-de-baja-y-se-perdera-los-duelos-contra-atletico-y-manchester-city\/#breadcrumb"},"inLanguage":"es","potentialAction":[{"@type":"ReadAction","target":["http:\/\/www.sporthiva.com\/index.php\/2025\/02\/02\/rudiger-estara-entre-dos-y-tres-semanas-de-baja-y-se-perdera-los-duelos-contra-atletico-y-manchester-city\/"]}]},{"@type":"BreadcrumbList","@id":"http:\/\/www.sporthiva.com\/index.php\/2025\/02\/02\/rudiger-estara-entre-dos-y-tres-semanas-de-baja-y-se-perdera-los-duelos-contra-atletico-y-manchester-city\/#breadcrumb","itemListElement":[{"@type":"ListItem","position":1,"name":"Portada","item":"http:\/\/www.sporthiva.com\/"},{"@type":"ListItem","position":2,"name":"R\u00fcdiger estar\u00e1 entre dos y tres semanas de baja y se perder\u00e1 los duelos contra Atl\u00e9tico y Manchester City"}]},{"@type":"Person","@id":"http:\/\/www.sporthiva.com\/#\/schema\/person\/551718db343e60bf7d707f9085b1e611","name":"Evelyn Pineda","image":{"@type":"ImageObject","@id":"http:\/\/www.sporthiva.com\/#personlogo","inLanguage":"es","url":"http:\/\/1.gravatar.com\/avatar\/73932ff8109aee94864b4504adf4d91e?s=96&d=mm&r=g","contentUrl":"http:\/\/1.gravatar.com\/avatar\/73932ff8109aee94864b4504adf4d91e?s=96&d=mm&r=g","caption":"Evelyn Pineda"},"sameAs":["http:\/\/www.sporthiva.com\/"],"url":"http:\/\/www.sporthiva.com\/index.php\/author\/epineda\/"}]}},"_links":{"self":[{"href":"http:\/\/www.sporthiva.com\/index.php\/wp-json\/wp\/v2\/posts\/181571"}],"collection":[{"href":"http:\/\/www.sporthiva.com\/index.php\/wp-json\/wp\/v2\/posts"}],"about":[{"href":"http:\/\/www.sporthiva.com\/index.php\/wp-json\/wp\/v2\/types\/post"}],"author":[{"embeddable":true,"href":"http:\/\/www.sporthiva.com\/index.php\/wp-json\/wp\/v2\/users\/7"}],"replies":[{"embeddable":true,"href":"http:\/\/www.sporthiva.com\/index.php\/wp-json\/wp\/v2\/comments?post=181571"}],"version-history":[{"count":1,"href":"http:\/\/www.sporthiva.com\/index.php\/wp-json\/wp\/v2\/posts\/181571\/revisions"}],"predecessor-version":[{"id":181573,"href":"http:\/\/www.sporthiva.com\/index.php\/wp-json\/wp\/v2\/posts\/181571\/revisions\/181573"}],"wp:featuredmedia":[{"embeddable":true,"href":"http:\/\/www.sporthiva.com\/index.php\/wp-json\/wp\/v2\/media\/181572"}],"wp:attachment":[{"href":"http:\/\/www.sporthiva.com\/index.php\/wp-json\/wp\/v2\/media?parent=181571"}],"wp:term":[{"taxonomy":"category","embeddable":true,"href":"http:\/\/www.sporthiva.com\/index.php\/wp-json\/wp\/v2\/categories?post=181571"},{"taxonomy":"post_tag","embeddable":true,"href":"http:\/\/www.sporthiva.com\/index.php\/wp-json\/wp\/v2\/tags?post=181571"}],"curies":[{"name":"wp","href":"https:\/\/api.w.org\/{rel}","templated":true}]}}