{"id":49152,"date":"2018-08-08T15:10:45","date_gmt":"2018-08-08T21:10:45","guid":{"rendered":"http:\/\/www.sporthiva.com\/?p=49152"},"modified":"2018-08-08T15:11:20","modified_gmt":"2018-08-08T21:11:20","slug":"a-quien-prefieren-en-el-marco-keylor-navas-o-thibaut-courtois","status":"publish","type":"post","link":"http:\/\/www.sporthiva.com\/index.php\/2018\/08\/08\/a-quien-prefieren-en-el-marco-keylor-navas-o-thibaut-courtois\/","title":{"rendered":"A qui\u00e9n prefieren en la porter\u00eda del Madrid: \u00bfKeylor Navas o Thibaut Courtois?"},"content":{"rendered":"<h4><strong>Thibaut Courtois o Keylor Navas, quien ser\u00e1 el titular en la meta del Campe\u00f3n de Europa<\/strong><\/h4>\n<p><strong>Madrid, Espa\u00f1a<\/strong><\/p>\n<p>La novela lleg\u00f3 a su final. El Real Madrid, y particularmente su presidente Florentino P\u00e9rez, hizo realidad su sue\u00f1o. Finalmente concret\u00f3 el fichaje del belga Thibaut Courtois, quien ser\u00e1 la gran competencia de Keylor Navas en el marco.<\/p>\n<p>El belga firm\u00f3 por seis temporadas y ser\u00e1 presentado ma\u00f1ana jueves en el palco de honor del Santiago Bernab\u00e9u, como en su momento se hizo con el tico.<\/p>\n<p><strong>Vea adem\u00e1s:\u00a0<a href=\"http:\/\/www.sporthiva.com\/index.php\/2018\/08\/08\/con-courtois-el-madrid-tiene-a-los-mejores-porteros-de-los-dos-ultimos-mundiales\/\">Con Courtois, el Madrid tiene a los mejores porteros de los dos \u00faltimos Mundiales<\/a><\/strong><\/p>\n<p>Florentino logr\u00f3 su objetivo de contratar a un portero clase A, algo que hab\u00eda intentado desde el 2015, con el fallido pase de David de Gea.<\/p>\n<p>No fue ni el juvenil Kepa Arrizabalaga, quien lleg\u00f3 al Chelsea. Tampoco De Gea, que se queda en el Manchester United, y menos Alisson, refuerzo del Liverpool. Todos estos nombres fueron opci\u00f3n para el presidente blanco, empe\u00f1ado en llevar a una figura a un sector de la cancha que parec\u00eda estar m\u00e1s que cubierto con Navas, campe\u00f3n de las \u00faltimas tres Champions.<\/p>\n<p><strong>Le interesa tambi\u00e9n:\u00a0<a href=\"http:\/\/www.sporthiva.com\/index.php\/2018\/08\/08\/emilio-izaguirre-no-quiso-confirmar-su-regreso-al-celtic\/\">Emilio Izaguirre regresa al Celtic<\/a><\/strong><\/p>\n<p>Las preguntas sobre el futuro del costarricense sobran y las respuestas no parecen tan claras. \u00bfSe quedar\u00e1 a competir con el belga? \u00bfSer\u00e1 suplente? \u00bfTiene opciones para recalar en otro club? Una respuesta que solo el tiempo la dar\u00e1.<\/p>\n<p>Por ahora nos concentramos en hacer la siguiente pregunta:\u00a0<strong>\u00bfA quien prefieren como titular en el marco del Real Madrid?<\/strong><\/p>\n<p>Keylor Navas, costarricense, 31 a\u00f1os<\/p>\n<p>Thibaut Courtois, belga, 26 a\u00f1os<\/p>\n","protected":false},"excerpt":{"rendered":"<p>Thibaut Courtois o Keylor Navas, quien ser\u00e1 el titular en la meta del Campe\u00f3n de Europa Madrid, Espa\u00f1a La novela lleg\u00f3 a su final. El Real Madrid, y particularmente su presidente Florentino P\u00e9rez, hizo realidad su sue\u00f1o. Finalmente concret\u00f3 el fichaje del belga Thibaut Courtois, quien ser\u00e1 la gran competencia de Keylor Navas en el&nbsp;<\/p>\n<p><a class=\"btn btn-style\" href=\"http:\/\/www.sporthiva.com\/index.php\/2018\/08\/08\/a-quien-prefieren-en-el-marco-keylor-navas-o-thibaut-courtois\/\">Continuar leyendo<\/a><\/p>\n","protected":false},"author":7,"featured_media":0,"comment_status":"open","ping_status":"open","sticky":false,"template":"","format":"standard","meta":{"qubely_global_settings":"","qubely_interactions":""},"categories":[563],"tags":[],"qubely_featured_image_url":null,"qubely_author":{"display_name":"Evelyn Pineda","author_link":"http:\/\/www.sporthiva.com\/index.php\/author\/epineda\/"},"qubely_comment":0,"qubely_category":"<a href=\"http:\/\/www.sporthiva.com\/index.php\/category\/internacionales\/\" rel=\"category tag\">Internacionales<\/a>","qubely_excerpt":"Thibaut Courtois o Keylor Navas, quien ser\u00e1 el titular en la meta del Campe\u00f3n de Europa Madrid, Espa\u00f1a La novela lleg\u00f3 a su final. El Real Madrid, y particularmente su presidente Florentino P\u00e9rez, hizo realidad su sue\u00f1o. Finalmente concret\u00f3 el fichaje del belga Thibaut Courtois, quien ser\u00e1 la gran competencia de Keylor Navas en el&nbsp;Continuar&hellip;","yoast_head":"<!-- This site is optimized with the Yoast SEO plugin v17.8 - https:\/\/yoast.com\/wordpress\/plugins\/seo\/ -->\n<title>A qui\u00e9n prefieren en la porter\u00eda del Madrid: \u00bfKeylor Navas o Thibaut Courtois? - Sporthiva Online<\/title>\n<meta name=\"robots\" content=\"index, follow, max-snippet:-1, max-image-preview:large, max-video-preview:-1\" \/>\n<link rel=\"canonical\" href=\"https:\/\/www.sporthiva.com\/index.php\/2018\/08\/08\/a-quien-prefieren-en-el-marco-keylor-navas-o-thibaut-courtois\/\" \/>\n<meta property=\"og:locale\" content=\"es_ES\" \/>\n<meta property=\"og:type\" content=\"article\" \/>\n<meta property=\"og:title\" content=\"A qui\u00e9n prefieren en la porter\u00eda del Madrid: \u00bfKeylor Navas o Thibaut Courtois? - Sporthiva Online\" \/>\n<meta property=\"og:description\" content=\"Thibaut Courtois o Keylor Navas, quien ser\u00e1 el titular en la meta del Campe\u00f3n de Europa Madrid, Espa\u00f1a La novela lleg\u00f3 a su final. El Real Madrid, y particularmente su presidente Florentino P\u00e9rez, hizo realidad su sue\u00f1o. Finalmente concret\u00f3 el fichaje del belga Thibaut Courtois, quien ser\u00e1 la gran competencia de Keylor Navas en el&nbsp;Continuar leyendo\" \/>\n<meta property=\"og:url\" content=\"https:\/\/www.sporthiva.com\/index.php\/2018\/08\/08\/a-quien-prefieren-en-el-marco-keylor-navas-o-thibaut-courtois\/\" \/>\n<meta property=\"og:site_name\" content=\"Sporthiva Online\" \/>\n<meta property=\"article:published_time\" content=\"2018-08-08T21:10:45+00:00\" \/>\n<meta property=\"article:modified_time\" content=\"2018-08-08T21:11:20+00:00\" \/>\n<meta name=\"twitter:card\" content=\"summary\" \/>\n<meta name=\"twitter:label1\" content=\"Escrito por\" \/>\n\t<meta name=\"twitter:data1\" content=\"Evelyn Pineda\" \/>\n\t<meta name=\"twitter:label2\" content=\"Tiempo de lectura\" \/>\n\t<meta name=\"twitter:data2\" content=\"1 minuto\" \/>\n<script type=\"application\/ld+json\" class=\"yoast-schema-graph\">{\"@context\":\"https:\/\/schema.org\",\"@graph\":[{\"@type\":\"WebSite\",\"@id\":\"https:\/\/www.sporthiva.com\/#website\",\"url\":\"https:\/\/www.sporthiva.com\/\",\"name\":\"Sporthiva Online\",\"description\":\"Sporthiva Online\",\"potentialAction\":[{\"@type\":\"SearchAction\",\"target\":{\"@type\":\"EntryPoint\",\"urlTemplate\":\"https:\/\/www.sporthiva.com\/?s={search_term_string}\"},\"query-input\":\"required name=search_term_string\"}],\"inLanguage\":\"es\"},{\"@type\":\"WebPage\",\"@id\":\"https:\/\/www.sporthiva.com\/index.php\/2018\/08\/08\/a-quien-prefieren-en-el-marco-keylor-navas-o-thibaut-courtois\/#webpage\",\"url\":\"https:\/\/www.sporthiva.com\/index.php\/2018\/08\/08\/a-quien-prefieren-en-el-marco-keylor-navas-o-thibaut-courtois\/\",\"name\":\"A qui\\u00e9n prefieren en la porter\\u00eda del Madrid: \\u00bfKeylor Navas o Thibaut Courtois? - Sporthiva Online\",\"isPartOf\":{\"@id\":\"https:\/\/www.sporthiva.com\/#website\"},\"datePublished\":\"2018-08-08T21:10:45+00:00\",\"dateModified\":\"2018-08-08T21:11:20+00:00\",\"author\":{\"@id\":\"https:\/\/www.sporthiva.com\/#\/schema\/person\/551718db343e60bf7d707f9085b1e611\"},\"breadcrumb\":{\"@id\":\"https:\/\/www.sporthiva.com\/index.php\/2018\/08\/08\/a-quien-prefieren-en-el-marco-keylor-navas-o-thibaut-courtois\/#breadcrumb\"},\"inLanguage\":\"es\",\"potentialAction\":[{\"@type\":\"ReadAction\",\"target\":[\"https:\/\/www.sporthiva.com\/index.php\/2018\/08\/08\/a-quien-prefieren-en-el-marco-keylor-navas-o-thibaut-courtois\/\"]}]},{\"@type\":\"BreadcrumbList\",\"@id\":\"https:\/\/www.sporthiva.com\/index.php\/2018\/08\/08\/a-quien-prefieren-en-el-marco-keylor-navas-o-thibaut-courtois\/#breadcrumb\",\"itemListElement\":[{\"@type\":\"ListItem\",\"position\":1,\"name\":\"Portada\",\"item\":\"https:\/\/www.sporthiva.com\/\"},{\"@type\":\"ListItem\",\"position\":2,\"name\":\"A qui\\u00e9n prefieren en la porter\\u00eda del Madrid: \\u00bfKeylor Navas o Thibaut Courtois?\"}]},{\"@type\":\"Person\",\"@id\":\"https:\/\/www.sporthiva.com\/#\/schema\/person\/551718db343e60bf7d707f9085b1e611\",\"name\":\"Evelyn Pineda\",\"image\":{\"@type\":\"ImageObject\",\"@id\":\"https:\/\/www.sporthiva.com\/#personlogo\",\"inLanguage\":\"es\",\"url\":\"http:\/\/1.gravatar.com\/avatar\/73932ff8109aee94864b4504adf4d91e?s=96&d=mm&r=g\",\"contentUrl\":\"http:\/\/1.gravatar.com\/avatar\/73932ff8109aee94864b4504adf4d91e?s=96&d=mm&r=g\",\"caption\":\"Evelyn Pineda\"},\"sameAs\":[\"http:\/\/www.sporthiva.com\/\"],\"url\":\"http:\/\/www.sporthiva.com\/index.php\/author\/epineda\/\"}]}<\/script>\n<!-- \/ Yoast SEO plugin. -->","yoast_head_json":{"title":"A qui\u00e9n prefieren en la porter\u00eda del Madrid: \u00bfKeylor Navas o Thibaut Courtois? - Sporthiva Online","robots":{"index":"index","follow":"follow","max-snippet":"max-snippet:-1","max-image-preview":"max-image-preview:large","max-video-preview":"max-video-preview:-1"},"canonical":"https:\/\/www.sporthiva.com\/index.php\/2018\/08\/08\/a-quien-prefieren-en-el-marco-keylor-navas-o-thibaut-courtois\/","og_locale":"es_ES","og_type":"article","og_title":"A qui\u00e9n prefieren en la porter\u00eda del Madrid: \u00bfKeylor Navas o Thibaut Courtois? - Sporthiva Online","og_description":"Thibaut Courtois o Keylor Navas, quien ser\u00e1 el titular en la meta del Campe\u00f3n de Europa Madrid, Espa\u00f1a La novela lleg\u00f3 a su final. El Real Madrid, y particularmente su presidente Florentino P\u00e9rez, hizo realidad su sue\u00f1o. Finalmente concret\u00f3 el fichaje del belga Thibaut Courtois, quien ser\u00e1 la gran competencia de Keylor Navas en el&nbsp;Continuar leyendo","og_url":"https:\/\/www.sporthiva.com\/index.php\/2018\/08\/08\/a-quien-prefieren-en-el-marco-keylor-navas-o-thibaut-courtois\/","og_site_name":"Sporthiva Online","article_published_time":"2018-08-08T21:10:45+00:00","article_modified_time":"2018-08-08T21:11:20+00:00","twitter_card":"summary","twitter_misc":{"Escrito por":"Evelyn Pineda","Tiempo de lectura":"1 minuto"},"schema":{"@context":"https:\/\/schema.org","@graph":[{"@type":"WebSite","@id":"https:\/\/www.sporthiva.com\/#website","url":"https:\/\/www.sporthiva.com\/","name":"Sporthiva Online","description":"Sporthiva Online","potentialAction":[{"@type":"SearchAction","target":{"@type":"EntryPoint","urlTemplate":"https:\/\/www.sporthiva.com\/?s={search_term_string}"},"query-input":"required name=search_term_string"}],"inLanguage":"es"},{"@type":"WebPage","@id":"https:\/\/www.sporthiva.com\/index.php\/2018\/08\/08\/a-quien-prefieren-en-el-marco-keylor-navas-o-thibaut-courtois\/#webpage","url":"https:\/\/www.sporthiva.com\/index.php\/2018\/08\/08\/a-quien-prefieren-en-el-marco-keylor-navas-o-thibaut-courtois\/","name":"A qui\u00e9n prefieren en la porter\u00eda del Madrid: \u00bfKeylor Navas o Thibaut Courtois? - Sporthiva Online","isPartOf":{"@id":"https:\/\/www.sporthiva.com\/#website"},"datePublished":"2018-08-08T21:10:45+00:00","dateModified":"2018-08-08T21:11:20+00:00","author":{"@id":"https:\/\/www.sporthiva.com\/#\/schema\/person\/551718db343e60bf7d707f9085b1e611"},"breadcrumb":{"@id":"https:\/\/www.sporthiva.com\/index.php\/2018\/08\/08\/a-quien-prefieren-en-el-marco-keylor-navas-o-thibaut-courtois\/#breadcrumb"},"inLanguage":"es","potentialAction":[{"@type":"ReadAction","target":["https:\/\/www.sporthiva.com\/index.php\/2018\/08\/08\/a-quien-prefieren-en-el-marco-keylor-navas-o-thibaut-courtois\/"]}]},{"@type":"BreadcrumbList","@id":"https:\/\/www.sporthiva.com\/index.php\/2018\/08\/08\/a-quien-prefieren-en-el-marco-keylor-navas-o-thibaut-courtois\/#breadcrumb","itemListElement":[{"@type":"ListItem","position":1,"name":"Portada","item":"https:\/\/www.sporthiva.com\/"},{"@type":"ListItem","position":2,"name":"A qui\u00e9n prefieren en la porter\u00eda del Madrid: \u00bfKeylor Navas o Thibaut Courtois?"}]},{"@type":"Person","@id":"https:\/\/www.sporthiva.com\/#\/schema\/person\/551718db343e60bf7d707f9085b1e611","name":"Evelyn Pineda","image":{"@type":"ImageObject","@id":"https:\/\/www.sporthiva.com\/#personlogo","inLanguage":"es","url":"http:\/\/1.gravatar.com\/avatar\/73932ff8109aee94864b4504adf4d91e?s=96&d=mm&r=g","contentUrl":"http:\/\/1.gravatar.com\/avatar\/73932ff8109aee94864b4504adf4d91e?s=96&d=mm&r=g","caption":"Evelyn Pineda"},"sameAs":["http:\/\/www.sporthiva.com\/"],"url":"http:\/\/www.sporthiva.com\/index.php\/author\/epineda\/"}]}},"_links":{"self":[{"href":"http:\/\/www.sporthiva.com\/index.php\/wp-json\/wp\/v2\/posts\/49152"}],"collection":[{"href":"http:\/\/www.sporthiva.com\/index.php\/wp-json\/wp\/v2\/posts"}],"about":[{"href":"http:\/\/www.sporthiva.com\/index.php\/wp-json\/wp\/v2\/types\/post"}],"author":[{"embeddable":true,"href":"http:\/\/www.sporthiva.com\/index.php\/wp-json\/wp\/v2\/users\/7"}],"replies":[{"embeddable":true,"href":"http:\/\/www.sporthiva.com\/index.php\/wp-json\/wp\/v2\/comments?post=49152"}],"version-history":[{"count":3,"href":"http:\/\/www.sporthiva.com\/index.php\/wp-json\/wp\/v2\/posts\/49152\/revisions"}],"predecessor-version":[{"id":49156,"href":"http:\/\/www.sporthiva.com\/index.php\/wp-json\/wp\/v2\/posts\/49152\/revisions\/49156"}],"wp:attachment":[{"href":"http:\/\/www.sporthiva.com\/index.php\/wp-json\/wp\/v2\/media?parent=49152"}],"wp:term":[{"taxonomy":"category","embeddable":true,"href":"http:\/\/www.sporthiva.com\/index.php\/wp-json\/wp\/v2\/categories?post=49152"},{"taxonomy":"post_tag","embeddable":true,"href":"http:\/\/www.sporthiva.com\/index.php\/wp-json\/wp\/v2\/tags?post=49152"}],"curies":[{"name":"wp","href":"https:\/\/api.w.org\/{rel}","templated":true}]}}