{"id":59131,"date":"2019-02-15T11:44:48","date_gmt":"2019-02-15T17:44:48","guid":{"rendered":"http:\/\/www.sporthiva.com\/?p=59131"},"modified":"2019-02-15T11:44:48","modified_gmt":"2019-02-15T17:44:48","slug":"europa-se-rinde-ante-vinicius-junior-es-el-heredero-de-cristiano-ronaldo","status":"publish","type":"post","link":"http:\/\/www.sporthiva.com\/index.php\/2019\/02\/15\/europa-se-rinde-ante-vinicius-junior-es-el-heredero-de-cristiano-ronaldo\/","title":{"rendered":"Europa se rinde ante Vinicius J\u00fanior: \u00abEs el heredero de Cristiano Ronaldo\u00bb"},"content":{"rendered":"<h4><strong>La prensa internacional se deshace en elogios hacia el brasile\u00f1o, quien volvi\u00f3 a ser determinante en el equipo blanco en la Champions League<\/strong><\/h4>\n<p><strong>Espa\u00f1a<\/strong><\/p>\n<p>El delantero brasile\u00f1o Vinicius J\u00fanior fue uno de los art\u00edfices del triunfo 2-1 del Real Madrid ante el Ajax de \u00c1msterdam en los octavos de final de la Champions League. Tras su brillante desempe\u00f1o la prensa europea alucina con \u00e9l.<\/p>\n<p>El futbolista m\u00e1s desequilibrante que tiene el equipo blanco, hizo una espectacular carrera, para romper la defensa rival, ingresar al \u00e1rea y habilitar en el momento justo a Karim Benzema para marcar el gol.<\/p>\n<p><strong>Vea adem\u00e1s:\u00a0<a href=\"http:\/\/www.sporthiva.com\/index.php\/2019\/02\/15\/diego-costa-ya-esta-listo-para-volver-a-jugar-con-el-atletico\/\">Diego Costa ya est\u00e1 listo para volver a jugar con el Atl\u00e9tico<\/a><\/strong><\/p>\n<p>Vinicius sigue en ascenso<strong>.<\/strong>\u00a0Destac\u00f3 contra el Barcelona, brill\u00f3 ante el Atl\u00e9tico de Madrid y desequilibr\u00f3 contra el Ajax.\u00a0Lleva cuatro goles y 10 asistencias\u00a0 con el Real Madrid.<\/p>\n<p><strong>Corriere della Sera de Italia<\/strong>, escribi\u00f3 sobre el brasile\u00f1o.Es el heredero de Ronaldo en el Real Madrid y m\u00e1s poderoso que Neymar. El Madrid no lo pens\u00f3 demasiado e invirti\u00f3 45 millones en \u00e9l para adelantarse al Barcelona vislumbrando el enorme potencial no solo t\u00e9cnico, sino tambi\u00e9n atl\u00e9tico y de personalidad.<\/p>\n<p><strong>A Bola de Portugal<\/strong>: Vinicius J\u00fanior est\u00e1 asumiendo ser una de las figuras del Real Madrid esta temporada. Despu\u00e9s de haber sido relegado al equipo B por Julen Lopetegui, gan\u00f3 espacio en el once titular con Solari y est\u00e1 destacando.<\/p>\n<p>Daily Mail (Gran Breta\u00f1a):\u00a0El brasile\u00f1o puede reclamar el t\u00edtulo de la pr\u00f3xima s\u00faper estrella en el Santiago Bernab\u00e9u. Al menos eso es lo que muchos hinchas est\u00e1n pensando ahora, despu\u00e9s de su desempe\u00f1o sublime en los octavos de final de la Liga de Campeones ante el Ajax. El protagonismo de Vin\u00edcius en Amsterdam fue crucial para que Madrid ganase. Ayud\u00f3 a Karim Benzema en el primer gol, y al instante se hicieron comparaciones entre \u00e9l y los mejores del mundo.<\/p>\n<p><strong>De Telegraaf (Holanda):\u00a0<\/strong>Gran actuaci\u00f3n de Vin\u00edcius. En el minuto se march\u00f3 de Mazraoui y su pase medido fue perfecto para Karim Benzema.<\/p>\n<p><strong>Gazzetta dello Sport (Italia):<\/strong>\u00a0El brasile\u00f1o, a pesar de su edad, es uno de los pocos (junto a Modric) entre los blancos que no sufrieron la presi\u00f3n holandesa.<\/p>\n<p><strong>L&#8217;Equipe (Francia):<\/strong>\u00a0Adem\u00e1s del gol de Benzema, Vin\u00edcus ha sido el jugador m\u00e1s ofensivo y peligroso del Real Madrid. Pudo haber abierto el marcador despu\u00e9s de su fant\u00e1stica jugada y su potente disparo. Pero, sobre todo, hay que destacar su relaci\u00f3n con Sergio Reguilon. Ambos hicieron el lado izquierdo del Real Madrid el lado privilegiado para acercarse al campo contrario. Tampoco no fue taca\u00f1o en sus esfuerzos defensivos a ayudar contra la pareja del Ajax Mazraoui \/ Ziyech.<\/p>\n","protected":false},"excerpt":{"rendered":"<p>La prensa internacional se deshace en elogios hacia el brasile\u00f1o, quien volvi\u00f3 a ser determinante en el equipo blanco en la Champions League Espa\u00f1a El delantero brasile\u00f1o Vinicius J\u00fanior fue uno de los art\u00edfices del triunfo 2-1 del Real Madrid ante el Ajax de \u00c1msterdam en los octavos de final de la Champions League. Tras&nbsp;<\/p>\n<p><a class=\"btn btn-style\" href=\"http:\/\/www.sporthiva.com\/index.php\/2019\/02\/15\/europa-se-rinde-ante-vinicius-junior-es-el-heredero-de-cristiano-ronaldo\/\">Continuar leyendo<\/a><\/p>\n","protected":false},"author":7,"featured_media":59132,"comment_status":"open","ping_status":"open","sticky":false,"template":"","format":"standard","meta":{"qubely_global_settings":"","qubely_interactions":""},"categories":[563],"tags":[],"qubely_featured_image_url":{"full":["http:\/\/www.sporthiva.com\/wp-content\/uploads\/2019\/02\/VINICIUS-1.jpg",1280,720,false],"landscape":["http:\/\/www.sporthiva.com\/wp-content\/uploads\/2019\/02\/VINICIUS-1.jpg",1200,675,false],"portraits":["http:\/\/www.sporthiva.com\/wp-content\/uploads\/2019\/02\/VINICIUS-1.jpg",540,304,false],"thumbnail":["http:\/\/www.sporthiva.com\/wp-content\/uploads\/2019\/02\/VINICIUS-1-150x150.jpg",150,150,true],"medium":["http:\/\/www.sporthiva.com\/wp-content\/uploads\/2019\/02\/VINICIUS-1-675x379.jpg",675,379,true],"medium_large":["http:\/\/www.sporthiva.com\/wp-content\/uploads\/2019\/02\/VINICIUS-1-768x432.jpg",768,432,true],"large":["http:\/\/www.sporthiva.com\/wp-content\/uploads\/2019\/02\/VINICIUS-1.jpg",1280,720,false],"1536x1536":["http:\/\/www.sporthiva.com\/wp-content\/uploads\/2019\/02\/VINICIUS-1.jpg",1280,720,false],"2048x2048":["http:\/\/www.sporthiva.com\/wp-content\/uploads\/2019\/02\/VINICIUS-1.jpg",1280,720,false],"alm-thumbnail":["http:\/\/www.sporthiva.com\/wp-content\/uploads\/2019\/02\/VINICIUS-1-150x150.jpg",150,150,true],"qubely_landscape":["http:\/\/www.sporthiva.com\/wp-content\/uploads\/2019\/02\/VINICIUS-1.jpg",1200,675,false],"qubely_portrait":["http:\/\/www.sporthiva.com\/wp-content\/uploads\/2019\/02\/VINICIUS-1.jpg",540,304,false],"qubely_thumbnail":["http:\/\/www.sporthiva.com\/wp-content\/uploads\/2019\/02\/VINICIUS-1.jpg",140,79,false],"sportspress-crop-medium":["http:\/\/www.sporthiva.com\/wp-content\/uploads\/2019\/02\/VINICIUS-1-300x300.jpg",300,300,true],"sportspress-fit-medium":["http:\/\/www.sporthiva.com\/wp-content\/uploads\/2019\/02\/VINICIUS-1-300x169.jpg",300,169,true],"sportspress-fit-icon":["http:\/\/www.sporthiva.com\/wp-content\/uploads\/2019\/02\/VINICIUS-1-128x72.jpg",128,72,true],"sportspress-fit-mini":["http:\/\/www.sporthiva.com\/wp-content\/uploads\/2019\/02\/VINICIUS-1-32x18.jpg",32,18,true],"heighlights":["http:\/\/www.sporthiva.com\/wp-content\/uploads\/2019\/02\/VINICIUS-1-460x500.jpg",460,500,true],"video-thumb":["http:\/\/www.sporthiva.com\/wp-content\/uploads\/2019\/02\/VINICIUS-1-360x235.jpg",360,235,true],"video-thumb2":["http:\/\/www.sporthiva.com\/wp-content\/uploads\/2019\/02\/VINICIUS-1.jpg",360,203,false],"blog-thumb":["http:\/\/www.sporthiva.com\/wp-content\/uploads\/2019\/02\/VINICIUS-1-175x150.jpg",175,150,true],"blog-medium":["http:\/\/www.sporthiva.com\/wp-content\/uploads\/2019\/02\/VINICIUS-1-750x350.jpg",750,350,true],"blog-full":["http:\/\/www.sporthiva.com\/wp-content\/uploads\/2019\/02\/VINICIUS-1-1140x550.jpg",1140,550,true],"popular-post":["http:\/\/www.sporthiva.com\/wp-content\/uploads\/2019\/02\/VINICIUS-1.jpg",560,315,false],"heighlights-post":["http:\/\/www.sporthiva.com\/wp-content\/uploads\/2019\/02\/VINICIUS-1.jpg",262,147,false],"player-thumb":["http:\/\/www.sporthiva.com\/wp-content\/uploads\/2019\/02\/VINICIUS-1-270x150.jpg",270,150,true],"wp_rp_thumbnail":["http:\/\/www.sporthiva.com\/wp-content\/uploads\/2019\/02\/VINICIUS-1-150x150.jpg",150,150,true]},"qubely_author":{"display_name":"Evelyn Pineda","author_link":"http:\/\/www.sporthiva.com\/index.php\/author\/epineda\/"},"qubely_comment":0,"qubely_category":"<a href=\"http:\/\/www.sporthiva.com\/index.php\/category\/internacionales\/\" rel=\"category tag\">Internacionales<\/a>","qubely_excerpt":"La prensa internacional se deshace en elogios hacia el brasile\u00f1o, quien volvi\u00f3 a ser determinante en el equipo blanco en la Champions League Espa\u00f1a El delantero brasile\u00f1o Vinicius J\u00fanior fue uno de los art\u00edfices del triunfo 2-1 del Real Madrid ante el Ajax de \u00c1msterdam en los octavos de final de la Champions League. Tras&nbsp;Continuar&hellip;","yoast_head":"<!-- This site is optimized with the Yoast SEO plugin v17.8 - https:\/\/yoast.com\/wordpress\/plugins\/seo\/ -->\n<title>Europa se rinde ante Vinicius J\u00fanior: &quot;Es el heredero de Cristiano Ronaldo&quot; - Sporthiva Online<\/title>\n<meta name=\"robots\" content=\"index, follow, max-snippet:-1, max-image-preview:large, max-video-preview:-1\" \/>\n<link rel=\"canonical\" href=\"https:\/\/www.sporthiva.com\/index.php\/2019\/02\/15\/europa-se-rinde-ante-vinicius-junior-es-el-heredero-de-cristiano-ronaldo\/\" \/>\n<meta property=\"og:locale\" content=\"es_ES\" \/>\n<meta property=\"og:type\" content=\"article\" \/>\n<meta property=\"og:title\" content=\"Europa se rinde ante Vinicius J\u00fanior: &quot;Es el heredero de Cristiano Ronaldo&quot; - Sporthiva Online\" \/>\n<meta property=\"og:description\" content=\"La prensa internacional se deshace en elogios hacia el brasile\u00f1o, quien volvi\u00f3 a ser determinante en el equipo blanco en la Champions League Espa\u00f1a El delantero brasile\u00f1o Vinicius J\u00fanior fue uno de los art\u00edfices del triunfo 2-1 del Real Madrid ante el Ajax de \u00c1msterdam en los octavos de final de la Champions League. Tras&nbsp;Continuar leyendo\" \/>\n<meta property=\"og:url\" content=\"https:\/\/www.sporthiva.com\/index.php\/2019\/02\/15\/europa-se-rinde-ante-vinicius-junior-es-el-heredero-de-cristiano-ronaldo\/\" \/>\n<meta property=\"og:site_name\" content=\"Sporthiva Online\" \/>\n<meta property=\"article:published_time\" content=\"2019-02-15T17:44:48+00:00\" \/>\n<meta property=\"og:image\" content=\"https:\/\/www.sporthiva.com\/wp-content\/uploads\/2019\/02\/VINICIUS-1.jpg\" \/>\n\t<meta property=\"og:image:width\" content=\"1280\" \/>\n\t<meta property=\"og:image:height\" content=\"720\" \/>\n<meta name=\"twitter:card\" content=\"summary\" \/>\n<meta name=\"twitter:label1\" content=\"Escrito por\" \/>\n\t<meta name=\"twitter:data1\" content=\"Evelyn Pineda\" \/>\n\t<meta name=\"twitter:label2\" content=\"Tiempo de lectura\" \/>\n\t<meta name=\"twitter:data2\" content=\"2 minutos\" \/>\n<script type=\"application\/ld+json\" class=\"yoast-schema-graph\">{\"@context\":\"https:\/\/schema.org\",\"@graph\":[{\"@type\":\"WebSite\",\"@id\":\"http:\/\/www.sporthiva.com\/#website\",\"url\":\"http:\/\/www.sporthiva.com\/\",\"name\":\"Sporthiva Online\",\"description\":\"Sporthiva Online\",\"potentialAction\":[{\"@type\":\"SearchAction\",\"target\":{\"@type\":\"EntryPoint\",\"urlTemplate\":\"http:\/\/www.sporthiva.com\/?s={search_term_string}\"},\"query-input\":\"required name=search_term_string\"}],\"inLanguage\":\"es\"},{\"@type\":\"ImageObject\",\"@id\":\"https:\/\/www.sporthiva.com\/index.php\/2019\/02\/15\/europa-se-rinde-ante-vinicius-junior-es-el-heredero-de-cristiano-ronaldo\/#primaryimage\",\"inLanguage\":\"es\",\"url\":\"http:\/\/www.sporthiva.com\/wp-content\/uploads\/2019\/02\/VINICIUS-1.jpg\",\"contentUrl\":\"http:\/\/www.sporthiva.com\/wp-content\/uploads\/2019\/02\/VINICIUS-1.jpg\",\"width\":1280,\"height\":720,\"caption\":\"Europa se rinde ante Vinicius J\\u00fanior: \\\"Es el heredero de Cristiano Ronaldo\\\"\"},{\"@type\":\"WebPage\",\"@id\":\"https:\/\/www.sporthiva.com\/index.php\/2019\/02\/15\/europa-se-rinde-ante-vinicius-junior-es-el-heredero-de-cristiano-ronaldo\/#webpage\",\"url\":\"https:\/\/www.sporthiva.com\/index.php\/2019\/02\/15\/europa-se-rinde-ante-vinicius-junior-es-el-heredero-de-cristiano-ronaldo\/\",\"name\":\"Europa se rinde ante Vinicius J\\u00fanior: \\\"Es el heredero de Cristiano Ronaldo\\\" - Sporthiva Online\",\"isPartOf\":{\"@id\":\"http:\/\/www.sporthiva.com\/#website\"},\"primaryImageOfPage\":{\"@id\":\"https:\/\/www.sporthiva.com\/index.php\/2019\/02\/15\/europa-se-rinde-ante-vinicius-junior-es-el-heredero-de-cristiano-ronaldo\/#primaryimage\"},\"datePublished\":\"2019-02-15T17:44:48+00:00\",\"dateModified\":\"2019-02-15T17:44:48+00:00\",\"author\":{\"@id\":\"http:\/\/www.sporthiva.com\/#\/schema\/person\/551718db343e60bf7d707f9085b1e611\"},\"breadcrumb\":{\"@id\":\"https:\/\/www.sporthiva.com\/index.php\/2019\/02\/15\/europa-se-rinde-ante-vinicius-junior-es-el-heredero-de-cristiano-ronaldo\/#breadcrumb\"},\"inLanguage\":\"es\",\"potentialAction\":[{\"@type\":\"ReadAction\",\"target\":[\"https:\/\/www.sporthiva.com\/index.php\/2019\/02\/15\/europa-se-rinde-ante-vinicius-junior-es-el-heredero-de-cristiano-ronaldo\/\"]}]},{\"@type\":\"BreadcrumbList\",\"@id\":\"https:\/\/www.sporthiva.com\/index.php\/2019\/02\/15\/europa-se-rinde-ante-vinicius-junior-es-el-heredero-de-cristiano-ronaldo\/#breadcrumb\",\"itemListElement\":[{\"@type\":\"ListItem\",\"position\":1,\"name\":\"Portada\",\"item\":\"http:\/\/www.sporthiva.com\/\"},{\"@type\":\"ListItem\",\"position\":2,\"name\":\"Europa se rinde ante Vinicius J\\u00fanior: \\u00abEs el heredero de Cristiano Ronaldo\\u00bb\"}]},{\"@type\":\"Person\",\"@id\":\"http:\/\/www.sporthiva.com\/#\/schema\/person\/551718db343e60bf7d707f9085b1e611\",\"name\":\"Evelyn Pineda\",\"image\":{\"@type\":\"ImageObject\",\"@id\":\"http:\/\/www.sporthiva.com\/#personlogo\",\"inLanguage\":\"es\",\"url\":\"http:\/\/1.gravatar.com\/avatar\/73932ff8109aee94864b4504adf4d91e?s=96&d=mm&r=g\",\"contentUrl\":\"http:\/\/1.gravatar.com\/avatar\/73932ff8109aee94864b4504adf4d91e?s=96&d=mm&r=g\",\"caption\":\"Evelyn Pineda\"},\"sameAs\":[\"http:\/\/www.sporthiva.com\/\"],\"url\":\"http:\/\/www.sporthiva.com\/index.php\/author\/epineda\/\"}]}<\/script>\n<!-- \/ Yoast SEO plugin. -->","yoast_head_json":{"title":"Europa se rinde ante Vinicius J\u00fanior: \"Es el heredero de Cristiano Ronaldo\" - Sporthiva Online","robots":{"index":"index","follow":"follow","max-snippet":"max-snippet:-1","max-image-preview":"max-image-preview:large","max-video-preview":"max-video-preview:-1"},"canonical":"https:\/\/www.sporthiva.com\/index.php\/2019\/02\/15\/europa-se-rinde-ante-vinicius-junior-es-el-heredero-de-cristiano-ronaldo\/","og_locale":"es_ES","og_type":"article","og_title":"Europa se rinde ante Vinicius J\u00fanior: \"Es el heredero de Cristiano Ronaldo\" - Sporthiva Online","og_description":"La prensa internacional se deshace en elogios hacia el brasile\u00f1o, quien volvi\u00f3 a ser determinante en el equipo blanco en la Champions League Espa\u00f1a El delantero brasile\u00f1o Vinicius J\u00fanior fue uno de los art\u00edfices del triunfo 2-1 del Real Madrid ante el Ajax de \u00c1msterdam en los octavos de final de la Champions League. Tras&nbsp;Continuar leyendo","og_url":"https:\/\/www.sporthiva.com\/index.php\/2019\/02\/15\/europa-se-rinde-ante-vinicius-junior-es-el-heredero-de-cristiano-ronaldo\/","og_site_name":"Sporthiva Online","article_published_time":"2019-02-15T17:44:48+00:00","og_image":[{"width":1280,"height":720,"url":"https:\/\/www.sporthiva.com\/wp-content\/uploads\/2019\/02\/VINICIUS-1.jpg","type":"image\/jpeg"}],"twitter_card":"summary","twitter_misc":{"Escrito por":"Evelyn Pineda","Tiempo de lectura":"2 minutos"},"schema":{"@context":"https:\/\/schema.org","@graph":[{"@type":"WebSite","@id":"http:\/\/www.sporthiva.com\/#website","url":"http:\/\/www.sporthiva.com\/","name":"Sporthiva Online","description":"Sporthiva Online","potentialAction":[{"@type":"SearchAction","target":{"@type":"EntryPoint","urlTemplate":"http:\/\/www.sporthiva.com\/?s={search_term_string}"},"query-input":"required name=search_term_string"}],"inLanguage":"es"},{"@type":"ImageObject","@id":"https:\/\/www.sporthiva.com\/index.php\/2019\/02\/15\/europa-se-rinde-ante-vinicius-junior-es-el-heredero-de-cristiano-ronaldo\/#primaryimage","inLanguage":"es","url":"http:\/\/www.sporthiva.com\/wp-content\/uploads\/2019\/02\/VINICIUS-1.jpg","contentUrl":"http:\/\/www.sporthiva.com\/wp-content\/uploads\/2019\/02\/VINICIUS-1.jpg","width":1280,"height":720,"caption":"Europa se rinde ante Vinicius J\u00fanior: \"Es el heredero de Cristiano Ronaldo\""},{"@type":"WebPage","@id":"https:\/\/www.sporthiva.com\/index.php\/2019\/02\/15\/europa-se-rinde-ante-vinicius-junior-es-el-heredero-de-cristiano-ronaldo\/#webpage","url":"https:\/\/www.sporthiva.com\/index.php\/2019\/02\/15\/europa-se-rinde-ante-vinicius-junior-es-el-heredero-de-cristiano-ronaldo\/","name":"Europa se rinde ante Vinicius J\u00fanior: \"Es el heredero de Cristiano Ronaldo\" - Sporthiva Online","isPartOf":{"@id":"http:\/\/www.sporthiva.com\/#website"},"primaryImageOfPage":{"@id":"https:\/\/www.sporthiva.com\/index.php\/2019\/02\/15\/europa-se-rinde-ante-vinicius-junior-es-el-heredero-de-cristiano-ronaldo\/#primaryimage"},"datePublished":"2019-02-15T17:44:48+00:00","dateModified":"2019-02-15T17:44:48+00:00","author":{"@id":"http:\/\/www.sporthiva.com\/#\/schema\/person\/551718db343e60bf7d707f9085b1e611"},"breadcrumb":{"@id":"https:\/\/www.sporthiva.com\/index.php\/2019\/02\/15\/europa-se-rinde-ante-vinicius-junior-es-el-heredero-de-cristiano-ronaldo\/#breadcrumb"},"inLanguage":"es","potentialAction":[{"@type":"ReadAction","target":["https:\/\/www.sporthiva.com\/index.php\/2019\/02\/15\/europa-se-rinde-ante-vinicius-junior-es-el-heredero-de-cristiano-ronaldo\/"]}]},{"@type":"BreadcrumbList","@id":"https:\/\/www.sporthiva.com\/index.php\/2019\/02\/15\/europa-se-rinde-ante-vinicius-junior-es-el-heredero-de-cristiano-ronaldo\/#breadcrumb","itemListElement":[{"@type":"ListItem","position":1,"name":"Portada","item":"http:\/\/www.sporthiva.com\/"},{"@type":"ListItem","position":2,"name":"Europa se rinde ante Vinicius J\u00fanior: \u00abEs el heredero de Cristiano Ronaldo\u00bb"}]},{"@type":"Person","@id":"http:\/\/www.sporthiva.com\/#\/schema\/person\/551718db343e60bf7d707f9085b1e611","name":"Evelyn Pineda","image":{"@type":"ImageObject","@id":"http:\/\/www.sporthiva.com\/#personlogo","inLanguage":"es","url":"http:\/\/1.gravatar.com\/avatar\/73932ff8109aee94864b4504adf4d91e?s=96&d=mm&r=g","contentUrl":"http:\/\/1.gravatar.com\/avatar\/73932ff8109aee94864b4504adf4d91e?s=96&d=mm&r=g","caption":"Evelyn Pineda"},"sameAs":["http:\/\/www.sporthiva.com\/"],"url":"http:\/\/www.sporthiva.com\/index.php\/author\/epineda\/"}]}},"_links":{"self":[{"href":"http:\/\/www.sporthiva.com\/index.php\/wp-json\/wp\/v2\/posts\/59131"}],"collection":[{"href":"http:\/\/www.sporthiva.com\/index.php\/wp-json\/wp\/v2\/posts"}],"about":[{"href":"http:\/\/www.sporthiva.com\/index.php\/wp-json\/wp\/v2\/types\/post"}],"author":[{"embeddable":true,"href":"http:\/\/www.sporthiva.com\/index.php\/wp-json\/wp\/v2\/users\/7"}],"replies":[{"embeddable":true,"href":"http:\/\/www.sporthiva.com\/index.php\/wp-json\/wp\/v2\/comments?post=59131"}],"version-history":[{"count":1,"href":"http:\/\/www.sporthiva.com\/index.php\/wp-json\/wp\/v2\/posts\/59131\/revisions"}],"predecessor-version":[{"id":59133,"href":"http:\/\/www.sporthiva.com\/index.php\/wp-json\/wp\/v2\/posts\/59131\/revisions\/59133"}],"wp:featuredmedia":[{"embeddable":true,"href":"http:\/\/www.sporthiva.com\/index.php\/wp-json\/wp\/v2\/media\/59132"}],"wp:attachment":[{"href":"http:\/\/www.sporthiva.com\/index.php\/wp-json\/wp\/v2\/media?parent=59131"}],"wp:term":[{"taxonomy":"category","embeddable":true,"href":"http:\/\/www.sporthiva.com\/index.php\/wp-json\/wp\/v2\/categories?post=59131"},{"taxonomy":"post_tag","embeddable":true,"href":"http:\/\/www.sporthiva.com\/index.php\/wp-json\/wp\/v2\/tags?post=59131"}],"curies":[{"name":"wp","href":"https:\/\/api.w.org\/{rel}","templated":true}]}}