{"id":60861,"date":"2019-03-12T15:11:26","date_gmt":"2019-03-12T21:11:26","guid":{"rendered":"http:\/\/www.sporthiva.com\/?p=60861"},"modified":"2019-03-12T15:11:26","modified_gmt":"2019-03-12T21:11:26","slug":"ecuador-anuncia-convocatoria-para-amistoso-contra-honduras","status":"publish","type":"post","link":"http:\/\/www.sporthiva.com\/index.php\/2019\/03\/12\/ecuador-anuncia-convocatoria-para-amistoso-contra-honduras\/","title":{"rendered":"Ecuador anuncia convocatoria para amistoso contra Honduras"},"content":{"rendered":"<h4><strong>Ecuador ser\u00e1 el primer rival en la era del uruguayo Fabi\u00e1n Coito al frente de Honduras<\/strong><\/h4>\n<p><strong>Ecuador<\/strong><\/p>\n<p>El entrenador colombiano de la Selecci\u00f3n de Ecuador Hern\u00e1n \u00abBolillo\u00bb G\u00f3mez dio a conocer la n\u00f3mina de jugadores convocados que estar\u00e1n presentes en los partidos amistosos contra Estados Unidos y Honduras, los d\u00edas 22 y 26 de marzo.<\/p>\n<p>Los ecuatorianos se mediar\u00e1n ante Estado Unidos el jueves 21 de marzo en el Orlando City Stadium de Orlando, Florida y el martes 26 del mismo mes ser\u00e1 el duelo contra Honduras en el Red Bull Arena de Harrison, New Jersey.<\/p>\n<p><strong>Vea adem\u00e1s:\u00a0<a href=\"http:\/\/www.sporthiva.com\/index.php\/2019\/03\/12\/chelsea-pide-115-millones-al-real-madrid-por-hazard\/\">Chelsea pide 115 millones de euros al Real Madrid por Eden Hazard<\/a><\/strong><\/p>\n<p>\u00abEstados Unidos es un rival con orden. Honduras es muy veloz en ataque.\u00a0Nosotros venimos de no clasificar a un Mundial, estamos conformando un grupo. El f\u00fatbol est\u00e1 muy equilibrado y parejo. Vamos a formar una muy buena selecci\u00f3n ecuatoriana\u00bb, manifest\u00f3 \u00abBolillo\u00bb G\u00f3mez en conferencia de Prensa.<\/p>\n<p><strong>La convocatoria oficial es la siguiente:<\/strong><\/p>\n<p><strong>Porteros<\/strong><\/p>\n<p>lexander Dom\u00ednguez (CA V\u00e9lez Sarsfield-Argentina)<br \/>\nM\u00e1ximo Banguera (Barcelona SC \u2013 Ecuador)<br \/>\nPedro Ortiz (Delf\u00edn SC \u2013 Ecuador)<\/p>\n<p><strong>Defensas<\/strong><br \/>\nJuan Carlos Paredes (SC Emelec \u2013 Ecuador)<br \/>\n\u00c1ngelo Preciado (Independiente del Valle \u2013 Ecuador)<br \/>\nJhon Narv\u00e1ez (FBC Melgar \u2013 Per\u00fa)<br \/>\nGabriel Achilier (Monarcas Morelia \u2013 M\u00e9xico)<br \/>\nXavier Arreaga (Barcelona SC \u2013 Ecuador)<br \/>\nJackson Porozo (Santos FC \u2013 Brasil)<br \/>\nCristian Ram\u00edrez (FC Krasnodar \u2013 Rusia)<br \/>\nBeder Caicedo (Barcelona SC \u2013 Ecuador)<\/p>\n<p><strong>Volantes\u00a0<\/strong><br \/>\nSebasti\u00e1n M\u00e9ndez (Orlando City SC \u2013 Estados Unidos)<br \/>\nJefferson Orejuela (Liga de Quito \u2013 Ecuador)<br \/>\nJefferson Intriago (Liga de Quito \u2013 Ecuador)<br \/>\nCarlos Gruezo (FC Dallas \u2013 Estados Unidos)<br \/>\nRenato Ibarra (CF Am\u00e9rica \u2013 M\u00e9xico)<br \/>\nAntonio Valencia (Manchester United \u2013 Inglaterra)<br \/>\nRomario Ibarra (Minnesota United FC \u2013 Estados Unidos)<br \/>\nAyrton Preciado (Santos Laguna \u2013 M\u00e9xico)<\/p>\n<p><strong>Delanteros<\/strong><br \/>\n\u00c1ngel Mena (Le\u00f3n \u2013 M\u00e9xico)<br \/>\nJohan Julio (Liga de Quito \u2013 Ecuador)<br \/>\nEnner Valencia (CF Tigres \u2013 M\u00e9xico)<br \/>\nLeonardo Campana (Barcelona SC \u2013 Ecuador)<\/p>\n<figure class=\"wp-block-embed-twitter wp-block-embed is-type-rich is-provider-twitter\">\n<div class=\"wp-block-embed__wrapper\">\n<div class=\"SandboxRoot env-bp-350\" data-twitter-event-id=\"0\">\n<div id=\"twitter-widget-0\" class=\"EmbeddedTweet EmbeddedTweet--cta EmbeddedTweet--mediaForward media-forward js-clickToOpenTarget js-tweetIdInfo tweet-InformationCircle-widgetParent\" lang=\"es\" data-click-to-open-target=\"https:\/\/twitter.com\/FEFecuador\/status\/1105505427607949313\" data-iframe-title=\"Tweet de Twitter\" data-scribe=\"page:tweet\" data-tweet-id=\"1105505427607949313\" data-twitter-event-id=\"1\">\n<article class=\"MediaCard\n           MediaCard--mediaForward\n\n           cards-multimedia\n           customisable-border\" dir=\"ltr\" data-scribe=\"component:card\"><\/p>\n<div class=\"MediaCard-media\">\n<div class=\"MediaCard-widthConstraint js-cspForcedStyle\" data-style=\"max-width: 2000px\">\n<div class=\"MediaCard-mediaContainer js-cspForcedStyle\" data-style=\"padding-bottom: 56.2500%\"><\/div>\n<\/div>\n<\/div>\n<\/article>\n<\/div>\n<\/div>\n<\/div>\n<\/figure>\n","protected":false},"excerpt":{"rendered":"<p>Ecuador ser\u00e1 el primer rival en la era del uruguayo Fabi\u00e1n Coito al frente de Honduras Ecuador El entrenador colombiano de la Selecci\u00f3n de Ecuador Hern\u00e1n \u00abBolillo\u00bb G\u00f3mez dio a conocer la n\u00f3mina de jugadores convocados que estar\u00e1n presentes en los partidos amistosos contra Estados Unidos y Honduras, los d\u00edas 22 y 26 de marzo.&nbsp;<\/p>\n<p><a class=\"btn btn-style\" href=\"http:\/\/www.sporthiva.com\/index.php\/2019\/03\/12\/ecuador-anuncia-convocatoria-para-amistoso-contra-honduras\/\">Continuar leyendo<\/a><\/p>\n","protected":false},"author":7,"featured_media":60863,"comment_status":"open","ping_status":"open","sticky":false,"template":"","format":"standard","meta":{"qubely_global_settings":"","qubely_interactions":""},"categories":[563],"tags":[],"qubely_featured_image_url":{"full":["http:\/\/www.sporthiva.com\/wp-content\/uploads\/2019\/03\/BOLILLO.jpg",1280,720,false],"landscape":["http:\/\/www.sporthiva.com\/wp-content\/uploads\/2019\/03\/BOLILLO.jpg",1200,675,false],"portraits":["http:\/\/www.sporthiva.com\/wp-content\/uploads\/2019\/03\/BOLILLO.jpg",540,304,false],"thumbnail":["http:\/\/www.sporthiva.com\/wp-content\/uploads\/2019\/03\/BOLILLO-150x150.jpg",150,150,true],"medium":["http:\/\/www.sporthiva.com\/wp-content\/uploads\/2019\/03\/BOLILLO-675x379.jpg",675,379,true],"medium_large":["http:\/\/www.sporthiva.com\/wp-content\/uploads\/2019\/03\/BOLILLO-768x432.jpg",768,432,true],"large":["http:\/\/www.sporthiva.com\/wp-content\/uploads\/2019\/03\/BOLILLO.jpg",1280,720,false],"1536x1536":["http:\/\/www.sporthiva.com\/wp-content\/uploads\/2019\/03\/BOLILLO.jpg",1280,720,false],"2048x2048":["http:\/\/www.sporthiva.com\/wp-content\/uploads\/2019\/03\/BOLILLO.jpg",1280,720,false],"alm-thumbnail":["http:\/\/www.sporthiva.com\/wp-content\/uploads\/2019\/03\/BOLILLO-150x150.jpg",150,150,true],"qubely_landscape":["http:\/\/www.sporthiva.com\/wp-content\/uploads\/2019\/03\/BOLILLO.jpg",1200,675,false],"qubely_portrait":["http:\/\/www.sporthiva.com\/wp-content\/uploads\/2019\/03\/BOLILLO.jpg",540,304,false],"qubely_thumbnail":["http:\/\/www.sporthiva.com\/wp-content\/uploads\/2019\/03\/BOLILLO.jpg",140,79,false],"sportspress-crop-medium":["http:\/\/www.sporthiva.com\/wp-content\/uploads\/2019\/03\/BOLILLO-300x300.jpg",300,300,true],"sportspress-fit-medium":["http:\/\/www.sporthiva.com\/wp-content\/uploads\/2019\/03\/BOLILLO-300x169.jpg",300,169,true],"sportspress-fit-icon":["http:\/\/www.sporthiva.com\/wp-content\/uploads\/2019\/03\/BOLILLO-128x72.jpg",128,72,true],"sportspress-fit-mini":["http:\/\/www.sporthiva.com\/wp-content\/uploads\/2019\/03\/BOLILLO-32x18.jpg",32,18,true],"heighlights":["http:\/\/www.sporthiva.com\/wp-content\/uploads\/2019\/03\/BOLILLO-460x500.jpg",460,500,true],"video-thumb":["http:\/\/www.sporthiva.com\/wp-content\/uploads\/2019\/03\/BOLILLO-360x235.jpg",360,235,true],"video-thumb2":["http:\/\/www.sporthiva.com\/wp-content\/uploads\/2019\/03\/BOLILLO.jpg",360,203,false],"blog-thumb":["http:\/\/www.sporthiva.com\/wp-content\/uploads\/2019\/03\/BOLILLO-175x150.jpg",175,150,true],"blog-medium":["http:\/\/www.sporthiva.com\/wp-content\/uploads\/2019\/03\/BOLILLO-750x350.jpg",750,350,true],"blog-full":["http:\/\/www.sporthiva.com\/wp-content\/uploads\/2019\/03\/BOLILLO-1140x550.jpg",1140,550,true],"popular-post":["http:\/\/www.sporthiva.com\/wp-content\/uploads\/2019\/03\/BOLILLO.jpg",560,315,false],"heighlights-post":["http:\/\/www.sporthiva.com\/wp-content\/uploads\/2019\/03\/BOLILLO.jpg",262,147,false],"player-thumb":["http:\/\/www.sporthiva.com\/wp-content\/uploads\/2019\/03\/BOLILLO-270x150.jpg",270,150,true],"wp_rp_thumbnail":["http:\/\/www.sporthiva.com\/wp-content\/uploads\/2019\/03\/BOLILLO-150x150.jpg",150,150,true]},"qubely_author":{"display_name":"Evelyn Pineda","author_link":"http:\/\/www.sporthiva.com\/index.php\/author\/epineda\/"},"qubely_comment":0,"qubely_category":"<a href=\"http:\/\/www.sporthiva.com\/index.php\/category\/internacionales\/\" rel=\"category tag\">Internacionales<\/a>","qubely_excerpt":"Ecuador ser\u00e1 el primer rival en la era del uruguayo Fabi\u00e1n Coito al frente de Honduras Ecuador El entrenador colombiano de la Selecci\u00f3n de Ecuador Hern\u00e1n \u00abBolillo\u00bb G\u00f3mez dio a conocer la n\u00f3mina de jugadores convocados que estar\u00e1n presentes en los partidos amistosos contra Estados Unidos y Honduras, los d\u00edas 22 y 26 de marzo.&nbsp;Continuar&hellip;","yoast_head":"<!-- This site is optimized with the Yoast SEO plugin v17.8 - https:\/\/yoast.com\/wordpress\/plugins\/seo\/ -->\n<title>Ecuador anuncia convocatoria para amistoso contra Honduras - Sporthiva Online<\/title>\n<meta name=\"robots\" content=\"index, follow, max-snippet:-1, max-image-preview:large, max-video-preview:-1\" \/>\n<link rel=\"canonical\" href=\"http:\/\/www.sporthiva.com\/index.php\/2019\/03\/12\/ecuador-anuncia-convocatoria-para-amistoso-contra-honduras\/\" \/>\n<meta property=\"og:locale\" content=\"es_ES\" \/>\n<meta property=\"og:type\" content=\"article\" \/>\n<meta property=\"og:title\" content=\"Ecuador anuncia convocatoria para amistoso contra Honduras - Sporthiva Online\" \/>\n<meta property=\"og:description\" content=\"Ecuador ser\u00e1 el primer rival en la era del uruguayo Fabi\u00e1n Coito al frente de Honduras Ecuador El entrenador colombiano de la Selecci\u00f3n de Ecuador Hern\u00e1n \u00abBolillo\u00bb G\u00f3mez dio a conocer la n\u00f3mina de jugadores convocados que estar\u00e1n presentes en los partidos amistosos contra Estados Unidos y Honduras, los d\u00edas 22 y 26 de marzo.&nbsp;Continuar leyendo\" \/>\n<meta property=\"og:url\" content=\"http:\/\/www.sporthiva.com\/index.php\/2019\/03\/12\/ecuador-anuncia-convocatoria-para-amistoso-contra-honduras\/\" \/>\n<meta property=\"og:site_name\" content=\"Sporthiva Online\" \/>\n<meta property=\"article:published_time\" content=\"2019-03-12T21:11:26+00:00\" \/>\n<meta property=\"og:image\" content=\"http:\/\/www.sporthiva.com\/wp-content\/uploads\/2019\/03\/BOLILLO.jpg\" \/>\n\t<meta property=\"og:image:width\" content=\"1280\" \/>\n\t<meta property=\"og:image:height\" content=\"720\" \/>\n<meta name=\"twitter:card\" content=\"summary\" \/>\n<meta name=\"twitter:label1\" content=\"Escrito por\" \/>\n\t<meta name=\"twitter:data1\" content=\"Evelyn Pineda\" \/>\n\t<meta name=\"twitter:label2\" content=\"Tiempo de lectura\" \/>\n\t<meta name=\"twitter:data2\" content=\"2 minutos\" \/>\n<script type=\"application\/ld+json\" class=\"yoast-schema-graph\">{\"@context\":\"https:\/\/schema.org\",\"@graph\":[{\"@type\":\"WebSite\",\"@id\":\"http:\/\/www.sporthiva.com\/#website\",\"url\":\"http:\/\/www.sporthiva.com\/\",\"name\":\"Sporthiva Online\",\"description\":\"Sporthiva Online\",\"potentialAction\":[{\"@type\":\"SearchAction\",\"target\":{\"@type\":\"EntryPoint\",\"urlTemplate\":\"http:\/\/www.sporthiva.com\/?s={search_term_string}\"},\"query-input\":\"required name=search_term_string\"}],\"inLanguage\":\"es\"},{\"@type\":\"ImageObject\",\"@id\":\"http:\/\/www.sporthiva.com\/index.php\/2019\/03\/12\/ecuador-anuncia-convocatoria-para-amistoso-contra-honduras\/#primaryimage\",\"inLanguage\":\"es\",\"url\":\"http:\/\/www.sporthiva.com\/wp-content\/uploads\/2019\/03\/BOLILLO.jpg\",\"contentUrl\":\"http:\/\/www.sporthiva.com\/wp-content\/uploads\/2019\/03\/BOLILLO.jpg\",\"width\":1280,\"height\":720,\"caption\":\"Ecuador anuncia convocatoria para amistoso contra Honduras\"},{\"@type\":\"WebPage\",\"@id\":\"http:\/\/www.sporthiva.com\/index.php\/2019\/03\/12\/ecuador-anuncia-convocatoria-para-amistoso-contra-honduras\/#webpage\",\"url\":\"http:\/\/www.sporthiva.com\/index.php\/2019\/03\/12\/ecuador-anuncia-convocatoria-para-amistoso-contra-honduras\/\",\"name\":\"Ecuador anuncia convocatoria para amistoso contra Honduras - Sporthiva Online\",\"isPartOf\":{\"@id\":\"http:\/\/www.sporthiva.com\/#website\"},\"primaryImageOfPage\":{\"@id\":\"http:\/\/www.sporthiva.com\/index.php\/2019\/03\/12\/ecuador-anuncia-convocatoria-para-amistoso-contra-honduras\/#primaryimage\"},\"datePublished\":\"2019-03-12T21:11:26+00:00\",\"dateModified\":\"2019-03-12T21:11:26+00:00\",\"author\":{\"@id\":\"http:\/\/www.sporthiva.com\/#\/schema\/person\/551718db343e60bf7d707f9085b1e611\"},\"breadcrumb\":{\"@id\":\"http:\/\/www.sporthiva.com\/index.php\/2019\/03\/12\/ecuador-anuncia-convocatoria-para-amistoso-contra-honduras\/#breadcrumb\"},\"inLanguage\":\"es\",\"potentialAction\":[{\"@type\":\"ReadAction\",\"target\":[\"http:\/\/www.sporthiva.com\/index.php\/2019\/03\/12\/ecuador-anuncia-convocatoria-para-amistoso-contra-honduras\/\"]}]},{\"@type\":\"BreadcrumbList\",\"@id\":\"http:\/\/www.sporthiva.com\/index.php\/2019\/03\/12\/ecuador-anuncia-convocatoria-para-amistoso-contra-honduras\/#breadcrumb\",\"itemListElement\":[{\"@type\":\"ListItem\",\"position\":1,\"name\":\"Portada\",\"item\":\"http:\/\/www.sporthiva.com\/\"},{\"@type\":\"ListItem\",\"position\":2,\"name\":\"Ecuador anuncia convocatoria para amistoso contra Honduras\"}]},{\"@type\":\"Person\",\"@id\":\"http:\/\/www.sporthiva.com\/#\/schema\/person\/551718db343e60bf7d707f9085b1e611\",\"name\":\"Evelyn Pineda\",\"image\":{\"@type\":\"ImageObject\",\"@id\":\"http:\/\/www.sporthiva.com\/#personlogo\",\"inLanguage\":\"es\",\"url\":\"http:\/\/1.gravatar.com\/avatar\/73932ff8109aee94864b4504adf4d91e?s=96&d=mm&r=g\",\"contentUrl\":\"http:\/\/1.gravatar.com\/avatar\/73932ff8109aee94864b4504adf4d91e?s=96&d=mm&r=g\",\"caption\":\"Evelyn Pineda\"},\"sameAs\":[\"http:\/\/www.sporthiva.com\/\"],\"url\":\"http:\/\/www.sporthiva.com\/index.php\/author\/epineda\/\"}]}<\/script>\n<!-- \/ Yoast SEO plugin. -->","yoast_head_json":{"title":"Ecuador anuncia convocatoria para amistoso contra Honduras - Sporthiva Online","robots":{"index":"index","follow":"follow","max-snippet":"max-snippet:-1","max-image-preview":"max-image-preview:large","max-video-preview":"max-video-preview:-1"},"canonical":"http:\/\/www.sporthiva.com\/index.php\/2019\/03\/12\/ecuador-anuncia-convocatoria-para-amistoso-contra-honduras\/","og_locale":"es_ES","og_type":"article","og_title":"Ecuador anuncia convocatoria para amistoso contra Honduras - Sporthiva Online","og_description":"Ecuador ser\u00e1 el primer rival en la era del uruguayo Fabi\u00e1n Coito al frente de Honduras Ecuador El entrenador colombiano de la Selecci\u00f3n de Ecuador Hern\u00e1n \u00abBolillo\u00bb G\u00f3mez dio a conocer la n\u00f3mina de jugadores convocados que estar\u00e1n presentes en los partidos amistosos contra Estados Unidos y Honduras, los d\u00edas 22 y 26 de marzo.&nbsp;Continuar leyendo","og_url":"http:\/\/www.sporthiva.com\/index.php\/2019\/03\/12\/ecuador-anuncia-convocatoria-para-amistoso-contra-honduras\/","og_site_name":"Sporthiva Online","article_published_time":"2019-03-12T21:11:26+00:00","og_image":[{"width":1280,"height":720,"url":"http:\/\/www.sporthiva.com\/wp-content\/uploads\/2019\/03\/BOLILLO.jpg","type":"image\/jpeg"}],"twitter_card":"summary","twitter_misc":{"Escrito por":"Evelyn Pineda","Tiempo de lectura":"2 minutos"},"schema":{"@context":"https:\/\/schema.org","@graph":[{"@type":"WebSite","@id":"http:\/\/www.sporthiva.com\/#website","url":"http:\/\/www.sporthiva.com\/","name":"Sporthiva Online","description":"Sporthiva Online","potentialAction":[{"@type":"SearchAction","target":{"@type":"EntryPoint","urlTemplate":"http:\/\/www.sporthiva.com\/?s={search_term_string}"},"query-input":"required name=search_term_string"}],"inLanguage":"es"},{"@type":"ImageObject","@id":"http:\/\/www.sporthiva.com\/index.php\/2019\/03\/12\/ecuador-anuncia-convocatoria-para-amistoso-contra-honduras\/#primaryimage","inLanguage":"es","url":"http:\/\/www.sporthiva.com\/wp-content\/uploads\/2019\/03\/BOLILLO.jpg","contentUrl":"http:\/\/www.sporthiva.com\/wp-content\/uploads\/2019\/03\/BOLILLO.jpg","width":1280,"height":720,"caption":"Ecuador anuncia convocatoria para amistoso contra Honduras"},{"@type":"WebPage","@id":"http:\/\/www.sporthiva.com\/index.php\/2019\/03\/12\/ecuador-anuncia-convocatoria-para-amistoso-contra-honduras\/#webpage","url":"http:\/\/www.sporthiva.com\/index.php\/2019\/03\/12\/ecuador-anuncia-convocatoria-para-amistoso-contra-honduras\/","name":"Ecuador anuncia convocatoria para amistoso contra Honduras - Sporthiva Online","isPartOf":{"@id":"http:\/\/www.sporthiva.com\/#website"},"primaryImageOfPage":{"@id":"http:\/\/www.sporthiva.com\/index.php\/2019\/03\/12\/ecuador-anuncia-convocatoria-para-amistoso-contra-honduras\/#primaryimage"},"datePublished":"2019-03-12T21:11:26+00:00","dateModified":"2019-03-12T21:11:26+00:00","author":{"@id":"http:\/\/www.sporthiva.com\/#\/schema\/person\/551718db343e60bf7d707f9085b1e611"},"breadcrumb":{"@id":"http:\/\/www.sporthiva.com\/index.php\/2019\/03\/12\/ecuador-anuncia-convocatoria-para-amistoso-contra-honduras\/#breadcrumb"},"inLanguage":"es","potentialAction":[{"@type":"ReadAction","target":["http:\/\/www.sporthiva.com\/index.php\/2019\/03\/12\/ecuador-anuncia-convocatoria-para-amistoso-contra-honduras\/"]}]},{"@type":"BreadcrumbList","@id":"http:\/\/www.sporthiva.com\/index.php\/2019\/03\/12\/ecuador-anuncia-convocatoria-para-amistoso-contra-honduras\/#breadcrumb","itemListElement":[{"@type":"ListItem","position":1,"name":"Portada","item":"http:\/\/www.sporthiva.com\/"},{"@type":"ListItem","position":2,"name":"Ecuador anuncia convocatoria para amistoso contra Honduras"}]},{"@type":"Person","@id":"http:\/\/www.sporthiva.com\/#\/schema\/person\/551718db343e60bf7d707f9085b1e611","name":"Evelyn Pineda","image":{"@type":"ImageObject","@id":"http:\/\/www.sporthiva.com\/#personlogo","inLanguage":"es","url":"http:\/\/1.gravatar.com\/avatar\/73932ff8109aee94864b4504adf4d91e?s=96&d=mm&r=g","contentUrl":"http:\/\/1.gravatar.com\/avatar\/73932ff8109aee94864b4504adf4d91e?s=96&d=mm&r=g","caption":"Evelyn Pineda"},"sameAs":["http:\/\/www.sporthiva.com\/"],"url":"http:\/\/www.sporthiva.com\/index.php\/author\/epineda\/"}]}},"_links":{"self":[{"href":"http:\/\/www.sporthiva.com\/index.php\/wp-json\/wp\/v2\/posts\/60861"}],"collection":[{"href":"http:\/\/www.sporthiva.com\/index.php\/wp-json\/wp\/v2\/posts"}],"about":[{"href":"http:\/\/www.sporthiva.com\/index.php\/wp-json\/wp\/v2\/types\/post"}],"author":[{"embeddable":true,"href":"http:\/\/www.sporthiva.com\/index.php\/wp-json\/wp\/v2\/users\/7"}],"replies":[{"embeddable":true,"href":"http:\/\/www.sporthiva.com\/index.php\/wp-json\/wp\/v2\/comments?post=60861"}],"version-history":[{"count":1,"href":"http:\/\/www.sporthiva.com\/index.php\/wp-json\/wp\/v2\/posts\/60861\/revisions"}],"predecessor-version":[{"id":60864,"href":"http:\/\/www.sporthiva.com\/index.php\/wp-json\/wp\/v2\/posts\/60861\/revisions\/60864"}],"wp:featuredmedia":[{"embeddable":true,"href":"http:\/\/www.sporthiva.com\/index.php\/wp-json\/wp\/v2\/media\/60863"}],"wp:attachment":[{"href":"http:\/\/www.sporthiva.com\/index.php\/wp-json\/wp\/v2\/media?parent=60861"}],"wp:term":[{"taxonomy":"category","embeddable":true,"href":"http:\/\/www.sporthiva.com\/index.php\/wp-json\/wp\/v2\/categories?post=60861"},{"taxonomy":"post_tag","embeddable":true,"href":"http:\/\/www.sporthiva.com\/index.php\/wp-json\/wp\/v2\/tags?post=60861"}],"curies":[{"name":"wp","href":"https:\/\/api.w.org\/{rel}","templated":true}]}}